{"id":452963,"date":"2024-06-06T07:00:17","date_gmt":"2024-06-06T05:00:17","guid":{"rendered":"https:\/\/www.eenewseurope.com\/?p=452963"},"modified":"2024-06-05T17:13:02","modified_gmt":"2024-06-05T15:13:02","slug":"intel-vend-la-moitie-de-son-usine-irlandaise-pour-11-ge","status":"publish","type":"post","link":"https:\/\/www.ecinews.fr\/fr\/intel-vend-la-moitie-de-son-usine-irlandaise-pour-11-ge\/","title":{"rendered":"Intel vend la moiti\u00e9 de son usine irlandaise pour 11 G\u20ac"},"content":{"rendered":"<h3>Intel a vendu 49 % de son usine Fab 34 de Leixlip, en Irlande, \u00e0 un fonds d&rsquo;investissement.<\/h3>\n<p><a href=\"https:\/\/www.eenewseurope.com\/en\/intel-seeks-capital-to-build-next-irish-wafer-fab-says-report\/\">Apr\u00e8s des mois de rumeurs,<\/a> des fonds g\u00e9r\u00e9s par Apollo dirigeront un investissement de 11 milliards de dollars pour 49 % d&rsquo;une coentreprise avec Intel pour la Fab 34. Il s&rsquo;agit de la deuxi\u00e8me op\u00e9ration du Semiconductor Co-Investment Program (SCIP) d&rsquo;Intel apr\u00e8s celle de Chandler (Arizona) en 2022, qui devrait se conclure dans le courant du mois.<\/p>\n<p>Le SCIP est un \u00e9l\u00e9ment de la strat\u00e9gie Smart Capital, une approche de financement destin\u00e9e \u00e0 fournir des liquidit\u00e9s pour sa strat\u00e9gie de reconqu\u00eate du leadership en mati\u00e8re de technologie et de fabrication de puces.<\/p>\n<p>Fab 34 est une usine \u00e0 haut volume con\u00e7ue pour les technologies de traitement Intel 4 et Intel 3. \u00c0 ce jour, l&rsquo;entreprise a investi 18,4 milliards de dollars dans Fab 34, d&rsquo;o\u00f9 le prix de 11 milliards de dollars pour la moiti\u00e9. \u00c0 titre de comparaison, les fabs Intel 18A en cours de construction dans l&rsquo;Ohio co\u00fbteront 20 milliards de dollars, tandis que VSMC \u00e0 Singapour investira 8 milliards de dollars dans une fab \u00e0 haut volume de 40 nm.<\/p>\n<blockquote class=\"wp-embedded-content\" data-secret=\"xGkHMMJOge\"><p><a href=\"https:\/\/www.eenewseurope.com\/en\/intel-unveils-semiconductor-co-investment-program\/\">Intel unveils semiconductor co-investment program<\/a><\/p><\/blockquote>\n<p><iframe class=\"wp-embedded-content lazyload\" sandbox=\"allow-scripts\" security=\"restricted\" style=\"position: absolute; visibility: hidden;\" title=\"&#8220;Intel unveils semiconductor co-investment program&#8221; &#8212; eeNews Europe\" data-src=\"https:\/\/www.eenewseurope.com\/en\/intel-unveils-semiconductor-co-investment-program\/embed\/#?secret=o06NbTEaAm#?secret=xGkHMMJOge\" data-secret=\"xGkHMMJOge\" width=\"500\" height=\"282\" frameborder=\"0\" marginwidth=\"0\" marginheight=\"0\" scrolling=\"no\" src=\"data:image\/svg+xml;base64,PHN2ZyB3aWR0aD0iMSIgaGVpZ2h0PSIxIiB4bWxucz0iaHR0cDovL3d3dy53My5vcmcvMjAwMC9zdmciPjwvc3ZnPg==\" data-load-mode=\"1\"><\/iframe><\/p>\n<p>L&rsquo;accord avec Apollo ne couvre que l&rsquo;entreprise commune Fab 34, qui n&rsquo;a pas encore \u00e9t\u00e9 nomm\u00e9e, et Intel affirme que cela lui permettra de d\u00e9bloquer et de red\u00e9ployer une partie de l&rsquo;investissement vers d&rsquo;autres secteurs de son activit\u00e9 tout en poursuivant la construction de Fab 34, qui, selon Intel, est \u00ab\u00a0en grande partie achev\u00e9e\u00a0\u00bb. La mise en place du dernier centre de donn\u00e9es Granite Rapids sur la technologie Intel 3 est en cours dans l&rsquo;usine.<\/p>\n<p>La Fab 34 n&rsquo;a \u00e9t\u00e9 ouverte qu&rsquo;en septembre 2023, marquant la premi\u00e8re utilisation de la lithographie par ultraviolets extr\u00eames (EUV) dans la fabrication en grand volume en Europe pour soutenir la production en grand volume de technologies de 3 nm et 4 nm. La premi\u00e8re usine du site, Fab 24, a \u00e9t\u00e9 un site cl\u00e9 pour la production des microprocesseurs 14 nm d&rsquo;Intel, tout en se pr\u00e9parant \u00e0 soutenir les clients d&rsquo;Intel Foundry.<\/p>\n<p>En vertu de cet accord, l&rsquo;entreprise commune aura le droit de fabriquer des plaquettes \u00e0 Fab 34 pour r\u00e9pondre \u00e0 la demande \u00e0 long terme des produits d&rsquo;Intel et fournir des capacit\u00e9s aux clients de la fonderie. Intel d\u00e9tiendra une participation de contr\u00f4le de 51 % dans l&rsquo;entreprise commune et conservera l&rsquo;enti\u00e8re propri\u00e9t\u00e9 et le contr\u00f4le op\u00e9rationnel de Fab 34 et de ses actifs.<\/p>\n<blockquote class=\"wp-embedded-content\" data-secret=\"NC6CWlougF\"><p><a href=\"https:\/\/www.eenewseurope.com\/en\/intel-lights-up-irish-4nm-euv-scanner\/\">Intel lights up Irish 4nm EUV scanner<\/a><\/p><\/blockquote>\n<p><iframe class=\"wp-embedded-content lazyload\" sandbox=\"allow-scripts\" security=\"restricted\" style=\"position: absolute; visibility: hidden;\" title=\"&#8220;Intel lights up Irish 4nm EUV scanner&#8221; &#8212; eeNews Europe\" data-src=\"https:\/\/www.eenewseurope.com\/en\/intel-lights-up-irish-4nm-euv-scanner\/embed\/#?secret=NYRPLfLy2a#?secret=NC6CWlougF\" data-secret=\"NC6CWlougF\" width=\"500\" height=\"282\" frameborder=\"0\" marginwidth=\"0\" marginheight=\"0\" scrolling=\"no\" src=\"data:image\/svg+xml;base64,PHN2ZyB3aWR0aD0iMSIgaGVpZ2h0PSIxIiB4bWxucz0iaHR0cDovL3d3dy53My5vcmcvMjAwMC9zdmciPjwvc3ZnPg==\" data-load-mode=\"1\"><\/iframe><\/p>\n<p>\u00ab\u00a0L&rsquo;accord d&rsquo;Intel avec Apollo nous donne une flexibilit\u00e9 suppl\u00e9mentaire pour ex\u00e9cuter notre strat\u00e9gie alors que nous investissons pour cr\u00e9er la cha\u00eene d&rsquo;approvisionnement en semi-conducteurs la plus r\u00e9siliente et la plus durable au monde. Nos investissements dans des capacit\u00e9s de pointe aux \u00c9tats-Unis et en Europe seront essentiels pour r\u00e9pondre \u00e0 la demande croissante de silicium, le march\u00e9 mondial des semi-conducteurs \u00e9tant appel\u00e9 \u00e0 doubler au cours des cinq prochaines ann\u00e9es\u00a0\u00bb, a d\u00e9clar\u00e9 David Zinsner, directeur financier d&rsquo;Intel.<\/p>\n<p>\u00ab\u00a0Cette transaction nous permet de partager notre investissement avec un partenaire financier \u00e9tabli \u00e0 des conditions attrayantes, tout en conservant notre excellente cote de cr\u00e9dit.\u00a0\u00bb<\/p>\n<p>\u00ab\u00a0Cette op\u00e9ration de capital hautement strat\u00e9gique figure parmi les plus grands investissements priv\u00e9s de ce type et met en \u00e9vidence la capacit\u00e9 d&rsquo;Apollo \u00e0 fournir des solutions de capital cr\u00e9atives et \u00e0 grande \u00e9chelle \u00e0 des entreprises et des infrastructures de premier plan, et \u00e0 contribuer \u00e0 la r\u00e9silience de la cha\u00eene d&rsquo;approvisionnement. Elle souligne \u00e9galement notre r\u00f4le en tant que partenaire financier de confiance, mobilisant des capitaux priv\u00e9s pour aider \u00e0 construire la nouvelle \u00e9conomie, y compris la technologie de l&rsquo;IA de nouvelle g\u00e9n\u00e9ration qui n\u00e9cessitera des investissements majeurs dans la production d&rsquo;\u00e9nergie durable, les centres de donn\u00e9es, les fonderies et les capacit\u00e9s de semi-conducteurs\u00a0\u00bb, a d\u00e9clar\u00e9 Jamshid Ehsani, associ\u00e9 d&rsquo;Apollo.<\/p>\n<p>L&rsquo;entreprise commune fabriquera des plaquettes qui seront vendues \u00e0 Intel sur la base d&rsquo;un prix de revient major\u00e9. En vertu de cet accord, Intel est tenu d&rsquo;achever la construction de Fab 34 et d&rsquo;acheter des plaquettes \u00e0 l&rsquo;entreprise commune pour elle-m\u00eame et pour des clients externes, avec des engagements de volume minimum pour sa demande de plaquettes apr\u00e8s l&rsquo;ach\u00e8vement de l&rsquo;installation.<\/p>\n<p><a href=\"http:\/\/www.intel.com\">www.intel.com<\/a><\/p>\n<p>&nbsp;<\/p>\n","protected":false},"excerpt":{"rendered":"<p>Intel a vendu 49 % de son usine Fab 34 de Leixlip, en Irlande, \u00e0 un fonds d&rsquo;investissement. Apr\u00e8s des mois de rumeurs, des fonds g\u00e9r\u00e9s par Apollo dirigeront un investissement de 11 milliards de dollars pour 49 % d&rsquo;une coentreprise avec Intel pour la Fab 34. Il s&rsquo;agit de la deuxi\u00e8me op\u00e9ration du Semiconductor [&hellip;]<\/p>\n","protected":false},"author":2,"featured_media":433361,"comment_status":"closed","ping_status":"closed","sticky":false,"template":"","format":"standard","meta":{"_acf_changed":false,"footnotes":""},"categories":[880],"tags":[2264,1558],"domains":[47],"ppma_author":[3640],"class_list":["post-452963","post","type-post","status-publish","format-standard","has-post-thumbnail","hentry","category-actualites-economiques","tag-fabs","tag-semiconducteurs","domains-electronique-eci"],"acf":[],"yoast_head":"<title>Intel vend la moiti\u00e9 de son usine irlandaise pour 11 G\u20ac ...<\/title>\n<meta name=\"description\" content=\"Intel a vendu 49 % de son usine Fab 34 de Leixlip, en Irlande, \u00e0 un fonds d&#039;investissement.des fonds g\u00e9r\u00e9s par Apollo ont pay\u00e9 11 milliards de dollars...\" \/>\n<meta name=\"robots\" content=\"index, follow, max-snippet:-1, max-image-preview:large, max-video-preview:-1\" \/>\n<link rel=\"canonical\" href=\"https:\/\/www.ecinews.fr\/fr\/wp-json\/wp\/v2\/posts\/452963\/\" \/>\n<meta property=\"og:locale\" content=\"fr_FR\" \/>\n<meta property=\"og:type\" content=\"article\" \/>\n<meta property=\"og:title\" content=\"Intel vend la moiti\u00e9 de son usine irlandaise pour 11 G\u20ac\" \/>\n<meta property=\"og:description\" content=\"Intel a vendu 49 % de son usine Fab 34 de Leixlip, en Irlande, \u00e0 un fonds d&#039;investissement.des fonds g\u00e9r\u00e9s par Apollo ont pay\u00e9 11 milliards de dollars pour 49 % d&#039;une coentreprise.\" \/>\n<meta property=\"og:url\" content=\"https:\/\/www.ecinews.fr\/fr\/wp-json\/wp\/v2\/posts\/452963\/\" \/>\n<meta property=\"og:site_name\" content=\"EENewsEurope\" \/>\n<meta property=\"article:published_time\" content=\"2024-06-06T05:00:17+00:00\" \/>\n<meta property=\"article:modified_time\" content=\"2024-06-05T15:13:02+00:00\" \/>\n<meta property=\"og:image\" content=\"https:\/\/www.ecinews.fr\/wp-content\/uploads\/2023\/09\/IntelLeixlip4nm630.jpg\" \/>\n\t<meta property=\"og:image:width\" content=\"630\" \/>\n\t<meta property=\"og:image:height\" content=\"419\" \/>\n\t<meta property=\"og:image:type\" content=\"image\/jpeg\" \/>\n<meta name=\"author\" content=\"Nick Flaherty\" \/>\n<meta name=\"twitter:card\" content=\"summary_large_image\" \/>\n<meta name=\"twitter:label1\" content=\"Written by\" \/>\n\t<meta name=\"twitter:data1\" content=\"NicolasR\" \/>\n\t<meta name=\"twitter:label2\" content=\"Est. reading time\" \/>\n\t<meta name=\"twitter:data2\" content=\"3 minutes\" \/>\n<script type=\"application\/ld+json\" class=\"yoast-schema-graph\">{\"@context\":\"https:\/\/schema.org\",\"@graph\":[{\"@type\":\"Article\",\"@id\":\"https:\/\/www.ecinews.fr\/fr\/intel-vend-la-moitie-de-son-usine-irlandaise-pour-11-ge\/#article\",\"isPartOf\":{\"@id\":\"https:\/\/www.ecinews.fr\/fr\/intel-vend-la-moitie-de-son-usine-irlandaise-pour-11-ge\/\"},\"author\":{\"name\":\"NicolasR\",\"@id\":\"https:\/\/www.ecinews.fr\/fr\/#\/schema\/person\/78961bf5e4a331d3b8b2d58fdfef976c\"},\"headline\":\"Intel vend la moiti\u00e9 de son usine irlandaise pour 11 G\u20ac\",\"datePublished\":\"2024-06-06T05:00:17+00:00\",\"dateModified\":\"2024-06-05T15:13:02+00:00\",\"mainEntityOfPage\":{\"@id\":\"https:\/\/www.ecinews.fr\/fr\/intel-vend-la-moitie-de-son-usine-irlandaise-pour-11-ge\/\"},\"wordCount\":749,\"publisher\":{\"@id\":\"https:\/\/www.ecinews.fr\/fr\/#organization\"},\"keywords\":[\"Fabs\",\"Semiconducteurs\"],\"articleSection\":[\"Actualit\u00e9s \u00e9conomiques\"],\"inLanguage\":\"fr-FR\"},{\"@type\":\"WebPage\",\"@id\":\"https:\/\/www.ecinews.fr\/fr\/intel-vend-la-moitie-de-son-usine-irlandaise-pour-11-ge\/\",\"url\":\"https:\/\/www.ecinews.fr\/fr\/intel-vend-la-moitie-de-son-usine-irlandaise-pour-11-ge\/\",\"name\":\"Intel vend la moiti\u00e9 de son usine irlandaise pour 11 G\u20ac -\",\"isPartOf\":{\"@id\":\"https:\/\/www.ecinews.fr\/fr\/#website\"},\"datePublished\":\"2024-06-06T05:00:17+00:00\",\"dateModified\":\"2024-06-05T15:13:02+00:00\",\"description\":\"Intel a vendu 49 % de son usine Fab 34 de Leixlip, en Irlande, \u00e0 un fonds d'investissement.des fonds g\u00e9r\u00e9s par Apollo ont pay\u00e9 11 milliards de dollars pour 49 % d'une coentreprise.\",\"breadcrumb\":{\"@id\":\"https:\/\/www.ecinews.fr\/fr\/intel-vend-la-moitie-de-son-usine-irlandaise-pour-11-ge\/#breadcrumb\"},\"inLanguage\":\"fr-FR\",\"potentialAction\":[{\"@type\":\"ReadAction\",\"target\":[\"https:\/\/www.ecinews.fr\/fr\/intel-vend-la-moitie-de-son-usine-irlandaise-pour-11-ge\/\"]}]},{\"@type\":\"BreadcrumbList\",\"@id\":\"https:\/\/www.ecinews.fr\/fr\/intel-vend-la-moitie-de-son-usine-irlandaise-pour-11-ge\/#breadcrumb\",\"itemListElement\":[{\"@type\":\"ListItem\",\"position\":1,\"name\":\"Home\",\"item\":\"https:\/\/www.ecinews.fr\/fr\/\"},{\"@type\":\"ListItem\",\"position\":2,\"name\":\"Intel vend la moiti\u00e9 de son usine irlandaise pour 11 G\u20ac\"}]},{\"@type\":\"WebSite\",\"@id\":\"https:\/\/www.ecinews.fr\/fr\/#website\",\"url\":\"https:\/\/www.ecinews.fr\/fr\/\",\"name\":\"EENewsEurope\",\"description\":\"Just another WordPress site\",\"publisher\":{\"@id\":\"https:\/\/www.ecinews.fr\/fr\/#organization\"},\"potentialAction\":[{\"@type\":\"SearchAction\",\"target\":{\"@type\":\"EntryPoint\",\"urlTemplate\":\"https:\/\/www.ecinews.fr\/fr\/?s={search_term_string}\"},\"query-input\":\"required name=search_term_string\"}],\"inLanguage\":\"fr-FR\"},{\"@type\":\"Organization\",\"@id\":\"https:\/\/www.ecinews.fr\/fr\/#organization\",\"name\":\"EENewsEurope\",\"url\":\"https:\/\/www.ecinews.fr\/fr\/\",\"logo\":{\"@type\":\"ImageObject\",\"inLanguage\":\"fr-FR\",\"@id\":\"https:\/\/www.ecinews.fr\/fr\/#\/schema\/logo\/image\/\",\"url\":\"https:\/\/www.ecinews.fr\/wp-content\/uploads\/2022\/02\/logo-1.jpg\",\"contentUrl\":\"https:\/\/www.ecinews.fr\/wp-content\/uploads\/2022\/02\/logo-1.jpg\",\"width\":283,\"height\":113,\"caption\":\"EENewsEurope\"},\"image\":{\"@id\":\"https:\/\/www.ecinews.fr\/fr\/#\/schema\/logo\/image\/\"}},{\"@type\":\"Person\",\"@id\":\"https:\/\/www.ecinews.fr\/fr\/#\/schema\/person\/78961bf5e4a331d3b8b2d58fdfef976c\",\"name\":\"NicolasR\",\"image\":{\"@type\":\"ImageObject\",\"inLanguage\":\"fr-FR\",\"@id\":\"https:\/\/www.ecinews.fr\/fr\/#\/schema\/person\/image\/1113513d73c6c997fc7ac1ecedfff8d9\",\"url\":\"https:\/\/secure.gravatar.com\/avatar\/8c46107760468ab8a00c814c26c19ab4?s=96&d=mm&r=g\",\"contentUrl\":\"https:\/\/secure.gravatar.com\/avatar\/8c46107760468ab8a00c814c26c19ab4?s=96&d=mm&r=g\",\"caption\":\"NicolasR\"}}]}<\/script>","yoast_head_json":{"title":"Intel vend la moiti\u00e9 de son usine irlandaise pour 11 G\u20ac ...","description":"Intel a vendu 49 % de son usine Fab 34 de Leixlip, en Irlande, \u00e0 un fonds d'investissement.des fonds g\u00e9r\u00e9s par Apollo ont pay\u00e9 11 milliards de dollars...","robots":{"index":"index","follow":"follow","max-snippet":"max-snippet:-1","max-image-preview":"max-image-preview:large","max-video-preview":"max-video-preview:-1"},"canonical":"https:\/\/www.ecinews.fr\/fr\/wp-json\/wp\/v2\/posts\/452963\/","og_locale":"fr_FR","og_type":"article","og_title":"Intel vend la moiti\u00e9 de son usine irlandaise pour 11 G\u20ac","og_description":"Intel a vendu 49 % de son usine Fab 34 de Leixlip, en Irlande, \u00e0 un fonds d'investissement.des fonds g\u00e9r\u00e9s par Apollo ont pay\u00e9 11 milliards de dollars pour 49 % d'une coentreprise.","og_url":"https:\/\/www.ecinews.fr\/fr\/wp-json\/wp\/v2\/posts\/452963\/","og_site_name":"EENewsEurope","article_published_time":"2024-06-06T05:00:17+00:00","article_modified_time":"2024-06-05T15:13:02+00:00","og_image":[{"width":630,"height":419,"url":"https:\/\/www.ecinews.fr\/wp-content\/uploads\/2023\/09\/IntelLeixlip4nm630.jpg","type":"image\/jpeg"}],"author":"Nick Flaherty","twitter_card":"summary_large_image","twitter_misc":{"Written by":"NicolasR","Est. reading time":"3 minutes"},"schema":{"@context":"https:\/\/schema.org","@graph":[{"@type":"Article","@id":"https:\/\/www.ecinews.fr\/fr\/intel-vend-la-moitie-de-son-usine-irlandaise-pour-11-ge\/#article","isPartOf":{"@id":"https:\/\/www.ecinews.fr\/fr\/intel-vend-la-moitie-de-son-usine-irlandaise-pour-11-ge\/"},"author":{"name":"NicolasR","@id":"https:\/\/www.ecinews.fr\/fr\/#\/schema\/person\/78961bf5e4a331d3b8b2d58fdfef976c"},"headline":"Intel vend la moiti\u00e9 de son usine irlandaise pour 11 G\u20ac","datePublished":"2024-06-06T05:00:17+00:00","dateModified":"2024-06-05T15:13:02+00:00","mainEntityOfPage":{"@id":"https:\/\/www.ecinews.fr\/fr\/intel-vend-la-moitie-de-son-usine-irlandaise-pour-11-ge\/"},"wordCount":749,"publisher":{"@id":"https:\/\/www.ecinews.fr\/fr\/#organization"},"keywords":["Fabs","Semiconducteurs"],"articleSection":["Actualit\u00e9s \u00e9conomiques"],"inLanguage":"fr-FR"},{"@type":"WebPage","@id":"https:\/\/www.ecinews.fr\/fr\/intel-vend-la-moitie-de-son-usine-irlandaise-pour-11-ge\/","url":"https:\/\/www.ecinews.fr\/fr\/intel-vend-la-moitie-de-son-usine-irlandaise-pour-11-ge\/","name":"Intel vend la moiti\u00e9 de son usine irlandaise pour 11 G\u20ac -","isPartOf":{"@id":"https:\/\/www.ecinews.fr\/fr\/#website"},"datePublished":"2024-06-06T05:00:17+00:00","dateModified":"2024-06-05T15:13:02+00:00","description":"Intel a vendu 49 % de son usine Fab 34 de Leixlip, en Irlande, \u00e0 un fonds d'investissement.des fonds g\u00e9r\u00e9s par Apollo ont pay\u00e9 11 milliards de dollars pour 49 % d'une coentreprise.","breadcrumb":{"@id":"https:\/\/www.ecinews.fr\/fr\/intel-vend-la-moitie-de-son-usine-irlandaise-pour-11-ge\/#breadcrumb"},"inLanguage":"fr-FR","potentialAction":[{"@type":"ReadAction","target":["https:\/\/www.ecinews.fr\/fr\/intel-vend-la-moitie-de-son-usine-irlandaise-pour-11-ge\/"]}]},{"@type":"BreadcrumbList","@id":"https:\/\/www.ecinews.fr\/fr\/intel-vend-la-moitie-de-son-usine-irlandaise-pour-11-ge\/#breadcrumb","itemListElement":[{"@type":"ListItem","position":1,"name":"Home","item":"https:\/\/www.ecinews.fr\/fr\/"},{"@type":"ListItem","position":2,"name":"Intel vend la moiti\u00e9 de son usine irlandaise pour 11 G\u20ac"}]},{"@type":"WebSite","@id":"https:\/\/www.ecinews.fr\/fr\/#website","url":"https:\/\/www.ecinews.fr\/fr\/","name":"EENewsEurope","description":"Just another WordPress site","publisher":{"@id":"https:\/\/www.ecinews.fr\/fr\/#organization"},"potentialAction":[{"@type":"SearchAction","target":{"@type":"EntryPoint","urlTemplate":"https:\/\/www.ecinews.fr\/fr\/?s={search_term_string}"},"query-input":"required name=search_term_string"}],"inLanguage":"fr-FR"},{"@type":"Organization","@id":"https:\/\/www.ecinews.fr\/fr\/#organization","name":"EENewsEurope","url":"https:\/\/www.ecinews.fr\/fr\/","logo":{"@type":"ImageObject","inLanguage":"fr-FR","@id":"https:\/\/www.ecinews.fr\/fr\/#\/schema\/logo\/image\/","url":"https:\/\/www.ecinews.fr\/wp-content\/uploads\/2022\/02\/logo-1.jpg","contentUrl":"https:\/\/www.ecinews.fr\/wp-content\/uploads\/2022\/02\/logo-1.jpg","width":283,"height":113,"caption":"EENewsEurope"},"image":{"@id":"https:\/\/www.ecinews.fr\/fr\/#\/schema\/logo\/image\/"}},{"@type":"Person","@id":"https:\/\/www.ecinews.fr\/fr\/#\/schema\/person\/78961bf5e4a331d3b8b2d58fdfef976c","name":"NicolasR","image":{"@type":"ImageObject","inLanguage":"fr-FR","@id":"https:\/\/www.ecinews.fr\/fr\/#\/schema\/person\/image\/1113513d73c6c997fc7ac1ecedfff8d9","url":"https:\/\/secure.gravatar.com\/avatar\/8c46107760468ab8a00c814c26c19ab4?s=96&d=mm&r=g","contentUrl":"https:\/\/secure.gravatar.com\/avatar\/8c46107760468ab8a00c814c26c19ab4?s=96&d=mm&r=g","caption":"NicolasR"}}]}},"authors":[{"term_id":3640,"user_id":0,"is_guest":1,"slug":"nick-flaherty","display_name":"Nick Flaherty","avatar_url":"https:\/\/secure.gravatar.com\/avatar\/?s=96&d=mm&r=g","0":null,"1":"","2":"","3":"","4":"","5":"","6":"","7":"","8":""}],"_links":{"self":[{"href":"https:\/\/www.ecinews.fr\/fr\/wp-json\/wp\/v2\/posts\/452963"}],"collection":[{"href":"https:\/\/www.ecinews.fr\/fr\/wp-json\/wp\/v2\/posts"}],"about":[{"href":"https:\/\/www.ecinews.fr\/fr\/wp-json\/wp\/v2\/types\/post"}],"author":[{"embeddable":true,"href":"https:\/\/www.ecinews.fr\/fr\/wp-json\/wp\/v2\/users\/2"}],"replies":[{"embeddable":true,"href":"https:\/\/www.ecinews.fr\/fr\/wp-json\/wp\/v2\/comments?post=452963"}],"version-history":[{"count":0,"href":"https:\/\/www.ecinews.fr\/fr\/wp-json\/wp\/v2\/posts\/452963\/revisions"}],"wp:featuredmedia":[{"embeddable":true,"href":"https:\/\/www.ecinews.fr\/fr\/wp-json\/wp\/v2\/media\/433361"}],"wp:attachment":[{"href":"https:\/\/www.ecinews.fr\/fr\/wp-json\/wp\/v2\/media?parent=452963"}],"wp:term":[{"taxonomy":"category","embeddable":true,"href":"https:\/\/www.ecinews.fr\/fr\/wp-json\/wp\/v2\/categories?post=452963"},{"taxonomy":"post_tag","embeddable":true,"href":"https:\/\/www.ecinews.fr\/fr\/wp-json\/wp\/v2\/tags?post=452963"},{"taxonomy":"domains","embeddable":true,"href":"https:\/\/www.ecinews.fr\/fr\/wp-json\/wp\/v2\/domains?post=452963"},{"taxonomy":"author","embeddable":true,"href":"https:\/\/www.ecinews.fr\/fr\/wp-json\/wp\/v2\/ppma_author?post=452963"}],"curies":[{"name":"wp","href":"https:\/\/api.w.org\/{rel}","templated":true}]}}