{"id":452702,"date":"2024-06-04T09:30:24","date_gmt":"2024-06-04T07:30:24","guid":{"rendered":"https:\/\/www.ecinews.fr\/?p=452702"},"modified":"2024-06-04T01:45:25","modified_gmt":"2024-06-03T23:45:25","slug":"omron-lempreinte-carbone-normalisee-de-ses-relais-de-puissance-desormais-indiquee","status":"publish","type":"post","link":"https:\/\/www.ecinews.fr\/fr\/omron-lempreinte-carbone-normalisee-de-ses-relais-de-puissance-desormais-indiquee\/","title":{"rendered":"OMRON : l\u2019empreinte carbone normalis\u00e9e de ses relais de puissance d\u00e9sormais indiqu\u00e9e"},"content":{"rendered":"<h3>OMRON Corporation fournira les donn\u00e9es d\u2019empreinte carbone de ses relais de puissance haute capacit\u00e9 pour syst\u00e8mes de stockage et autres nouveaux \u00e9quipements. Ces donn\u00e9es seront calcul\u00e9es conform\u00e9ment aux normes internationales.<\/h3>\n<p>OMRON va promouvoir la communication des \u00e9missions de gaz \u00e0 effet de serre (GES) \u00e0 tous les niveaux de la cha\u00eene d\u2019approvisionnement de la fili\u00e8re des \u00e9quipements \u00e9lectriques et contribuer \u00e0 l\u2019acc\u00e9l\u00e9ration de la d\u00e9carbonation globale de la soci\u00e9t\u00e9.<\/p>\n<p>Le basculement vers une soci\u00e9t\u00e9 d\u00e9carbon\u00e9e ne peut se faire qu\u2019en r\u00e9duisant les \u00e9missions de gaz \u00e0 effet de serre. Pour cela, de nombreux pays renforcent leur arsenal l\u00e9gislatif visant l\u2019empreinte carbone, afin d\u2019inciter \u00e0 la r\u00e9duction des gaz \u00e0 effet de serre, notamment dans l\u2019industrie manufacturi\u00e8re qui est tr\u00e8s \u00e9nergivore. Par cons\u00e9quent, dans le cadre d\u2019une approche plus \u00e9cologique de la cha\u00eene d\u2019approvisionnement, les fournisseurs doivent g\u00e9n\u00e9ralement indiquer leur empreinte carbone au cours du processus de s\u00e9lection.<\/p>\n<p>Afin d\u2019assurer de mieux \u00e9valuer l\u2019impact environnemental de ses produits, ind\u00e9pendamment de la dimension financi\u00e8re, OMRON a introduit un \u00ab\u00a0<a href=\"https:\/\/sustainability.omron.com\/en\/environ\/reduce\/development\/\">Cadre d\u2019\u00e9valuation environnementale<\/a>\u00a0\u00bb et travaille activement sur la conception et le d\u00e9veloppement de produits plus \u00e9cologiques. Ainsi, OMRON a pos\u00e9 des r\u00e8gles de calcul de l\u2019empreinte carbone bas\u00e9es sur les normes internationales. Dans la fili\u00e8re des composants \u00e9lectriques, l\u2019empreinte carbone s\u2019appuie sur les directives de la s\u00e9rie G9KB de relais de puissance haute capacit\u00e9 pour les nouveaux dispositifs \u00e9nerg\u00e9tiques, tels que les conditionneurs de puissance et les syst\u00e8mes de stockage, et ces donn\u00e9es seront disponibles sur demande \u00e0 partir de mai 2024. L\u2019empreinte carbone de cette s\u00e9rie de produits est calcul\u00e9e selon la norme ISO 14067 et a \u00e9t\u00e9 certifi\u00e9e de fa\u00e7on ind\u00e9pendante par des tiers. OMRON introduira graduellement ce type de donn\u00e9es pour une large gamme de relais de puissance haute capacit\u00e9. Par ailleurs, cette entreprise va acc\u00e9l\u00e9rer le d\u00e9ploiement des mod\u00e8les de calcul d\u2019empreinte carbone en conjonction avec <a href=\"https:\/\/www.omron.com\/global\/en\/media\/2024\/01\/c0129.html\">l\u2019exp\u00e9rience d\u2019\u00e9valuation des \u00e9missions de GES de la cha\u00eene d\u2019approvisionnement<\/a> (annonc\u00e9e le 29 janvier 2024), qui a commenc\u00e9 en mars 2024.<\/p>\n<p><a href=\"https:\/\/www.omron.com\/global\/fr\/\">OMRON Electronic Components Europe<\/a> \u00a0<\/p>\n<p><a href=\"https:\/\/news.google.com\/publications\/CAAqBwgKMJbcwQswuPfYAw?hl=fr&amp;gl=BE&amp;ceid=BE:fr\">Suivre ECInews sur Google news<\/a><\/p>\n","protected":false},"excerpt":{"rendered":"<p>OMRON Corporation fournira les donn\u00e9es d\u2019empreinte carbone de ses relais de puissance haute capacit\u00e9 pour syst\u00e8mes de stockage et autres nouveaux \u00e9quipements. Ces donn\u00e9es seront calcul\u00e9es conform\u00e9ment aux normes internationales. OMRON va promouvoir la communication des \u00e9missions de gaz \u00e0 effet de serre (GES) \u00e0 tous les niveaux de la cha\u00eene d\u2019approvisionnement de la fili\u00e8re [&hellip;]<\/p>\n","protected":false},"author":39,"featured_media":452710,"comment_status":"closed","ping_status":"closed","sticky":false,"template":"","format":"standard","meta":{"_acf_changed":false,"footnotes":""},"categories":[886],"tags":[6519,6448],"domains":[47],"ppma_author":[6113],"class_list":["post-452702","post","type-post","status-publish","format-standard","has-post-thumbnail","hentry","category-news-fr","tag-impact-environnemental","tag-relais-de-puissance","domains-electronique-eci"],"acf":[],"yoast_head":"<title>OMRON : l\u2019empreinte carbone normalis\u00e9e de ses relais de puis...<\/title>\n<meta name=\"description\" content=\"OMRON Corporation fournira les donn\u00e9es d\u2019empreinte carbone de ses relais de puissance haute capacit\u00e9 pour syst\u00e8mes de stockage et autres nouveaux...\" \/>\n<meta name=\"robots\" content=\"index, follow, max-snippet:-1, max-image-preview:large, max-video-preview:-1\" \/>\n<link rel=\"canonical\" href=\"https:\/\/www.ecinews.fr\/fr\/wp-json\/wp\/v2\/posts\/452702\/\" \/>\n<meta property=\"og:locale\" content=\"fr_FR\" \/>\n<meta property=\"og:type\" content=\"article\" \/>\n<meta property=\"og:title\" content=\"OMRON : l\u2019empreinte carbone normalis\u00e9e de ses relais de puissance d\u00e9sormais indiqu\u00e9e\" \/>\n<meta property=\"og:description\" content=\"OMRON Corporation fournira les donn\u00e9es d\u2019empreinte carbone de ses relais de puissance haute capacit\u00e9 pour syst\u00e8mes de stockage et autres nouveaux \u00e9quipements. Ces donn\u00e9es seront calcul\u00e9es conform\u00e9ment aux normes internationales.\" \/>\n<meta property=\"og:url\" content=\"https:\/\/www.ecinews.fr\/fr\/wp-json\/wp\/v2\/posts\/452702\/\" \/>\n<meta property=\"og:site_name\" content=\"EENewsEurope\" \/>\n<meta property=\"article:published_time\" content=\"2024-06-04T07:30:24+00:00\" \/>\n<meta property=\"article:modified_time\" content=\"2024-06-03T23:45:25+00:00\" \/>\n<meta property=\"og:image\" content=\"https:\/\/www.ecinews.fr\/wp-content\/uploads\/2024\/06\/ECI4203-OM09fr-Omron-PCF-calculations-EMEA_Final.png\" \/>\n\t<meta property=\"og:image:width\" content=\"344\" \/>\n\t<meta property=\"og:image:height\" content=\"386\" \/>\n\t<meta property=\"og:image:type\" content=\"image\/png\" \/>\n<meta name=\"author\" content=\"NicolasFeste\" \/>\n<meta name=\"twitter:card\" content=\"summary_large_image\" \/>\n<meta name=\"twitter:label1\" content=\"Written by\" \/>\n\t<meta name=\"twitter:data1\" content=\"NicolasFeste\" \/>\n\t<meta name=\"twitter:label2\" content=\"Est. reading time\" \/>\n\t<meta name=\"twitter:data2\" content=\"2 minutes\" \/>\n<script type=\"application\/ld+json\" class=\"yoast-schema-graph\">{\"@context\":\"https:\/\/schema.org\",\"@graph\":[{\"@type\":\"Article\",\"@id\":\"https:\/\/www.ecinews.fr\/fr\/omron-lempreinte-carbone-normalisee-de-ses-relais-de-puissance-desormais-indiquee\/#article\",\"isPartOf\":{\"@id\":\"https:\/\/www.ecinews.fr\/fr\/omron-lempreinte-carbone-normalisee-de-ses-relais-de-puissance-desormais-indiquee\/\"},\"author\":{\"name\":\"NicolasFeste\",\"@id\":\"https:\/\/www.eenewseurope.com\/en\/#\/schema\/person\/c7104a72b466a801f257e51481de0c43\"},\"headline\":\"OMRON : l\u2019empreinte carbone normalis\u00e9e de ses relais de puissance d\u00e9sormais indiqu\u00e9e\",\"datePublished\":\"2024-06-04T07:30:24+00:00\",\"dateModified\":\"2024-06-03T23:45:25+00:00\",\"mainEntityOfPage\":{\"@id\":\"https:\/\/www.ecinews.fr\/fr\/omron-lempreinte-carbone-normalisee-de-ses-relais-de-puissance-desormais-indiquee\/\"},\"wordCount\":407,\"publisher\":{\"@id\":\"https:\/\/www.eenewseurope.com\/en\/#organization\"},\"keywords\":[\"Impact environnemental\",\"Relais de puissance\"],\"articleSection\":[\"Actualit\u00e9 g\u00e9n\u00e9rale\"],\"inLanguage\":\"fr-FR\"},{\"@type\":\"WebPage\",\"@id\":\"https:\/\/www.ecinews.fr\/fr\/omron-lempreinte-carbone-normalisee-de-ses-relais-de-puissance-desormais-indiquee\/\",\"url\":\"https:\/\/www.ecinews.fr\/fr\/omron-lempreinte-carbone-normalisee-de-ses-relais-de-puissance-desormais-indiquee\/\",\"name\":\"OMRON : l\u2019empreinte carbone normalis\u00e9e de ses relais de puissance d\u00e9sormais indiqu\u00e9e -\",\"isPartOf\":{\"@id\":\"https:\/\/www.eenewseurope.com\/en\/#website\"},\"datePublished\":\"2024-06-04T07:30:24+00:00\",\"dateModified\":\"2024-06-03T23:45:25+00:00\",\"description\":\"OMRON Corporation fournira les donn\u00e9es d\u2019empreinte carbone de ses relais de puissance haute capacit\u00e9 pour syst\u00e8mes de stockage et autres nouveaux \u00e9quipements. Ces donn\u00e9es seront calcul\u00e9es conform\u00e9ment aux normes internationales.\",\"breadcrumb\":{\"@id\":\"https:\/\/www.ecinews.fr\/fr\/omron-lempreinte-carbone-normalisee-de-ses-relais-de-puissance-desormais-indiquee\/#breadcrumb\"},\"inLanguage\":\"fr-FR\",\"potentialAction\":[{\"@type\":\"ReadAction\",\"target\":[\"https:\/\/www.ecinews.fr\/fr\/omron-lempreinte-carbone-normalisee-de-ses-relais-de-puissance-desormais-indiquee\/\"]}]},{\"@type\":\"BreadcrumbList\",\"@id\":\"https:\/\/www.ecinews.fr\/fr\/omron-lempreinte-carbone-normalisee-de-ses-relais-de-puissance-desormais-indiquee\/#breadcrumb\",\"itemListElement\":[{\"@type\":\"ListItem\",\"position\":1,\"name\":\"Home\",\"item\":\"https:\/\/www.ecinews.fr\/fr\/\"},{\"@type\":\"ListItem\",\"position\":2,\"name\":\"OMRON : l\u2019empreinte carbone normalis\u00e9e de ses relais de puissance d\u00e9sormais indiqu\u00e9e\"}]},{\"@type\":\"WebSite\",\"@id\":\"https:\/\/www.eenewseurope.com\/en\/#website\",\"url\":\"https:\/\/www.eenewseurope.com\/en\/\",\"name\":\"EENewsEurope\",\"description\":\"Just another WordPress site\",\"publisher\":{\"@id\":\"https:\/\/www.eenewseurope.com\/en\/#organization\"},\"potentialAction\":[{\"@type\":\"SearchAction\",\"target\":{\"@type\":\"EntryPoint\",\"urlTemplate\":\"https:\/\/www.eenewseurope.com\/en\/?s={search_term_string}\"},\"query-input\":\"required name=search_term_string\"}],\"inLanguage\":\"fr-FR\"},{\"@type\":\"Organization\",\"@id\":\"https:\/\/www.eenewseurope.com\/en\/#organization\",\"name\":\"EENewsEurope\",\"url\":\"https:\/\/www.eenewseurope.com\/en\/\",\"logo\":{\"@type\":\"ImageObject\",\"inLanguage\":\"fr-FR\",\"@id\":\"https:\/\/www.eenewseurope.com\/en\/#\/schema\/logo\/image\/\",\"url\":\"https:\/\/www.ecinews.fr\/wp-content\/uploads\/2022\/02\/logo-1.jpg\",\"contentUrl\":\"https:\/\/www.ecinews.fr\/wp-content\/uploads\/2022\/02\/logo-1.jpg\",\"width\":283,\"height\":113,\"caption\":\"EENewsEurope\"},\"image\":{\"@id\":\"https:\/\/www.eenewseurope.com\/en\/#\/schema\/logo\/image\/\"}},{\"@type\":\"Person\",\"@id\":\"https:\/\/www.eenewseurope.com\/en\/#\/schema\/person\/c7104a72b466a801f257e51481de0c43\",\"name\":\"NicolasFeste\",\"image\":{\"@type\":\"ImageObject\",\"inLanguage\":\"fr-FR\",\"@id\":\"https:\/\/www.eenewseurope.com\/en\/#\/schema\/person\/image\/1ea421e7d03c1e96a9ea2bcf2705734a\",\"url\":\"https:\/\/secure.gravatar.com\/avatar\/2e187f4d96902933ba445ed6c760e11c?s=96&d=mm&r=g\",\"contentUrl\":\"https:\/\/secure.gravatar.com\/avatar\/2e187f4d96902933ba445ed6c760e11c?s=96&d=mm&r=g\",\"caption\":\"NicolasFeste\"}}]}<\/script>","yoast_head_json":{"title":"OMRON : l\u2019empreinte carbone normalis\u00e9e de ses relais de puis...","description":"OMRON Corporation fournira les donn\u00e9es d\u2019empreinte carbone de ses relais de puissance haute capacit\u00e9 pour syst\u00e8mes de stockage et autres nouveaux...","robots":{"index":"index","follow":"follow","max-snippet":"max-snippet:-1","max-image-preview":"max-image-preview:large","max-video-preview":"max-video-preview:-1"},"canonical":"https:\/\/www.ecinews.fr\/fr\/wp-json\/wp\/v2\/posts\/452702\/","og_locale":"fr_FR","og_type":"article","og_title":"OMRON : l\u2019empreinte carbone normalis\u00e9e de ses relais de puissance d\u00e9sormais indiqu\u00e9e","og_description":"OMRON Corporation fournira les donn\u00e9es d\u2019empreinte carbone de ses relais de puissance haute capacit\u00e9 pour syst\u00e8mes de stockage et autres nouveaux \u00e9quipements. Ces donn\u00e9es seront calcul\u00e9es conform\u00e9ment aux normes internationales.","og_url":"https:\/\/www.ecinews.fr\/fr\/wp-json\/wp\/v2\/posts\/452702\/","og_site_name":"EENewsEurope","article_published_time":"2024-06-04T07:30:24+00:00","article_modified_time":"2024-06-03T23:45:25+00:00","og_image":[{"width":344,"height":386,"url":"https:\/\/www.ecinews.fr\/wp-content\/uploads\/2024\/06\/ECI4203-OM09fr-Omron-PCF-calculations-EMEA_Final.png","type":"image\/png"}],"author":"NicolasFeste","twitter_card":"summary_large_image","twitter_misc":{"Written by":"NicolasFeste","Est. reading time":"2 minutes"},"schema":{"@context":"https:\/\/schema.org","@graph":[{"@type":"Article","@id":"https:\/\/www.ecinews.fr\/fr\/omron-lempreinte-carbone-normalisee-de-ses-relais-de-puissance-desormais-indiquee\/#article","isPartOf":{"@id":"https:\/\/www.ecinews.fr\/fr\/omron-lempreinte-carbone-normalisee-de-ses-relais-de-puissance-desormais-indiquee\/"},"author":{"name":"NicolasFeste","@id":"https:\/\/www.eenewseurope.com\/en\/#\/schema\/person\/c7104a72b466a801f257e51481de0c43"},"headline":"OMRON : l\u2019empreinte carbone normalis\u00e9e de ses relais de puissance d\u00e9sormais indiqu\u00e9e","datePublished":"2024-06-04T07:30:24+00:00","dateModified":"2024-06-03T23:45:25+00:00","mainEntityOfPage":{"@id":"https:\/\/www.ecinews.fr\/fr\/omron-lempreinte-carbone-normalisee-de-ses-relais-de-puissance-desormais-indiquee\/"},"wordCount":407,"publisher":{"@id":"https:\/\/www.eenewseurope.com\/en\/#organization"},"keywords":["Impact environnemental","Relais de puissance"],"articleSection":["Actualit\u00e9 g\u00e9n\u00e9rale"],"inLanguage":"fr-FR"},{"@type":"WebPage","@id":"https:\/\/www.ecinews.fr\/fr\/omron-lempreinte-carbone-normalisee-de-ses-relais-de-puissance-desormais-indiquee\/","url":"https:\/\/www.ecinews.fr\/fr\/omron-lempreinte-carbone-normalisee-de-ses-relais-de-puissance-desormais-indiquee\/","name":"OMRON : l\u2019empreinte carbone normalis\u00e9e de ses relais de puissance d\u00e9sormais indiqu\u00e9e -","isPartOf":{"@id":"https:\/\/www.eenewseurope.com\/en\/#website"},"datePublished":"2024-06-04T07:30:24+00:00","dateModified":"2024-06-03T23:45:25+00:00","description":"OMRON Corporation fournira les donn\u00e9es d\u2019empreinte carbone de ses relais de puissance haute capacit\u00e9 pour syst\u00e8mes de stockage et autres nouveaux \u00e9quipements. Ces donn\u00e9es seront calcul\u00e9es conform\u00e9ment aux normes internationales.","breadcrumb":{"@id":"https:\/\/www.ecinews.fr\/fr\/omron-lempreinte-carbone-normalisee-de-ses-relais-de-puissance-desormais-indiquee\/#breadcrumb"},"inLanguage":"fr-FR","potentialAction":[{"@type":"ReadAction","target":["https:\/\/www.ecinews.fr\/fr\/omron-lempreinte-carbone-normalisee-de-ses-relais-de-puissance-desormais-indiquee\/"]}]},{"@type":"BreadcrumbList","@id":"https:\/\/www.ecinews.fr\/fr\/omron-lempreinte-carbone-normalisee-de-ses-relais-de-puissance-desormais-indiquee\/#breadcrumb","itemListElement":[{"@type":"ListItem","position":1,"name":"Home","item":"https:\/\/www.ecinews.fr\/fr\/"},{"@type":"ListItem","position":2,"name":"OMRON : l\u2019empreinte carbone normalis\u00e9e de ses relais de puissance d\u00e9sormais indiqu\u00e9e"}]},{"@type":"WebSite","@id":"https:\/\/www.eenewseurope.com\/en\/#website","url":"https:\/\/www.eenewseurope.com\/en\/","name":"EENewsEurope","description":"Just another WordPress site","publisher":{"@id":"https:\/\/www.eenewseurope.com\/en\/#organization"},"potentialAction":[{"@type":"SearchAction","target":{"@type":"EntryPoint","urlTemplate":"https:\/\/www.eenewseurope.com\/en\/?s={search_term_string}"},"query-input":"required name=search_term_string"}],"inLanguage":"fr-FR"},{"@type":"Organization","@id":"https:\/\/www.eenewseurope.com\/en\/#organization","name":"EENewsEurope","url":"https:\/\/www.eenewseurope.com\/en\/","logo":{"@type":"ImageObject","inLanguage":"fr-FR","@id":"https:\/\/www.eenewseurope.com\/en\/#\/schema\/logo\/image\/","url":"https:\/\/www.ecinews.fr\/wp-content\/uploads\/2022\/02\/logo-1.jpg","contentUrl":"https:\/\/www.ecinews.fr\/wp-content\/uploads\/2022\/02\/logo-1.jpg","width":283,"height":113,"caption":"EENewsEurope"},"image":{"@id":"https:\/\/www.eenewseurope.com\/en\/#\/schema\/logo\/image\/"}},{"@type":"Person","@id":"https:\/\/www.eenewseurope.com\/en\/#\/schema\/person\/c7104a72b466a801f257e51481de0c43","name":"NicolasFeste","image":{"@type":"ImageObject","inLanguage":"fr-FR","@id":"https:\/\/www.eenewseurope.com\/en\/#\/schema\/person\/image\/1ea421e7d03c1e96a9ea2bcf2705734a","url":"https:\/\/secure.gravatar.com\/avatar\/2e187f4d96902933ba445ed6c760e11c?s=96&d=mm&r=g","contentUrl":"https:\/\/secure.gravatar.com\/avatar\/2e187f4d96902933ba445ed6c760e11c?s=96&d=mm&r=g","caption":"NicolasFeste"}}]}},"authors":[{"term_id":6113,"user_id":39,"is_guest":0,"slug":"nicolasfeste","display_name":"NicolasFeste","avatar_url":"https:\/\/secure.gravatar.com\/avatar\/2e187f4d96902933ba445ed6c760e11c?s=96&d=mm&r=g","0":null,"1":"","2":"","3":"","4":"","5":"","6":"","7":"","8":""}],"_links":{"self":[{"href":"https:\/\/www.ecinews.fr\/fr\/wp-json\/wp\/v2\/posts\/452702"}],"collection":[{"href":"https:\/\/www.ecinews.fr\/fr\/wp-json\/wp\/v2\/posts"}],"about":[{"href":"https:\/\/www.ecinews.fr\/fr\/wp-json\/wp\/v2\/types\/post"}],"author":[{"embeddable":true,"href":"https:\/\/www.ecinews.fr\/fr\/wp-json\/wp\/v2\/users\/39"}],"replies":[{"embeddable":true,"href":"https:\/\/www.ecinews.fr\/fr\/wp-json\/wp\/v2\/comments?post=452702"}],"version-history":[{"count":0,"href":"https:\/\/www.ecinews.fr\/fr\/wp-json\/wp\/v2\/posts\/452702\/revisions"}],"wp:featuredmedia":[{"embeddable":true,"href":"https:\/\/www.ecinews.fr\/fr\/wp-json\/wp\/v2\/media\/452710"}],"wp:attachment":[{"href":"https:\/\/www.ecinews.fr\/fr\/wp-json\/wp\/v2\/media?parent=452702"}],"wp:term":[{"taxonomy":"category","embeddable":true,"href":"https:\/\/www.ecinews.fr\/fr\/wp-json\/wp\/v2\/categories?post=452702"},{"taxonomy":"post_tag","embeddable":true,"href":"https:\/\/www.ecinews.fr\/fr\/wp-json\/wp\/v2\/tags?post=452702"},{"taxonomy":"domains","embeddable":true,"href":"https:\/\/www.ecinews.fr\/fr\/wp-json\/wp\/v2\/domains?post=452702"},{"taxonomy":"author","embeddable":true,"href":"https:\/\/www.ecinews.fr\/fr\/wp-json\/wp\/v2\/ppma_author?post=452702"}],"curies":[{"name":"wp","href":"https:\/\/api.w.org\/{rel}","templated":true}]}}