{"id":452573,"date":"2024-06-03T09:30:27","date_gmt":"2024-06-03T07:30:27","guid":{"rendered":"https:\/\/www.ecinews.fr\/?p=452573"},"modified":"2024-06-02T14:34:36","modified_gmt":"2024-06-02T12:34:36","slug":"detecteur-optique-a-portee-de-detection-jusqua-60-m","status":"publish","type":"post","link":"https:\/\/www.ecinews.fr\/fr\/detecteur-optique-a-portee-de-detection-jusqua-60-m\/","title":{"rendered":"D\u00e9tecteur optique \u00e0 port\u00e9e de d\u00e9tection jusqu&rsquo;\u00e0 60 m"},"content":{"rendered":"<h3>La tendance continue \u00e0 la miniaturisation cr\u00e9e une demande pour des d\u00e9tecteurs de plus en plus puissants avec des dimensions de bo\u00eetier plus compactes. Pour r\u00e9pondre, Pepperl+Fuchs a int\u00e9gr\u00e9 le principe de mesure du temps de vol dans la conception du bo\u00eetier compact R20x gr\u00e2ce \u00e0 la technologie de t\u00e9l\u00e9m\u00e9trie par impulsions (PRT, Pulse Ranging Technology).<\/h3>\n<p>Cette solution combine une technologie de mesure \u00e0 longue distance pr\u00e9cise et robuste pour les zones o\u00f9 l&rsquo;espace est tr\u00e8s limit\u00e9.<\/p>\n<p>Les fonctions d&rsquo;automatisation actuelles imposent des exigences de plus en plus \u00e9lev\u00e9es en mati\u00e8re de performance des d\u00e9tecteurs utilis\u00e9s, tout en r\u00e9duisant l&rsquo;espace occup\u00e9. Le nouveau d\u00e9tecteur \u00e0 port\u00e9e \u00e9tendue R200 \u00e9quip\u00e9 de la t\u00e9l\u00e9m\u00e9trie par impulsions r\u00e9pond parfaitement \u00e0 cette tendance du march\u00e9. Dans le bo\u00eetier compact de la s\u00e9rie R200, le d\u00e9tecteur optique atteint des port\u00e9es de d\u00e9tection allant jusqu&rsquo;\u00e0 10 m sur des objets blancs et jusqu&rsquo;\u00e0 60 m en combinaison avec un r\u00e9flecteur. Il \u00e9met toujours un signal de distance robuste et maintient une pr\u00e9cision de r\u00e9p\u00e9tition pouvant atteindre 3 mm. Dot\u00e9 d&rsquo;une interface IO-Link int\u00e9gr\u00e9e dans la derni\u00e8re version V1.1.3, ce d\u00e9tecteur est \u00e9galement parfaitement adapt\u00e9 aux futures applications de l&rsquo;Industrie 4.0.\u00a0<\/p>\n<p><a href=\"https:\/\/www.pepperl-fuchs.com\/\">Pepperl+Fuchs<\/a> \u00a0<\/p>\n<p><a href=\"https:\/\/news.google.com\/publications\/CAAqBwgKMJbcwQswuPfYAw?hl=fr&amp;gl=BE&amp;ceid=BE:fr\">Suivre ECInews sur Google news<\/a><\/p>\n","protected":false},"excerpt":{"rendered":"<p>La tendance continue \u00e0 la miniaturisation cr\u00e9e une demande pour des d\u00e9tecteurs de plus en plus puissants avec des dimensions de bo\u00eetier plus compactes. Pour r\u00e9pondre, Pepperl+Fuchs a int\u00e9gr\u00e9 le principe de mesure du temps de vol dans la conception du bo\u00eetier compact R20x gr\u00e2ce \u00e0 la technologie de t\u00e9l\u00e9m\u00e9trie par impulsions (PRT, Pulse Ranging [&hellip;]<\/p>\n","protected":false},"author":39,"featured_media":452580,"comment_status":"closed","ping_status":"closed","sticky":false,"template":"","format":"standard","meta":{"_acf_changed":false,"footnotes":""},"categories":[881],"tags":[3699],"domains":[47],"ppma_author":[6113],"class_list":["post-452573","post","type-post","status-publish","format-standard","has-post-thumbnail","hentry","category-nouveaux-produits","tag-capteurs-fr","domains-electronique-eci"],"acf":[],"yoast_head":"<title>D\u00e9tecteur optique \u00e0 port\u00e9e de d\u00e9tection jusqu&#039;\u00e0 60 m ...<\/title>\n<meta name=\"description\" content=\"La tendance continue \u00e0 la miniaturisation cr\u00e9e une demande pour des d\u00e9tecteurs de plus en plus puissants avec des dimensions de bo\u00eetier plus compactes....\" \/>\n<meta name=\"robots\" content=\"index, follow, max-snippet:-1, max-image-preview:large, max-video-preview:-1\" \/>\n<link rel=\"canonical\" href=\"https:\/\/www.ecinews.fr\/fr\/wp-json\/wp\/v2\/posts\/452573\/\" \/>\n<meta property=\"og:locale\" content=\"fr_FR\" \/>\n<meta property=\"og:type\" content=\"article\" \/>\n<meta property=\"og:title\" content=\"D\u00e9tecteur optique \u00e0 port\u00e9e de d\u00e9tection jusqu&#039;\u00e0 60 m\" \/>\n<meta property=\"og:description\" content=\"La tendance continue \u00e0 la miniaturisation cr\u00e9e une demande pour des d\u00e9tecteurs de plus en plus puissants avec des dimensions de bo\u00eetier plus compactes. Pour r\u00e9pondre, Pepperl+Fuchs a int\u00e9gr\u00e9 le principe de mesure du temps de vol dans la conception du bo\u00eetier compact R20x gr\u00e2ce \u00e0 la technologie de t\u00e9l\u00e9m\u00e9trie par impulsions (PRT, Pulse Ranging Technology).\" \/>\n<meta property=\"og:url\" content=\"https:\/\/www.ecinews.fr\/fr\/wp-json\/wp\/v2\/posts\/452573\/\" \/>\n<meta property=\"og:site_name\" content=\"EENewsEurope\" \/>\n<meta property=\"article:published_time\" content=\"2024-06-03T07:30:27+00:00\" \/>\n<meta property=\"article:modified_time\" content=\"2024-06-02T12:34:36+00:00\" \/>\n<meta property=\"og:image\" content=\"https:\/\/www.ecinews.fr\/wp-content\/uploads\/2024\/06\/ECI4199-CFR_PEPPERL-FUCHS-FACTORY-AUTOMATION-R200-PRT-scaled.jpg\" \/>\n\t<meta property=\"og:image:width\" content=\"670\" \/>\n\t<meta property=\"og:image:height\" content=\"1080\" \/>\n\t<meta property=\"og:image:type\" content=\"image\/jpeg\" \/>\n<meta name=\"author\" content=\"NicolasFeste\" \/>\n<meta name=\"twitter:card\" content=\"summary_large_image\" \/>\n<meta name=\"twitter:label1\" content=\"Written by\" \/>\n\t<meta name=\"twitter:data1\" content=\"NicolasFeste\" \/>\n\t<meta name=\"twitter:label2\" content=\"Est. reading time\" \/>\n\t<meta name=\"twitter:data2\" content=\"1 minute\" \/>\n<script type=\"application\/ld+json\" class=\"yoast-schema-graph\">{\"@context\":\"https:\/\/schema.org\",\"@graph\":[{\"@type\":\"Article\",\"@id\":\"https:\/\/www.ecinews.fr\/fr\/detecteur-optique-a-portee-de-detection-jusqua-60-m\/#article\",\"isPartOf\":{\"@id\":\"https:\/\/www.ecinews.fr\/fr\/detecteur-optique-a-portee-de-detection-jusqua-60-m\/\"},\"author\":{\"name\":\"NicolasFeste\",\"@id\":\"https:\/\/www.eenewseurope.com\/en\/#\/schema\/person\/c7104a72b466a801f257e51481de0c43\"},\"headline\":\"D\u00e9tecteur optique \u00e0 port\u00e9e de d\u00e9tection jusqu&rsquo;\u00e0 60 m\",\"datePublished\":\"2024-06-03T07:30:27+00:00\",\"dateModified\":\"2024-06-02T12:34:36+00:00\",\"mainEntityOfPage\":{\"@id\":\"https:\/\/www.ecinews.fr\/fr\/detecteur-optique-a-portee-de-detection-jusqua-60-m\/\"},\"wordCount\":245,\"publisher\":{\"@id\":\"https:\/\/www.eenewseurope.com\/en\/#organization\"},\"keywords\":[\"capteurs\"],\"articleSection\":[\"Nouveaux produits\"],\"inLanguage\":\"fr-FR\"},{\"@type\":\"WebPage\",\"@id\":\"https:\/\/www.ecinews.fr\/fr\/detecteur-optique-a-portee-de-detection-jusqua-60-m\/\",\"url\":\"https:\/\/www.ecinews.fr\/fr\/detecteur-optique-a-portee-de-detection-jusqua-60-m\/\",\"name\":\"D\u00e9tecteur optique \u00e0 port\u00e9e de d\u00e9tection jusqu'\u00e0 60 m -\",\"isPartOf\":{\"@id\":\"https:\/\/www.eenewseurope.com\/en\/#website\"},\"datePublished\":\"2024-06-03T07:30:27+00:00\",\"dateModified\":\"2024-06-02T12:34:36+00:00\",\"description\":\"La tendance continue \u00e0 la miniaturisation cr\u00e9e une demande pour des d\u00e9tecteurs de plus en plus puissants avec des dimensions de bo\u00eetier plus compactes. Pour r\u00e9pondre, Pepperl+Fuchs a int\u00e9gr\u00e9 le principe de mesure du temps de vol dans la conception du bo\u00eetier compact R20x gr\u00e2ce \u00e0 la technologie de t\u00e9l\u00e9m\u00e9trie par impulsions (PRT, Pulse Ranging Technology).\",\"breadcrumb\":{\"@id\":\"https:\/\/www.ecinews.fr\/fr\/detecteur-optique-a-portee-de-detection-jusqua-60-m\/#breadcrumb\"},\"inLanguage\":\"fr-FR\",\"potentialAction\":[{\"@type\":\"ReadAction\",\"target\":[\"https:\/\/www.ecinews.fr\/fr\/detecteur-optique-a-portee-de-detection-jusqua-60-m\/\"]}]},{\"@type\":\"BreadcrumbList\",\"@id\":\"https:\/\/www.ecinews.fr\/fr\/detecteur-optique-a-portee-de-detection-jusqua-60-m\/#breadcrumb\",\"itemListElement\":[{\"@type\":\"ListItem\",\"position\":1,\"name\":\"Home\",\"item\":\"https:\/\/www.ecinews.fr\/fr\/\"},{\"@type\":\"ListItem\",\"position\":2,\"name\":\"D\u00e9tecteur optique \u00e0 port\u00e9e de d\u00e9tection jusqu&rsquo;\u00e0 60 m\"}]},{\"@type\":\"WebSite\",\"@id\":\"https:\/\/www.eenewseurope.com\/en\/#website\",\"url\":\"https:\/\/www.eenewseurope.com\/en\/\",\"name\":\"EENewsEurope\",\"description\":\"Just another WordPress site\",\"publisher\":{\"@id\":\"https:\/\/www.eenewseurope.com\/en\/#organization\"},\"potentialAction\":[{\"@type\":\"SearchAction\",\"target\":{\"@type\":\"EntryPoint\",\"urlTemplate\":\"https:\/\/www.eenewseurope.com\/en\/?s={search_term_string}\"},\"query-input\":\"required name=search_term_string\"}],\"inLanguage\":\"fr-FR\"},{\"@type\":\"Organization\",\"@id\":\"https:\/\/www.eenewseurope.com\/en\/#organization\",\"name\":\"EENewsEurope\",\"url\":\"https:\/\/www.eenewseurope.com\/en\/\",\"logo\":{\"@type\":\"ImageObject\",\"inLanguage\":\"fr-FR\",\"@id\":\"https:\/\/www.eenewseurope.com\/en\/#\/schema\/logo\/image\/\",\"url\":\"https:\/\/www.ecinews.fr\/wp-content\/uploads\/2022\/02\/logo-1.jpg\",\"contentUrl\":\"https:\/\/www.ecinews.fr\/wp-content\/uploads\/2022\/02\/logo-1.jpg\",\"width\":283,\"height\":113,\"caption\":\"EENewsEurope\"},\"image\":{\"@id\":\"https:\/\/www.eenewseurope.com\/en\/#\/schema\/logo\/image\/\"}},{\"@type\":\"Person\",\"@id\":\"https:\/\/www.eenewseurope.com\/en\/#\/schema\/person\/c7104a72b466a801f257e51481de0c43\",\"name\":\"NicolasFeste\",\"image\":{\"@type\":\"ImageObject\",\"inLanguage\":\"fr-FR\",\"@id\":\"https:\/\/www.eenewseurope.com\/en\/#\/schema\/person\/image\/1ea421e7d03c1e96a9ea2bcf2705734a\",\"url\":\"https:\/\/secure.gravatar.com\/avatar\/2e187f4d96902933ba445ed6c760e11c?s=96&d=mm&r=g\",\"contentUrl\":\"https:\/\/secure.gravatar.com\/avatar\/2e187f4d96902933ba445ed6c760e11c?s=96&d=mm&r=g\",\"caption\":\"NicolasFeste\"}}]}<\/script>","yoast_head_json":{"title":"D\u00e9tecteur optique \u00e0 port\u00e9e de d\u00e9tection jusqu'\u00e0 60 m ...","description":"La tendance continue \u00e0 la miniaturisation cr\u00e9e une demande pour des d\u00e9tecteurs de plus en plus puissants avec des dimensions de bo\u00eetier plus compactes....","robots":{"index":"index","follow":"follow","max-snippet":"max-snippet:-1","max-image-preview":"max-image-preview:large","max-video-preview":"max-video-preview:-1"},"canonical":"https:\/\/www.ecinews.fr\/fr\/wp-json\/wp\/v2\/posts\/452573\/","og_locale":"fr_FR","og_type":"article","og_title":"D\u00e9tecteur optique \u00e0 port\u00e9e de d\u00e9tection jusqu'\u00e0 60 m","og_description":"La tendance continue \u00e0 la miniaturisation cr\u00e9e une demande pour des d\u00e9tecteurs de plus en plus puissants avec des dimensions de bo\u00eetier plus compactes. Pour r\u00e9pondre, Pepperl+Fuchs a int\u00e9gr\u00e9 le principe de mesure du temps de vol dans la conception du bo\u00eetier compact R20x gr\u00e2ce \u00e0 la technologie de t\u00e9l\u00e9m\u00e9trie par impulsions (PRT, Pulse Ranging Technology).","og_url":"https:\/\/www.ecinews.fr\/fr\/wp-json\/wp\/v2\/posts\/452573\/","og_site_name":"EENewsEurope","article_published_time":"2024-06-03T07:30:27+00:00","article_modified_time":"2024-06-02T12:34:36+00:00","og_image":[{"width":670,"height":1080,"url":"https:\/\/www.ecinews.fr\/wp-content\/uploads\/2024\/06\/ECI4199-CFR_PEPPERL-FUCHS-FACTORY-AUTOMATION-R200-PRT-scaled.jpg","type":"image\/jpeg"}],"author":"NicolasFeste","twitter_card":"summary_large_image","twitter_misc":{"Written by":"NicolasFeste","Est. reading time":"1 minute"},"schema":{"@context":"https:\/\/schema.org","@graph":[{"@type":"Article","@id":"https:\/\/www.ecinews.fr\/fr\/detecteur-optique-a-portee-de-detection-jusqua-60-m\/#article","isPartOf":{"@id":"https:\/\/www.ecinews.fr\/fr\/detecteur-optique-a-portee-de-detection-jusqua-60-m\/"},"author":{"name":"NicolasFeste","@id":"https:\/\/www.eenewseurope.com\/en\/#\/schema\/person\/c7104a72b466a801f257e51481de0c43"},"headline":"D\u00e9tecteur optique \u00e0 port\u00e9e de d\u00e9tection jusqu&rsquo;\u00e0 60 m","datePublished":"2024-06-03T07:30:27+00:00","dateModified":"2024-06-02T12:34:36+00:00","mainEntityOfPage":{"@id":"https:\/\/www.ecinews.fr\/fr\/detecteur-optique-a-portee-de-detection-jusqua-60-m\/"},"wordCount":245,"publisher":{"@id":"https:\/\/www.eenewseurope.com\/en\/#organization"},"keywords":["capteurs"],"articleSection":["Nouveaux produits"],"inLanguage":"fr-FR"},{"@type":"WebPage","@id":"https:\/\/www.ecinews.fr\/fr\/detecteur-optique-a-portee-de-detection-jusqua-60-m\/","url":"https:\/\/www.ecinews.fr\/fr\/detecteur-optique-a-portee-de-detection-jusqua-60-m\/","name":"D\u00e9tecteur optique \u00e0 port\u00e9e de d\u00e9tection jusqu'\u00e0 60 m -","isPartOf":{"@id":"https:\/\/www.eenewseurope.com\/en\/#website"},"datePublished":"2024-06-03T07:30:27+00:00","dateModified":"2024-06-02T12:34:36+00:00","description":"La tendance continue \u00e0 la miniaturisation cr\u00e9e une demande pour des d\u00e9tecteurs de plus en plus puissants avec des dimensions de bo\u00eetier plus compactes. Pour r\u00e9pondre, Pepperl+Fuchs a int\u00e9gr\u00e9 le principe de mesure du temps de vol dans la conception du bo\u00eetier compact R20x gr\u00e2ce \u00e0 la technologie de t\u00e9l\u00e9m\u00e9trie par impulsions (PRT, Pulse Ranging Technology).","breadcrumb":{"@id":"https:\/\/www.ecinews.fr\/fr\/detecteur-optique-a-portee-de-detection-jusqua-60-m\/#breadcrumb"},"inLanguage":"fr-FR","potentialAction":[{"@type":"ReadAction","target":["https:\/\/www.ecinews.fr\/fr\/detecteur-optique-a-portee-de-detection-jusqua-60-m\/"]}]},{"@type":"BreadcrumbList","@id":"https:\/\/www.ecinews.fr\/fr\/detecteur-optique-a-portee-de-detection-jusqua-60-m\/#breadcrumb","itemListElement":[{"@type":"ListItem","position":1,"name":"Home","item":"https:\/\/www.ecinews.fr\/fr\/"},{"@type":"ListItem","position":2,"name":"D\u00e9tecteur optique \u00e0 port\u00e9e de d\u00e9tection jusqu&rsquo;\u00e0 60 m"}]},{"@type":"WebSite","@id":"https:\/\/www.eenewseurope.com\/en\/#website","url":"https:\/\/www.eenewseurope.com\/en\/","name":"EENewsEurope","description":"Just another WordPress site","publisher":{"@id":"https:\/\/www.eenewseurope.com\/en\/#organization"},"potentialAction":[{"@type":"SearchAction","target":{"@type":"EntryPoint","urlTemplate":"https:\/\/www.eenewseurope.com\/en\/?s={search_term_string}"},"query-input":"required name=search_term_string"}],"inLanguage":"fr-FR"},{"@type":"Organization","@id":"https:\/\/www.eenewseurope.com\/en\/#organization","name":"EENewsEurope","url":"https:\/\/www.eenewseurope.com\/en\/","logo":{"@type":"ImageObject","inLanguage":"fr-FR","@id":"https:\/\/www.eenewseurope.com\/en\/#\/schema\/logo\/image\/","url":"https:\/\/www.ecinews.fr\/wp-content\/uploads\/2022\/02\/logo-1.jpg","contentUrl":"https:\/\/www.ecinews.fr\/wp-content\/uploads\/2022\/02\/logo-1.jpg","width":283,"height":113,"caption":"EENewsEurope"},"image":{"@id":"https:\/\/www.eenewseurope.com\/en\/#\/schema\/logo\/image\/"}},{"@type":"Person","@id":"https:\/\/www.eenewseurope.com\/en\/#\/schema\/person\/c7104a72b466a801f257e51481de0c43","name":"NicolasFeste","image":{"@type":"ImageObject","inLanguage":"fr-FR","@id":"https:\/\/www.eenewseurope.com\/en\/#\/schema\/person\/image\/1ea421e7d03c1e96a9ea2bcf2705734a","url":"https:\/\/secure.gravatar.com\/avatar\/2e187f4d96902933ba445ed6c760e11c?s=96&d=mm&r=g","contentUrl":"https:\/\/secure.gravatar.com\/avatar\/2e187f4d96902933ba445ed6c760e11c?s=96&d=mm&r=g","caption":"NicolasFeste"}}]}},"authors":[{"term_id":6113,"user_id":39,"is_guest":0,"slug":"nicolasfeste","display_name":"NicolasFeste","avatar_url":"https:\/\/secure.gravatar.com\/avatar\/2e187f4d96902933ba445ed6c760e11c?s=96&d=mm&r=g","0":null,"1":"","2":"","3":"","4":"","5":"","6":"","7":"","8":""}],"_links":{"self":[{"href":"https:\/\/www.ecinews.fr\/fr\/wp-json\/wp\/v2\/posts\/452573"}],"collection":[{"href":"https:\/\/www.ecinews.fr\/fr\/wp-json\/wp\/v2\/posts"}],"about":[{"href":"https:\/\/www.ecinews.fr\/fr\/wp-json\/wp\/v2\/types\/post"}],"author":[{"embeddable":true,"href":"https:\/\/www.ecinews.fr\/fr\/wp-json\/wp\/v2\/users\/39"}],"replies":[{"embeddable":true,"href":"https:\/\/www.ecinews.fr\/fr\/wp-json\/wp\/v2\/comments?post=452573"}],"version-history":[{"count":0,"href":"https:\/\/www.ecinews.fr\/fr\/wp-json\/wp\/v2\/posts\/452573\/revisions"}],"wp:featuredmedia":[{"embeddable":true,"href":"https:\/\/www.ecinews.fr\/fr\/wp-json\/wp\/v2\/media\/452580"}],"wp:attachment":[{"href":"https:\/\/www.ecinews.fr\/fr\/wp-json\/wp\/v2\/media?parent=452573"}],"wp:term":[{"taxonomy":"category","embeddable":true,"href":"https:\/\/www.ecinews.fr\/fr\/wp-json\/wp\/v2\/categories?post=452573"},{"taxonomy":"post_tag","embeddable":true,"href":"https:\/\/www.ecinews.fr\/fr\/wp-json\/wp\/v2\/tags?post=452573"},{"taxonomy":"domains","embeddable":true,"href":"https:\/\/www.ecinews.fr\/fr\/wp-json\/wp\/v2\/domains?post=452573"},{"taxonomy":"author","embeddable":true,"href":"https:\/\/www.ecinews.fr\/fr\/wp-json\/wp\/v2\/ppma_author?post=452573"}],"curies":[{"name":"wp","href":"https:\/\/api.w.org\/{rel}","templated":true}]}}