{"id":452559,"date":"2024-06-01T08:51:01","date_gmt":"2024-06-01T06:51:01","guid":{"rendered":"https:\/\/www.eenewseurope.com\/?p=452559"},"modified":"2024-06-03T01:22:37","modified_gmt":"2024-06-02T23:22:37","slug":"renault-et-geely-creent-horse-powertrain","status":"publish","type":"post","link":"https:\/\/www.ecinews.fr\/fr\/renault-et-geely-creent-horse-powertrain\/","title":{"rendered":"Renault et Geely cr\u00e9ent Horse Powertrain"},"content":{"rendered":"<h3>Le groupe Renault et Geely ont form\u00e9 une entreprise commune pour combiner leurs activit\u00e9s dans le domaine des groupes motopropulseurs.<\/h3>\n<p>Horse Powertrain a \u00e9t\u00e9 officiellement cr\u00e9\u00e9e aujourd&rsquo;hui \u00e0 Londres, Renault et Geely d\u00e9tenant chacun une participation de 50 %. Elle pr\u00e9voit d&rsquo;atteindre un chiffre d&rsquo;affaires annuel de 15 milliards d&rsquo;euros et une production de 5 millions de groupes motopropulseurs par an. Elle dispose d\u00e9j\u00e0 d&rsquo;un portefeuille complet de technologies de transmission, notamment des syst\u00e8mes hybrides, des moteurs \u00e0 combustion interne, des transmissions et des syst\u00e8mes de batteries. Elle pr\u00e9voit \u00e9galement de concevoir, d\u00e9velopper et produire des moteurs \u00e0 hydrog\u00e8ne et des groupes motopropulseurs \u00e0 batterie.<\/p>\n<ul>\n<li><a href=\"https:\/\/www.eenewseurope.com\/en\/renault-geely-to-set-up-global-powertrain-joint-venture-in-the-uk\/\">Renault et Geely vont cr\u00e9er une entreprise commune mondiale dans le domaine des groupes motopropulseurs<\/a><\/li>\n<li><a href=\"https:\/\/www.eenewseurope.com\/en\/renault-volvo-in-e750m-software-defined-electric-van-joint-venture\/\">Renault et Volvo s&rsquo;associent pour 750 millions d&rsquo;euros dans le domaine des fourgonnettes \u00e9lectriques d\u00e9finies par logiciel . risque<\/a><\/li>\n<li><a href=\"https:\/\/www.eenewseurope.com\/en\/renault-shakes-up-its-development-and-procurement\/\">Renault r\u00e9organise ses activit\u00e9s de d\u00e9veloppement et d&rsquo;approvisionnement<\/a><\/li>\n<\/ul>\n<p>Le transfert de la propri\u00e9t\u00e9 intellectuelle du Groupe Renault et de Geely signifie que Horse Powertrain est enti\u00e8rement autonome dans le d\u00e9veloppement de futures technologies de transmission capables de r\u00e9pondre \u00e0 toutes les attentes du march\u00e9, notamment dans le domaine des carburants alternatifs tels que le m\u00e9thanol vert, l&rsquo;\u00e9thanol et l&rsquo;hydrog\u00e8ne.<\/p>\n<p>Cela repr\u00e9sente 17 usines mondiales et 5 centres de R&amp;D avec 19 000 employ\u00e9s au service de neuf clients dans 130 pays. Matias Giannini, de Vitesco Technologies, en sera le PDG, Daniel Li, de Geely, le pr\u00e9sident, et six administrateurs repr\u00e9sentant \u00e0 parts \u00e9gales les actionnaires.<\/p>\n<p>\u00ab\u00a0Gr\u00e2ce \u00e0 Horse Powertrain, le Groupe Renault peut devenir un leader mondial dans un secteur qui repr\u00e9sente plus de 80 % de ses activit\u00e9s. Ensemble, nous rel\u00e8verons le d\u00e9fi de la d\u00e9carbonisation en pla\u00e7ant l&rsquo;innovation au premier plan de nos activit\u00e9s\u00a0\u00bb, a d\u00e9clar\u00e9 Luca de Meo, PDG du Groupe Renault.<\/p>\n<ul>\n<li><a href=\"https:\/\/www.eenewseurope.com\/en\/european-commission-clears-geely-foxconn-joint-venture\/\">La Commission europ\u00e9enne autorise la cr\u00e9ation d&rsquo;une entreprise commune entre Geely et Foxconn<\/a><\/li>\n<li><a href=\"https:\/\/www.eenewseurope.com\/en\/volvo-cars-cuts-off-polestar\/\">Volvo Cars se s\u00e9pare de Polestar<\/a><\/li>\n<\/ul>\n<p>\u00ab\u00a0Horse Powertrain Limited disposera du portefeuille, de l&rsquo;envergure et de la capacit\u00e9 n\u00e9cessaires pour offrir les solutions \u00e0 faibles \u00e9missions qu&rsquo;exigera l&rsquo;industrie automobile de demain. Le lancement d&rsquo;aujourd&rsquo;hui marque un nouveau chapitre dans la mobilit\u00e9 durable, et nous, \u00e0 Geely, sommes fiers d&rsquo;y jouer un r\u00f4le\u00a0\u00bb, a d\u00e9clar\u00e9 Eric Li, pr\u00e9sident de Geely Holding, qui poss\u00e8de Volvo Cars, Lotus et Polestar.<\/p>\n<p>Le groupe Renault et Geely estiment qu&rsquo;il est n\u00e9cessaire de combiner plusieurs technologies de transmission, notamment des moteurs \u00e0 combustion interne tr\u00e8s efficaces, des carburants \u00e9lectroniques \u00e0 faible teneur en carbone et de l&rsquo;hydrog\u00e8ne.<\/p>\n<p>Horse Powertrain fournira de nombreux clients industriels, dont le groupe Renault, Geely Auto, Volvo Cars, Proton, Nissan et Mitsubishi Motors Company. L&rsquo;entreprise est pr\u00eate \u00e0 s&rsquo;engager aupr\u00e8s de ses clients et de ses partenaires dans le monde entier pour les aider \u00e0 trouver des solutions de bout en bout dans le domaine des technologies des groupes motopropulseurs et accueillera des partenaires pour renforcer la cha\u00eene de valeur.<\/p>\n<p>La direction des deux sous-groupes Aurobay et Horse, regroupant le savoir-faire industriel et les actifs des deux soci\u00e9t\u00e9s, reste inchang\u00e9e : Ruiping Wang, PDG d&rsquo;Aurobay, bas\u00e9 \u00e0 Hangzhou Bay (Chine), Patrice Haettel, PDG de Horse, bas\u00e9 \u00e0 Madrid (Espagne). Ils seront directement rattach\u00e9s \u00e0 Matias Giannini.<\/p>\n<p>Matias Giannini \u00e9tait auparavant vice-pr\u00e9sident ex\u00e9cutif des ventes et membre de l&rsquo;\u00e9quipe de direction de Vitesco Technologies \u00e0 Regensburg, en Allemagne.<\/p>\n<p><a href=\"http:\/\/www.horse.cars\">www.horse.cars<\/a><\/p>\n<p>&nbsp;<\/p>\n","protected":false},"excerpt":{"rendered":"<p>Le groupe Renault et Geely ont form\u00e9 une entreprise commune pour combiner leurs activit\u00e9s dans le domaine des groupes motopropulseurs. Horse Powertrain a \u00e9t\u00e9 officiellement cr\u00e9\u00e9e aujourd&rsquo;hui \u00e0 Londres, Renault et Geely d\u00e9tenant chacun une participation de 50 %. Elle pr\u00e9voit d&rsquo;atteindre un chiffre d&rsquo;affaires annuel de 15 milliards d&rsquo;euros et une production de 5 [&hellip;]<\/p>\n","protected":false},"author":2,"featured_media":452618,"comment_status":"closed","ping_status":"closed","sticky":false,"template":"","format":"standard","meta":{"_acf_changed":false,"footnotes":""},"categories":[880],"tags":[1640,891,6507,2160],"domains":[47],"ppma_author":[3640],"class_list":["post-452559","post","type-post","status-publish","format-standard","has-post-thumbnail","hentry","category-actualites-economiques","tag-automobile","tag-automotive-fr","tag-geely","tag-renault","domains-electronique-eci"],"acf":[],"yoast_head":"<title>Renault et Geely cr\u00e9ent Horse Powertrain ...<\/title>\n<meta name=\"description\" content=\"Cr\u00e9\u00e9 par Renault et Geely, Horse Powertrain regroupe leurs activit\u00e9s dans les moteurs \u00e0 combustion interne, de l&#039;hydrog\u00e8ne et des batteries.\" \/>\n<meta name=\"robots\" content=\"index, follow, max-snippet:-1, max-image-preview:large, max-video-preview:-1\" \/>\n<link rel=\"canonical\" href=\"https:\/\/www.ecinews.fr\/fr\/wp-json\/wp\/v2\/posts\/452559\/\" \/>\n<meta property=\"og:locale\" content=\"fr_FR\" \/>\n<meta property=\"og:type\" content=\"article\" \/>\n<meta property=\"og:title\" content=\"Renault et Geely cr\u00e9ent Horse Powertrain\" \/>\n<meta property=\"og:description\" content=\"Cr\u00e9\u00e9 par Renault et Geely, Horse Powertrain regroupe leurs activit\u00e9s dans les moteurs \u00e0 combustion interne, de l&#039;hydrog\u00e8ne et des batteries.\" \/>\n<meta property=\"og:url\" content=\"https:\/\/www.ecinews.fr\/fr\/wp-json\/wp\/v2\/posts\/452559\/\" \/>\n<meta property=\"og:site_name\" content=\"EENewsEurope\" \/>\n<meta property=\"article:published_time\" content=\"2024-06-01T06:51:01+00:00\" \/>\n<meta property=\"article:modified_time\" content=\"2024-06-02T23:22:37+00:00\" \/>\n<meta property=\"og:image\" content=\"https:\/\/www.ecinews.fr\/wp-content\/uploads\/2024\/06\/Renault-Geely-scaled-285x153-c-default.png\" \/>\n\t<meta property=\"og:image:width\" content=\"285\" \/>\n\t<meta property=\"og:image:height\" content=\"153\" \/>\n\t<meta property=\"og:image:type\" content=\"image\/png\" \/>\n<meta name=\"author\" content=\"Nick Flaherty\" \/>\n<meta name=\"twitter:card\" content=\"summary_large_image\" \/>\n<meta name=\"twitter:label1\" content=\"Written by\" \/>\n\t<meta name=\"twitter:data1\" content=\"NicolasR\" \/>\n\t<meta name=\"twitter:label2\" content=\"Est. reading time\" \/>\n\t<meta name=\"twitter:data2\" content=\"3 minutes\" \/>\n<script type=\"application\/ld+json\" class=\"yoast-schema-graph\">{\"@context\":\"https:\/\/schema.org\",\"@graph\":[{\"@type\":\"Article\",\"@id\":\"https:\/\/www.ecinews.fr\/fr\/renault-et-geely-creent-horse-powertrain\/#article\",\"isPartOf\":{\"@id\":\"https:\/\/www.ecinews.fr\/fr\/renault-et-geely-creent-horse-powertrain\/\"},\"author\":{\"name\":\"NicolasR\",\"@id\":\"https:\/\/www.ecinews.fr\/fr\/#\/schema\/person\/78961bf5e4a331d3b8b2d58fdfef976c\"},\"headline\":\"Renault et Geely cr\u00e9ent Horse Powertrain\",\"datePublished\":\"2024-06-01T06:51:01+00:00\",\"dateModified\":\"2024-06-02T23:22:37+00:00\",\"mainEntityOfPage\":{\"@id\":\"https:\/\/www.ecinews.fr\/fr\/renault-et-geely-creent-horse-powertrain\/\"},\"wordCount\":602,\"publisher\":{\"@id\":\"https:\/\/www.ecinews.fr\/fr\/#organization\"},\"keywords\":[\"Automobile\",\"Automotive\",\"Geely\",\"Renault\"],\"articleSection\":[\"Actualit\u00e9s \u00e9conomiques\"],\"inLanguage\":\"fr-FR\"},{\"@type\":\"WebPage\",\"@id\":\"https:\/\/www.ecinews.fr\/fr\/renault-et-geely-creent-horse-powertrain\/\",\"url\":\"https:\/\/www.ecinews.fr\/fr\/renault-et-geely-creent-horse-powertrain\/\",\"name\":\"Renault et Geely cr\u00e9ent Horse Powertrain -\",\"isPartOf\":{\"@id\":\"https:\/\/www.ecinews.fr\/fr\/#website\"},\"datePublished\":\"2024-06-01T06:51:01+00:00\",\"dateModified\":\"2024-06-02T23:22:37+00:00\",\"description\":\"Cr\u00e9\u00e9 par Renault et Geely, Horse Powertrain regroupe leurs activit\u00e9s dans les moteurs \u00e0 combustion interne, de l'hydrog\u00e8ne et des batteries.\",\"breadcrumb\":{\"@id\":\"https:\/\/www.ecinews.fr\/fr\/renault-et-geely-creent-horse-powertrain\/#breadcrumb\"},\"inLanguage\":\"fr-FR\",\"potentialAction\":[{\"@type\":\"ReadAction\",\"target\":[\"https:\/\/www.ecinews.fr\/fr\/renault-et-geely-creent-horse-powertrain\/\"]}]},{\"@type\":\"BreadcrumbList\",\"@id\":\"https:\/\/www.ecinews.fr\/fr\/renault-et-geely-creent-horse-powertrain\/#breadcrumb\",\"itemListElement\":[{\"@type\":\"ListItem\",\"position\":1,\"name\":\"Home\",\"item\":\"https:\/\/www.ecinews.fr\/fr\/\"},{\"@type\":\"ListItem\",\"position\":2,\"name\":\"Renault et Geely cr\u00e9ent Horse Powertrain\"}]},{\"@type\":\"WebSite\",\"@id\":\"https:\/\/www.ecinews.fr\/fr\/#website\",\"url\":\"https:\/\/www.ecinews.fr\/fr\/\",\"name\":\"EENewsEurope\",\"description\":\"Just another WordPress site\",\"publisher\":{\"@id\":\"https:\/\/www.ecinews.fr\/fr\/#organization\"},\"potentialAction\":[{\"@type\":\"SearchAction\",\"target\":{\"@type\":\"EntryPoint\",\"urlTemplate\":\"https:\/\/www.ecinews.fr\/fr\/?s={search_term_string}\"},\"query-input\":\"required name=search_term_string\"}],\"inLanguage\":\"fr-FR\"},{\"@type\":\"Organization\",\"@id\":\"https:\/\/www.ecinews.fr\/fr\/#organization\",\"name\":\"EENewsEurope\",\"url\":\"https:\/\/www.ecinews.fr\/fr\/\",\"logo\":{\"@type\":\"ImageObject\",\"inLanguage\":\"fr-FR\",\"@id\":\"https:\/\/www.ecinews.fr\/fr\/#\/schema\/logo\/image\/\",\"url\":\"https:\/\/www.ecinews.fr\/wp-content\/uploads\/2022\/02\/logo-1.jpg\",\"contentUrl\":\"https:\/\/www.ecinews.fr\/wp-content\/uploads\/2022\/02\/logo-1.jpg\",\"width\":283,\"height\":113,\"caption\":\"EENewsEurope\"},\"image\":{\"@id\":\"https:\/\/www.ecinews.fr\/fr\/#\/schema\/logo\/image\/\"}},{\"@type\":\"Person\",\"@id\":\"https:\/\/www.ecinews.fr\/fr\/#\/schema\/person\/78961bf5e4a331d3b8b2d58fdfef976c\",\"name\":\"NicolasR\",\"image\":{\"@type\":\"ImageObject\",\"inLanguage\":\"fr-FR\",\"@id\":\"https:\/\/www.ecinews.fr\/fr\/#\/schema\/person\/image\/1113513d73c6c997fc7ac1ecedfff8d9\",\"url\":\"https:\/\/secure.gravatar.com\/avatar\/8c46107760468ab8a00c814c26c19ab4?s=96&d=mm&r=g\",\"contentUrl\":\"https:\/\/secure.gravatar.com\/avatar\/8c46107760468ab8a00c814c26c19ab4?s=96&d=mm&r=g\",\"caption\":\"NicolasR\"}}]}<\/script>","yoast_head_json":{"title":"Renault et Geely cr\u00e9ent Horse Powertrain ...","description":"Cr\u00e9\u00e9 par Renault et Geely, Horse Powertrain regroupe leurs activit\u00e9s dans les moteurs \u00e0 combustion interne, de l'hydrog\u00e8ne et des batteries.","robots":{"index":"index","follow":"follow","max-snippet":"max-snippet:-1","max-image-preview":"max-image-preview:large","max-video-preview":"max-video-preview:-1"},"canonical":"https:\/\/www.ecinews.fr\/fr\/wp-json\/wp\/v2\/posts\/452559\/","og_locale":"fr_FR","og_type":"article","og_title":"Renault et Geely cr\u00e9ent Horse Powertrain","og_description":"Cr\u00e9\u00e9 par Renault et Geely, Horse Powertrain regroupe leurs activit\u00e9s dans les moteurs \u00e0 combustion interne, de l'hydrog\u00e8ne et des batteries.","og_url":"https:\/\/www.ecinews.fr\/fr\/wp-json\/wp\/v2\/posts\/452559\/","og_site_name":"EENewsEurope","article_published_time":"2024-06-01T06:51:01+00:00","article_modified_time":"2024-06-02T23:22:37+00:00","og_image":[{"width":285,"height":153,"url":"https:\/\/www.ecinews.fr\/wp-content\/uploads\/2024\/06\/Renault-Geely-scaled-285x153-c-default.png","type":"image\/png"}],"author":"Nick Flaherty","twitter_card":"summary_large_image","twitter_misc":{"Written by":"NicolasR","Est. reading time":"3 minutes"},"schema":{"@context":"https:\/\/schema.org","@graph":[{"@type":"Article","@id":"https:\/\/www.ecinews.fr\/fr\/renault-et-geely-creent-horse-powertrain\/#article","isPartOf":{"@id":"https:\/\/www.ecinews.fr\/fr\/renault-et-geely-creent-horse-powertrain\/"},"author":{"name":"NicolasR","@id":"https:\/\/www.ecinews.fr\/fr\/#\/schema\/person\/78961bf5e4a331d3b8b2d58fdfef976c"},"headline":"Renault et Geely cr\u00e9ent Horse Powertrain","datePublished":"2024-06-01T06:51:01+00:00","dateModified":"2024-06-02T23:22:37+00:00","mainEntityOfPage":{"@id":"https:\/\/www.ecinews.fr\/fr\/renault-et-geely-creent-horse-powertrain\/"},"wordCount":602,"publisher":{"@id":"https:\/\/www.ecinews.fr\/fr\/#organization"},"keywords":["Automobile","Automotive","Geely","Renault"],"articleSection":["Actualit\u00e9s \u00e9conomiques"],"inLanguage":"fr-FR"},{"@type":"WebPage","@id":"https:\/\/www.ecinews.fr\/fr\/renault-et-geely-creent-horse-powertrain\/","url":"https:\/\/www.ecinews.fr\/fr\/renault-et-geely-creent-horse-powertrain\/","name":"Renault et Geely cr\u00e9ent Horse Powertrain -","isPartOf":{"@id":"https:\/\/www.ecinews.fr\/fr\/#website"},"datePublished":"2024-06-01T06:51:01+00:00","dateModified":"2024-06-02T23:22:37+00:00","description":"Cr\u00e9\u00e9 par Renault et Geely, Horse Powertrain regroupe leurs activit\u00e9s dans les moteurs \u00e0 combustion interne, de l'hydrog\u00e8ne et des batteries.","breadcrumb":{"@id":"https:\/\/www.ecinews.fr\/fr\/renault-et-geely-creent-horse-powertrain\/#breadcrumb"},"inLanguage":"fr-FR","potentialAction":[{"@type":"ReadAction","target":["https:\/\/www.ecinews.fr\/fr\/renault-et-geely-creent-horse-powertrain\/"]}]},{"@type":"BreadcrumbList","@id":"https:\/\/www.ecinews.fr\/fr\/renault-et-geely-creent-horse-powertrain\/#breadcrumb","itemListElement":[{"@type":"ListItem","position":1,"name":"Home","item":"https:\/\/www.ecinews.fr\/fr\/"},{"@type":"ListItem","position":2,"name":"Renault et Geely cr\u00e9ent Horse Powertrain"}]},{"@type":"WebSite","@id":"https:\/\/www.ecinews.fr\/fr\/#website","url":"https:\/\/www.ecinews.fr\/fr\/","name":"EENewsEurope","description":"Just another WordPress site","publisher":{"@id":"https:\/\/www.ecinews.fr\/fr\/#organization"},"potentialAction":[{"@type":"SearchAction","target":{"@type":"EntryPoint","urlTemplate":"https:\/\/www.ecinews.fr\/fr\/?s={search_term_string}"},"query-input":"required name=search_term_string"}],"inLanguage":"fr-FR"},{"@type":"Organization","@id":"https:\/\/www.ecinews.fr\/fr\/#organization","name":"EENewsEurope","url":"https:\/\/www.ecinews.fr\/fr\/","logo":{"@type":"ImageObject","inLanguage":"fr-FR","@id":"https:\/\/www.ecinews.fr\/fr\/#\/schema\/logo\/image\/","url":"https:\/\/www.ecinews.fr\/wp-content\/uploads\/2022\/02\/logo-1.jpg","contentUrl":"https:\/\/www.ecinews.fr\/wp-content\/uploads\/2022\/02\/logo-1.jpg","width":283,"height":113,"caption":"EENewsEurope"},"image":{"@id":"https:\/\/www.ecinews.fr\/fr\/#\/schema\/logo\/image\/"}},{"@type":"Person","@id":"https:\/\/www.ecinews.fr\/fr\/#\/schema\/person\/78961bf5e4a331d3b8b2d58fdfef976c","name":"NicolasR","image":{"@type":"ImageObject","inLanguage":"fr-FR","@id":"https:\/\/www.ecinews.fr\/fr\/#\/schema\/person\/image\/1113513d73c6c997fc7ac1ecedfff8d9","url":"https:\/\/secure.gravatar.com\/avatar\/8c46107760468ab8a00c814c26c19ab4?s=96&d=mm&r=g","contentUrl":"https:\/\/secure.gravatar.com\/avatar\/8c46107760468ab8a00c814c26c19ab4?s=96&d=mm&r=g","caption":"NicolasR"}}]}},"authors":[{"term_id":3640,"user_id":0,"is_guest":1,"slug":"nick-flaherty","display_name":"Nick Flaherty","avatar_url":"https:\/\/secure.gravatar.com\/avatar\/?s=96&d=mm&r=g","0":null,"1":"","2":"","3":"","4":"","5":"","6":"","7":"","8":""}],"_links":{"self":[{"href":"https:\/\/www.ecinews.fr\/fr\/wp-json\/wp\/v2\/posts\/452559"}],"collection":[{"href":"https:\/\/www.ecinews.fr\/fr\/wp-json\/wp\/v2\/posts"}],"about":[{"href":"https:\/\/www.ecinews.fr\/fr\/wp-json\/wp\/v2\/types\/post"}],"author":[{"embeddable":true,"href":"https:\/\/www.ecinews.fr\/fr\/wp-json\/wp\/v2\/users\/2"}],"replies":[{"embeddable":true,"href":"https:\/\/www.ecinews.fr\/fr\/wp-json\/wp\/v2\/comments?post=452559"}],"version-history":[{"count":0,"href":"https:\/\/www.ecinews.fr\/fr\/wp-json\/wp\/v2\/posts\/452559\/revisions"}],"wp:featuredmedia":[{"embeddable":true,"href":"https:\/\/www.ecinews.fr\/fr\/wp-json\/wp\/v2\/media\/452618"}],"wp:attachment":[{"href":"https:\/\/www.ecinews.fr\/fr\/wp-json\/wp\/v2\/media?parent=452559"}],"wp:term":[{"taxonomy":"category","embeddable":true,"href":"https:\/\/www.ecinews.fr\/fr\/wp-json\/wp\/v2\/categories?post=452559"},{"taxonomy":"post_tag","embeddable":true,"href":"https:\/\/www.ecinews.fr\/fr\/wp-json\/wp\/v2\/tags?post=452559"},{"taxonomy":"domains","embeddable":true,"href":"https:\/\/www.ecinews.fr\/fr\/wp-json\/wp\/v2\/domains?post=452559"},{"taxonomy":"author","embeddable":true,"href":"https:\/\/www.ecinews.fr\/fr\/wp-json\/wp\/v2\/ppma_author?post=452559"}],"curies":[{"name":"wp","href":"https:\/\/api.w.org\/{rel}","templated":true}]}}