{"id":452177,"date":"2024-05-28T10:01:29","date_gmt":"2024-05-28T08:01:29","guid":{"rendered":"https:\/\/www.eenewseurope.com\/?p=452177"},"modified":"2024-06-03T18:47:03","modified_gmt":"2024-06-03T16:47:03","slug":"une-de-seules-fabs-du-royaume-uni-vendue-ou-fermee","status":"publish","type":"post","link":"https:\/\/www.ecinews.fr\/fr\/une-de-seules-fabs-du-royaume-uni-vendue-ou-fermee\/","title":{"rendered":"Une des seules fabs du Royaume-Uni vendue ou ferm\u00e9e ?"},"content":{"rendered":"<h2>Selon le <em>Daily Telegraph<\/em>, une usine de fabrication de wafers de silicium au Royaume-Uni risque d&rsquo;\u00eatre vendue ou ferm\u00e9e \u00e0 la suite de la fin d&rsquo;un accord d&rsquo;approvisionnement avec Apple.<\/h2>\n<p>L&rsquo;usine de fabrication de wafers se trouve \u00e0 Newton Aycliffe, dans le comt\u00e9 de Durham, au nord de l&rsquo;Angleterre, et appartient \u00e0 la soci\u00e9t\u00e9 Coherent Corp. (Saxonburg, Pennsylvanie), sp\u00e9cialis\u00e9e dans les mat\u00e9riaux, les r\u00e9seaux et la technologie laser. Le journal rapporte que la direction locale a d\u00e9clar\u00e9 qu&rsquo;un examen strat\u00e9gique pourrait aboutir \u00e0 la vente de l&rsquo;usine de fab. Le rapport indique \u00e9galement qu&rsquo;un avis de dernier d\u00e9lai d&rsquo;achat a \u00e9t\u00e9 envoy\u00e9 aux clients.<\/p>\n<p>L&rsquo;usine de fabrication de wafers produisait des composants semi-conducteurs compos\u00e9s pour la fonction de s\u00e9curit\u00e9 FaceID des iPhones d&rsquo;Apple, a rapport\u00e9 le <em>Daily Telegraph<\/em>. L&rsquo;usine a \u00e9t\u00e9 exploit\u00e9e par diff\u00e9rents propri\u00e9taires depuis son inauguration par la reine \u00c9lisabeth II en 1991.<\/p>\n<p>L&rsquo;\u00e9tablissement a licenci\u00e9 plus de 100 personnes en avril 2023, mais a conserv\u00e9 environ 250 employ\u00e9s.<\/p>\n<p>\u00ab\u00a0Malheureusement, l&rsquo;approvisionnement du client principal a cess\u00e9 \u00e0 la fin de l&rsquo;exercice 2023. Cela remet en question la viabilit\u00e9 de l&rsquo;entreprise. Un examen strat\u00e9gique est actuellement en cours, avec de nouvelles technologies potentielles et\/ou la vente de l&rsquo;entreprise comme options envisag\u00e9es\u00a0\u00bb, a d\u00e9clar\u00e9 l&rsquo;entreprise dans un communiqu\u00e9.<\/p>\n<h2>Restructuration<\/h2>\n<p>Au cours du quatri\u00e8me trimestre fiscal 2023 &#8211; il y a neuf mois &#8211; Coherent a annonc\u00e9 un plan de restructuration qui comprend des consolidations et des fermetures de sites ainsi que la relocalisation et la requalification de certaines installations de fabrication. Dans ses derniers r\u00e9sultats financiers, l&rsquo;entreprise a indiqu\u00e9 qu&rsquo;elle pr\u00e9voyait toujours de fermer la moiti\u00e9 de ses installations de fabrication de plaquettes de semi-conducteurs compos\u00e9s et de fabrication de dispositifs, et de consolider la fabrication dans les installations les plus modernes.<\/p>\n<p>Il reste \u00e0 voir si le gouvernement britannique est pr\u00eat \u00e0 s&rsquo;impliquer pour n\u00e9gocier une vente \u00e0 un acheteur acceptable.<\/p>\n<p>Il existe des similitudes avec les d\u00e9veloppements r\u00e9cents chez AMS-Osram et Newport Wafer Fab Ltd. AMS-Osram investissait massivement dans la fabrication de microLED dans l&rsquo;espoir de fournir Apple, qui a ensuite annul\u00e9 le projet (voir Le <a href=\"https:\/\/www.eenewseurope.com\/en\/apple-blow-makes-ams-osram-re-assess-microled-strategy\/\">coup d&rsquo;\u00e9clat d&rsquo;Apple incite AMS-Osram \u00e0 r\u00e9\u00e9valuer sa strat\u00e9gie en mati\u00e8re de microLED<\/a>). Newport Wafer Fab \u00e9tait une usine de semi-conducteurs de puissance appartenant \u00e0 Infineon, qui a d\u00e9cid\u00e9 de consolider sa production et a vendu l&rsquo;usine en 2017. Depuis lors, le gouvernement britannique a mis fin \u00e0 une p\u00e9riode de propri\u00e9t\u00e9 de Nexperia en imposant sa vente \u00e0 la soci\u00e9t\u00e9 am\u00e9ricaine Vishay Intertechnology Inc. (voir <a href=\"https:\/\/www.eenewseurope.com\/en\/vishay-to-buy-newport-fab-for-117m\/\">Vishay ach\u00e8te Newport fab pour 117 millions de dollars<\/a>) pour des raisons de s\u00e9curit\u00e9 nationale.<\/p>\n<p>L&rsquo;usine de fabrication de plaquettes de Newton Aycliffe a \u00e9t\u00e9 ouverte en 1991 par Fujitsu en tant qu&rsquo;usine de fabrication de m\u00e9moires DRAM. Elle a \u00e9t\u00e9 rachet\u00e9e par Filtonic en 1999 pour fabriquer des circuits RF \u00e0 semi-conducteurs compos\u00e9s. Elle est pass\u00e9e entre les mains d&rsquo;un certain nombre de petites entreprises avant d&rsquo;\u00eatre rachet\u00e9e par II-VI, qui est devenue \u00e0 son tour Coherent Corp.<\/p>\n<h4>Liens et articles connexes :<\/h4>\n<p><a href=\"http:\/\/www.coherent.com\">www.coherent.com<\/a><\/p>\n<h4>Articles de presse :<\/h4>\n<p><a href=\"https:\/\/www.eenewseurope.com\/en\/apple-blow-makes-ams-osram-re-assess-microled-strategy\/\">Le coup d&rsquo;\u00e9clat d&rsquo;Apple incite AMS-Osram \u00e0 r\u00e9\u00e9valuer sa strat\u00e9gie en mati\u00e8re de microLED<\/a><\/p>\n<p><a href=\"https:\/\/www.eenewseurope.com\/en\/vishay-to-buy-newport-fab-for-117m\/\">Vishay ach\u00e8te l&rsquo;usine de Newport pour 117 millions de dollars<\/a><\/p>\n<p><a href=\"https:\/\/www.eenewseurope.com\/en\/uk-semiconductor-institute-short-on-details\/\">L&rsquo;institut britannique des semi-conducteurs manque de d\u00e9tails <\/a><\/p>\n<p><a href=\"https:\/\/www.eenewseurope.com\/en\/comment-underwhelming-semiconductor-strategy-is-set-up-to-fail\/\">Commentaire : Une strat\u00e9gie peu convaincante en mati\u00e8re de semi-conducteurs est vou\u00e9e \u00e0 l&rsquo;\u00e9chec<\/a><\/p>\n","protected":false},"excerpt":{"rendered":"<p>Selon le Daily Telegraph, une usine de fabrication de wafers de silicium au Royaume-Uni risque d&rsquo;\u00eatre vendue ou ferm\u00e9e \u00e0 la suite de la fin d&rsquo;un accord d&rsquo;approvisionnement avec Apple. L&rsquo;usine de fabrication de wafers se trouve \u00e0 Newton Aycliffe, dans le comt\u00e9 de Durham, au nord de l&rsquo;Angleterre, et appartient \u00e0 la soci\u00e9t\u00e9 Coherent [&hellip;]<\/p>\n","protected":false},"author":40,"featured_media":452157,"comment_status":"closed","ping_status":"closed","sticky":false,"template":"","format":"standard","meta":{"_acf_changed":false,"footnotes":""},"categories":[880],"tags":[889,2158,907,1920,6465,910],"domains":[47],"ppma_author":[6199,3631],"class_list":["post-452177","post","type-post","status-publish","format-standard","has-post-thumbnail","hentry","category-actualites-economiques","tag-analog-fr","tag-fab","tag-optoelectronics-fr","tag-optoelectronique","tag-semi-conducteur-compose","tag-sensing-conditioning-fr","domains-electronique-eci"],"acf":[],"yoast_head":"<title>Une de seules fabs du Royaume-Uni vendue ou ferm\u00e9e ? ...<\/title>\n<meta name=\"description\" content=\"Selon le Daily Telegraph, une fab au Royaume-Uni risque d&#039;\u00eatre vendue ou ferm\u00e9e suite \u00e0 la fin d&#039;un accord de fourniture avec Apple.\" \/>\n<meta name=\"robots\" content=\"index, follow, max-snippet:-1, max-image-preview:large, max-video-preview:-1\" \/>\n<link rel=\"canonical\" href=\"https:\/\/www.ecinews.fr\/fr\/wp-json\/wp\/v2\/posts\/452177\/\" \/>\n<meta property=\"og:locale\" content=\"fr_FR\" \/>\n<meta property=\"og:type\" content=\"article\" \/>\n<meta property=\"og:title\" content=\"Une des seules fabs du Royaume-Uni vendue ou ferm\u00e9e ?\" \/>\n<meta property=\"og:description\" content=\"Selon le Daily Telegraph, une fab au Royaume-Uni risque d&#039;\u00eatre vendue ou ferm\u00e9e suite \u00e0 la fin d&#039;un accord de fourniture avec Apple.\" \/>\n<meta property=\"og:url\" content=\"https:\/\/www.ecinews.fr\/fr\/wp-json\/wp\/v2\/posts\/452177\/\" \/>\n<meta property=\"og:site_name\" content=\"EENewsEurope\" \/>\n<meta property=\"article:published_time\" content=\"2024-05-28T08:01:29+00:00\" \/>\n<meta property=\"article:modified_time\" content=\"2024-06-03T16:47:03+00:00\" \/>\n<meta property=\"og:image\" content=\"https:\/\/www.ecinews.fr\/wp-content\/uploads\/2024\/05\/AycliffeFab630.jpg\" \/>\n\t<meta property=\"og:image:width\" content=\"630\" \/>\n\t<meta property=\"og:image:height\" content=\"360\" \/>\n\t<meta property=\"og:image:type\" content=\"image\/jpeg\" \/>\n<meta name=\"author\" content=\"A Delapalisse, Peter Clarke\" \/>\n<meta name=\"twitter:card\" content=\"summary_large_image\" \/>\n<meta name=\"twitter:label1\" content=\"Written by\" \/>\n\t<meta name=\"twitter:data1\" content=\"A Delapalisse\" \/>\n\t<meta name=\"twitter:label2\" content=\"Est. reading time\" \/>\n\t<meta name=\"twitter:data2\" content=\"3 minutes\" \/>\n<script type=\"application\/ld+json\" class=\"yoast-schema-graph\">{\"@context\":\"https:\/\/schema.org\",\"@graph\":[{\"@type\":\"Article\",\"@id\":\"https:\/\/www.ecinews.fr\/fr\/une-de-seules-fabs-du-royaume-uni-vendue-ou-fermee\/#article\",\"isPartOf\":{\"@id\":\"https:\/\/www.ecinews.fr\/fr\/une-de-seules-fabs-du-royaume-uni-vendue-ou-fermee\/\"},\"author\":{\"name\":\"A Delapalisse\",\"@id\":\"https:\/\/www.ecinews.fr\/fr\/#\/schema\/person\/4b3db5ba5c953c5fddeb226df86d8635\"},\"headline\":\"Une des seules fabs du Royaume-Uni vendue ou ferm\u00e9e ?\",\"datePublished\":\"2024-05-28T08:01:29+00:00\",\"dateModified\":\"2024-06-03T16:47:03+00:00\",\"mainEntityOfPage\":{\"@id\":\"https:\/\/www.ecinews.fr\/fr\/une-de-seules-fabs-du-royaume-uni-vendue-ou-fermee\/\"},\"wordCount\":614,\"publisher\":{\"@id\":\"https:\/\/www.ecinews.fr\/fr\/#organization\"},\"keywords\":[\"Analog\",\"Fab\",\"Optoelectronics\",\"Opto\u00e9lectronique\",\"semi-conducteur compos\u00e9\",\"Sensing \/ Conditioning\"],\"articleSection\":[\"Actualit\u00e9s \u00e9conomiques\"],\"inLanguage\":\"fr-FR\"},{\"@type\":\"WebPage\",\"@id\":\"https:\/\/www.ecinews.fr\/fr\/une-de-seules-fabs-du-royaume-uni-vendue-ou-fermee\/\",\"url\":\"https:\/\/www.ecinews.fr\/fr\/une-de-seules-fabs-du-royaume-uni-vendue-ou-fermee\/\",\"name\":\"Une de seules fabs du Royaume-Uni vendue ou ferm\u00e9e ?\",\"isPartOf\":{\"@id\":\"https:\/\/www.ecinews.fr\/fr\/#website\"},\"datePublished\":\"2024-05-28T08:01:29+00:00\",\"dateModified\":\"2024-06-03T16:47:03+00:00\",\"description\":\"Selon le Daily Telegraph, une fab au Royaume-Uni risque d'\u00eatre vendue ou ferm\u00e9e suite \u00e0 la fin d'un accord de fourniture avec Apple.\",\"breadcrumb\":{\"@id\":\"https:\/\/www.ecinews.fr\/fr\/une-de-seules-fabs-du-royaume-uni-vendue-ou-fermee\/#breadcrumb\"},\"inLanguage\":\"fr-FR\",\"potentialAction\":[{\"@type\":\"ReadAction\",\"target\":[\"https:\/\/www.ecinews.fr\/fr\/une-de-seules-fabs-du-royaume-uni-vendue-ou-fermee\/\"]}]},{\"@type\":\"BreadcrumbList\",\"@id\":\"https:\/\/www.ecinews.fr\/fr\/une-de-seules-fabs-du-royaume-uni-vendue-ou-fermee\/#breadcrumb\",\"itemListElement\":[{\"@type\":\"ListItem\",\"position\":1,\"name\":\"Home\",\"item\":\"https:\/\/www.ecinews.fr\/fr\/\"},{\"@type\":\"ListItem\",\"position\":2,\"name\":\"Une des seules fabs du Royaume-Uni vendue ou ferm\u00e9e ?\"}]},{\"@type\":\"WebSite\",\"@id\":\"https:\/\/www.ecinews.fr\/fr\/#website\",\"url\":\"https:\/\/www.ecinews.fr\/fr\/\",\"name\":\"EENewsEurope\",\"description\":\"Just another WordPress site\",\"publisher\":{\"@id\":\"https:\/\/www.ecinews.fr\/fr\/#organization\"},\"potentialAction\":[{\"@type\":\"SearchAction\",\"target\":{\"@type\":\"EntryPoint\",\"urlTemplate\":\"https:\/\/www.ecinews.fr\/fr\/?s={search_term_string}\"},\"query-input\":\"required name=search_term_string\"}],\"inLanguage\":\"fr-FR\"},{\"@type\":\"Organization\",\"@id\":\"https:\/\/www.ecinews.fr\/fr\/#organization\",\"name\":\"EENewsEurope\",\"url\":\"https:\/\/www.ecinews.fr\/fr\/\",\"logo\":{\"@type\":\"ImageObject\",\"inLanguage\":\"fr-FR\",\"@id\":\"https:\/\/www.ecinews.fr\/fr\/#\/schema\/logo\/image\/\",\"url\":\"https:\/\/www.ecinews.fr\/wp-content\/uploads\/2022\/02\/logo-1.jpg\",\"contentUrl\":\"https:\/\/www.ecinews.fr\/wp-content\/uploads\/2022\/02\/logo-1.jpg\",\"width\":283,\"height\":113,\"caption\":\"EENewsEurope\"},\"image\":{\"@id\":\"https:\/\/www.ecinews.fr\/fr\/#\/schema\/logo\/image\/\"}},{\"@type\":\"Person\",\"@id\":\"https:\/\/www.ecinews.fr\/fr\/#\/schema\/person\/4b3db5ba5c953c5fddeb226df86d8635\",\"name\":\"A Delapalisse\",\"image\":{\"@type\":\"ImageObject\",\"inLanguage\":\"fr-FR\",\"@id\":\"https:\/\/www.ecinews.fr\/fr\/#\/schema\/person\/image\/09af0e1236b95ff53924b8dfe5af278e\",\"url\":\"https:\/\/secure.gravatar.com\/avatar\/010f811c0933b47aea7e9204117b17c6?s=96&d=mm&r=g\",\"contentUrl\":\"https:\/\/secure.gravatar.com\/avatar\/010f811c0933b47aea7e9204117b17c6?s=96&d=mm&r=g\",\"caption\":\"A Delapalisse\"}}]}<\/script>","yoast_head_json":{"title":"Une de seules fabs du Royaume-Uni vendue ou ferm\u00e9e ? ...","description":"Selon le Daily Telegraph, une fab au Royaume-Uni risque d'\u00eatre vendue ou ferm\u00e9e suite \u00e0 la fin d'un accord de fourniture avec Apple.","robots":{"index":"index","follow":"follow","max-snippet":"max-snippet:-1","max-image-preview":"max-image-preview:large","max-video-preview":"max-video-preview:-1"},"canonical":"https:\/\/www.ecinews.fr\/fr\/wp-json\/wp\/v2\/posts\/452177\/","og_locale":"fr_FR","og_type":"article","og_title":"Une des seules fabs du Royaume-Uni vendue ou ferm\u00e9e ?","og_description":"Selon le Daily Telegraph, une fab au Royaume-Uni risque d'\u00eatre vendue ou ferm\u00e9e suite \u00e0 la fin d'un accord de fourniture avec Apple.","og_url":"https:\/\/www.ecinews.fr\/fr\/wp-json\/wp\/v2\/posts\/452177\/","og_site_name":"EENewsEurope","article_published_time":"2024-05-28T08:01:29+00:00","article_modified_time":"2024-06-03T16:47:03+00:00","og_image":[{"width":630,"height":360,"url":"https:\/\/www.ecinews.fr\/wp-content\/uploads\/2024\/05\/AycliffeFab630.jpg","type":"image\/jpeg"}],"author":"A Delapalisse, Peter Clarke","twitter_card":"summary_large_image","twitter_misc":{"Written by":"A Delapalisse","Est. reading time":"3 minutes"},"schema":{"@context":"https:\/\/schema.org","@graph":[{"@type":"Article","@id":"https:\/\/www.ecinews.fr\/fr\/une-de-seules-fabs-du-royaume-uni-vendue-ou-fermee\/#article","isPartOf":{"@id":"https:\/\/www.ecinews.fr\/fr\/une-de-seules-fabs-du-royaume-uni-vendue-ou-fermee\/"},"author":{"name":"A Delapalisse","@id":"https:\/\/www.ecinews.fr\/fr\/#\/schema\/person\/4b3db5ba5c953c5fddeb226df86d8635"},"headline":"Une des seules fabs du Royaume-Uni vendue ou ferm\u00e9e ?","datePublished":"2024-05-28T08:01:29+00:00","dateModified":"2024-06-03T16:47:03+00:00","mainEntityOfPage":{"@id":"https:\/\/www.ecinews.fr\/fr\/une-de-seules-fabs-du-royaume-uni-vendue-ou-fermee\/"},"wordCount":614,"publisher":{"@id":"https:\/\/www.ecinews.fr\/fr\/#organization"},"keywords":["Analog","Fab","Optoelectronics","Opto\u00e9lectronique","semi-conducteur compos\u00e9","Sensing \/ Conditioning"],"articleSection":["Actualit\u00e9s \u00e9conomiques"],"inLanguage":"fr-FR"},{"@type":"WebPage","@id":"https:\/\/www.ecinews.fr\/fr\/une-de-seules-fabs-du-royaume-uni-vendue-ou-fermee\/","url":"https:\/\/www.ecinews.fr\/fr\/une-de-seules-fabs-du-royaume-uni-vendue-ou-fermee\/","name":"Une de seules fabs du Royaume-Uni vendue ou ferm\u00e9e ?","isPartOf":{"@id":"https:\/\/www.ecinews.fr\/fr\/#website"},"datePublished":"2024-05-28T08:01:29+00:00","dateModified":"2024-06-03T16:47:03+00:00","description":"Selon le Daily Telegraph, une fab au Royaume-Uni risque d'\u00eatre vendue ou ferm\u00e9e suite \u00e0 la fin d'un accord de fourniture avec Apple.","breadcrumb":{"@id":"https:\/\/www.ecinews.fr\/fr\/une-de-seules-fabs-du-royaume-uni-vendue-ou-fermee\/#breadcrumb"},"inLanguage":"fr-FR","potentialAction":[{"@type":"ReadAction","target":["https:\/\/www.ecinews.fr\/fr\/une-de-seules-fabs-du-royaume-uni-vendue-ou-fermee\/"]}]},{"@type":"BreadcrumbList","@id":"https:\/\/www.ecinews.fr\/fr\/une-de-seules-fabs-du-royaume-uni-vendue-ou-fermee\/#breadcrumb","itemListElement":[{"@type":"ListItem","position":1,"name":"Home","item":"https:\/\/www.ecinews.fr\/fr\/"},{"@type":"ListItem","position":2,"name":"Une des seules fabs du Royaume-Uni vendue ou ferm\u00e9e ?"}]},{"@type":"WebSite","@id":"https:\/\/www.ecinews.fr\/fr\/#website","url":"https:\/\/www.ecinews.fr\/fr\/","name":"EENewsEurope","description":"Just another WordPress site","publisher":{"@id":"https:\/\/www.ecinews.fr\/fr\/#organization"},"potentialAction":[{"@type":"SearchAction","target":{"@type":"EntryPoint","urlTemplate":"https:\/\/www.ecinews.fr\/fr\/?s={search_term_string}"},"query-input":"required name=search_term_string"}],"inLanguage":"fr-FR"},{"@type":"Organization","@id":"https:\/\/www.ecinews.fr\/fr\/#organization","name":"EENewsEurope","url":"https:\/\/www.ecinews.fr\/fr\/","logo":{"@type":"ImageObject","inLanguage":"fr-FR","@id":"https:\/\/www.ecinews.fr\/fr\/#\/schema\/logo\/image\/","url":"https:\/\/www.ecinews.fr\/wp-content\/uploads\/2022\/02\/logo-1.jpg","contentUrl":"https:\/\/www.ecinews.fr\/wp-content\/uploads\/2022\/02\/logo-1.jpg","width":283,"height":113,"caption":"EENewsEurope"},"image":{"@id":"https:\/\/www.ecinews.fr\/fr\/#\/schema\/logo\/image\/"}},{"@type":"Person","@id":"https:\/\/www.ecinews.fr\/fr\/#\/schema\/person\/4b3db5ba5c953c5fddeb226df86d8635","name":"A Delapalisse","image":{"@type":"ImageObject","inLanguage":"fr-FR","@id":"https:\/\/www.ecinews.fr\/fr\/#\/schema\/person\/image\/09af0e1236b95ff53924b8dfe5af278e","url":"https:\/\/secure.gravatar.com\/avatar\/010f811c0933b47aea7e9204117b17c6?s=96&d=mm&r=g","contentUrl":"https:\/\/secure.gravatar.com\/avatar\/010f811c0933b47aea7e9204117b17c6?s=96&d=mm&r=g","caption":"A Delapalisse"}}]}},"authors":[{"term_id":6199,"user_id":40,"is_guest":0,"slug":"andre-rousselotemisys-com","display_name":"A Delapalisse","avatar_url":"https:\/\/secure.gravatar.com\/avatar\/010f811c0933b47aea7e9204117b17c6?s=96&d=mm&r=g","0":null,"1":"","2":"","3":"","4":"","5":"","6":"","7":"","8":""},{"term_id":3631,"user_id":0,"is_guest":1,"slug":"peter-clarke","display_name":"Peter Clarke","avatar_url":"https:\/\/secure.gravatar.com\/avatar\/?s=96&d=mm&r=g","0":null,"1":"","2":"","3":"","4":"","5":"","6":"","7":"","8":""}],"_links":{"self":[{"href":"https:\/\/www.ecinews.fr\/fr\/wp-json\/wp\/v2\/posts\/452177"}],"collection":[{"href":"https:\/\/www.ecinews.fr\/fr\/wp-json\/wp\/v2\/posts"}],"about":[{"href":"https:\/\/www.ecinews.fr\/fr\/wp-json\/wp\/v2\/types\/post"}],"author":[{"embeddable":true,"href":"https:\/\/www.ecinews.fr\/fr\/wp-json\/wp\/v2\/users\/40"}],"replies":[{"embeddable":true,"href":"https:\/\/www.ecinews.fr\/fr\/wp-json\/wp\/v2\/comments?post=452177"}],"version-history":[{"count":0,"href":"https:\/\/www.ecinews.fr\/fr\/wp-json\/wp\/v2\/posts\/452177\/revisions"}],"wp:featuredmedia":[{"embeddable":true,"href":"https:\/\/www.ecinews.fr\/fr\/wp-json\/wp\/v2\/media\/452157"}],"wp:attachment":[{"href":"https:\/\/www.ecinews.fr\/fr\/wp-json\/wp\/v2\/media?parent=452177"}],"wp:term":[{"taxonomy":"category","embeddable":true,"href":"https:\/\/www.ecinews.fr\/fr\/wp-json\/wp\/v2\/categories?post=452177"},{"taxonomy":"post_tag","embeddable":true,"href":"https:\/\/www.ecinews.fr\/fr\/wp-json\/wp\/v2\/tags?post=452177"},{"taxonomy":"domains","embeddable":true,"href":"https:\/\/www.ecinews.fr\/fr\/wp-json\/wp\/v2\/domains?post=452177"},{"taxonomy":"author","embeddable":true,"href":"https:\/\/www.ecinews.fr\/fr\/wp-json\/wp\/v2\/ppma_author?post=452177"}],"curies":[{"name":"wp","href":"https:\/\/api.w.org\/{rel}","templated":true}]}}