{"id":452026,"date":"2024-05-27T09:30:29","date_gmt":"2024-05-27T07:30:29","guid":{"rendered":"https:\/\/www.ecinews.fr\/?p=452026"},"modified":"2024-05-26T15:26:32","modified_gmt":"2024-05-26T13:26:32","slug":"croissance-du-marche-des-ecrans-oled-dici-2031","status":"publish","type":"post","link":"https:\/\/www.ecinews.fr\/fr\/croissance-du-marche-des-ecrans-oled-dici-2031\/","title":{"rendered":"Croissance du march\u00e9 des \u00e9crans OLED d&rsquo;ici 2031"},"content":{"rendered":"<h3 class=\"ParagraphTextStyle\">Selon une nouvelle \u00e9tude d&rsquo;Omdia, les exp\u00e9ditions d&rsquo;\u00e9crans OLED pour les tablettes PC devraient atteindre 35 millions d&rsquo;unit\u00e9s d&rsquo;ici 2031. La part des exp\u00e9ditions d&rsquo;OLED hybrides pour les tablettes PC devrait consid\u00e9rablement augmenter, atteignant 85,1%.<\/h3>\n<p class=\"ParagraphTextStyle\"><b>Croissance du march\u00e9 des \u00e9crans OLED<\/b><\/p>\n<p class=\"ParagraphTextStyle\">Le march\u00e9 des \u00e9crans OLED devrait conna\u00eetre une croissance renouvel\u00e9e \u00e0 partir de 2024, principalement en raison de la demande de la s\u00e9rie iPad Pro d&rsquo;Apple. LG Display et Samsung Display fournissent leurs panneaux OLED pour la s\u00e9rie iPad Pro (11 pouces et 13 pouces) depuis f\u00e9vrier 2024.<\/p>\n<p class=\"ParagraphTextStyle\"><b>Avantages de l&rsquo;OLED hybride<\/b><\/p>\n<p class=\"ParagraphTextStyle\">L&rsquo;OLED hybride, utilis\u00e9 par Apple pour la s\u00e9rie iPad Pro, est caract\u00e9ris\u00e9 par un substrat en verre et une encapsulation en film mince. Il offre un taux de rendement plus stable et des co\u00fbts de fabrication inf\u00e9rieurs par rapport \u00e0 l&rsquo;OLED flexible utilis\u00e9 pour les grands \u00e9crans. L&rsquo;OLED hybride est plus mince et plus l\u00e9ger que l&rsquo;OLED rigide, lib\u00e9rant de l&rsquo;espace pour d&rsquo;autres composants \u00e9lectroniques et la batterie de l&rsquo;appareil.<\/p>\n<p class=\"ParagraphTextStyle\"><b>Technologie OLED RGB tandem<\/b><\/p>\n<p class=\"ParagraphTextStyle\">Apple applique \u00e9galement la technologie OLED RGB tandem pour la s\u00e9rie iPad Pro, avec deux couches de mat\u00e9riaux \u00e9metteurs OLED R\/G\/B. Cette technologie permet d&rsquo;atteindre une luminosit\u00e9 environ deux fois sup\u00e9rieure et une dur\u00e9e de vie quatre fois plus longue, th\u00e9oriquement, par rapport \u00e0 la pile OLED RGB simple. Bien que cette technologie soit utilis\u00e9e dans l&rsquo;OLED automobile depuis 2018, son adoption devrait augmenter significativement.<\/p>\n<p class=\"ParagraphTextStyle\"><b>Impact sur le march\u00e9 des \u00e9crans OLED<\/b><\/p>\n<p class=\"ParagraphTextStyle\">La structure OLED hybride et la pile OLED RGB tandem pour l&rsquo;iPad Pro devraient servir de catalyseur pour d&rsquo;autres marques d&rsquo;appareils et fournisseurs de panneaux. Cela entra\u00eenera l&rsquo;\u00e9mergence de diverses combinaisons technologiques dans l&rsquo;affichage OLED, stimulant la concurrence sur le march\u00e9 des \u00e9crans OLED pour la prochaine d\u00e9cennie.<\/p>\n<p class=\"ParagraphTextStyle\"><a href=\"https:\/\/omdia.tech.informa.com\/\">Omdia<\/a><\/p>\n<p><a href=\"https:\/\/news.google.com\/publications\/CAAqBwgKMJbcwQswuPfYAw?hl=fr&amp;gl=BE&amp;ceid=BE:fr\">Suivre ECInews sur Google news<\/a><\/p>\n","protected":false},"excerpt":{"rendered":"<p>Selon une nouvelle \u00e9tude d&rsquo;Omdia, les exp\u00e9ditions d&rsquo;\u00e9crans OLED pour les tablettes PC devraient atteindre 35 millions d&rsquo;unit\u00e9s d&rsquo;ici 2031. La part des exp\u00e9ditions d&rsquo;OLED hybrides pour les tablettes PC devrait consid\u00e9rablement augmenter, atteignant 85,1%. Croissance du march\u00e9 des \u00e9crans OLED Le march\u00e9 des \u00e9crans OLED devrait conna\u00eetre une croissance renouvel\u00e9e \u00e0 partir de 2024, [&hellip;]<\/p>\n","protected":false},"author":39,"featured_media":452031,"comment_status":"closed","ping_status":"closed","sticky":false,"template":"","format":"standard","meta":{"_acf_changed":false,"footnotes":""},"categories":[886],"tags":[6447],"domains":[47],"ppma_author":[6113],"class_list":["post-452026","post","type-post","status-publish","format-standard","has-post-thumbnail","hentry","category-news-fr","tag-ecran-oled","domains-electronique-eci"],"acf":[],"yoast_head":"<title>Croissance du march\u00e9 des \u00e9crans OLED d&#039;ici 2031 ...<\/title>\n<meta name=\"description\" content=\"Selon une nouvelle \u00e9tude d&#039;Omdia, les exp\u00e9ditions d&#039;\u00e9crans OLED pour les tablettes PC devraient atteindre 35 millions d&#039;unit\u00e9s d&#039;ici 2031. La part des...\" \/>\n<meta name=\"robots\" content=\"index, follow, max-snippet:-1, max-image-preview:large, max-video-preview:-1\" \/>\n<link rel=\"canonical\" href=\"https:\/\/www.ecinews.fr\/fr\/wp-json\/wp\/v2\/posts\/452026\/\" \/>\n<meta property=\"og:locale\" content=\"fr_FR\" \/>\n<meta property=\"og:type\" content=\"article\" \/>\n<meta property=\"og:title\" content=\"Croissance du march\u00e9 des \u00e9crans OLED d&#039;ici 2031\" \/>\n<meta property=\"og:description\" content=\"Selon une nouvelle \u00e9tude d&#039;Omdia, les exp\u00e9ditions d&#039;\u00e9crans OLED pour les tablettes PC devraient atteindre 35 millions d&#039;unit\u00e9s d&#039;ici 2031. La part des exp\u00e9ditions d&#039;OLED hybrides pour les tablettes PC devrait consid\u00e9rablement augmenter, atteignant 85,1%.\" \/>\n<meta property=\"og:url\" content=\"https:\/\/www.ecinews.fr\/fr\/wp-json\/wp\/v2\/posts\/452026\/\" \/>\n<meta property=\"og:site_name\" content=\"EENewsEurope\" \/>\n<meta property=\"article:published_time\" content=\"2024-05-27T07:30:29+00:00\" \/>\n<meta property=\"article:modified_time\" content=\"2024-05-26T13:26:32+00:00\" \/>\n<meta property=\"og:image\" content=\"https:\/\/www.ecinews.fr\/wp-content\/uploads\/2024\/05\/ECI4180-Omdia-La-demande-decran-OLED-pour-tablette-PC-atteindra-35-millions-dunites-dici-2031.png\" \/>\n\t<meta property=\"og:image:width\" content=\"602\" \/>\n\t<meta property=\"og:image:height\" content=\"349\" \/>\n\t<meta property=\"og:image:type\" content=\"image\/png\" \/>\n<meta name=\"author\" content=\"NicolasFeste\" \/>\n<meta name=\"twitter:card\" content=\"summary_large_image\" \/>\n<meta name=\"twitter:label1\" content=\"Written by\" \/>\n\t<meta name=\"twitter:data1\" content=\"NicolasFeste\" \/>\n\t<meta name=\"twitter:label2\" content=\"Est. reading time\" \/>\n\t<meta name=\"twitter:data2\" content=\"2 minutes\" \/>\n<script type=\"application\/ld+json\" class=\"yoast-schema-graph\">{\"@context\":\"https:\/\/schema.org\",\"@graph\":[{\"@type\":\"Article\",\"@id\":\"https:\/\/www.ecinews.fr\/fr\/croissance-du-marche-des-ecrans-oled-dici-2031\/#article\",\"isPartOf\":{\"@id\":\"https:\/\/www.ecinews.fr\/fr\/croissance-du-marche-des-ecrans-oled-dici-2031\/\"},\"author\":{\"name\":\"NicolasFeste\",\"@id\":\"https:\/\/www.eenewseurope.com\/en\/#\/schema\/person\/c7104a72b466a801f257e51481de0c43\"},\"headline\":\"Croissance du march\u00e9 des \u00e9crans OLED d&rsquo;ici 2031\",\"datePublished\":\"2024-05-27T07:30:29+00:00\",\"dateModified\":\"2024-05-26T13:26:32+00:00\",\"mainEntityOfPage\":{\"@id\":\"https:\/\/www.ecinews.fr\/fr\/croissance-du-marche-des-ecrans-oled-dici-2031\/\"},\"wordCount\":336,\"publisher\":{\"@id\":\"https:\/\/www.eenewseurope.com\/en\/#organization\"},\"keywords\":[\"Ecran OLED\"],\"articleSection\":[\"Actualit\u00e9 g\u00e9n\u00e9rale\"],\"inLanguage\":\"fr-FR\"},{\"@type\":\"WebPage\",\"@id\":\"https:\/\/www.ecinews.fr\/fr\/croissance-du-marche-des-ecrans-oled-dici-2031\/\",\"url\":\"https:\/\/www.ecinews.fr\/fr\/croissance-du-marche-des-ecrans-oled-dici-2031\/\",\"name\":\"Croissance du march\u00e9 des \u00e9crans OLED d'ici 2031 -\",\"isPartOf\":{\"@id\":\"https:\/\/www.eenewseurope.com\/en\/#website\"},\"datePublished\":\"2024-05-27T07:30:29+00:00\",\"dateModified\":\"2024-05-26T13:26:32+00:00\",\"description\":\"Selon une nouvelle \u00e9tude d'Omdia, les exp\u00e9ditions d'\u00e9crans OLED pour les tablettes PC devraient atteindre 35 millions d'unit\u00e9s d'ici 2031. La part des exp\u00e9ditions d'OLED hybrides pour les tablettes PC devrait consid\u00e9rablement augmenter, atteignant 85,1%.\",\"breadcrumb\":{\"@id\":\"https:\/\/www.ecinews.fr\/fr\/croissance-du-marche-des-ecrans-oled-dici-2031\/#breadcrumb\"},\"inLanguage\":\"fr-FR\",\"potentialAction\":[{\"@type\":\"ReadAction\",\"target\":[\"https:\/\/www.ecinews.fr\/fr\/croissance-du-marche-des-ecrans-oled-dici-2031\/\"]}]},{\"@type\":\"BreadcrumbList\",\"@id\":\"https:\/\/www.ecinews.fr\/fr\/croissance-du-marche-des-ecrans-oled-dici-2031\/#breadcrumb\",\"itemListElement\":[{\"@type\":\"ListItem\",\"position\":1,\"name\":\"Home\",\"item\":\"https:\/\/www.ecinews.fr\/fr\/\"},{\"@type\":\"ListItem\",\"position\":2,\"name\":\"Croissance du march\u00e9 des \u00e9crans OLED d&rsquo;ici 2031\"}]},{\"@type\":\"WebSite\",\"@id\":\"https:\/\/www.eenewseurope.com\/en\/#website\",\"url\":\"https:\/\/www.eenewseurope.com\/en\/\",\"name\":\"EENewsEurope\",\"description\":\"Just another WordPress site\",\"publisher\":{\"@id\":\"https:\/\/www.eenewseurope.com\/en\/#organization\"},\"potentialAction\":[{\"@type\":\"SearchAction\",\"target\":{\"@type\":\"EntryPoint\",\"urlTemplate\":\"https:\/\/www.eenewseurope.com\/en\/?s={search_term_string}\"},\"query-input\":\"required name=search_term_string\"}],\"inLanguage\":\"fr-FR\"},{\"@type\":\"Organization\",\"@id\":\"https:\/\/www.eenewseurope.com\/en\/#organization\",\"name\":\"EENewsEurope\",\"url\":\"https:\/\/www.eenewseurope.com\/en\/\",\"logo\":{\"@type\":\"ImageObject\",\"inLanguage\":\"fr-FR\",\"@id\":\"https:\/\/www.eenewseurope.com\/en\/#\/schema\/logo\/image\/\",\"url\":\"https:\/\/www.ecinews.fr\/wp-content\/uploads\/2022\/02\/logo-1.jpg\",\"contentUrl\":\"https:\/\/www.ecinews.fr\/wp-content\/uploads\/2022\/02\/logo-1.jpg\",\"width\":283,\"height\":113,\"caption\":\"EENewsEurope\"},\"image\":{\"@id\":\"https:\/\/www.eenewseurope.com\/en\/#\/schema\/logo\/image\/\"}},{\"@type\":\"Person\",\"@id\":\"https:\/\/www.eenewseurope.com\/en\/#\/schema\/person\/c7104a72b466a801f257e51481de0c43\",\"name\":\"NicolasFeste\",\"image\":{\"@type\":\"ImageObject\",\"inLanguage\":\"fr-FR\",\"@id\":\"https:\/\/www.eenewseurope.com\/en\/#\/schema\/person\/image\/1ea421e7d03c1e96a9ea2bcf2705734a\",\"url\":\"https:\/\/secure.gravatar.com\/avatar\/2e187f4d96902933ba445ed6c760e11c?s=96&d=mm&r=g\",\"contentUrl\":\"https:\/\/secure.gravatar.com\/avatar\/2e187f4d96902933ba445ed6c760e11c?s=96&d=mm&r=g\",\"caption\":\"NicolasFeste\"}}]}<\/script>","yoast_head_json":{"title":"Croissance du march\u00e9 des \u00e9crans OLED d'ici 2031 ...","description":"Selon une nouvelle \u00e9tude d'Omdia, les exp\u00e9ditions d'\u00e9crans OLED pour les tablettes PC devraient atteindre 35 millions d'unit\u00e9s d'ici 2031. La part des...","robots":{"index":"index","follow":"follow","max-snippet":"max-snippet:-1","max-image-preview":"max-image-preview:large","max-video-preview":"max-video-preview:-1"},"canonical":"https:\/\/www.ecinews.fr\/fr\/wp-json\/wp\/v2\/posts\/452026\/","og_locale":"fr_FR","og_type":"article","og_title":"Croissance du march\u00e9 des \u00e9crans OLED d'ici 2031","og_description":"Selon une nouvelle \u00e9tude d'Omdia, les exp\u00e9ditions d'\u00e9crans OLED pour les tablettes PC devraient atteindre 35 millions d'unit\u00e9s d'ici 2031. La part des exp\u00e9ditions d'OLED hybrides pour les tablettes PC devrait consid\u00e9rablement augmenter, atteignant 85,1%.","og_url":"https:\/\/www.ecinews.fr\/fr\/wp-json\/wp\/v2\/posts\/452026\/","og_site_name":"EENewsEurope","article_published_time":"2024-05-27T07:30:29+00:00","article_modified_time":"2024-05-26T13:26:32+00:00","og_image":[{"width":602,"height":349,"url":"https:\/\/www.ecinews.fr\/wp-content\/uploads\/2024\/05\/ECI4180-Omdia-La-demande-decran-OLED-pour-tablette-PC-atteindra-35-millions-dunites-dici-2031.png","type":"image\/png"}],"author":"NicolasFeste","twitter_card":"summary_large_image","twitter_misc":{"Written by":"NicolasFeste","Est. reading time":"2 minutes"},"schema":{"@context":"https:\/\/schema.org","@graph":[{"@type":"Article","@id":"https:\/\/www.ecinews.fr\/fr\/croissance-du-marche-des-ecrans-oled-dici-2031\/#article","isPartOf":{"@id":"https:\/\/www.ecinews.fr\/fr\/croissance-du-marche-des-ecrans-oled-dici-2031\/"},"author":{"name":"NicolasFeste","@id":"https:\/\/www.eenewseurope.com\/en\/#\/schema\/person\/c7104a72b466a801f257e51481de0c43"},"headline":"Croissance du march\u00e9 des \u00e9crans OLED d&rsquo;ici 2031","datePublished":"2024-05-27T07:30:29+00:00","dateModified":"2024-05-26T13:26:32+00:00","mainEntityOfPage":{"@id":"https:\/\/www.ecinews.fr\/fr\/croissance-du-marche-des-ecrans-oled-dici-2031\/"},"wordCount":336,"publisher":{"@id":"https:\/\/www.eenewseurope.com\/en\/#organization"},"keywords":["Ecran OLED"],"articleSection":["Actualit\u00e9 g\u00e9n\u00e9rale"],"inLanguage":"fr-FR"},{"@type":"WebPage","@id":"https:\/\/www.ecinews.fr\/fr\/croissance-du-marche-des-ecrans-oled-dici-2031\/","url":"https:\/\/www.ecinews.fr\/fr\/croissance-du-marche-des-ecrans-oled-dici-2031\/","name":"Croissance du march\u00e9 des \u00e9crans OLED d'ici 2031 -","isPartOf":{"@id":"https:\/\/www.eenewseurope.com\/en\/#website"},"datePublished":"2024-05-27T07:30:29+00:00","dateModified":"2024-05-26T13:26:32+00:00","description":"Selon une nouvelle \u00e9tude d'Omdia, les exp\u00e9ditions d'\u00e9crans OLED pour les tablettes PC devraient atteindre 35 millions d'unit\u00e9s d'ici 2031. La part des exp\u00e9ditions d'OLED hybrides pour les tablettes PC devrait consid\u00e9rablement augmenter, atteignant 85,1%.","breadcrumb":{"@id":"https:\/\/www.ecinews.fr\/fr\/croissance-du-marche-des-ecrans-oled-dici-2031\/#breadcrumb"},"inLanguage":"fr-FR","potentialAction":[{"@type":"ReadAction","target":["https:\/\/www.ecinews.fr\/fr\/croissance-du-marche-des-ecrans-oled-dici-2031\/"]}]},{"@type":"BreadcrumbList","@id":"https:\/\/www.ecinews.fr\/fr\/croissance-du-marche-des-ecrans-oled-dici-2031\/#breadcrumb","itemListElement":[{"@type":"ListItem","position":1,"name":"Home","item":"https:\/\/www.ecinews.fr\/fr\/"},{"@type":"ListItem","position":2,"name":"Croissance du march\u00e9 des \u00e9crans OLED d&rsquo;ici 2031"}]},{"@type":"WebSite","@id":"https:\/\/www.eenewseurope.com\/en\/#website","url":"https:\/\/www.eenewseurope.com\/en\/","name":"EENewsEurope","description":"Just another WordPress site","publisher":{"@id":"https:\/\/www.eenewseurope.com\/en\/#organization"},"potentialAction":[{"@type":"SearchAction","target":{"@type":"EntryPoint","urlTemplate":"https:\/\/www.eenewseurope.com\/en\/?s={search_term_string}"},"query-input":"required name=search_term_string"}],"inLanguage":"fr-FR"},{"@type":"Organization","@id":"https:\/\/www.eenewseurope.com\/en\/#organization","name":"EENewsEurope","url":"https:\/\/www.eenewseurope.com\/en\/","logo":{"@type":"ImageObject","inLanguage":"fr-FR","@id":"https:\/\/www.eenewseurope.com\/en\/#\/schema\/logo\/image\/","url":"https:\/\/www.ecinews.fr\/wp-content\/uploads\/2022\/02\/logo-1.jpg","contentUrl":"https:\/\/www.ecinews.fr\/wp-content\/uploads\/2022\/02\/logo-1.jpg","width":283,"height":113,"caption":"EENewsEurope"},"image":{"@id":"https:\/\/www.eenewseurope.com\/en\/#\/schema\/logo\/image\/"}},{"@type":"Person","@id":"https:\/\/www.eenewseurope.com\/en\/#\/schema\/person\/c7104a72b466a801f257e51481de0c43","name":"NicolasFeste","image":{"@type":"ImageObject","inLanguage":"fr-FR","@id":"https:\/\/www.eenewseurope.com\/en\/#\/schema\/person\/image\/1ea421e7d03c1e96a9ea2bcf2705734a","url":"https:\/\/secure.gravatar.com\/avatar\/2e187f4d96902933ba445ed6c760e11c?s=96&d=mm&r=g","contentUrl":"https:\/\/secure.gravatar.com\/avatar\/2e187f4d96902933ba445ed6c760e11c?s=96&d=mm&r=g","caption":"NicolasFeste"}}]}},"authors":[{"term_id":6113,"user_id":39,"is_guest":0,"slug":"nicolasfeste","display_name":"NicolasFeste","avatar_url":"https:\/\/secure.gravatar.com\/avatar\/2e187f4d96902933ba445ed6c760e11c?s=96&d=mm&r=g","0":null,"1":"","2":"","3":"","4":"","5":"","6":"","7":"","8":""}],"_links":{"self":[{"href":"https:\/\/www.ecinews.fr\/fr\/wp-json\/wp\/v2\/posts\/452026"}],"collection":[{"href":"https:\/\/www.ecinews.fr\/fr\/wp-json\/wp\/v2\/posts"}],"about":[{"href":"https:\/\/www.ecinews.fr\/fr\/wp-json\/wp\/v2\/types\/post"}],"author":[{"embeddable":true,"href":"https:\/\/www.ecinews.fr\/fr\/wp-json\/wp\/v2\/users\/39"}],"replies":[{"embeddable":true,"href":"https:\/\/www.ecinews.fr\/fr\/wp-json\/wp\/v2\/comments?post=452026"}],"version-history":[{"count":0,"href":"https:\/\/www.ecinews.fr\/fr\/wp-json\/wp\/v2\/posts\/452026\/revisions"}],"wp:featuredmedia":[{"embeddable":true,"href":"https:\/\/www.ecinews.fr\/fr\/wp-json\/wp\/v2\/media\/452031"}],"wp:attachment":[{"href":"https:\/\/www.ecinews.fr\/fr\/wp-json\/wp\/v2\/media?parent=452026"}],"wp:term":[{"taxonomy":"category","embeddable":true,"href":"https:\/\/www.ecinews.fr\/fr\/wp-json\/wp\/v2\/categories?post=452026"},{"taxonomy":"post_tag","embeddable":true,"href":"https:\/\/www.ecinews.fr\/fr\/wp-json\/wp\/v2\/tags?post=452026"},{"taxonomy":"domains","embeddable":true,"href":"https:\/\/www.ecinews.fr\/fr\/wp-json\/wp\/v2\/domains?post=452026"},{"taxonomy":"author","embeddable":true,"href":"https:\/\/www.ecinews.fr\/fr\/wp-json\/wp\/v2\/ppma_author?post=452026"}],"curies":[{"name":"wp","href":"https:\/\/api.w.org\/{rel}","templated":true}]}}