{"id":451762,"date":"2024-05-22T09:56:37","date_gmt":"2024-05-22T07:56:37","guid":{"rendered":"https:\/\/www.eenewseurope.com\/?p=451762"},"modified":"2024-05-22T09:58:25","modified_gmt":"2024-05-22T07:58:25","slug":"ligne-pilote-europeenne-de-chiplets-de-1-nm-a-limec","status":"publish","type":"post","link":"https:\/\/www.ecinews.fr\/fr\/ligne-pilote-europeenne-de-chiplets-de-1-nm-a-limec\/","title":{"rendered":"Ligne pilote europ\u00e9enne de chiplets de 1 nm \u00e0 l&rsquo;imec"},"content":{"rendered":"<h3>L&rsquo;imec, en Belgique, va accueillir une ligne pilote pour d\u00e9velopper les technologies CMOS SoC et chiplet \u00e0 1 nm, avec un investissement de 2,5 milliards d&rsquo;euros.<\/h3>\n<p>La ligne pilote NanoIC se concentrera sur la technologie CMOS sub-2nm, qui sera essentielle pour le processus Intel 16A avec des g\u00e9om\u00e9tries de 1,6nm et moins. Le prototypage de chiplets devrait \u00eatre une technologie cl\u00e9 pour la ligne.<\/p>\n<p>Le financement a \u00e9t\u00e9 annonc\u00e9 aujourd&rsquo;hui lors du forum technologique de l&rsquo;imec (ITF) \u00e0 Anvers. 1,4 milliard d&rsquo;euros devrait provenir d&rsquo;Horizon Europe et de Digital Europe par l&rsquo;interm\u00e9diaire de l&rsquo;entreprise commune Chips (Chips JU) et du gouvernement de la r\u00e9gion de la Flandre.<\/p>\n<p>Toutefois, la convention de subvention avec l&rsquo;entreprise commune europ\u00e9enne Chips JU est actuellement en cours et devrait \u00eatre sign\u00e9e dans le courant de l&rsquo;ann\u00e9e.<\/p>\n<p>Le Leti en france est \u00e9galement partenaire de la ligne pilote NanoIC avec Fraunhofer-Gesellschaft en Allemagne, VTT en Finlande, CSSNT en Roumanie et l&rsquo;Institut Tyndall en Irlande.<\/p>\n<ul>\n<li><a href=\"https:\/\/www.eenewseurope.com\/en\/imec-asml-team-for-pilot-line-for-sub-1nm-development\/\">Ligne pilote pour le d\u00e9veloppement sub-1nm<\/a><\/li>\n<li><a href=\"https:\/\/www.eenewseurope.com\/en\/imec-to-receive-e1-5-billion-for-clean-room-expansion\/\">1,5 milliard d&rsquo;euros pour l&rsquo;extension des salles blanches<\/a><\/li>\n<\/ul>\n<p>Les 1,1 milliard d&rsquo;euros restants proviendront de partenaires industriels, dont le fabricant d&rsquo;\u00e9quipements de lithographie ASML. Au cours des dix derni\u00e8res ann\u00e9es, l&rsquo;Imec a travaill\u00e9 en \u00e9troite collaboration avec ASML, Intel, Rapidus et Qualcomm, ainsi qu&rsquo;avec les fondeurs TSMC, UMC, GlobalFoundries et X-Fab sur le d\u00e9veloppement des processus. Les autres partenaires principaux sont Micron, Samsung, SK Hynix, Sony Semiconductor Solutions, AMD, Kioxia et Western Digital.<\/p>\n<p>Intel aurait achet\u00e9 toute la capacit\u00e9 2024 d&rsquo;ASML pour les derni\u00e8res machines de lithographie NA \u00e0 haute r\u00e9solution pour le processus 2nm et moins.<\/p>\n<p>Le NanoIC sera construit dans le prolongement de la ligne pilote d\u00e9j\u00e0 existante de l&rsquo;imec.<br \/>\nIl aidera \u00e9galement les fournisseurs europ\u00e9ens et mondiaux d&rsquo;\u00e9quipements et de mat\u00e9riaux \u00e0 mettre en place l&rsquo;\u00e9cosyst\u00e8me de fournisseurs au-del\u00e0 de 2 nm.<\/p>\n<p>Il ne s&rsquo;agit pas seulement des grandes puces d&rsquo;intelligence artificielle de pointe, pr\u00e9cise l&rsquo;imec, mais aussi des semiconducteurs destin\u00e9s \u00e0 l&rsquo;automobile, aux t\u00e9l\u00e9communications et \u00e0 la sant\u00e9, car la ligne pilote jouera un r\u00f4le crucial de \u00ab\u00a0traducteur\u00a0\u00bb entre l&rsquo;innovation en mati\u00e8re de semiconducteurs et l&rsquo;industrie europ\u00e9enne gr\u00e2ce \u00e0 des kits de conception de processus (PDK) \u00e0 un stade pr\u00e9coce.<\/p>\n<ul>\n<li><a href=\"https:\/\/www.eenewseurope.com\/en\/intel-fellow-discusses-high-na-euv-lithography-progress\/\">Un membre d&rsquo;Intel discute des progr\u00e8s de la lithographie EUV \u00e0 haute intensit\u00e9 d&rsquo;azote<\/a><\/li>\n<li><a href=\"https:\/\/www.eenewseurope.com\/en\/imec-looks-to-automotive-chiplet-programme\/\">L&rsquo;imec se penche sur le programme de chiplets pour l&rsquo;automobile<\/a><\/li>\n<li><a href=\"https:\/\/www.eenewseurope.com\/en\/asml-has-started-shipping-second-high-na-euv-litho-machine\/\">ASML a commenc\u00e9 \u00e0 livrer le deuxi\u00e8me syst\u00e8me de lithographie EUV \u00e0 haute intensit\u00e9 d&rsquo;azote.<\/a><\/li>\n<\/ul>\n<p>Les start-ups, les PME, les universit\u00e9s et les entreprises de conception et de syst\u00e8mes peuvent utiliser les PDK de conception pour le prototypage d&rsquo;appareils virtuels et les PDK d&rsquo;exploration de syst\u00e8mes pour le prototypage de syst\u00e8mes avanc\u00e9s sur une plaquette de fonderie disponible dans le commerce.<\/p>\n<p>Les fonderies et les fabricants de dispositifs int\u00e9gr\u00e9s (IDM) peuvent \u00e9valuer les innovations dans les flux de processus et les \u00e9quipements, ce qui permet de d\u00e9-risquer les nouvelles caract\u00e9ristiques avant de proc\u00e9der \u00e0 des investissements internes et d&rsquo;am\u00e9liorer ainsi la rapidit\u00e9 et l&rsquo;efficacit\u00e9 du d\u00e9veloppement des processus industriels.<\/p>\n<p>Ceci est particuli\u00e8rement important pour les fabricants d&rsquo;\u00e9quipements d&rsquo;origine (OEM) dans le domaine de la sant\u00e9 et de l&rsquo;automobile pour les chiplets. Gr\u00e2ce \u00e0 la fabrication en petites quantit\u00e9s, l&rsquo;imec offre aux entreprises la possibilit\u00e9 de passer du prototype \u00e0 la production.<\/p>\n<ul>\n<li><a href=\"https:\/\/www.eenewseurope.com\/en\/pilot-line-boost-for-roll-to-roll-printed-sensors\/\">Renforcement de la ligne pilote pour les capteurs imprim\u00e9s de bobine \u00e0 bobine<\/a><\/li>\n<li><a href=\"https:\/\/www.eenewseurope.com\/en\/pilot-line-boost-for-soft-electronics\/\">Boostage de la ligne pilote pour l&rsquo;\u00e9lectronique douce<\/a><\/li>\n<li><a href=\"https:\/\/www.eenewseurope.com\/en\/7m-for-sodium-battery-pilot-line\/\">7 millions de dollars pour une ligne pilote de batteries au sodium <\/a><\/li>\n<\/ul>\n<p>La cl\u00e9 du succ\u00e8s de la ligne pilote sera le d\u00e9veloppement d&rsquo;une plateforme de conception paneurop\u00e9enne ainsi que l&rsquo;acc\u00e8s \u00e0 un r\u00e9seau de centres de comp\u00e9tences offrant une formation et un soutien pour renforcer les comp\u00e9tences en mati\u00e8re de conception, comme cela a \u00e9galement \u00e9t\u00e9 annonc\u00e9 pr\u00e9c\u00e9demment.<\/p>\n<p>L&rsquo;infrastructure de conception constituera un lien essentiel entre les communaut\u00e9s de la technologie et de la conception afin d&rsquo;acc\u00e9l\u00e9rer le d\u00e9veloppement et de r\u00e9duire les d\u00e9lais de mise sur le march\u00e9 de nouveaux produits bas\u00e9s sur des technologies avanc\u00e9es.<\/p>\n<ul>\n<li><a href=\"https:\/\/www.eenewseurope.com\/en\/imec-launches-pathfinding-process-design-kit-for-2nm-chip-designs\/\">Kit de conception d&rsquo;un processus de recherche de pistes pour une puce de 2 nm<\/a><\/li>\n<li><a href=\"https:\/\/www.eenewseurope.com\/en\/tsmc-plans-1-6nm-process-for-2026\/\">TSMC pr\u00e9voit un processus de 1,6 nm pour 2026<\/a><\/li>\n<\/ul>\n<p>\u00ab\u00a0Le soutien de l&rsquo;UE, du gouvernement flamand et des partenaires industriels nous permettra non seulement de conserver notre position de leader, mais aussi de nous rapprocher des demandes du march\u00e9. L&rsquo;investissement nous permettra de doubler les volumes et la vitesse d&rsquo;apprentissage, d&rsquo;acc\u00e9l\u00e9rer notre rythme d&rsquo;innovation, de renforcer l&rsquo;\u00e9cosyst\u00e8me europ\u00e9en des puces et de stimuler la croissance \u00e9conomique en Europe\u00a0\u00bb, a d\u00e9clar\u00e9 Luc Van den hove, pr\u00e9sident-directeur g\u00e9n\u00e9ral d&rsquo;imec, lors de l&rsquo;ITF d&rsquo;aujourd&rsquo;hui.<\/p>\n<p><a href=\"http:\/\/www.imec-int.com\">www.imec-int.com<\/a><\/p>\n<p>&nbsp;<\/p>\n","protected":false},"excerpt":{"rendered":"<p>L&rsquo;imec, en Belgique, va accueillir une ligne pilote pour d\u00e9velopper les technologies CMOS SoC et chiplet \u00e0 1 nm, avec un investissement de 2,5 milliards d&rsquo;euros. La ligne pilote NanoIC se concentrera sur la technologie CMOS sub-2nm, qui sera essentielle pour le processus Intel 16A avec des g\u00e9om\u00e9tries de 1,6nm et moins. Le prototypage de [&hellip;]<\/p>\n","protected":false},"author":34,"featured_media":451674,"comment_status":"closed","ping_status":"closed","sticky":false,"template":"","format":"standard","meta":{"_acf_changed":false,"footnotes":""},"categories":[3669],"tags":[6425,3251,1558],"domains":[47],"ppma_author":[3640,1153],"class_list":["post-451762","post","type-post","status-publish","format-standard","has-post-thumbnail","hentry","category-nouvelles","tag-1nm","tag-imec","tag-semiconducteurs","domains-electronique-eci"],"acf":[],"yoast_head":"<title>Ligne pilote europ\u00e9enne de chiplets de 1 nm \u00e0 l&#039;imec ...<\/title>\n<meta name=\"description\" content=\"L&#039;imec va accueillir une ligne pilote pour d\u00e9velopper les technologies CMOS SoC et chiplet \u00e0 1 nm, avec un investissement de 2,5 G\u20ac.\" \/>\n<meta name=\"robots\" content=\"index, follow, max-snippet:-1, max-image-preview:large, max-video-preview:-1\" \/>\n<link rel=\"canonical\" href=\"https:\/\/www.ecinews.fr\/fr\/wp-json\/wp\/v2\/posts\/451762\/\" \/>\n<meta property=\"og:locale\" content=\"fr_FR\" \/>\n<meta property=\"og:type\" content=\"article\" \/>\n<meta property=\"og:title\" content=\"Ligne pilote europ\u00e9enne de chiplets de 1 nm \u00e0 l&#039;imec\" \/>\n<meta property=\"og:description\" content=\"L&#039;imec va accueillir une ligne pilote pour d\u00e9velopper les technologies CMOS SoC et chiplet \u00e0 1 nm, avec un investissement de 2,5 G\u20ac.\" \/>\n<meta property=\"og:url\" content=\"https:\/\/www.ecinews.fr\/fr\/wp-json\/wp\/v2\/posts\/451762\/\" \/>\n<meta property=\"og:site_name\" content=\"EENewsEurope\" \/>\n<meta property=\"article:published_time\" content=\"2024-05-22T07:56:37+00:00\" \/>\n<meta property=\"article:modified_time\" content=\"2024-05-22T07:58:25+00:00\" \/>\n<meta property=\"og:image\" content=\"https:\/\/www.eenewseurope.com\/wp-content\/uploads\/2024\/05\/Rendering-of-the-NanoIC-pilotline-HQ-Leuven-scaled-e1716289765313.jpg\" \/>\n\t<meta property=\"og:image:width\" content=\"672\" \/>\n\t<meta property=\"og:image:height\" content=\"1080\" \/>\n\t<meta property=\"og:image:type\" content=\"image\/jpeg\" \/>\n<meta name=\"author\" content=\"Nick Flaherty, A Delapalisse\" \/>\n<meta name=\"twitter:card\" content=\"summary_large_image\" \/>\n<meta name=\"twitter:label1\" content=\"Written by\" \/>\n\t<meta name=\"twitter:data1\" content=\"A Delapalisse\" \/>\n\t<meta name=\"twitter:label2\" content=\"Est. reading time\" \/>\n\t<meta name=\"twitter:data2\" content=\"4 minutes\" \/>\n<script type=\"application\/ld+json\" class=\"yoast-schema-graph\">{\"@context\":\"https:\/\/schema.org\",\"@graph\":[{\"@type\":\"Article\",\"@id\":\"https:\/\/www.eenewseurope.com\/fr\/ligne-pilote-europeenne-de-chiplets-de-1-nm-a-limec\/#article\",\"isPartOf\":{\"@id\":\"https:\/\/www.eenewseurope.com\/fr\/ligne-pilote-europeenne-de-chiplets-de-1-nm-a-limec\/\"},\"author\":{\"name\":\"A Delapalisse\",\"@id\":\"https:\/\/www.ecinews.fr\/fr\/#\/schema\/person\/0aa2cfb0bd8949724a68cbac8d8321b4\"},\"headline\":\"Ligne pilote europ\u00e9enne de chiplets de 1 nm \u00e0 l&rsquo;imec\",\"datePublished\":\"2024-05-22T07:56:37+00:00\",\"dateModified\":\"2024-05-22T07:58:25+00:00\",\"mainEntityOfPage\":{\"@id\":\"https:\/\/www.eenewseurope.com\/fr\/ligne-pilote-europeenne-de-chiplets-de-1-nm-a-limec\/\"},\"wordCount\":866,\"publisher\":{\"@id\":\"https:\/\/www.ecinews.fr\/fr\/#organization\"},\"keywords\":[\"1nm\",\"IMEC\",\"Semiconducteurs\"],\"articleSection\":[\"Nouvelles\"],\"inLanguage\":\"fr-FR\"},{\"@type\":\"WebPage\",\"@id\":\"https:\/\/www.eenewseurope.com\/fr\/ligne-pilote-europeenne-de-chiplets-de-1-nm-a-limec\/\",\"url\":\"https:\/\/www.eenewseurope.com\/fr\/ligne-pilote-europeenne-de-chiplets-de-1-nm-a-limec\/\",\"name\":\"Ligne pilote europ\u00e9enne de chiplets de 1 nm \u00e0 l'imec -\",\"isPartOf\":{\"@id\":\"https:\/\/www.ecinews.fr\/fr\/#website\"},\"datePublished\":\"2024-05-22T07:56:37+00:00\",\"dateModified\":\"2024-05-22T07:58:25+00:00\",\"description\":\"L'imec va accueillir une ligne pilote pour d\u00e9velopper les technologies CMOS SoC et chiplet \u00e0 1 nm, avec un investissement de 2,5 G\u20ac.\",\"breadcrumb\":{\"@id\":\"https:\/\/www.eenewseurope.com\/fr\/ligne-pilote-europeenne-de-chiplets-de-1-nm-a-limec\/#breadcrumb\"},\"inLanguage\":\"fr-FR\",\"potentialAction\":[{\"@type\":\"ReadAction\",\"target\":[\"https:\/\/www.eenewseurope.com\/fr\/ligne-pilote-europeenne-de-chiplets-de-1-nm-a-limec\/\"]}]},{\"@type\":\"BreadcrumbList\",\"@id\":\"https:\/\/www.eenewseurope.com\/fr\/ligne-pilote-europeenne-de-chiplets-de-1-nm-a-limec\/#breadcrumb\",\"itemListElement\":[{\"@type\":\"ListItem\",\"position\":1,\"name\":\"Home\",\"item\":\"https:\/\/www.ecinews.fr\/fr\/\"},{\"@type\":\"ListItem\",\"position\":2,\"name\":\"Ligne pilote europ\u00e9enne de chiplets de 1 nm \u00e0 l&rsquo;imec\"}]},{\"@type\":\"WebSite\",\"@id\":\"https:\/\/www.ecinews.fr\/fr\/#website\",\"url\":\"https:\/\/www.ecinews.fr\/fr\/\",\"name\":\"EENewsEurope\",\"description\":\"Just another WordPress site\",\"publisher\":{\"@id\":\"https:\/\/www.ecinews.fr\/fr\/#organization\"},\"potentialAction\":[{\"@type\":\"SearchAction\",\"target\":{\"@type\":\"EntryPoint\",\"urlTemplate\":\"https:\/\/www.ecinews.fr\/fr\/?s={search_term_string}\"},\"query-input\":\"required name=search_term_string\"}],\"inLanguage\":\"fr-FR\"},{\"@type\":\"Organization\",\"@id\":\"https:\/\/www.ecinews.fr\/fr\/#organization\",\"name\":\"EENewsEurope\",\"url\":\"https:\/\/www.ecinews.fr\/fr\/\",\"logo\":{\"@type\":\"ImageObject\",\"inLanguage\":\"fr-FR\",\"@id\":\"https:\/\/www.ecinews.fr\/fr\/#\/schema\/logo\/image\/\",\"url\":\"https:\/\/www.ecinews.fr\/wp-content\/uploads\/2022\/02\/logo-1.jpg\",\"contentUrl\":\"https:\/\/www.ecinews.fr\/wp-content\/uploads\/2022\/02\/logo-1.jpg\",\"width\":283,\"height\":113,\"caption\":\"EENewsEurope\"},\"image\":{\"@id\":\"https:\/\/www.ecinews.fr\/fr\/#\/schema\/logo\/image\/\"}},{\"@type\":\"Person\",\"@id\":\"https:\/\/www.ecinews.fr\/fr\/#\/schema\/person\/0aa2cfb0bd8949724a68cbac8d8321b4\",\"name\":\"A Delapalisse\",\"image\":{\"@type\":\"ImageObject\",\"inLanguage\":\"fr-FR\",\"@id\":\"https:\/\/www.ecinews.fr\/fr\/#\/schema\/person\/image\/211ac42237c2e9683c0964086c393cb4\",\"url\":\"https:\/\/secure.gravatar.com\/avatar\/ad45a8c5da24bc9c7c4940dd1c48a695?s=96&d=mm&r=g\",\"contentUrl\":\"https:\/\/secure.gravatar.com\/avatar\/ad45a8c5da24bc9c7c4940dd1c48a695?s=96&d=mm&r=g\",\"caption\":\"A Delapalisse\"},\"sameAs\":[\"http:\/\/ECI\"]}]}<\/script>","yoast_head_json":{"title":"Ligne pilote europ\u00e9enne de chiplets de 1 nm \u00e0 l'imec ...","description":"L'imec va accueillir une ligne pilote pour d\u00e9velopper les technologies CMOS SoC et chiplet \u00e0 1 nm, avec un investissement de 2,5 G\u20ac.","robots":{"index":"index","follow":"follow","max-snippet":"max-snippet:-1","max-image-preview":"max-image-preview:large","max-video-preview":"max-video-preview:-1"},"canonical":"https:\/\/www.ecinews.fr\/fr\/wp-json\/wp\/v2\/posts\/451762\/","og_locale":"fr_FR","og_type":"article","og_title":"Ligne pilote europ\u00e9enne de chiplets de 1 nm \u00e0 l'imec","og_description":"L'imec va accueillir une ligne pilote pour d\u00e9velopper les technologies CMOS SoC et chiplet \u00e0 1 nm, avec un investissement de 2,5 G\u20ac.","og_url":"https:\/\/www.ecinews.fr\/fr\/wp-json\/wp\/v2\/posts\/451762\/","og_site_name":"EENewsEurope","article_published_time":"2024-05-22T07:56:37+00:00","article_modified_time":"2024-05-22T07:58:25+00:00","og_image":[{"width":672,"height":1080,"url":"https:\/\/www.eenewseurope.com\/wp-content\/uploads\/2024\/05\/Rendering-of-the-NanoIC-pilotline-HQ-Leuven-scaled-e1716289765313.jpg","type":"image\/jpeg"}],"author":"Nick Flaherty, A Delapalisse","twitter_card":"summary_large_image","twitter_misc":{"Written by":"A Delapalisse","Est. reading time":"4 minutes"},"schema":{"@context":"https:\/\/schema.org","@graph":[{"@type":"Article","@id":"https:\/\/www.eenewseurope.com\/fr\/ligne-pilote-europeenne-de-chiplets-de-1-nm-a-limec\/#article","isPartOf":{"@id":"https:\/\/www.eenewseurope.com\/fr\/ligne-pilote-europeenne-de-chiplets-de-1-nm-a-limec\/"},"author":{"name":"A Delapalisse","@id":"https:\/\/www.ecinews.fr\/fr\/#\/schema\/person\/0aa2cfb0bd8949724a68cbac8d8321b4"},"headline":"Ligne pilote europ\u00e9enne de chiplets de 1 nm \u00e0 l&rsquo;imec","datePublished":"2024-05-22T07:56:37+00:00","dateModified":"2024-05-22T07:58:25+00:00","mainEntityOfPage":{"@id":"https:\/\/www.eenewseurope.com\/fr\/ligne-pilote-europeenne-de-chiplets-de-1-nm-a-limec\/"},"wordCount":866,"publisher":{"@id":"https:\/\/www.ecinews.fr\/fr\/#organization"},"keywords":["1nm","IMEC","Semiconducteurs"],"articleSection":["Nouvelles"],"inLanguage":"fr-FR"},{"@type":"WebPage","@id":"https:\/\/www.eenewseurope.com\/fr\/ligne-pilote-europeenne-de-chiplets-de-1-nm-a-limec\/","url":"https:\/\/www.eenewseurope.com\/fr\/ligne-pilote-europeenne-de-chiplets-de-1-nm-a-limec\/","name":"Ligne pilote europ\u00e9enne de chiplets de 1 nm \u00e0 l'imec -","isPartOf":{"@id":"https:\/\/www.ecinews.fr\/fr\/#website"},"datePublished":"2024-05-22T07:56:37+00:00","dateModified":"2024-05-22T07:58:25+00:00","description":"L'imec va accueillir une ligne pilote pour d\u00e9velopper les technologies CMOS SoC et chiplet \u00e0 1 nm, avec un investissement de 2,5 G\u20ac.","breadcrumb":{"@id":"https:\/\/www.eenewseurope.com\/fr\/ligne-pilote-europeenne-de-chiplets-de-1-nm-a-limec\/#breadcrumb"},"inLanguage":"fr-FR","potentialAction":[{"@type":"ReadAction","target":["https:\/\/www.eenewseurope.com\/fr\/ligne-pilote-europeenne-de-chiplets-de-1-nm-a-limec\/"]}]},{"@type":"BreadcrumbList","@id":"https:\/\/www.eenewseurope.com\/fr\/ligne-pilote-europeenne-de-chiplets-de-1-nm-a-limec\/#breadcrumb","itemListElement":[{"@type":"ListItem","position":1,"name":"Home","item":"https:\/\/www.ecinews.fr\/fr\/"},{"@type":"ListItem","position":2,"name":"Ligne pilote europ\u00e9enne de chiplets de 1 nm \u00e0 l&rsquo;imec"}]},{"@type":"WebSite","@id":"https:\/\/www.ecinews.fr\/fr\/#website","url":"https:\/\/www.ecinews.fr\/fr\/","name":"EENewsEurope","description":"Just another WordPress site","publisher":{"@id":"https:\/\/www.ecinews.fr\/fr\/#organization"},"potentialAction":[{"@type":"SearchAction","target":{"@type":"EntryPoint","urlTemplate":"https:\/\/www.ecinews.fr\/fr\/?s={search_term_string}"},"query-input":"required name=search_term_string"}],"inLanguage":"fr-FR"},{"@type":"Organization","@id":"https:\/\/www.ecinews.fr\/fr\/#organization","name":"EENewsEurope","url":"https:\/\/www.ecinews.fr\/fr\/","logo":{"@type":"ImageObject","inLanguage":"fr-FR","@id":"https:\/\/www.ecinews.fr\/fr\/#\/schema\/logo\/image\/","url":"https:\/\/www.ecinews.fr\/wp-content\/uploads\/2022\/02\/logo-1.jpg","contentUrl":"https:\/\/www.ecinews.fr\/wp-content\/uploads\/2022\/02\/logo-1.jpg","width":283,"height":113,"caption":"EENewsEurope"},"image":{"@id":"https:\/\/www.ecinews.fr\/fr\/#\/schema\/logo\/image\/"}},{"@type":"Person","@id":"https:\/\/www.ecinews.fr\/fr\/#\/schema\/person\/0aa2cfb0bd8949724a68cbac8d8321b4","name":"A Delapalisse","image":{"@type":"ImageObject","inLanguage":"fr-FR","@id":"https:\/\/www.ecinews.fr\/fr\/#\/schema\/person\/image\/211ac42237c2e9683c0964086c393cb4","url":"https:\/\/secure.gravatar.com\/avatar\/ad45a8c5da24bc9c7c4940dd1c48a695?s=96&d=mm&r=g","contentUrl":"https:\/\/secure.gravatar.com\/avatar\/ad45a8c5da24bc9c7c4940dd1c48a695?s=96&d=mm&r=g","caption":"A Delapalisse"},"sameAs":["http:\/\/ECI"]}]}},"authors":[{"term_id":3640,"user_id":0,"is_guest":1,"slug":"nick-flaherty","display_name":"Nick Flaherty","avatar_url":"https:\/\/secure.gravatar.com\/avatar\/?s=96&d=mm&r=g","0":null,"1":"","2":"","3":"","4":"","5":"","6":"","7":"","8":""},{"term_id":1153,"user_id":34,"is_guest":0,"slug":"adelapalisse","display_name":"A Delapalisse","avatar_url":"https:\/\/secure.gravatar.com\/avatar\/ad45a8c5da24bc9c7c4940dd1c48a695?s=96&d=mm&r=g","0":null,"1":"","2":"","3":"","4":"","5":"","6":"","7":"","8":""}],"_links":{"self":[{"href":"https:\/\/www.ecinews.fr\/fr\/wp-json\/wp\/v2\/posts\/451762"}],"collection":[{"href":"https:\/\/www.ecinews.fr\/fr\/wp-json\/wp\/v2\/posts"}],"about":[{"href":"https:\/\/www.ecinews.fr\/fr\/wp-json\/wp\/v2\/types\/post"}],"author":[{"embeddable":true,"href":"https:\/\/www.ecinews.fr\/fr\/wp-json\/wp\/v2\/users\/34"}],"replies":[{"embeddable":true,"href":"https:\/\/www.ecinews.fr\/fr\/wp-json\/wp\/v2\/comments?post=451762"}],"version-history":[{"count":0,"href":"https:\/\/www.ecinews.fr\/fr\/wp-json\/wp\/v2\/posts\/451762\/revisions"}],"wp:featuredmedia":[{"embeddable":true,"href":"https:\/\/www.ecinews.fr\/fr\/wp-json\/wp\/v2\/media\/451674"}],"wp:attachment":[{"href":"https:\/\/www.ecinews.fr\/fr\/wp-json\/wp\/v2\/media?parent=451762"}],"wp:term":[{"taxonomy":"category","embeddable":true,"href":"https:\/\/www.ecinews.fr\/fr\/wp-json\/wp\/v2\/categories?post=451762"},{"taxonomy":"post_tag","embeddable":true,"href":"https:\/\/www.ecinews.fr\/fr\/wp-json\/wp\/v2\/tags?post=451762"},{"taxonomy":"domains","embeddable":true,"href":"https:\/\/www.ecinews.fr\/fr\/wp-json\/wp\/v2\/domains?post=451762"},{"taxonomy":"author","embeddable":true,"href":"https:\/\/www.ecinews.fr\/fr\/wp-json\/wp\/v2\/ppma_author?post=451762"}],"curies":[{"name":"wp","href":"https:\/\/api.w.org\/{rel}","templated":true}]}}