{"id":451754,"date":"2024-05-22T10:00:06","date_gmt":"2024-05-22T08:00:06","guid":{"rendered":"https:\/\/www.ecinews.fr\/?p=451754"},"modified":"2024-05-22T01:04:14","modified_gmt":"2024-05-21T23:04:14","slug":"farnell-commercialise-les-composants-tdk-pour-velos-electriques-et-a-assistance-electrique","status":"publish","type":"post","link":"https:\/\/www.ecinews.fr\/fr\/farnell-commercialise-les-composants-tdk-pour-velos-electriques-et-a-assistance-electrique\/","title":{"rendered":"Farnell commercialise les composants TDK pour v\u00e9los \u00e9lectriques et \u00e0 assistance \u00e9lectrique"},"content":{"rendered":"<h3><strong>Afin de favoriser la prochaine vague de r\u00e9volution de la mobilit\u00e9 \u00e9lectrique,<\/strong> <strong>Farnell propose d\u00e9sormais une gamme compl\u00e8te de composants \u00e9lectroniques de TDK pour les cycles \u00e0 assistance \u00e9lectronique des v\u00e9los \u00e9lectriques et \u00e0 assistance \u00e9lectrique, TDK jouant un r\u00f4le essentiel dans l\u2019avancement de la technologie des v\u00e9los \u00e9lectriques.<\/strong><\/h3>\n<p>Alors que la micromobilit\u00e9 occupe une place centrale et que la demande de transports respectueux de l\u2019environnement augmente, la contribution de TDK favorise le d\u00e9veloppement et la production de v\u00e9los \u00e9lectriques et de v\u00e9los \u00e0 assistance \u00e9lectrique efficaces et fiables.<\/p>\n<p>Farnell propose une large gamme de produits TDK essentiels au d\u00e9veloppement de v\u00e9los \u00e9lectriques s\u00fbrs et fiables, notamment\u00a0:<\/p>\n<ul>\n<li><strong>Capteurs\u00a0:<\/strong> <a href=\"https:\/\/fr.farnell.com\/search?st=tdk%20barometric%20pressure%20sensors&amp;gs=true?ICID=I-CT-LP-TDK-EBIKE-BAROMETRIC-PRESSURE-FEB_24-WF3358535\">Capteurs de pression barom\u00e9trique<\/a>, <a href=\"https:\/\/fr.farnell.com\/w\/search\/prl\/results?brand=tdk-invensense&amp;st=icm&amp;ICID=I-CT-LP-TDK-EBIKE-IMU-FEB_24-WF3358535\">unit\u00e9s de mesure inertielle (IMU),<\/a> <a href=\"https:\/\/fr.farnell.com\/w\/search\/prl\/results?brand=tdk-invensense&amp;st=ultrasonic%20sensors&amp;ICID=I-CT-LP-TDK-ULTRASONIC-SENSORS-EBIKE-FEB_24-WF3358535\">capteurs \u00e0 ultrasons<\/a>, <a href=\"https:\/\/fr.farnell.com\/c\/circuit-protection\/thermistors\/temperature-sensing-compensation-ntc-thermistors?st=epcos+ntc+thermistor%2C+aec-q200%2C+10k%2C+wire+lead&amp;showResults=true&amp;ICID=I-CT-LP-TDK-EBIKE-NTC-SENSOR-FEB_24-WF3358535\">assemblage et syst\u00e8mes de capteurs NTC<\/a><\/li>\n<li><strong>Condensateurs\u00a0:<\/strong> <a href=\"https:\/\/fr.farnell.com\/c\/passive-components\/capacitors\/film-capacitors\/noise-suppression-safety-capacitors?brand=epcos&amp;searchref=searchlookahead\">Condensateurs de suppression EMI<\/a>, <a href=\"https:\/\/fr.farnell.com\/c\/passive-components\/capacitors\/aluminium-electrolytic-capacitors\/hybrid-polymer-aluminium-electrolytic-capacitors?st=epcos+hybrid+polymer+capacitors&amp;showResults=true?ICID=I-CT-LP-TDK-EBIKE-HYBRID-POLYMER-CAPACITORS-FEB_24-WF3358535\">condensateurs polym\u00e8res hybrides<\/a><\/li>\n<li><strong>Selfs pour ligne d\u2019alimentation\u00a0: <\/strong><a href=\"https:\/\/fr.farnell.com\/c\/passive-components\/emc-rfi-suppression\/common-mode-chokes-filters?st=epcos+power+line+common+mode+chokes%2Ffilters&amp;showResults=true&amp;ICID=I-CT-LP-TDK-EBIKE-POWER-LINE-COMMON-FEB_24-WF3358535\">Selfs et filtres de mode commun pour ligne d\u2019alimentation<\/a><\/li>\n<li><strong>Protection des circuits<\/strong>: <a href=\"https:\/\/fr.farnell.com\/c\/circuit-protection\/tvs-transient-voltage-suppressors\/tvs-varistors?st=epcos%20leaded%20disk%20varistors&amp;ICID=I-CT-LP-TDK-EBIKE-LEADED-DISK-VARISTORS-FEB_24-WF3358535\">Varistances \u00e0 disque plomb\u00e9 et inductances<\/a><\/li>\n<\/ul>\n<p><strong>Dave Jones, Senior Manager for Passives chez Farnell<\/strong> d\u00e9clare\u00a0: \u00ab\u00a0Ces ajouts cl\u00e9s \u00e0 notre gamme d\u00e9montrent notre engagement \u00e0 offrir le meilleur de la technologie des v\u00e9los \u00e9lectriques \u00e0 nos clients, en garantissant que chaque trajet est aliment\u00e9 par des composants qui \u00e9tablissent la norme de l\u2019industrie en mati\u00e8re d\u2019excellence et de durabilit\u00e9. Les composants pour v\u00e9los \u00e9lectriques de TDK fa\u00e7onnent l\u2019avenir de la mobilit\u00e9 \u00e9lectrique, faisant de ce moyen de transport une option plus durable et plus attrayante.\u00a0\u00bb<\/p>\n<p>Les produits sont commercialis\u00e9s sous les marques de produits TDK, EPCOS, InvenSense, Micronas, Tronics et TDK-Lambda<\/p>\n<p><a href=\"http:\/\/www.farnell.com\/corporate\">Farnell<\/a><\/p>\n<p><a href=\"https:\/\/news.google.com\/publications\/CAAqBwgKMJbcwQswuPfYAw?hl=fr&amp;gl=BE&amp;ceid=BE:fr\">Suivre ECInews sur Google news<\/a><\/p>\n","protected":false},"excerpt":{"rendered":"<p>Afin de favoriser la prochaine vague de r\u00e9volution de la mobilit\u00e9 \u00e9lectrique, Farnell propose d\u00e9sormais une gamme compl\u00e8te de composants \u00e9lectroniques de TDK pour les cycles \u00e0 assistance \u00e9lectronique des v\u00e9los \u00e9lectriques et \u00e0 assistance \u00e9lectrique, TDK jouant un r\u00f4le essentiel dans l\u2019avancement de la technologie des v\u00e9los \u00e9lectriques. Alors que la micromobilit\u00e9 occupe une [&hellip;]<\/p>\n","protected":false},"author":39,"featured_media":451755,"comment_status":"closed","ping_status":"closed","sticky":false,"template":"","format":"standard","meta":{"_acf_changed":false,"footnotes":""},"categories":[886],"tags":[6422],"domains":[47],"ppma_author":[6113],"class_list":["post-451754","post","type-post","status-publish","format-standard","has-post-thumbnail","hentry","category-news-fr","tag-composants-electriques","domains-electronique-eci"],"acf":[],"yoast_head":"<title>Farnell commercialise les composants TDK pour v\u00e9los \u00e9lectriqu...<\/title>\n<meta name=\"description\" content=\"Afin de favoriser la prochaine vague de r\u00e9volution de la mobilit\u00e9 \u00e9lectrique, Farnell propose d\u00e9sormais une gamme compl\u00e8te de composants \u00e9lectroniques...\" \/>\n<meta name=\"robots\" content=\"index, follow, max-snippet:-1, max-image-preview:large, max-video-preview:-1\" \/>\n<link rel=\"canonical\" href=\"https:\/\/www.ecinews.fr\/fr\/wp-json\/wp\/v2\/posts\/451754\/\" \/>\n<meta property=\"og:locale\" content=\"fr_FR\" \/>\n<meta property=\"og:type\" content=\"article\" \/>\n<meta property=\"og:title\" content=\"Farnell commercialise les composants TDK pour v\u00e9los \u00e9lectriques et \u00e0 assistance \u00e9lectrique\" \/>\n<meta property=\"og:description\" content=\"Afin de favoriser la prochaine vague de r\u00e9volution de la mobilit\u00e9 \u00e9lectrique, Farnell propose d\u00e9sormais une gamme compl\u00e8te de composants \u00e9lectroniques de TDK pour les cycles \u00e0 assistance \u00e9lectronique des v\u00e9los \u00e9lectriques et \u00e0 assistance \u00e9lectrique, TDK jouant un r\u00f4le essentiel dans l\u2019avancement de la technologie des v\u00e9los \u00e9lectriques.\" \/>\n<meta property=\"og:url\" content=\"https:\/\/www.ecinews.fr\/fr\/wp-json\/wp\/v2\/posts\/451754\/\" \/>\n<meta property=\"og:site_name\" content=\"EENewsEurope\" \/>\n<meta property=\"article:published_time\" content=\"2024-05-22T08:00:06+00:00\" \/>\n<meta property=\"article:modified_time\" content=\"2024-05-21T23:04:14+00:00\" \/>\n<meta property=\"og:image\" content=\"https:\/\/www.ecinews.fr\/wp-content\/uploads\/2024\/05\/ECI4173-FR-Farnell-introduit-dans-sa-gamme-les-composants-TDK-pour-velos-electriques.jpg\" \/>\n\t<meta property=\"og:image:width\" content=\"800\" \/>\n\t<meta property=\"og:image:height\" content=\"450\" \/>\n\t<meta property=\"og:image:type\" content=\"image\/jpeg\" \/>\n<meta name=\"author\" content=\"NicolasFeste\" \/>\n<meta name=\"twitter:card\" content=\"summary_large_image\" \/>\n<meta name=\"twitter:label1\" content=\"Written by\" \/>\n\t<meta name=\"twitter:data1\" content=\"NicolasFeste\" \/>\n\t<meta name=\"twitter:label2\" content=\"Est. reading time\" \/>\n\t<meta name=\"twitter:data2\" content=\"2 minutes\" \/>\n<script type=\"application\/ld+json\" class=\"yoast-schema-graph\">{\"@context\":\"https:\/\/schema.org\",\"@graph\":[{\"@type\":\"Article\",\"@id\":\"https:\/\/www.ecinews.fr\/fr\/farnell-commercialise-les-composants-tdk-pour-velos-electriques-et-a-assistance-electrique\/#article\",\"isPartOf\":{\"@id\":\"https:\/\/www.ecinews.fr\/fr\/farnell-commercialise-les-composants-tdk-pour-velos-electriques-et-a-assistance-electrique\/\"},\"author\":{\"name\":\"NicolasFeste\",\"@id\":\"https:\/\/www.eenewseurope.com\/en\/#\/schema\/person\/c7104a72b466a801f257e51481de0c43\"},\"headline\":\"Farnell commercialise les composants TDK pour v\u00e9los \u00e9lectriques et \u00e0 assistance \u00e9lectrique\",\"datePublished\":\"2024-05-22T08:00:06+00:00\",\"dateModified\":\"2024-05-21T23:04:14+00:00\",\"mainEntityOfPage\":{\"@id\":\"https:\/\/www.ecinews.fr\/fr\/farnell-commercialise-les-composants-tdk-pour-velos-electriques-et-a-assistance-electrique\/\"},\"wordCount\":292,\"publisher\":{\"@id\":\"https:\/\/www.eenewseurope.com\/en\/#organization\"},\"keywords\":[\"Composants \u00e9lectriques\"],\"articleSection\":[\"Actualit\u00e9 g\u00e9n\u00e9rale\"],\"inLanguage\":\"fr-FR\"},{\"@type\":\"WebPage\",\"@id\":\"https:\/\/www.ecinews.fr\/fr\/farnell-commercialise-les-composants-tdk-pour-velos-electriques-et-a-assistance-electrique\/\",\"url\":\"https:\/\/www.ecinews.fr\/fr\/farnell-commercialise-les-composants-tdk-pour-velos-electriques-et-a-assistance-electrique\/\",\"name\":\"Farnell commercialise les composants TDK pour v\u00e9los \u00e9lectriques et \u00e0 assistance \u00e9lectrique -\",\"isPartOf\":{\"@id\":\"https:\/\/www.eenewseurope.com\/en\/#website\"},\"datePublished\":\"2024-05-22T08:00:06+00:00\",\"dateModified\":\"2024-05-21T23:04:14+00:00\",\"description\":\"Afin de favoriser la prochaine vague de r\u00e9volution de la mobilit\u00e9 \u00e9lectrique, Farnell propose d\u00e9sormais une gamme compl\u00e8te de composants \u00e9lectroniques de TDK pour les cycles \u00e0 assistance \u00e9lectronique des v\u00e9los \u00e9lectriques et \u00e0 assistance \u00e9lectrique, TDK jouant un r\u00f4le essentiel dans l\u2019avancement de la technologie des v\u00e9los \u00e9lectriques.\",\"breadcrumb\":{\"@id\":\"https:\/\/www.ecinews.fr\/fr\/farnell-commercialise-les-composants-tdk-pour-velos-electriques-et-a-assistance-electrique\/#breadcrumb\"},\"inLanguage\":\"fr-FR\",\"potentialAction\":[{\"@type\":\"ReadAction\",\"target\":[\"https:\/\/www.ecinews.fr\/fr\/farnell-commercialise-les-composants-tdk-pour-velos-electriques-et-a-assistance-electrique\/\"]}]},{\"@type\":\"BreadcrumbList\",\"@id\":\"https:\/\/www.ecinews.fr\/fr\/farnell-commercialise-les-composants-tdk-pour-velos-electriques-et-a-assistance-electrique\/#breadcrumb\",\"itemListElement\":[{\"@type\":\"ListItem\",\"position\":1,\"name\":\"Home\",\"item\":\"https:\/\/www.ecinews.fr\/fr\/\"},{\"@type\":\"ListItem\",\"position\":2,\"name\":\"Farnell commercialise les composants TDK pour v\u00e9los \u00e9lectriques et \u00e0 assistance \u00e9lectrique\"}]},{\"@type\":\"WebSite\",\"@id\":\"https:\/\/www.eenewseurope.com\/en\/#website\",\"url\":\"https:\/\/www.eenewseurope.com\/en\/\",\"name\":\"EENewsEurope\",\"description\":\"Just another WordPress site\",\"publisher\":{\"@id\":\"https:\/\/www.eenewseurope.com\/en\/#organization\"},\"potentialAction\":[{\"@type\":\"SearchAction\",\"target\":{\"@type\":\"EntryPoint\",\"urlTemplate\":\"https:\/\/www.eenewseurope.com\/en\/?s={search_term_string}\"},\"query-input\":\"required name=search_term_string\"}],\"inLanguage\":\"fr-FR\"},{\"@type\":\"Organization\",\"@id\":\"https:\/\/www.eenewseurope.com\/en\/#organization\",\"name\":\"EENewsEurope\",\"url\":\"https:\/\/www.eenewseurope.com\/en\/\",\"logo\":{\"@type\":\"ImageObject\",\"inLanguage\":\"fr-FR\",\"@id\":\"https:\/\/www.eenewseurope.com\/en\/#\/schema\/logo\/image\/\",\"url\":\"https:\/\/www.ecinews.fr\/wp-content\/uploads\/2022\/02\/logo-1.jpg\",\"contentUrl\":\"https:\/\/www.ecinews.fr\/wp-content\/uploads\/2022\/02\/logo-1.jpg\",\"width\":283,\"height\":113,\"caption\":\"EENewsEurope\"},\"image\":{\"@id\":\"https:\/\/www.eenewseurope.com\/en\/#\/schema\/logo\/image\/\"}},{\"@type\":\"Person\",\"@id\":\"https:\/\/www.eenewseurope.com\/en\/#\/schema\/person\/c7104a72b466a801f257e51481de0c43\",\"name\":\"NicolasFeste\",\"image\":{\"@type\":\"ImageObject\",\"inLanguage\":\"fr-FR\",\"@id\":\"https:\/\/www.eenewseurope.com\/en\/#\/schema\/person\/image\/1ea421e7d03c1e96a9ea2bcf2705734a\",\"url\":\"https:\/\/secure.gravatar.com\/avatar\/2e187f4d96902933ba445ed6c760e11c?s=96&d=mm&r=g\",\"contentUrl\":\"https:\/\/secure.gravatar.com\/avatar\/2e187f4d96902933ba445ed6c760e11c?s=96&d=mm&r=g\",\"caption\":\"NicolasFeste\"}}]}<\/script>","yoast_head_json":{"title":"Farnell commercialise les composants TDK pour v\u00e9los \u00e9lectriqu...","description":"Afin de favoriser la prochaine vague de r\u00e9volution de la mobilit\u00e9 \u00e9lectrique, Farnell propose d\u00e9sormais une gamme compl\u00e8te de composants \u00e9lectroniques...","robots":{"index":"index","follow":"follow","max-snippet":"max-snippet:-1","max-image-preview":"max-image-preview:large","max-video-preview":"max-video-preview:-1"},"canonical":"https:\/\/www.ecinews.fr\/fr\/wp-json\/wp\/v2\/posts\/451754\/","og_locale":"fr_FR","og_type":"article","og_title":"Farnell commercialise les composants TDK pour v\u00e9los \u00e9lectriques et \u00e0 assistance \u00e9lectrique","og_description":"Afin de favoriser la prochaine vague de r\u00e9volution de la mobilit\u00e9 \u00e9lectrique, Farnell propose d\u00e9sormais une gamme compl\u00e8te de composants \u00e9lectroniques de TDK pour les cycles \u00e0 assistance \u00e9lectronique des v\u00e9los \u00e9lectriques et \u00e0 assistance \u00e9lectrique, TDK jouant un r\u00f4le essentiel dans l\u2019avancement de la technologie des v\u00e9los \u00e9lectriques.","og_url":"https:\/\/www.ecinews.fr\/fr\/wp-json\/wp\/v2\/posts\/451754\/","og_site_name":"EENewsEurope","article_published_time":"2024-05-22T08:00:06+00:00","article_modified_time":"2024-05-21T23:04:14+00:00","og_image":[{"width":800,"height":450,"url":"https:\/\/www.ecinews.fr\/wp-content\/uploads\/2024\/05\/ECI4173-FR-Farnell-introduit-dans-sa-gamme-les-composants-TDK-pour-velos-electriques.jpg","type":"image\/jpeg"}],"author":"NicolasFeste","twitter_card":"summary_large_image","twitter_misc":{"Written by":"NicolasFeste","Est. reading time":"2 minutes"},"schema":{"@context":"https:\/\/schema.org","@graph":[{"@type":"Article","@id":"https:\/\/www.ecinews.fr\/fr\/farnell-commercialise-les-composants-tdk-pour-velos-electriques-et-a-assistance-electrique\/#article","isPartOf":{"@id":"https:\/\/www.ecinews.fr\/fr\/farnell-commercialise-les-composants-tdk-pour-velos-electriques-et-a-assistance-electrique\/"},"author":{"name":"NicolasFeste","@id":"https:\/\/www.eenewseurope.com\/en\/#\/schema\/person\/c7104a72b466a801f257e51481de0c43"},"headline":"Farnell commercialise les composants TDK pour v\u00e9los \u00e9lectriques et \u00e0 assistance \u00e9lectrique","datePublished":"2024-05-22T08:00:06+00:00","dateModified":"2024-05-21T23:04:14+00:00","mainEntityOfPage":{"@id":"https:\/\/www.ecinews.fr\/fr\/farnell-commercialise-les-composants-tdk-pour-velos-electriques-et-a-assistance-electrique\/"},"wordCount":292,"publisher":{"@id":"https:\/\/www.eenewseurope.com\/en\/#organization"},"keywords":["Composants \u00e9lectriques"],"articleSection":["Actualit\u00e9 g\u00e9n\u00e9rale"],"inLanguage":"fr-FR"},{"@type":"WebPage","@id":"https:\/\/www.ecinews.fr\/fr\/farnell-commercialise-les-composants-tdk-pour-velos-electriques-et-a-assistance-electrique\/","url":"https:\/\/www.ecinews.fr\/fr\/farnell-commercialise-les-composants-tdk-pour-velos-electriques-et-a-assistance-electrique\/","name":"Farnell commercialise les composants TDK pour v\u00e9los \u00e9lectriques et \u00e0 assistance \u00e9lectrique -","isPartOf":{"@id":"https:\/\/www.eenewseurope.com\/en\/#website"},"datePublished":"2024-05-22T08:00:06+00:00","dateModified":"2024-05-21T23:04:14+00:00","description":"Afin de favoriser la prochaine vague de r\u00e9volution de la mobilit\u00e9 \u00e9lectrique, Farnell propose d\u00e9sormais une gamme compl\u00e8te de composants \u00e9lectroniques de TDK pour les cycles \u00e0 assistance \u00e9lectronique des v\u00e9los \u00e9lectriques et \u00e0 assistance \u00e9lectrique, TDK jouant un r\u00f4le essentiel dans l\u2019avancement de la technologie des v\u00e9los \u00e9lectriques.","breadcrumb":{"@id":"https:\/\/www.ecinews.fr\/fr\/farnell-commercialise-les-composants-tdk-pour-velos-electriques-et-a-assistance-electrique\/#breadcrumb"},"inLanguage":"fr-FR","potentialAction":[{"@type":"ReadAction","target":["https:\/\/www.ecinews.fr\/fr\/farnell-commercialise-les-composants-tdk-pour-velos-electriques-et-a-assistance-electrique\/"]}]},{"@type":"BreadcrumbList","@id":"https:\/\/www.ecinews.fr\/fr\/farnell-commercialise-les-composants-tdk-pour-velos-electriques-et-a-assistance-electrique\/#breadcrumb","itemListElement":[{"@type":"ListItem","position":1,"name":"Home","item":"https:\/\/www.ecinews.fr\/fr\/"},{"@type":"ListItem","position":2,"name":"Farnell commercialise les composants TDK pour v\u00e9los \u00e9lectriques et \u00e0 assistance \u00e9lectrique"}]},{"@type":"WebSite","@id":"https:\/\/www.eenewseurope.com\/en\/#website","url":"https:\/\/www.eenewseurope.com\/en\/","name":"EENewsEurope","description":"Just another WordPress site","publisher":{"@id":"https:\/\/www.eenewseurope.com\/en\/#organization"},"potentialAction":[{"@type":"SearchAction","target":{"@type":"EntryPoint","urlTemplate":"https:\/\/www.eenewseurope.com\/en\/?s={search_term_string}"},"query-input":"required name=search_term_string"}],"inLanguage":"fr-FR"},{"@type":"Organization","@id":"https:\/\/www.eenewseurope.com\/en\/#organization","name":"EENewsEurope","url":"https:\/\/www.eenewseurope.com\/en\/","logo":{"@type":"ImageObject","inLanguage":"fr-FR","@id":"https:\/\/www.eenewseurope.com\/en\/#\/schema\/logo\/image\/","url":"https:\/\/www.ecinews.fr\/wp-content\/uploads\/2022\/02\/logo-1.jpg","contentUrl":"https:\/\/www.ecinews.fr\/wp-content\/uploads\/2022\/02\/logo-1.jpg","width":283,"height":113,"caption":"EENewsEurope"},"image":{"@id":"https:\/\/www.eenewseurope.com\/en\/#\/schema\/logo\/image\/"}},{"@type":"Person","@id":"https:\/\/www.eenewseurope.com\/en\/#\/schema\/person\/c7104a72b466a801f257e51481de0c43","name":"NicolasFeste","image":{"@type":"ImageObject","inLanguage":"fr-FR","@id":"https:\/\/www.eenewseurope.com\/en\/#\/schema\/person\/image\/1ea421e7d03c1e96a9ea2bcf2705734a","url":"https:\/\/secure.gravatar.com\/avatar\/2e187f4d96902933ba445ed6c760e11c?s=96&d=mm&r=g","contentUrl":"https:\/\/secure.gravatar.com\/avatar\/2e187f4d96902933ba445ed6c760e11c?s=96&d=mm&r=g","caption":"NicolasFeste"}}]}},"authors":[{"term_id":6113,"user_id":39,"is_guest":0,"slug":"nicolasfeste","display_name":"NicolasFeste","avatar_url":"https:\/\/secure.gravatar.com\/avatar\/2e187f4d96902933ba445ed6c760e11c?s=96&d=mm&r=g","0":null,"1":"","2":"","3":"","4":"","5":"","6":"","7":"","8":""}],"_links":{"self":[{"href":"https:\/\/www.ecinews.fr\/fr\/wp-json\/wp\/v2\/posts\/451754"}],"collection":[{"href":"https:\/\/www.ecinews.fr\/fr\/wp-json\/wp\/v2\/posts"}],"about":[{"href":"https:\/\/www.ecinews.fr\/fr\/wp-json\/wp\/v2\/types\/post"}],"author":[{"embeddable":true,"href":"https:\/\/www.ecinews.fr\/fr\/wp-json\/wp\/v2\/users\/39"}],"replies":[{"embeddable":true,"href":"https:\/\/www.ecinews.fr\/fr\/wp-json\/wp\/v2\/comments?post=451754"}],"version-history":[{"count":0,"href":"https:\/\/www.ecinews.fr\/fr\/wp-json\/wp\/v2\/posts\/451754\/revisions"}],"wp:featuredmedia":[{"embeddable":true,"href":"https:\/\/www.ecinews.fr\/fr\/wp-json\/wp\/v2\/media\/451755"}],"wp:attachment":[{"href":"https:\/\/www.ecinews.fr\/fr\/wp-json\/wp\/v2\/media?parent=451754"}],"wp:term":[{"taxonomy":"category","embeddable":true,"href":"https:\/\/www.ecinews.fr\/fr\/wp-json\/wp\/v2\/categories?post=451754"},{"taxonomy":"post_tag","embeddable":true,"href":"https:\/\/www.ecinews.fr\/fr\/wp-json\/wp\/v2\/tags?post=451754"},{"taxonomy":"domains","embeddable":true,"href":"https:\/\/www.ecinews.fr\/fr\/wp-json\/wp\/v2\/domains?post=451754"},{"taxonomy":"author","embeddable":true,"href":"https:\/\/www.ecinews.fr\/fr\/wp-json\/wp\/v2\/ppma_author?post=451754"}],"curies":[{"name":"wp","href":"https:\/\/api.w.org\/{rel}","templated":true}]}}