{"id":451626,"date":"2024-05-21T09:00:43","date_gmt":"2024-05-21T07:00:43","guid":{"rendered":"https:\/\/www.ecinews.fr\/?p=451626"},"modified":"2024-05-21T01:56:11","modified_gmt":"2024-05-20T23:56:11","slug":"partenariat-commercial-et-technologique-flir-et-ue-systems","status":"publish","type":"post","link":"https:\/\/www.ecinews.fr\/fr\/partenariat-commercial-et-technologique-flir-et-ue-systems\/","title":{"rendered":"Partenariat commercial et technologique FLIR et UE Systems"},"content":{"rendered":"<h3><strong>FLIR et UE Systems ont annonc\u00e9 un partenariat commercial et technologique visant \u00e0 fournir aux clients industriels des solutions de maintenance pr\u00e9dictive de pointe, en commen\u00e7ant par les cam\u00e9ras acoustiques FLIR de la s\u00e9rie Si2\u00a0: Si2-Pro, Si2-LD et Si2-PD.<\/strong><\/h3>\n<p>Forts de l&rsquo;expertise approfondie de chaque organisation en mati\u00e8re de fiabilit\u00e9 de la fabrication et d&rsquo;\u00e9conomie d&rsquo;\u00e9nergie, UE Systems et FLIR oeuvreront de concert dans le monde entier pour fournir une technologie ultrasonique r\u00e9pondant aux besoins de surveillance conditionnelle dans une large gamme d&rsquo;applications industrielles. La s\u00e9rie Si2 permet aux clients d&rsquo;identifier avec pr\u00e9cision les probl\u00e8mes li\u00e9s \u00e0 la d\u00e9tection des d\u00e9charges partielles, \u00e0 l&rsquo;identification des fuites sous pression et \u00e0 la localisation des d\u00e9fauts m\u00e9caniques en milieu industriel.<\/p>\n<p>\u00ab\u00a0En s&rsquo;associant, FLIR et UE Systems sont \u00e0 m\u00eame de fournir aux clients industriels ax\u00e9s sur la fabrication des solutions d&rsquo;imagerie acoustique plus efficaces et une expertise dans le cadre de programmes complets de surveillance conditionnelle, de maintenance pr\u00e9dictive et d&rsquo;\u00e9conomie d&rsquo;\u00e9nergie\u00a0\u00bb, explique Mark Bochella, Vice-pr\u00e9sident de FLIR charg\u00e9 des ventes et du marketing. \u00ab\u00a0L\u00b4association mutuellement b\u00e9n\u00e9fique de la marque r\u00e9put\u00e9e FLIR, fond\u00e9e sur son expertise en imagerie thermique, et de la connaissance approfondie d&rsquo;UE Systems des programmes de maintenance par ultrasons en milieu industriel, constitue une opportunit\u00e9 de croissance int\u00e9ressante pour les deux organisations\u00a0\u00bb.<\/p>\n<p>\u00ab\u00a0Ce partenariat donne \u00e0 FLIR et \u00e0 UE Systems l\u00b4opportunit\u00e9 de conjuguer leurs forces respectives au profit des programmes de maintenance de la fiabilit\u00e9 et d&rsquo;\u00e9conomies d&rsquo;\u00e9nergie dans le monde entier, en commen\u00e7ant par la s\u00e9rie de cam\u00e9ras d&rsquo;imagerie acoustique Si2\u00a0\u00bb, pr\u00e9cise Blair Fraser, Vice-pr\u00e9sident d\u00b4UE Systems charg\u00e9 de la technologie et du d\u00e9veloppement commercial au niveau mondial. \u00ab\u00a0Dans les mois et les ann\u00e9es \u00e0 venir, nous pr\u00e9voyons qu\u00b4UE Systems et FLIR exploreront d&rsquo;autres possibilit\u00e9s de collaboration afin d&rsquo;offrir aux clients des solutions compl\u00e8tes de d\u00e9tection multiple qu&rsquo;ils ne trouveront nulle part ailleurs\u00a0\u00bb.<\/p>\n<p>Le partenariat technologique et commercial porte initialement sur la s\u00e9rie Si2 de cam\u00e9ras d&rsquo;imagerie acoustique, offrant ainsi des solutions de qualit\u00e9 industrielle qui r\u00e9pondent aux principales exigences en mati\u00e8re d&rsquo;inspection dans les secteurs de la fabrication, de l\u00b4\u00e9lectricit\u00e9, de la transformation et des services publics. Ce partenariat offre \u00e9galement \u00e0 FLIR et UE Systems d\u00b4autres opportunit\u00e9s de collaborer \u00e0 de futures initiatives de maintenance industrielle qui s\u00b4inscrivent dans les priorit\u00e9s respectives de chaque organisation.<\/p>\n<p><a href=\"https:\/\/www.teledyneflir.com\/\">Teledyne FLIR<\/a><\/p>\n<p><a href=\"https:\/\/news.google.com\/publications\/CAAqBwgKMJbcwQswuPfYAw?hl=fr&amp;gl=BE&amp;ceid=BE:fr\">Suivre ECInews sur Google news<\/a><\/p>\n","protected":false},"excerpt":{"rendered":"<p>FLIR et UE Systems ont annonc\u00e9 un partenariat commercial et technologique visant \u00e0 fournir aux clients industriels des solutions de maintenance pr\u00e9dictive de pointe, en commen\u00e7ant par les cam\u00e9ras acoustiques FLIR de la s\u00e9rie Si2\u00a0: Si2-Pro, Si2-LD et Si2-PD. Forts de l&rsquo;expertise approfondie de chaque organisation en mati\u00e8re de fiabilit\u00e9 de la fabrication et d&rsquo;\u00e9conomie [&hellip;]<\/p>\n","protected":false},"author":39,"featured_media":451627,"comment_status":"closed","ping_status":"closed","sticky":false,"template":"","format":"standard","meta":{"_acf_changed":false,"footnotes":""},"categories":[886],"tags":[4878],"domains":[47],"ppma_author":[6113],"class_list":["post-451626","post","type-post","status-publish","format-standard","has-post-thumbnail","hentry","category-news-fr","tag-technologie","domains-electronique-eci"],"acf":[],"yoast_head":"<title>Partenariat commercial et technologique FLIR et UE Systems ...<\/title>\n<meta name=\"description\" content=\"FLIR et UE Systems ont annonc\u00e9 un partenariat commercial et technologique visant \u00e0 fournir aux clients industriels des solutions de maintenance pr\u00e9dictive...\" \/>\n<meta name=\"robots\" content=\"index, follow, max-snippet:-1, max-image-preview:large, max-video-preview:-1\" \/>\n<link rel=\"canonical\" href=\"https:\/\/www.ecinews.fr\/fr\/wp-json\/wp\/v2\/posts\/451626\/\" \/>\n<meta property=\"og:locale\" content=\"fr_FR\" \/>\n<meta property=\"og:type\" content=\"article\" \/>\n<meta property=\"og:title\" content=\"Partenariat commercial et technologique FLIR et UE Systems\" \/>\n<meta property=\"og:description\" content=\"FLIR et UE Systems ont annonc\u00e9 un partenariat commercial et technologique visant \u00e0 fournir aux clients industriels des solutions de maintenance pr\u00e9dictive de pointe, en commen\u00e7ant par les cam\u00e9ras acoustiques FLIR de la s\u00e9rie Si2\u00a0: Si2-Pro, Si2-LD et Si2-PD.\" \/>\n<meta property=\"og:url\" content=\"https:\/\/www.ecinews.fr\/fr\/wp-json\/wp\/v2\/posts\/451626\/\" \/>\n<meta property=\"og:site_name\" content=\"EENewsEurope\" \/>\n<meta property=\"article:published_time\" content=\"2024-05-21T07:00:43+00:00\" \/>\n<meta property=\"article:modified_time\" content=\"2024-05-20T23:56:11+00:00\" \/>\n<meta property=\"og:image\" content=\"https:\/\/www.ecinews.fr\/wp-content\/uploads\/2024\/05\/ECI4170-CFR_TELEDYNE-FLIR-TELEDYNE-FLIR-UE-SYSTEMS-PARTNERSHIP-scaled.jpg\" \/>\n\t<meta property=\"og:image:width\" content=\"1080\" \/>\n\t<meta property=\"og:image:height\" content=\"730\" \/>\n\t<meta property=\"og:image:type\" content=\"image\/jpeg\" \/>\n<meta name=\"author\" content=\"NicolasFeste\" \/>\n<meta name=\"twitter:card\" content=\"summary_large_image\" \/>\n<meta name=\"twitter:label1\" content=\"Written by\" \/>\n\t<meta name=\"twitter:data1\" content=\"NicolasFeste\" \/>\n\t<meta name=\"twitter:label2\" content=\"Est. reading time\" \/>\n\t<meta name=\"twitter:data2\" content=\"2 minutes\" \/>\n<script type=\"application\/ld+json\" class=\"yoast-schema-graph\">{\"@context\":\"https:\/\/schema.org\",\"@graph\":[{\"@type\":\"Article\",\"@id\":\"https:\/\/www.ecinews.fr\/fr\/partenariat-commercial-et-technologique-flir-et-ue-systems\/#article\",\"isPartOf\":{\"@id\":\"https:\/\/www.ecinews.fr\/fr\/partenariat-commercial-et-technologique-flir-et-ue-systems\/\"},\"author\":{\"name\":\"NicolasFeste\",\"@id\":\"https:\/\/www.eenewseurope.com\/en\/#\/schema\/person\/c7104a72b466a801f257e51481de0c43\"},\"headline\":\"Partenariat commercial et technologique FLIR et UE Systems\",\"datePublished\":\"2024-05-21T07:00:43+00:00\",\"dateModified\":\"2024-05-20T23:56:11+00:00\",\"mainEntityOfPage\":{\"@id\":\"https:\/\/www.ecinews.fr\/fr\/partenariat-commercial-et-technologique-flir-et-ue-systems\/\"},\"wordCount\":455,\"publisher\":{\"@id\":\"https:\/\/www.eenewseurope.com\/en\/#organization\"},\"keywords\":[\"technologie\"],\"articleSection\":[\"Actualit\u00e9 g\u00e9n\u00e9rale\"],\"inLanguage\":\"fr-FR\"},{\"@type\":\"WebPage\",\"@id\":\"https:\/\/www.ecinews.fr\/fr\/partenariat-commercial-et-technologique-flir-et-ue-systems\/\",\"url\":\"https:\/\/www.ecinews.fr\/fr\/partenariat-commercial-et-technologique-flir-et-ue-systems\/\",\"name\":\"Partenariat commercial et technologique FLIR et UE Systems -\",\"isPartOf\":{\"@id\":\"https:\/\/www.eenewseurope.com\/en\/#website\"},\"datePublished\":\"2024-05-21T07:00:43+00:00\",\"dateModified\":\"2024-05-20T23:56:11+00:00\",\"description\":\"FLIR et UE Systems ont annonc\u00e9 un partenariat commercial et technologique visant \u00e0 fournir aux clients industriels des solutions de maintenance pr\u00e9dictive de pointe, en commen\u00e7ant par les cam\u00e9ras acoustiques FLIR de la s\u00e9rie Si2\u00a0: Si2-Pro, Si2-LD et Si2-PD.\",\"breadcrumb\":{\"@id\":\"https:\/\/www.ecinews.fr\/fr\/partenariat-commercial-et-technologique-flir-et-ue-systems\/#breadcrumb\"},\"inLanguage\":\"fr-FR\",\"potentialAction\":[{\"@type\":\"ReadAction\",\"target\":[\"https:\/\/www.ecinews.fr\/fr\/partenariat-commercial-et-technologique-flir-et-ue-systems\/\"]}]},{\"@type\":\"BreadcrumbList\",\"@id\":\"https:\/\/www.ecinews.fr\/fr\/partenariat-commercial-et-technologique-flir-et-ue-systems\/#breadcrumb\",\"itemListElement\":[{\"@type\":\"ListItem\",\"position\":1,\"name\":\"Home\",\"item\":\"https:\/\/www.ecinews.fr\/fr\/\"},{\"@type\":\"ListItem\",\"position\":2,\"name\":\"Partenariat commercial et technologique FLIR et UE Systems\"}]},{\"@type\":\"WebSite\",\"@id\":\"https:\/\/www.eenewseurope.com\/en\/#website\",\"url\":\"https:\/\/www.eenewseurope.com\/en\/\",\"name\":\"EENewsEurope\",\"description\":\"Just another WordPress site\",\"publisher\":{\"@id\":\"https:\/\/www.eenewseurope.com\/en\/#organization\"},\"potentialAction\":[{\"@type\":\"SearchAction\",\"target\":{\"@type\":\"EntryPoint\",\"urlTemplate\":\"https:\/\/www.eenewseurope.com\/en\/?s={search_term_string}\"},\"query-input\":\"required name=search_term_string\"}],\"inLanguage\":\"fr-FR\"},{\"@type\":\"Organization\",\"@id\":\"https:\/\/www.eenewseurope.com\/en\/#organization\",\"name\":\"EENewsEurope\",\"url\":\"https:\/\/www.eenewseurope.com\/en\/\",\"logo\":{\"@type\":\"ImageObject\",\"inLanguage\":\"fr-FR\",\"@id\":\"https:\/\/www.eenewseurope.com\/en\/#\/schema\/logo\/image\/\",\"url\":\"https:\/\/www.ecinews.fr\/wp-content\/uploads\/2022\/02\/logo-1.jpg\",\"contentUrl\":\"https:\/\/www.ecinews.fr\/wp-content\/uploads\/2022\/02\/logo-1.jpg\",\"width\":283,\"height\":113,\"caption\":\"EENewsEurope\"},\"image\":{\"@id\":\"https:\/\/www.eenewseurope.com\/en\/#\/schema\/logo\/image\/\"}},{\"@type\":\"Person\",\"@id\":\"https:\/\/www.eenewseurope.com\/en\/#\/schema\/person\/c7104a72b466a801f257e51481de0c43\",\"name\":\"NicolasFeste\",\"image\":{\"@type\":\"ImageObject\",\"inLanguage\":\"fr-FR\",\"@id\":\"https:\/\/www.eenewseurope.com\/en\/#\/schema\/person\/image\/1ea421e7d03c1e96a9ea2bcf2705734a\",\"url\":\"https:\/\/secure.gravatar.com\/avatar\/2e187f4d96902933ba445ed6c760e11c?s=96&d=mm&r=g\",\"contentUrl\":\"https:\/\/secure.gravatar.com\/avatar\/2e187f4d96902933ba445ed6c760e11c?s=96&d=mm&r=g\",\"caption\":\"NicolasFeste\"}}]}<\/script>","yoast_head_json":{"title":"Partenariat commercial et technologique FLIR et UE Systems ...","description":"FLIR et UE Systems ont annonc\u00e9 un partenariat commercial et technologique visant \u00e0 fournir aux clients industriels des solutions de maintenance pr\u00e9dictive...","robots":{"index":"index","follow":"follow","max-snippet":"max-snippet:-1","max-image-preview":"max-image-preview:large","max-video-preview":"max-video-preview:-1"},"canonical":"https:\/\/www.ecinews.fr\/fr\/wp-json\/wp\/v2\/posts\/451626\/","og_locale":"fr_FR","og_type":"article","og_title":"Partenariat commercial et technologique FLIR et UE Systems","og_description":"FLIR et UE Systems ont annonc\u00e9 un partenariat commercial et technologique visant \u00e0 fournir aux clients industriels des solutions de maintenance pr\u00e9dictive de pointe, en commen\u00e7ant par les cam\u00e9ras acoustiques FLIR de la s\u00e9rie Si2\u00a0: Si2-Pro, Si2-LD et Si2-PD.","og_url":"https:\/\/www.ecinews.fr\/fr\/wp-json\/wp\/v2\/posts\/451626\/","og_site_name":"EENewsEurope","article_published_time":"2024-05-21T07:00:43+00:00","article_modified_time":"2024-05-20T23:56:11+00:00","og_image":[{"width":1080,"height":730,"url":"https:\/\/www.ecinews.fr\/wp-content\/uploads\/2024\/05\/ECI4170-CFR_TELEDYNE-FLIR-TELEDYNE-FLIR-UE-SYSTEMS-PARTNERSHIP-scaled.jpg","type":"image\/jpeg"}],"author":"NicolasFeste","twitter_card":"summary_large_image","twitter_misc":{"Written by":"NicolasFeste","Est. reading time":"2 minutes"},"schema":{"@context":"https:\/\/schema.org","@graph":[{"@type":"Article","@id":"https:\/\/www.ecinews.fr\/fr\/partenariat-commercial-et-technologique-flir-et-ue-systems\/#article","isPartOf":{"@id":"https:\/\/www.ecinews.fr\/fr\/partenariat-commercial-et-technologique-flir-et-ue-systems\/"},"author":{"name":"NicolasFeste","@id":"https:\/\/www.eenewseurope.com\/en\/#\/schema\/person\/c7104a72b466a801f257e51481de0c43"},"headline":"Partenariat commercial et technologique FLIR et UE Systems","datePublished":"2024-05-21T07:00:43+00:00","dateModified":"2024-05-20T23:56:11+00:00","mainEntityOfPage":{"@id":"https:\/\/www.ecinews.fr\/fr\/partenariat-commercial-et-technologique-flir-et-ue-systems\/"},"wordCount":455,"publisher":{"@id":"https:\/\/www.eenewseurope.com\/en\/#organization"},"keywords":["technologie"],"articleSection":["Actualit\u00e9 g\u00e9n\u00e9rale"],"inLanguage":"fr-FR"},{"@type":"WebPage","@id":"https:\/\/www.ecinews.fr\/fr\/partenariat-commercial-et-technologique-flir-et-ue-systems\/","url":"https:\/\/www.ecinews.fr\/fr\/partenariat-commercial-et-technologique-flir-et-ue-systems\/","name":"Partenariat commercial et technologique FLIR et UE Systems -","isPartOf":{"@id":"https:\/\/www.eenewseurope.com\/en\/#website"},"datePublished":"2024-05-21T07:00:43+00:00","dateModified":"2024-05-20T23:56:11+00:00","description":"FLIR et UE Systems ont annonc\u00e9 un partenariat commercial et technologique visant \u00e0 fournir aux clients industriels des solutions de maintenance pr\u00e9dictive de pointe, en commen\u00e7ant par les cam\u00e9ras acoustiques FLIR de la s\u00e9rie Si2\u00a0: Si2-Pro, Si2-LD et Si2-PD.","breadcrumb":{"@id":"https:\/\/www.ecinews.fr\/fr\/partenariat-commercial-et-technologique-flir-et-ue-systems\/#breadcrumb"},"inLanguage":"fr-FR","potentialAction":[{"@type":"ReadAction","target":["https:\/\/www.ecinews.fr\/fr\/partenariat-commercial-et-technologique-flir-et-ue-systems\/"]}]},{"@type":"BreadcrumbList","@id":"https:\/\/www.ecinews.fr\/fr\/partenariat-commercial-et-technologique-flir-et-ue-systems\/#breadcrumb","itemListElement":[{"@type":"ListItem","position":1,"name":"Home","item":"https:\/\/www.ecinews.fr\/fr\/"},{"@type":"ListItem","position":2,"name":"Partenariat commercial et technologique FLIR et UE Systems"}]},{"@type":"WebSite","@id":"https:\/\/www.eenewseurope.com\/en\/#website","url":"https:\/\/www.eenewseurope.com\/en\/","name":"EENewsEurope","description":"Just another WordPress site","publisher":{"@id":"https:\/\/www.eenewseurope.com\/en\/#organization"},"potentialAction":[{"@type":"SearchAction","target":{"@type":"EntryPoint","urlTemplate":"https:\/\/www.eenewseurope.com\/en\/?s={search_term_string}"},"query-input":"required name=search_term_string"}],"inLanguage":"fr-FR"},{"@type":"Organization","@id":"https:\/\/www.eenewseurope.com\/en\/#organization","name":"EENewsEurope","url":"https:\/\/www.eenewseurope.com\/en\/","logo":{"@type":"ImageObject","inLanguage":"fr-FR","@id":"https:\/\/www.eenewseurope.com\/en\/#\/schema\/logo\/image\/","url":"https:\/\/www.ecinews.fr\/wp-content\/uploads\/2022\/02\/logo-1.jpg","contentUrl":"https:\/\/www.ecinews.fr\/wp-content\/uploads\/2022\/02\/logo-1.jpg","width":283,"height":113,"caption":"EENewsEurope"},"image":{"@id":"https:\/\/www.eenewseurope.com\/en\/#\/schema\/logo\/image\/"}},{"@type":"Person","@id":"https:\/\/www.eenewseurope.com\/en\/#\/schema\/person\/c7104a72b466a801f257e51481de0c43","name":"NicolasFeste","image":{"@type":"ImageObject","inLanguage":"fr-FR","@id":"https:\/\/www.eenewseurope.com\/en\/#\/schema\/person\/image\/1ea421e7d03c1e96a9ea2bcf2705734a","url":"https:\/\/secure.gravatar.com\/avatar\/2e187f4d96902933ba445ed6c760e11c?s=96&d=mm&r=g","contentUrl":"https:\/\/secure.gravatar.com\/avatar\/2e187f4d96902933ba445ed6c760e11c?s=96&d=mm&r=g","caption":"NicolasFeste"}}]}},"authors":[{"term_id":6113,"user_id":39,"is_guest":0,"slug":"nicolasfeste","display_name":"NicolasFeste","avatar_url":"https:\/\/secure.gravatar.com\/avatar\/2e187f4d96902933ba445ed6c760e11c?s=96&d=mm&r=g","0":null,"1":"","2":"","3":"","4":"","5":"","6":"","7":"","8":""}],"_links":{"self":[{"href":"https:\/\/www.ecinews.fr\/fr\/wp-json\/wp\/v2\/posts\/451626"}],"collection":[{"href":"https:\/\/www.ecinews.fr\/fr\/wp-json\/wp\/v2\/posts"}],"about":[{"href":"https:\/\/www.ecinews.fr\/fr\/wp-json\/wp\/v2\/types\/post"}],"author":[{"embeddable":true,"href":"https:\/\/www.ecinews.fr\/fr\/wp-json\/wp\/v2\/users\/39"}],"replies":[{"embeddable":true,"href":"https:\/\/www.ecinews.fr\/fr\/wp-json\/wp\/v2\/comments?post=451626"}],"version-history":[{"count":0,"href":"https:\/\/www.ecinews.fr\/fr\/wp-json\/wp\/v2\/posts\/451626\/revisions"}],"wp:featuredmedia":[{"embeddable":true,"href":"https:\/\/www.ecinews.fr\/fr\/wp-json\/wp\/v2\/media\/451627"}],"wp:attachment":[{"href":"https:\/\/www.ecinews.fr\/fr\/wp-json\/wp\/v2\/media?parent=451626"}],"wp:term":[{"taxonomy":"category","embeddable":true,"href":"https:\/\/www.ecinews.fr\/fr\/wp-json\/wp\/v2\/categories?post=451626"},{"taxonomy":"post_tag","embeddable":true,"href":"https:\/\/www.ecinews.fr\/fr\/wp-json\/wp\/v2\/tags?post=451626"},{"taxonomy":"domains","embeddable":true,"href":"https:\/\/www.ecinews.fr\/fr\/wp-json\/wp\/v2\/domains?post=451626"},{"taxonomy":"author","embeddable":true,"href":"https:\/\/www.ecinews.fr\/fr\/wp-json\/wp\/v2\/ppma_author?post=451626"}],"curies":[{"name":"wp","href":"https:\/\/api.w.org\/{rel}","templated":true}]}}