{"id":451492,"date":"2024-05-18T10:23:50","date_gmt":"2024-05-18T08:23:50","guid":{"rendered":"https:\/\/www.eenewseurope.com\/?p=451492"},"modified":"2024-05-18T10:23:50","modified_gmt":"2024-05-18T08:23:50","slug":"siemens-choisit-de-vendre-innomotics-pour-35-milliards-deuros","status":"publish","type":"post","link":"https:\/\/www.ecinews.fr\/fr\/siemens-choisit-de-vendre-innomotics-pour-35-milliards-deuros\/","title":{"rendered":"Siemens choisit de vendre Innomotics pour 3,5 milliards d&rsquo;euros"},"content":{"rendered":"<h3>Siemens s&rsquo;appr\u00eate \u00e0 vendre son activit\u00e9 de motorisation Innomotics \u00e0 un groupe de capital-investissement pour un montant de 3,5 milliards d&rsquo;euros, plut\u00f4t que de l&rsquo;introduire en bourse en tant qu&rsquo;entreprise ind\u00e9pendante.<\/h3>\n<p>La vente de l&rsquo;unit\u00e9 Innomotics est en cours depuis novembre 2022. L&rsquo;unit\u00e9 r\u00e9alise un chiffre d&rsquo;affaires de 3,3 milliards d&rsquo;euros en vendant des entra\u00eenements et des moteurs de grande taille et emploie environ 15 000 personnes.<\/p>\n<p>Elle sera vendue \u00e0 KPS Capital Partners, qui poss\u00e8de \u00e9galement le fabricant de syst\u00e8mes de batteries et de moteurs Briggs and Stratton, le fabricant de v\u00e9hicules Humvee AM General, ainsi que le producteur d&rsquo;aluminium Speira.<\/p>\n<p>\u00ab\u00a0En vendant Innomotics \u00e0 KPS, je suis heureux que nous ayons fait de nouveaux progr\u00e8s significatifs dans l&rsquo;optimisation de notre portefeuille. La recherche du meilleur nouveau propri\u00e9taire a \u00e9t\u00e9 couronn\u00e9e de succ\u00e8s\u00a0\u00bb, a d\u00e9clar\u00e9 Ralf Thomas, directeur financier de Siemens. \u00ab\u00a0Cette d\u00e9cision donne de la clart\u00e9 aux clients et aux personnes qui travaillent chez Innomotics et ouvre \u00e0 Innomotics la voie \u00e0 de nombreuses possibilit\u00e9s de d\u00e9veloppement commercial fructueux. \u00c0 l&rsquo;avenir, Siemens et ses actionnaires b\u00e9n\u00e9ficieront encore plus de la combinaison des mondes r\u00e9el et num\u00e9rique.\u00a0\u00bb<\/p>\n<ul>\n<li><a href=\"https:\/\/www.eenewseurope.com\/en\/siemens-spins-out-innomotics-as-e3bn-drives-company\/\">Siemens filialise Innomotics pour en faire une soci\u00e9t\u00e9 d&rsquo;entra\u00eenement d&rsquo;une valeur de 3 milliards d&rsquo;euros<\/a><\/li>\n<li><a href=\"https:\/\/www.eenewseurope.com\/en\/siemens-to-buy-ebm-papst-industrial-drive-business\/\">Siemens rach\u00e8te les activit\u00e9s d&rsquo;ebm-papst dans le domaine des entra\u00eenements industriels<\/a><\/li>\n<\/ul>\n<p>En novembre 2022, Siemens a d\u00e9cid\u00e9 de regrouper ses activit\u00e9s li\u00e9es aux grands syst\u00e8mes d&rsquo;entra\u00eenement et aux moteurs \u00e9lectriques sous un m\u00eame toit et de les mettre en place de mani\u00e8re ind\u00e9pendante, en dehors de ses activit\u00e9s principales. Siemens a d\u00e9cid\u00e9 de ne pas poursuivre les pr\u00e9paratifs en vue de l&rsquo;introduction en bourse d&rsquo;Innomotics, qui avaient \u00e9t\u00e9 annonc\u00e9s en novembre 2023.<\/p>\n<p>\u00ab\u00a0Le partenariat avec KPS permettra \u00e0 Innomotics d&rsquo;\u00e9toffer sa vaste exp\u00e9rience en mati\u00e8re d&rsquo;innovation technologique et de fournir \u00e0 ses clients des produits, des solutions et des services de classe mondiale\u00a0\u00bb, a d\u00e9clar\u00e9 Michael Reichle, pr\u00e9sident-directeur g\u00e9n\u00e9ral d&rsquo;Innomotics.<\/p>\n<p>\u00ab\u00a0Nous nous r\u00e9jouissons de travailler en \u00e9troite collaboration avec KPS et son personnel talentueux, car nous continuons \u00e0 apporter une valeur significative \u00e0 nos clients dans le monde entier et \u00e0 renforcer le solide leadership technologique d&rsquo;Innomotics. Innomotics continuera \u00e0 b\u00e9n\u00e9ficier d&rsquo;un fort potentiel de croissance tir\u00e9 par la demande ax\u00e9e sur le d\u00e9veloppement durable pour une \u00e9lectrification et une consommation d&rsquo;\u00e9nergie tr\u00e8s efficaces dans l&rsquo;industrie et la soci\u00e9t\u00e9.\u00a0\u00bb<\/p>\n<p>La vente \u00e0 KPS devrait \u00eatre finalis\u00e9e au cours du premier semestre de l&rsquo;exercice 2025 et est soumise aux approbations habituelles en mati\u00e8re d&rsquo;investissements \u00e9trangers et de contr\u00f4le des fusions.<\/p>\n<p><a href=\"http:\/\/www.innomotics.com\">www.innomotics.com<\/a><\/p>\n<p>&nbsp;<\/p>\n","protected":false},"excerpt":{"rendered":"<p>Siemens s&rsquo;appr\u00eate \u00e0 vendre son activit\u00e9 de motorisation Innomotics \u00e0 un groupe de capital-investissement pour un montant de 3,5 milliards d&rsquo;euros, plut\u00f4t que de l&rsquo;introduire en bourse en tant qu&rsquo;entreprise ind\u00e9pendante. La vente de l&rsquo;unit\u00e9 Innomotics est en cours depuis novembre 2022. L&rsquo;unit\u00e9 r\u00e9alise un chiffre d&rsquo;affaires de 3,3 milliards d&rsquo;euros en vendant des entra\u00eenements [&hellip;]<\/p>\n","protected":false},"author":40,"featured_media":451418,"comment_status":"closed","ping_status":"closed","sticky":false,"template":"","format":"standard","meta":{"_acf_changed":false,"footnotes":""},"categories":[880],"tags":[6406,3260],"domains":[47],"ppma_author":[6199,3640],"class_list":["post-451492","post","type-post","status-publish","format-standard","has-post-thumbnail","hentry","category-actualites-economiques","tag-innomotics","tag-moteurs-electriques","domains-electronique-eci"],"acf":[],"yoast_head":"<title>Siemens choisit de vendre Innomotics pour 3,5 milliards d&#039;euros ...<\/title>\n<meta name=\"description\" content=\"Siemens s&#039;appr\u00eate \u00e0 vendre sa division moteurs Innomotics \u00e0 un groupe de capital-investissement pour un montant de 3,5 milliards d&#039;euros.\" \/>\n<meta name=\"robots\" content=\"index, follow, max-snippet:-1, max-image-preview:large, max-video-preview:-1\" \/>\n<link rel=\"canonical\" href=\"https:\/\/www.ecinews.fr\/fr\/wp-json\/wp\/v2\/posts\/451492\/\" \/>\n<meta property=\"og:locale\" content=\"fr_FR\" \/>\n<meta property=\"og:type\" content=\"article\" \/>\n<meta property=\"og:title\" content=\"Siemens choisit de vendre Innomotics pour 3,5 milliards d&#039;euros\" \/>\n<meta property=\"og:description\" content=\"Siemens s&#039;appr\u00eate \u00e0 vendre sa division moteurs Innomotics \u00e0 un groupe de capital-investissement pour un montant de 3,5 milliards d&#039;euros.\" \/>\n<meta property=\"og:url\" content=\"https:\/\/www.ecinews.fr\/fr\/wp-json\/wp\/v2\/posts\/451492\/\" \/>\n<meta property=\"og:site_name\" content=\"EENewsEurope\" \/>\n<meta property=\"article:published_time\" content=\"2024-05-18T08:23:50+00:00\" \/>\n<meta property=\"og:image\" content=\"https:\/\/www.ecinews.fr\/wp-content\/uploads\/2024\/05\/Innomotics-scaled.jpg\" \/>\n\t<meta property=\"og:image:width\" content=\"1080\" \/>\n\t<meta property=\"og:image:height\" content=\"720\" \/>\n\t<meta property=\"og:image:type\" content=\"image\/jpeg\" \/>\n<meta name=\"author\" content=\"A Delapalisse, Nick Flaherty\" \/>\n<meta name=\"twitter:card\" content=\"summary_large_image\" \/>\n<meta name=\"twitter:label1\" content=\"Written by\" \/>\n\t<meta name=\"twitter:data1\" content=\"A Delapalisse\" \/>\n\t<meta name=\"twitter:label2\" content=\"Est. reading time\" \/>\n\t<meta name=\"twitter:data2\" content=\"2 minutes\" \/>\n<script type=\"application\/ld+json\" class=\"yoast-schema-graph\">{\"@context\":\"https:\/\/schema.org\",\"@graph\":[{\"@type\":\"Article\",\"@id\":\"https:\/\/www.ecinews.fr\/fr\/siemens-choisit-de-vendre-innomotics-pour-35-milliards-deuros\/#article\",\"isPartOf\":{\"@id\":\"https:\/\/www.ecinews.fr\/fr\/siemens-choisit-de-vendre-innomotics-pour-35-milliards-deuros\/\"},\"author\":{\"name\":\"A Delapalisse\",\"@id\":\"https:\/\/www.ecinews.fr\/fr\/#\/schema\/person\/4b3db5ba5c953c5fddeb226df86d8635\"},\"headline\":\"Siemens choisit de vendre Innomotics pour 3,5 milliards d&rsquo;euros\",\"datePublished\":\"2024-05-18T08:23:50+00:00\",\"dateModified\":\"2024-05-18T08:23:50+00:00\",\"mainEntityOfPage\":{\"@id\":\"https:\/\/www.ecinews.fr\/fr\/siemens-choisit-de-vendre-innomotics-pour-35-milliards-deuros\/\"},\"wordCount\":482,\"publisher\":{\"@id\":\"https:\/\/www.ecinews.fr\/fr\/#organization\"},\"keywords\":[\"Innomotics\",\"Moteurs \u00e9lectriques\"],\"articleSection\":[\"Actualit\u00e9s \u00e9conomiques\"],\"inLanguage\":\"fr-FR\"},{\"@type\":\"WebPage\",\"@id\":\"https:\/\/www.ecinews.fr\/fr\/siemens-choisit-de-vendre-innomotics-pour-35-milliards-deuros\/\",\"url\":\"https:\/\/www.ecinews.fr\/fr\/siemens-choisit-de-vendre-innomotics-pour-35-milliards-deuros\/\",\"name\":\"Siemens choisit de vendre Innomotics pour 3,5 milliards d'euros -\",\"isPartOf\":{\"@id\":\"https:\/\/www.ecinews.fr\/fr\/#website\"},\"datePublished\":\"2024-05-18T08:23:50+00:00\",\"dateModified\":\"2024-05-18T08:23:50+00:00\",\"description\":\"Siemens s'appr\u00eate \u00e0 vendre sa division moteurs Innomotics \u00e0 un groupe de capital-investissement pour un montant de 3,5 milliards d'euros.\",\"breadcrumb\":{\"@id\":\"https:\/\/www.ecinews.fr\/fr\/siemens-choisit-de-vendre-innomotics-pour-35-milliards-deuros\/#breadcrumb\"},\"inLanguage\":\"fr-FR\",\"potentialAction\":[{\"@type\":\"ReadAction\",\"target\":[\"https:\/\/www.ecinews.fr\/fr\/siemens-choisit-de-vendre-innomotics-pour-35-milliards-deuros\/\"]}]},{\"@type\":\"BreadcrumbList\",\"@id\":\"https:\/\/www.ecinews.fr\/fr\/siemens-choisit-de-vendre-innomotics-pour-35-milliards-deuros\/#breadcrumb\",\"itemListElement\":[{\"@type\":\"ListItem\",\"position\":1,\"name\":\"Home\",\"item\":\"https:\/\/www.ecinews.fr\/fr\/\"},{\"@type\":\"ListItem\",\"position\":2,\"name\":\"Siemens choisit de vendre Innomotics pour 3,5 milliards d&rsquo;euros\"}]},{\"@type\":\"WebSite\",\"@id\":\"https:\/\/www.ecinews.fr\/fr\/#website\",\"url\":\"https:\/\/www.ecinews.fr\/fr\/\",\"name\":\"EENewsEurope\",\"description\":\"Just another WordPress site\",\"publisher\":{\"@id\":\"https:\/\/www.ecinews.fr\/fr\/#organization\"},\"potentialAction\":[{\"@type\":\"SearchAction\",\"target\":{\"@type\":\"EntryPoint\",\"urlTemplate\":\"https:\/\/www.ecinews.fr\/fr\/?s={search_term_string}\"},\"query-input\":\"required name=search_term_string\"}],\"inLanguage\":\"fr-FR\"},{\"@type\":\"Organization\",\"@id\":\"https:\/\/www.ecinews.fr\/fr\/#organization\",\"name\":\"EENewsEurope\",\"url\":\"https:\/\/www.ecinews.fr\/fr\/\",\"logo\":{\"@type\":\"ImageObject\",\"inLanguage\":\"fr-FR\",\"@id\":\"https:\/\/www.ecinews.fr\/fr\/#\/schema\/logo\/image\/\",\"url\":\"https:\/\/www.ecinews.fr\/wp-content\/uploads\/2022\/02\/logo-1.jpg\",\"contentUrl\":\"https:\/\/www.ecinews.fr\/wp-content\/uploads\/2022\/02\/logo-1.jpg\",\"width\":283,\"height\":113,\"caption\":\"EENewsEurope\"},\"image\":{\"@id\":\"https:\/\/www.ecinews.fr\/fr\/#\/schema\/logo\/image\/\"}},{\"@type\":\"Person\",\"@id\":\"https:\/\/www.ecinews.fr\/fr\/#\/schema\/person\/4b3db5ba5c953c5fddeb226df86d8635\",\"name\":\"A Delapalisse\",\"image\":{\"@type\":\"ImageObject\",\"inLanguage\":\"fr-FR\",\"@id\":\"https:\/\/www.ecinews.fr\/fr\/#\/schema\/person\/image\/09af0e1236b95ff53924b8dfe5af278e\",\"url\":\"https:\/\/secure.gravatar.com\/avatar\/010f811c0933b47aea7e9204117b17c6?s=96&d=mm&r=g\",\"contentUrl\":\"https:\/\/secure.gravatar.com\/avatar\/010f811c0933b47aea7e9204117b17c6?s=96&d=mm&r=g\",\"caption\":\"A Delapalisse\"}}]}<\/script>","yoast_head_json":{"title":"Siemens choisit de vendre Innomotics pour 3,5 milliards d'euros ...","description":"Siemens s'appr\u00eate \u00e0 vendre sa division moteurs Innomotics \u00e0 un groupe de capital-investissement pour un montant de 3,5 milliards d'euros.","robots":{"index":"index","follow":"follow","max-snippet":"max-snippet:-1","max-image-preview":"max-image-preview:large","max-video-preview":"max-video-preview:-1"},"canonical":"https:\/\/www.ecinews.fr\/fr\/wp-json\/wp\/v2\/posts\/451492\/","og_locale":"fr_FR","og_type":"article","og_title":"Siemens choisit de vendre Innomotics pour 3,5 milliards d'euros","og_description":"Siemens s'appr\u00eate \u00e0 vendre sa division moteurs Innomotics \u00e0 un groupe de capital-investissement pour un montant de 3,5 milliards d'euros.","og_url":"https:\/\/www.ecinews.fr\/fr\/wp-json\/wp\/v2\/posts\/451492\/","og_site_name":"EENewsEurope","article_published_time":"2024-05-18T08:23:50+00:00","og_image":[{"width":1080,"height":720,"url":"https:\/\/www.ecinews.fr\/wp-content\/uploads\/2024\/05\/Innomotics-scaled.jpg","type":"image\/jpeg"}],"author":"A Delapalisse, Nick Flaherty","twitter_card":"summary_large_image","twitter_misc":{"Written by":"A Delapalisse","Est. reading time":"2 minutes"},"schema":{"@context":"https:\/\/schema.org","@graph":[{"@type":"Article","@id":"https:\/\/www.ecinews.fr\/fr\/siemens-choisit-de-vendre-innomotics-pour-35-milliards-deuros\/#article","isPartOf":{"@id":"https:\/\/www.ecinews.fr\/fr\/siemens-choisit-de-vendre-innomotics-pour-35-milliards-deuros\/"},"author":{"name":"A Delapalisse","@id":"https:\/\/www.ecinews.fr\/fr\/#\/schema\/person\/4b3db5ba5c953c5fddeb226df86d8635"},"headline":"Siemens choisit de vendre Innomotics pour 3,5 milliards d&rsquo;euros","datePublished":"2024-05-18T08:23:50+00:00","dateModified":"2024-05-18T08:23:50+00:00","mainEntityOfPage":{"@id":"https:\/\/www.ecinews.fr\/fr\/siemens-choisit-de-vendre-innomotics-pour-35-milliards-deuros\/"},"wordCount":482,"publisher":{"@id":"https:\/\/www.ecinews.fr\/fr\/#organization"},"keywords":["Innomotics","Moteurs \u00e9lectriques"],"articleSection":["Actualit\u00e9s \u00e9conomiques"],"inLanguage":"fr-FR"},{"@type":"WebPage","@id":"https:\/\/www.ecinews.fr\/fr\/siemens-choisit-de-vendre-innomotics-pour-35-milliards-deuros\/","url":"https:\/\/www.ecinews.fr\/fr\/siemens-choisit-de-vendre-innomotics-pour-35-milliards-deuros\/","name":"Siemens choisit de vendre Innomotics pour 3,5 milliards d'euros -","isPartOf":{"@id":"https:\/\/www.ecinews.fr\/fr\/#website"},"datePublished":"2024-05-18T08:23:50+00:00","dateModified":"2024-05-18T08:23:50+00:00","description":"Siemens s'appr\u00eate \u00e0 vendre sa division moteurs Innomotics \u00e0 un groupe de capital-investissement pour un montant de 3,5 milliards d'euros.","breadcrumb":{"@id":"https:\/\/www.ecinews.fr\/fr\/siemens-choisit-de-vendre-innomotics-pour-35-milliards-deuros\/#breadcrumb"},"inLanguage":"fr-FR","potentialAction":[{"@type":"ReadAction","target":["https:\/\/www.ecinews.fr\/fr\/siemens-choisit-de-vendre-innomotics-pour-35-milliards-deuros\/"]}]},{"@type":"BreadcrumbList","@id":"https:\/\/www.ecinews.fr\/fr\/siemens-choisit-de-vendre-innomotics-pour-35-milliards-deuros\/#breadcrumb","itemListElement":[{"@type":"ListItem","position":1,"name":"Home","item":"https:\/\/www.ecinews.fr\/fr\/"},{"@type":"ListItem","position":2,"name":"Siemens choisit de vendre Innomotics pour 3,5 milliards d&rsquo;euros"}]},{"@type":"WebSite","@id":"https:\/\/www.ecinews.fr\/fr\/#website","url":"https:\/\/www.ecinews.fr\/fr\/","name":"EENewsEurope","description":"Just another WordPress site","publisher":{"@id":"https:\/\/www.ecinews.fr\/fr\/#organization"},"potentialAction":[{"@type":"SearchAction","target":{"@type":"EntryPoint","urlTemplate":"https:\/\/www.ecinews.fr\/fr\/?s={search_term_string}"},"query-input":"required name=search_term_string"}],"inLanguage":"fr-FR"},{"@type":"Organization","@id":"https:\/\/www.ecinews.fr\/fr\/#organization","name":"EENewsEurope","url":"https:\/\/www.ecinews.fr\/fr\/","logo":{"@type":"ImageObject","inLanguage":"fr-FR","@id":"https:\/\/www.ecinews.fr\/fr\/#\/schema\/logo\/image\/","url":"https:\/\/www.ecinews.fr\/wp-content\/uploads\/2022\/02\/logo-1.jpg","contentUrl":"https:\/\/www.ecinews.fr\/wp-content\/uploads\/2022\/02\/logo-1.jpg","width":283,"height":113,"caption":"EENewsEurope"},"image":{"@id":"https:\/\/www.ecinews.fr\/fr\/#\/schema\/logo\/image\/"}},{"@type":"Person","@id":"https:\/\/www.ecinews.fr\/fr\/#\/schema\/person\/4b3db5ba5c953c5fddeb226df86d8635","name":"A Delapalisse","image":{"@type":"ImageObject","inLanguage":"fr-FR","@id":"https:\/\/www.ecinews.fr\/fr\/#\/schema\/person\/image\/09af0e1236b95ff53924b8dfe5af278e","url":"https:\/\/secure.gravatar.com\/avatar\/010f811c0933b47aea7e9204117b17c6?s=96&d=mm&r=g","contentUrl":"https:\/\/secure.gravatar.com\/avatar\/010f811c0933b47aea7e9204117b17c6?s=96&d=mm&r=g","caption":"A Delapalisse"}}]}},"authors":[{"term_id":6199,"user_id":40,"is_guest":0,"slug":"andre-rousselotemisys-com","display_name":"A Delapalisse","avatar_url":"https:\/\/secure.gravatar.com\/avatar\/010f811c0933b47aea7e9204117b17c6?s=96&d=mm&r=g","0":null,"1":"","2":"","3":"","4":"","5":"","6":"","7":"","8":""},{"term_id":3640,"user_id":0,"is_guest":1,"slug":"nick-flaherty","display_name":"Nick Flaherty","avatar_url":"https:\/\/secure.gravatar.com\/avatar\/?s=96&d=mm&r=g","0":null,"1":"","2":"","3":"","4":"","5":"","6":"","7":"","8":""}],"_links":{"self":[{"href":"https:\/\/www.ecinews.fr\/fr\/wp-json\/wp\/v2\/posts\/451492"}],"collection":[{"href":"https:\/\/www.ecinews.fr\/fr\/wp-json\/wp\/v2\/posts"}],"about":[{"href":"https:\/\/www.ecinews.fr\/fr\/wp-json\/wp\/v2\/types\/post"}],"author":[{"embeddable":true,"href":"https:\/\/www.ecinews.fr\/fr\/wp-json\/wp\/v2\/users\/40"}],"replies":[{"embeddable":true,"href":"https:\/\/www.ecinews.fr\/fr\/wp-json\/wp\/v2\/comments?post=451492"}],"version-history":[{"count":0,"href":"https:\/\/www.ecinews.fr\/fr\/wp-json\/wp\/v2\/posts\/451492\/revisions"}],"wp:featuredmedia":[{"embeddable":true,"href":"https:\/\/www.ecinews.fr\/fr\/wp-json\/wp\/v2\/media\/451418"}],"wp:attachment":[{"href":"https:\/\/www.ecinews.fr\/fr\/wp-json\/wp\/v2\/media?parent=451492"}],"wp:term":[{"taxonomy":"category","embeddable":true,"href":"https:\/\/www.ecinews.fr\/fr\/wp-json\/wp\/v2\/categories?post=451492"},{"taxonomy":"post_tag","embeddable":true,"href":"https:\/\/www.ecinews.fr\/fr\/wp-json\/wp\/v2\/tags?post=451492"},{"taxonomy":"domains","embeddable":true,"href":"https:\/\/www.ecinews.fr\/fr\/wp-json\/wp\/v2\/domains?post=451492"},{"taxonomy":"author","embeddable":true,"href":"https:\/\/www.ecinews.fr\/fr\/wp-json\/wp\/v2\/ppma_author?post=451492"}],"curies":[{"name":"wp","href":"https:\/\/api.w.org\/{rel}","templated":true}]}}