{"id":451173,"date":"2024-05-15T11:49:38","date_gmt":"2024-05-15T09:49:38","guid":{"rendered":"https:\/\/www.eenewseurope.com\/?p=451173"},"modified":"2024-05-15T11:49:38","modified_gmt":"2024-05-15T09:49:38","slug":"accord-schneider-electric-progilium-sur-la-gigafactory-de-batteries-lithium-ceramique-de-dunkerque","status":"publish","type":"post","link":"https:\/\/www.ecinews.fr\/fr\/accord-schneider-electric-progilium-sur-la-gigafactory-de-batteries-lithium-ceramique-de-dunkerque\/","title":{"rendered":"Accord Schneider Electric Progilium sur la gigafactory de batteries Lithium-c\u00e9ramique de Dunkerque"},"content":{"rendered":"<h3><span style=\"font-size: 16px;\">Les deux entreprises technologiques unissent leurs forces pour optimiser la production de batteries et l&rsquo;efficacit\u00e9 op\u00e9rationnelle de ce site europ\u00e9en cl\u00e9.\u00a0L&rsquo;accord a \u00e9t\u00e9 sign\u00e9 en marge du sommet Choose France, consacr\u00e9 aux investissements \u00e9trangers, en pr\u00e9sence du ministre fran\u00e7ais\u00a0<\/span><\/h3>\n<p>Les deux partenaires associent leurs expertises respectives pour d\u00e9velopper des syst\u00e8mes intelligents de fabrication \u00a0et de gestion de l&rsquo;\u00e9nergie et optimiser la production de batteries lithium-c\u00e9ramique dans la gigafactory de ProLogium \u00e0 Dunkerque. Ce partenariat technologique se concentre sur la digitalisation des syst\u00e8mes de distribution d&rsquo;\u00e9nergie et d&rsquo;automatisation industrielle afin d&rsquo;am\u00e9liorer l&rsquo;efficacit\u00e9 op\u00e9rationnelle des processus de fabrication et de qualit\u00e9 tout en r\u00e9duisant \u00e0 la fois la consommation d&rsquo;\u00e9nergie et l&#8217;empreinte carbone de la gigafactory. La production devrait commencer en 2027.<\/p>\n<p>Le site de production de ProLogium \u00e0 Dunkerque fournira principalement l&rsquo;industrie europ\u00e9enne des voitures \u00e9lectriques, produisant des batteries lithium-c\u00e9ramique plus puissantes, plus s\u00fbres et plus rapides \u00e0 charger que les cellules lithium-ion, et surtout fabriqu\u00e9es \u00e0 l&rsquo;aide de l&rsquo;\u00e9nergie d\u00e9carbon\u00e9e de la France.<\/p>\n<p><a href=\"https:\/\/www.se.com\/fr\/fr\/?id=664367062f401cda8100df6d\">Schneider Electric\u00a0<\/a> &#8211;\u00a0 <a href=\"https:\/\/prologium.com\/fr\/nos-batteries\/\">Progilium<\/a><\/p>\n<p><a href=\"https:\/\/news.google.com\/publications\/CAAqBwgKMJbcwQswuPfYAw?hl=fr&amp;gl=BE&amp;ceid=BE:fr\" target=\"news.google.com\" rel=\"noopener\">Suivre ECInews sur Google news<\/a><\/p>\n<p>&nbsp;<\/p>\n","protected":false},"excerpt":{"rendered":"<p>Les deux entreprises technologiques unissent leurs forces pour optimiser la production de batteries et l&rsquo;efficacit\u00e9 op\u00e9rationnelle de ce site europ\u00e9en cl\u00e9.\u00a0L&rsquo;accord a \u00e9t\u00e9 sign\u00e9 en marge du sommet Choose France, consacr\u00e9 aux investissements \u00e9trangers, en pr\u00e9sence du ministre fran\u00e7ais\u00a0 Les deux partenaires associent leurs expertises respectives pour d\u00e9velopper des syst\u00e8mes intelligents de fabrication \u00a0et de [&hellip;]<\/p>\n","protected":false},"author":11,"featured_media":451175,"comment_status":"closed","ping_status":"closed","sticky":true,"template":"","format":"standard","meta":{"_acf_changed":false,"footnotes":""},"categories":[884],"tags":[6373,1979],"domains":[47],"ppma_author":[1143],"class_list":["post-451173","post","type-post","status-publish","format-standard","has-post-thumbnail","hentry","category-partenaires","tag-batteries-lithium-ceramique","tag-gigafactory","domains-electronique-eci"],"acf":[],"yoast_head":"<title>Accord Schneider Electric Progilium sur la gigafactory de batte...<\/title>\n<meta name=\"description\" content=\"Production de batteries lithium-c\u00e9ramique dans la gigafactory de ProLogium \u00e0 Dunkerque.\" \/>\n<meta name=\"robots\" content=\"index, follow, max-snippet:-1, max-image-preview:large, max-video-preview:-1\" \/>\n<link rel=\"canonical\" href=\"https:\/\/www.ecinews.fr\/fr\/wp-json\/wp\/v2\/posts\/451173\/\" \/>\n<meta property=\"og:locale\" content=\"fr_FR\" \/>\n<meta property=\"og:type\" content=\"article\" \/>\n<meta property=\"og:title\" content=\"Accord Schneider Electric Progilium sur la gigafactory de batteries Lithium-c\u00e9ramique de Dunkerque\" \/>\n<meta property=\"og:description\" content=\"Production de batteries lithium-c\u00e9ramique dans la gigafactory de ProLogium \u00e0 Dunkerque.\" \/>\n<meta property=\"og:url\" content=\"https:\/\/www.ecinews.fr\/fr\/wp-json\/wp\/v2\/posts\/451173\/\" \/>\n<meta property=\"og:site_name\" content=\"EENewsEurope\" \/>\n<meta property=\"article:published_time\" content=\"2024-05-15T09:49:38+00:00\" \/>\n<meta property=\"og:image\" content=\"https:\/\/www.ecinews.fr\/wp-content\/uploads\/2024\/05\/Schneider-progilium.jpg\" \/>\n\t<meta property=\"og:image:width\" content=\"320\" \/>\n\t<meta property=\"og:image:height\" content=\"183\" \/>\n\t<meta property=\"og:image:type\" content=\"image\/jpeg\" \/>\n<meta name=\"author\" content=\"Daniel Cardon\" \/>\n<meta name=\"twitter:card\" content=\"summary_large_image\" \/>\n<meta name=\"twitter:label1\" content=\"Written by\" \/>\n\t<meta name=\"twitter:data1\" content=\"Daniel Cardon\" \/>\n\t<meta name=\"twitter:label2\" content=\"Est. reading time\" \/>\n\t<meta name=\"twitter:data2\" content=\"1 minute\" \/>\n<script type=\"application\/ld+json\" class=\"yoast-schema-graph\">{\"@context\":\"https:\/\/schema.org\",\"@graph\":[{\"@type\":\"Article\",\"@id\":\"https:\/\/www.ecinews.fr\/fr\/accord-schneider-electric-progilium-sur-la-gigafactory-de-batteries-lithium-ceramique-de-dunkerque\/#article\",\"isPartOf\":{\"@id\":\"https:\/\/www.ecinews.fr\/fr\/accord-schneider-electric-progilium-sur-la-gigafactory-de-batteries-lithium-ceramique-de-dunkerque\/\"},\"author\":{\"name\":\"Daniel Cardon\",\"@id\":\"https:\/\/www.ecinews.fr\/fr\/#\/schema\/person\/93c44cde463762f40a8236eaa44c1c17\"},\"headline\":\"Accord Schneider Electric Progilium sur la gigafactory de batteries Lithium-c\u00e9ramique de Dunkerque\",\"datePublished\":\"2024-05-15T09:49:38+00:00\",\"dateModified\":\"2024-05-15T09:49:38+00:00\",\"mainEntityOfPage\":{\"@id\":\"https:\/\/www.ecinews.fr\/fr\/accord-schneider-electric-progilium-sur-la-gigafactory-de-batteries-lithium-ceramique-de-dunkerque\/\"},\"wordCount\":210,\"publisher\":{\"@id\":\"https:\/\/www.ecinews.fr\/fr\/#organization\"},\"keywords\":[\"Batteries lithium-c\u00e9ramique\",\"Gigafactory\"],\"articleSection\":[\"Partenaires\"],\"inLanguage\":\"fr-FR\"},{\"@type\":\"WebPage\",\"@id\":\"https:\/\/www.ecinews.fr\/fr\/accord-schneider-electric-progilium-sur-la-gigafactory-de-batteries-lithium-ceramique-de-dunkerque\/\",\"url\":\"https:\/\/www.ecinews.fr\/fr\/accord-schneider-electric-progilium-sur-la-gigafactory-de-batteries-lithium-ceramique-de-dunkerque\/\",\"name\":\"Accord Schneider Electric Progilium sur la gigafactory de batteries Lithium-c\u00e9ramique de Dunkerque -\",\"isPartOf\":{\"@id\":\"https:\/\/www.ecinews.fr\/fr\/#website\"},\"datePublished\":\"2024-05-15T09:49:38+00:00\",\"dateModified\":\"2024-05-15T09:49:38+00:00\",\"description\":\"Production de batteries lithium-c\u00e9ramique dans la gigafactory de ProLogium \u00e0 Dunkerque.\",\"breadcrumb\":{\"@id\":\"https:\/\/www.ecinews.fr\/fr\/accord-schneider-electric-progilium-sur-la-gigafactory-de-batteries-lithium-ceramique-de-dunkerque\/#breadcrumb\"},\"inLanguage\":\"fr-FR\",\"potentialAction\":[{\"@type\":\"ReadAction\",\"target\":[\"https:\/\/www.ecinews.fr\/fr\/accord-schneider-electric-progilium-sur-la-gigafactory-de-batteries-lithium-ceramique-de-dunkerque\/\"]}]},{\"@type\":\"BreadcrumbList\",\"@id\":\"https:\/\/www.ecinews.fr\/fr\/accord-schneider-electric-progilium-sur-la-gigafactory-de-batteries-lithium-ceramique-de-dunkerque\/#breadcrumb\",\"itemListElement\":[{\"@type\":\"ListItem\",\"position\":1,\"name\":\"Home\",\"item\":\"https:\/\/www.ecinews.fr\/fr\/\"},{\"@type\":\"ListItem\",\"position\":2,\"name\":\"Accord Schneider Electric Progilium sur la gigafactory de batteries Lithium-c\u00e9ramique de Dunkerque\"}]},{\"@type\":\"WebSite\",\"@id\":\"https:\/\/www.ecinews.fr\/fr\/#website\",\"url\":\"https:\/\/www.ecinews.fr\/fr\/\",\"name\":\"EENewsEurope\",\"description\":\"Just another WordPress site\",\"publisher\":{\"@id\":\"https:\/\/www.ecinews.fr\/fr\/#organization\"},\"potentialAction\":[{\"@type\":\"SearchAction\",\"target\":{\"@type\":\"EntryPoint\",\"urlTemplate\":\"https:\/\/www.ecinews.fr\/fr\/?s={search_term_string}\"},\"query-input\":\"required name=search_term_string\"}],\"inLanguage\":\"fr-FR\"},{\"@type\":\"Organization\",\"@id\":\"https:\/\/www.ecinews.fr\/fr\/#organization\",\"name\":\"EENewsEurope\",\"url\":\"https:\/\/www.ecinews.fr\/fr\/\",\"logo\":{\"@type\":\"ImageObject\",\"inLanguage\":\"fr-FR\",\"@id\":\"https:\/\/www.ecinews.fr\/fr\/#\/schema\/logo\/image\/\",\"url\":\"https:\/\/www.ecinews.fr\/wp-content\/uploads\/2022\/02\/logo-1.jpg\",\"contentUrl\":\"https:\/\/www.ecinews.fr\/wp-content\/uploads\/2022\/02\/logo-1.jpg\",\"width\":283,\"height\":113,\"caption\":\"EENewsEurope\"},\"image\":{\"@id\":\"https:\/\/www.ecinews.fr\/fr\/#\/schema\/logo\/image\/\"}},{\"@type\":\"Person\",\"@id\":\"https:\/\/www.ecinews.fr\/fr\/#\/schema\/person\/93c44cde463762f40a8236eaa44c1c17\",\"name\":\"Daniel Cardon\",\"image\":{\"@type\":\"ImageObject\",\"inLanguage\":\"fr-FR\",\"@id\":\"https:\/\/www.ecinews.fr\/fr\/#\/schema\/person\/image\/2b243f6bcc1cff7d86aadfb2cd0bd870\",\"url\":\"https:\/\/secure.gravatar.com\/avatar\/de9edc136dfc061ad4778e04635baefa?s=96&d=mm&r=g\",\"contentUrl\":\"https:\/\/secure.gravatar.com\/avatar\/de9edc136dfc061ad4778e04635baefa?s=96&d=mm&r=g\",\"caption\":\"Daniel Cardon\"}}]}<\/script>","yoast_head_json":{"title":"Accord Schneider Electric Progilium sur la gigafactory de batte...","description":"Production de batteries lithium-c\u00e9ramique dans la gigafactory de ProLogium \u00e0 Dunkerque.","robots":{"index":"index","follow":"follow","max-snippet":"max-snippet:-1","max-image-preview":"max-image-preview:large","max-video-preview":"max-video-preview:-1"},"canonical":"https:\/\/www.ecinews.fr\/fr\/wp-json\/wp\/v2\/posts\/451173\/","og_locale":"fr_FR","og_type":"article","og_title":"Accord Schneider Electric Progilium sur la gigafactory de batteries Lithium-c\u00e9ramique de Dunkerque","og_description":"Production de batteries lithium-c\u00e9ramique dans la gigafactory de ProLogium \u00e0 Dunkerque.","og_url":"https:\/\/www.ecinews.fr\/fr\/wp-json\/wp\/v2\/posts\/451173\/","og_site_name":"EENewsEurope","article_published_time":"2024-05-15T09:49:38+00:00","og_image":[{"width":320,"height":183,"url":"https:\/\/www.ecinews.fr\/wp-content\/uploads\/2024\/05\/Schneider-progilium.jpg","type":"image\/jpeg"}],"author":"Daniel Cardon","twitter_card":"summary_large_image","twitter_misc":{"Written by":"Daniel Cardon","Est. reading time":"1 minute"},"schema":{"@context":"https:\/\/schema.org","@graph":[{"@type":"Article","@id":"https:\/\/www.ecinews.fr\/fr\/accord-schneider-electric-progilium-sur-la-gigafactory-de-batteries-lithium-ceramique-de-dunkerque\/#article","isPartOf":{"@id":"https:\/\/www.ecinews.fr\/fr\/accord-schneider-electric-progilium-sur-la-gigafactory-de-batteries-lithium-ceramique-de-dunkerque\/"},"author":{"name":"Daniel Cardon","@id":"https:\/\/www.ecinews.fr\/fr\/#\/schema\/person\/93c44cde463762f40a8236eaa44c1c17"},"headline":"Accord Schneider Electric Progilium sur la gigafactory de batteries Lithium-c\u00e9ramique de Dunkerque","datePublished":"2024-05-15T09:49:38+00:00","dateModified":"2024-05-15T09:49:38+00:00","mainEntityOfPage":{"@id":"https:\/\/www.ecinews.fr\/fr\/accord-schneider-electric-progilium-sur-la-gigafactory-de-batteries-lithium-ceramique-de-dunkerque\/"},"wordCount":210,"publisher":{"@id":"https:\/\/www.ecinews.fr\/fr\/#organization"},"keywords":["Batteries lithium-c\u00e9ramique","Gigafactory"],"articleSection":["Partenaires"],"inLanguage":"fr-FR"},{"@type":"WebPage","@id":"https:\/\/www.ecinews.fr\/fr\/accord-schneider-electric-progilium-sur-la-gigafactory-de-batteries-lithium-ceramique-de-dunkerque\/","url":"https:\/\/www.ecinews.fr\/fr\/accord-schneider-electric-progilium-sur-la-gigafactory-de-batteries-lithium-ceramique-de-dunkerque\/","name":"Accord Schneider Electric Progilium sur la gigafactory de batteries Lithium-c\u00e9ramique de Dunkerque -","isPartOf":{"@id":"https:\/\/www.ecinews.fr\/fr\/#website"},"datePublished":"2024-05-15T09:49:38+00:00","dateModified":"2024-05-15T09:49:38+00:00","description":"Production de batteries lithium-c\u00e9ramique dans la gigafactory de ProLogium \u00e0 Dunkerque.","breadcrumb":{"@id":"https:\/\/www.ecinews.fr\/fr\/accord-schneider-electric-progilium-sur-la-gigafactory-de-batteries-lithium-ceramique-de-dunkerque\/#breadcrumb"},"inLanguage":"fr-FR","potentialAction":[{"@type":"ReadAction","target":["https:\/\/www.ecinews.fr\/fr\/accord-schneider-electric-progilium-sur-la-gigafactory-de-batteries-lithium-ceramique-de-dunkerque\/"]}]},{"@type":"BreadcrumbList","@id":"https:\/\/www.ecinews.fr\/fr\/accord-schneider-electric-progilium-sur-la-gigafactory-de-batteries-lithium-ceramique-de-dunkerque\/#breadcrumb","itemListElement":[{"@type":"ListItem","position":1,"name":"Home","item":"https:\/\/www.ecinews.fr\/fr\/"},{"@type":"ListItem","position":2,"name":"Accord Schneider Electric Progilium sur la gigafactory de batteries Lithium-c\u00e9ramique de Dunkerque"}]},{"@type":"WebSite","@id":"https:\/\/www.ecinews.fr\/fr\/#website","url":"https:\/\/www.ecinews.fr\/fr\/","name":"EENewsEurope","description":"Just another WordPress site","publisher":{"@id":"https:\/\/www.ecinews.fr\/fr\/#organization"},"potentialAction":[{"@type":"SearchAction","target":{"@type":"EntryPoint","urlTemplate":"https:\/\/www.ecinews.fr\/fr\/?s={search_term_string}"},"query-input":"required name=search_term_string"}],"inLanguage":"fr-FR"},{"@type":"Organization","@id":"https:\/\/www.ecinews.fr\/fr\/#organization","name":"EENewsEurope","url":"https:\/\/www.ecinews.fr\/fr\/","logo":{"@type":"ImageObject","inLanguage":"fr-FR","@id":"https:\/\/www.ecinews.fr\/fr\/#\/schema\/logo\/image\/","url":"https:\/\/www.ecinews.fr\/wp-content\/uploads\/2022\/02\/logo-1.jpg","contentUrl":"https:\/\/www.ecinews.fr\/wp-content\/uploads\/2022\/02\/logo-1.jpg","width":283,"height":113,"caption":"EENewsEurope"},"image":{"@id":"https:\/\/www.ecinews.fr\/fr\/#\/schema\/logo\/image\/"}},{"@type":"Person","@id":"https:\/\/www.ecinews.fr\/fr\/#\/schema\/person\/93c44cde463762f40a8236eaa44c1c17","name":"Daniel Cardon","image":{"@type":"ImageObject","inLanguage":"fr-FR","@id":"https:\/\/www.ecinews.fr\/fr\/#\/schema\/person\/image\/2b243f6bcc1cff7d86aadfb2cd0bd870","url":"https:\/\/secure.gravatar.com\/avatar\/de9edc136dfc061ad4778e04635baefa?s=96&d=mm&r=g","contentUrl":"https:\/\/secure.gravatar.com\/avatar\/de9edc136dfc061ad4778e04635baefa?s=96&d=mm&r=g","caption":"Daniel Cardon"}}]}},"authors":[{"term_id":1143,"user_id":11,"is_guest":0,"slug":"danielcardon","display_name":"Daniel Cardon","avatar_url":"https:\/\/secure.gravatar.com\/avatar\/de9edc136dfc061ad4778e04635baefa?s=96&d=mm&r=g","0":null,"1":"","2":"","3":"","4":"","5":"","6":"","7":"","8":""}],"_links":{"self":[{"href":"https:\/\/www.ecinews.fr\/fr\/wp-json\/wp\/v2\/posts\/451173"}],"collection":[{"href":"https:\/\/www.ecinews.fr\/fr\/wp-json\/wp\/v2\/posts"}],"about":[{"href":"https:\/\/www.ecinews.fr\/fr\/wp-json\/wp\/v2\/types\/post"}],"author":[{"embeddable":true,"href":"https:\/\/www.ecinews.fr\/fr\/wp-json\/wp\/v2\/users\/11"}],"replies":[{"embeddable":true,"href":"https:\/\/www.ecinews.fr\/fr\/wp-json\/wp\/v2\/comments?post=451173"}],"version-history":[{"count":0,"href":"https:\/\/www.ecinews.fr\/fr\/wp-json\/wp\/v2\/posts\/451173\/revisions"}],"wp:featuredmedia":[{"embeddable":true,"href":"https:\/\/www.ecinews.fr\/fr\/wp-json\/wp\/v2\/media\/451175"}],"wp:attachment":[{"href":"https:\/\/www.ecinews.fr\/fr\/wp-json\/wp\/v2\/media?parent=451173"}],"wp:term":[{"taxonomy":"category","embeddable":true,"href":"https:\/\/www.ecinews.fr\/fr\/wp-json\/wp\/v2\/categories?post=451173"},{"taxonomy":"post_tag","embeddable":true,"href":"https:\/\/www.ecinews.fr\/fr\/wp-json\/wp\/v2\/tags?post=451173"},{"taxonomy":"domains","embeddable":true,"href":"https:\/\/www.ecinews.fr\/fr\/wp-json\/wp\/v2\/domains?post=451173"},{"taxonomy":"author","embeddable":true,"href":"https:\/\/www.ecinews.fr\/fr\/wp-json\/wp\/v2\/ppma_author?post=451173"}],"curies":[{"name":"wp","href":"https:\/\/api.w.org\/{rel}","templated":true}]}}