{"id":451004,"date":"2024-05-14T09:00:29","date_gmt":"2024-05-14T07:00:29","guid":{"rendered":"https:\/\/www.ecinews.fr\/?p=451004"},"modified":"2024-05-14T00:37:48","modified_gmt":"2024-05-13T22:37:48","slug":"sipearl-ouvre-sa-3eme-filiale-en-italie","status":"publish","type":"post","link":"https:\/\/www.ecinews.fr\/fr\/sipearl-ouvre-sa-3eme-filiale-en-italie\/","title":{"rendered":"SiPearl ouvre sa 3\u00e8me filiale en Italie"},"content":{"rendered":"<h3>Apr\u00e8s Duisbourg et Barcelone, SiPearl va ouvrir sa 3<sup>\u00e8me<\/sup> filiale \u00e0 Bologne en Italie, au c\u0153ur d\u2019une r\u00e9gion de pointe pour le supercalcul et l\u2019intelligence artificielle avec notamment l&rsquo;Universit\u00e9 de Bologne, Cineca et ECMWF. Cette ouverture s\u2019inscrit dans une strat\u00e9gie de renforcement des liens avec ses partenaires pour le d\u00e9veloppement du microprocesseur europ\u00e9en haute performance et basse consommation d\u00e9di\u00e9 au supercalcul et \u00e0 l\u2019inf\u00e9rence d\u2019intelligence artificielle.<\/h3>\n<p>En effet, Bologne est au c\u0153ur de l&rsquo;une des r\u00e9gions les plus innovantes et industrielles d&rsquo;Italie et d&rsquo;Europe. Elle abrite la plus ancienne universit\u00e9 du continent, avec plus de 90 000 \u00e9tudiants, et Cineca, le plus grand centre de supercalcul italien, partenaire du consortium European Processor Initivative (EPI). Bologne accueille \u00e9galement le Centre europ\u00e9en pour les pr\u00e9visions m\u00e9t\u00e9orologiques \u00e0 moyen terme (ECMWF) et, \u00e0 partir de 2025, sera la ville h\u00f4te d&rsquo;un institut de recherche et de formation de l&rsquo;Universit\u00e9 des Nations Unies (UNU), sp\u00e9cialis\u00e9 dans le big data et l&rsquo;intelligence artificielle. En outre, Bologne et le Nord de l&rsquo;Italie sont des sites de premier plan pour la recherche universitaire dans les semiconducteurs et la conception de microprocesseurs.<\/p>\n<p>Matteo Tonelli (37 ans, Docteur en chimie des mat\u00e9riaux et en catalyse de l&rsquo;Universit\u00e9 de Lyon) rejoindra SiPearl en juin pour diriger la filiale. De nationalit\u00e9 italienne, Matteo Tonelli a une solide exp\u00e9rience de la recherche et de l&rsquo;innovation, acquise tant dans le secteur public que dans le secteur priv\u00e9. Apr\u00e8s avoir obtenu son doctorat chez Adisseo, il a rejoint le CNRS puis le d\u00e9partement Recherche &amp; Innovation de L&rsquo;Or\u00e9al. Depuis 2020, il g\u00e9rait les relations ext\u00e9rieures et les partenariats de l&rsquo;ANRT (Association Nationale de la Recherche et de la Technologie), entit\u00e9 qui a accompagn\u00e9 le financement de plus de 1 700 doctorats industriels. Dans ses nouvelles fonctions, Matteo Tonelli sera charg\u00e9 de mettre en place une \u00e9quipe d&rsquo;ing\u00e9nieurs de haut niveau et de renforcer les partenariats locaux. En outre, il aura pour mission de conclure des alliances strat\u00e9giques dans toute l\u2019Italie avec des universit\u00e9s cl\u00e9s afin de renforcer l&rsquo;ancrage de SiPearl. Matteo Tonelli rendra compte \u00e0 Anna Riverola, qui est \u00e0 la t\u00eate du d\u00e9veloppement international et des programmes de recherche collaboratifs de la soci\u00e9t\u00e9.<\/p>\n<p><em>\u00ab Dans mon dernier poste, j&rsquo;avais pour mission d&rsquo;identifier les entreprises technologiques \u00e0 fort potentiel engag\u00e9es dans des activit\u00e9s de recherche et d&rsquo;innovation. C&rsquo;est ainsi que j&rsquo;ai rencontr\u00e9 Philippe Notton en avril 2020. J&rsquo;ai \u00e9t\u00e9 alors s\u00e9duit par la combinaison d&rsquo;un projet \u00e0 fort impact et d&rsquo;une vision industrielle v\u00e9ritablement europ\u00e9enne. Depuis, SiPearl a embauch\u00e9 190 collaborateurs, dont un premier doctorant industriel gr\u00e2ce \u00e0 l&rsquo;ANRT. Je suis ravi de rejoindre l&rsquo;aventure. Outre ma connaissance des \u00e9cosyst\u00e8mes fran\u00e7ais et italien, je suis impatient de contribuer \u00e0 la mise en place de partenariats public-priv\u00e9 qui sont d\u00e9j\u00e0 au c\u0153ur de l&rsquo;avanc\u00e9e technologique de SiPearl \u00bb<\/em>, explique Matteo Tonelli.<\/p>\n<p><em>\u00ab L\u2019ouverture de notre troisi\u00e8me filiale internationale en Italie nous permettra de renforcer nos liens \u00e9troits avec nos partenaires-cl\u00e9s tout en enrichissant les talents de nos \u00e9quipes de recherche et d\u00e9veloppement. Je suis tr\u00e8s heureuse du recrutement de Matteo Tonelli qui nous apportera notamment son exp\u00e9rience reconnue dans l&rsquo;\u00e9tablissement d&rsquo;alliances strat\u00e9giques avec des acteurs priv\u00e9s et publics pour consolider nos partenariats locaux et en initier d&rsquo;autres dans toute l&rsquo;Italie \u00bb<\/em>, conclut Anna Riverola.<\/p>\n<p>\u00a0<a href=\"https:\/\/sipearl.com\/\">SiPearl<\/a><\/p>\n<p><a href=\"https:\/\/news.google.com\/publications\/CAAqBwgKMJbcwQswuPfYAw?hl=fr&amp;gl=BE&amp;ceid=BE:fr\">Suivre ECInews sur Google news<\/a><\/p>\n","protected":false},"excerpt":{"rendered":"<p>Apr\u00e8s Duisbourg et Barcelone, SiPearl va ouvrir sa 3\u00e8me filiale \u00e0 Bologne en Italie, au c\u0153ur d\u2019une r\u00e9gion de pointe pour le supercalcul et l\u2019intelligence artificielle avec notamment l&rsquo;Universit\u00e9 de Bologne, Cineca et ECMWF. Cette ouverture s\u2019inscrit dans une strat\u00e9gie de renforcement des liens avec ses partenaires pour le d\u00e9veloppement du microprocesseur europ\u00e9en haute performance [&hellip;]<\/p>\n","protected":false},"author":39,"featured_media":451024,"comment_status":"closed","ping_status":"closed","sticky":false,"template":"","format":"standard","meta":{"_acf_changed":false,"footnotes":""},"categories":[886],"tags":[1048],"domains":[47],"ppma_author":[6113],"class_list":["post-451004","post","type-post","status-publish","format-standard","has-post-thumbnail","hentry","category-news-fr","tag-intelligence-artificielle","domains-electronique-eci"],"acf":[],"yoast_head":"<title>SiPearl ouvre sa 3\u00e8me filiale en Italie ...<\/title>\n<meta name=\"description\" content=\"Apr\u00e8s Duisbourg et Barcelone, SiPearl va ouvrir sa 3\u00e8me filiale \u00e0 Bologne en Italie, au c\u0153ur d\u2019une r\u00e9gion de pointe pour le supercalcul et...\" \/>\n<meta name=\"robots\" content=\"index, follow, max-snippet:-1, max-image-preview:large, max-video-preview:-1\" \/>\n<link rel=\"canonical\" href=\"https:\/\/www.ecinews.fr\/fr\/wp-json\/wp\/v2\/posts\/451004\/\" \/>\n<meta property=\"og:locale\" content=\"fr_FR\" \/>\n<meta property=\"og:type\" content=\"article\" \/>\n<meta property=\"og:title\" content=\"SiPearl ouvre sa 3\u00e8me filiale en Italie\" \/>\n<meta property=\"og:description\" content=\"Apr\u00e8s Duisbourg et Barcelone, SiPearl va ouvrir sa 3\u00e8me filiale \u00e0 Bologne en Italie, au c\u0153ur d\u2019une r\u00e9gion de pointe pour le supercalcul et l\u2019intelligence artificielle avec notamment l&#039;Universit\u00e9 de Bologne, Cineca et ECMWF. Cette ouverture s\u2019inscrit dans une strat\u00e9gie de renforcement des liens avec ses partenaires pour le d\u00e9veloppement du microprocesseur europ\u00e9en haute performance et basse consommation d\u00e9di\u00e9 au supercalcul et \u00e0 l\u2019inf\u00e9rence d\u2019intelligence artificielle.\" \/>\n<meta property=\"og:url\" content=\"https:\/\/www.ecinews.fr\/fr\/wp-json\/wp\/v2\/posts\/451004\/\" \/>\n<meta property=\"og:site_name\" content=\"EENewsEurope\" \/>\n<meta property=\"article:published_time\" content=\"2024-05-14T07:00:29+00:00\" \/>\n<meta property=\"article:modified_time\" content=\"2024-05-13T22:37:48+00:00\" \/>\n<meta property=\"og:image\" content=\"https:\/\/www.eenewseurope.com\/wp-content\/uploads\/2024\/05\/ECI4152_Matteo_Tonelli_Italy_Country_Manager-scaled.jpg\" \/>\n\t<meta property=\"og:image:width\" content=\"721\" \/>\n\t<meta property=\"og:image:height\" content=\"1080\" \/>\n\t<meta property=\"og:image:type\" content=\"image\/jpeg\" \/>\n<meta name=\"author\" content=\"NicolasFeste\" \/>\n<meta name=\"twitter:card\" content=\"summary_large_image\" \/>\n<meta name=\"twitter:label1\" content=\"Written by\" \/>\n\t<meta name=\"twitter:data1\" content=\"NicolasFeste\" \/>\n\t<meta name=\"twitter:label2\" content=\"Est. reading time\" \/>\n\t<meta name=\"twitter:data2\" content=\"3 minutes\" \/>\n<script type=\"application\/ld+json\" class=\"yoast-schema-graph\">{\"@context\":\"https:\/\/schema.org\",\"@graph\":[{\"@type\":\"Article\",\"@id\":\"https:\/\/www.eenewseurope.com\/fr\/sipearl-ouvre-sa-3eme-filiale-en-italie\/#article\",\"isPartOf\":{\"@id\":\"https:\/\/www.eenewseurope.com\/fr\/sipearl-ouvre-sa-3eme-filiale-en-italie\/\"},\"author\":{\"name\":\"NicolasFeste\",\"@id\":\"https:\/\/www.ecinews.fr\/fr\/#\/schema\/person\/c7104a72b466a801f257e51481de0c43\"},\"headline\":\"SiPearl ouvre sa 3\u00e8me filiale en Italie\",\"datePublished\":\"2024-05-14T07:00:29+00:00\",\"dateModified\":\"2024-05-13T22:37:48+00:00\",\"mainEntityOfPage\":{\"@id\":\"https:\/\/www.eenewseurope.com\/fr\/sipearl-ouvre-sa-3eme-filiale-en-italie\/\"},\"wordCount\":613,\"publisher\":{\"@id\":\"https:\/\/www.ecinews.fr\/fr\/#organization\"},\"keywords\":[\"Intelligence Artificielle\"],\"articleSection\":[\"Actualit\u00e9 g\u00e9n\u00e9rale\"],\"inLanguage\":\"fr-FR\"},{\"@type\":\"WebPage\",\"@id\":\"https:\/\/www.eenewseurope.com\/fr\/sipearl-ouvre-sa-3eme-filiale-en-italie\/\",\"url\":\"https:\/\/www.eenewseurope.com\/fr\/sipearl-ouvre-sa-3eme-filiale-en-italie\/\",\"name\":\"SiPearl ouvre sa 3\u00e8me filiale en Italie -\",\"isPartOf\":{\"@id\":\"https:\/\/www.ecinews.fr\/fr\/#website\"},\"datePublished\":\"2024-05-14T07:00:29+00:00\",\"dateModified\":\"2024-05-13T22:37:48+00:00\",\"description\":\"Apr\u00e8s Duisbourg et Barcelone, SiPearl va ouvrir sa 3\u00e8me filiale \u00e0 Bologne en Italie, au c\u0153ur d\u2019une r\u00e9gion de pointe pour le supercalcul et l\u2019intelligence artificielle avec notamment l'Universit\u00e9 de Bologne, Cineca et ECMWF. Cette ouverture s\u2019inscrit dans une strat\u00e9gie de renforcement des liens avec ses partenaires pour le d\u00e9veloppement du microprocesseur europ\u00e9en haute performance et basse consommation d\u00e9di\u00e9 au supercalcul et \u00e0 l\u2019inf\u00e9rence d\u2019intelligence artificielle.\",\"breadcrumb\":{\"@id\":\"https:\/\/www.eenewseurope.com\/fr\/sipearl-ouvre-sa-3eme-filiale-en-italie\/#breadcrumb\"},\"inLanguage\":\"fr-FR\",\"potentialAction\":[{\"@type\":\"ReadAction\",\"target\":[\"https:\/\/www.eenewseurope.com\/fr\/sipearl-ouvre-sa-3eme-filiale-en-italie\/\"]}]},{\"@type\":\"BreadcrumbList\",\"@id\":\"https:\/\/www.eenewseurope.com\/fr\/sipearl-ouvre-sa-3eme-filiale-en-italie\/#breadcrumb\",\"itemListElement\":[{\"@type\":\"ListItem\",\"position\":1,\"name\":\"Home\",\"item\":\"https:\/\/www.ecinews.fr\/fr\/\"},{\"@type\":\"ListItem\",\"position\":2,\"name\":\"SiPearl ouvre sa 3\u00e8me filiale en Italie\"}]},{\"@type\":\"WebSite\",\"@id\":\"https:\/\/www.ecinews.fr\/fr\/#website\",\"url\":\"https:\/\/www.ecinews.fr\/fr\/\",\"name\":\"EENewsEurope\",\"description\":\"Just another WordPress site\",\"publisher\":{\"@id\":\"https:\/\/www.ecinews.fr\/fr\/#organization\"},\"potentialAction\":[{\"@type\":\"SearchAction\",\"target\":{\"@type\":\"EntryPoint\",\"urlTemplate\":\"https:\/\/www.ecinews.fr\/fr\/?s={search_term_string}\"},\"query-input\":\"required name=search_term_string\"}],\"inLanguage\":\"fr-FR\"},{\"@type\":\"Organization\",\"@id\":\"https:\/\/www.ecinews.fr\/fr\/#organization\",\"name\":\"EENewsEurope\",\"url\":\"https:\/\/www.ecinews.fr\/fr\/\",\"logo\":{\"@type\":\"ImageObject\",\"inLanguage\":\"fr-FR\",\"@id\":\"https:\/\/www.ecinews.fr\/fr\/#\/schema\/logo\/image\/\",\"url\":\"https:\/\/www.ecinews.fr\/wp-content\/uploads\/2022\/02\/logo-1.jpg\",\"contentUrl\":\"https:\/\/www.ecinews.fr\/wp-content\/uploads\/2022\/02\/logo-1.jpg\",\"width\":283,\"height\":113,\"caption\":\"EENewsEurope\"},\"image\":{\"@id\":\"https:\/\/www.ecinews.fr\/fr\/#\/schema\/logo\/image\/\"}},{\"@type\":\"Person\",\"@id\":\"https:\/\/www.ecinews.fr\/fr\/#\/schema\/person\/c7104a72b466a801f257e51481de0c43\",\"name\":\"NicolasFeste\",\"image\":{\"@type\":\"ImageObject\",\"inLanguage\":\"fr-FR\",\"@id\":\"https:\/\/www.ecinews.fr\/fr\/#\/schema\/person\/image\/1ea421e7d03c1e96a9ea2bcf2705734a\",\"url\":\"https:\/\/secure.gravatar.com\/avatar\/2e187f4d96902933ba445ed6c760e11c?s=96&d=mm&r=g\",\"contentUrl\":\"https:\/\/secure.gravatar.com\/avatar\/2e187f4d96902933ba445ed6c760e11c?s=96&d=mm&r=g\",\"caption\":\"NicolasFeste\"}}]}<\/script>","yoast_head_json":{"title":"SiPearl ouvre sa 3\u00e8me filiale en Italie ...","description":"Apr\u00e8s Duisbourg et Barcelone, SiPearl va ouvrir sa 3\u00e8me filiale \u00e0 Bologne en Italie, au c\u0153ur d\u2019une r\u00e9gion de pointe pour le supercalcul et...","robots":{"index":"index","follow":"follow","max-snippet":"max-snippet:-1","max-image-preview":"max-image-preview:large","max-video-preview":"max-video-preview:-1"},"canonical":"https:\/\/www.ecinews.fr\/fr\/wp-json\/wp\/v2\/posts\/451004\/","og_locale":"fr_FR","og_type":"article","og_title":"SiPearl ouvre sa 3\u00e8me filiale en Italie","og_description":"Apr\u00e8s Duisbourg et Barcelone, SiPearl va ouvrir sa 3\u00e8me filiale \u00e0 Bologne en Italie, au c\u0153ur d\u2019une r\u00e9gion de pointe pour le supercalcul et l\u2019intelligence artificielle avec notamment l'Universit\u00e9 de Bologne, Cineca et ECMWF. Cette ouverture s\u2019inscrit dans une strat\u00e9gie de renforcement des liens avec ses partenaires pour le d\u00e9veloppement du microprocesseur europ\u00e9en haute performance et basse consommation d\u00e9di\u00e9 au supercalcul et \u00e0 l\u2019inf\u00e9rence d\u2019intelligence artificielle.","og_url":"https:\/\/www.ecinews.fr\/fr\/wp-json\/wp\/v2\/posts\/451004\/","og_site_name":"EENewsEurope","article_published_time":"2024-05-14T07:00:29+00:00","article_modified_time":"2024-05-13T22:37:48+00:00","og_image":[{"width":721,"height":1080,"url":"https:\/\/www.eenewseurope.com\/wp-content\/uploads\/2024\/05\/ECI4152_Matteo_Tonelli_Italy_Country_Manager-scaled.jpg","type":"image\/jpeg"}],"author":"NicolasFeste","twitter_card":"summary_large_image","twitter_misc":{"Written by":"NicolasFeste","Est. reading time":"3 minutes"},"schema":{"@context":"https:\/\/schema.org","@graph":[{"@type":"Article","@id":"https:\/\/www.eenewseurope.com\/fr\/sipearl-ouvre-sa-3eme-filiale-en-italie\/#article","isPartOf":{"@id":"https:\/\/www.eenewseurope.com\/fr\/sipearl-ouvre-sa-3eme-filiale-en-italie\/"},"author":{"name":"NicolasFeste","@id":"https:\/\/www.ecinews.fr\/fr\/#\/schema\/person\/c7104a72b466a801f257e51481de0c43"},"headline":"SiPearl ouvre sa 3\u00e8me filiale en Italie","datePublished":"2024-05-14T07:00:29+00:00","dateModified":"2024-05-13T22:37:48+00:00","mainEntityOfPage":{"@id":"https:\/\/www.eenewseurope.com\/fr\/sipearl-ouvre-sa-3eme-filiale-en-italie\/"},"wordCount":613,"publisher":{"@id":"https:\/\/www.ecinews.fr\/fr\/#organization"},"keywords":["Intelligence Artificielle"],"articleSection":["Actualit\u00e9 g\u00e9n\u00e9rale"],"inLanguage":"fr-FR"},{"@type":"WebPage","@id":"https:\/\/www.eenewseurope.com\/fr\/sipearl-ouvre-sa-3eme-filiale-en-italie\/","url":"https:\/\/www.eenewseurope.com\/fr\/sipearl-ouvre-sa-3eme-filiale-en-italie\/","name":"SiPearl ouvre sa 3\u00e8me filiale en Italie -","isPartOf":{"@id":"https:\/\/www.ecinews.fr\/fr\/#website"},"datePublished":"2024-05-14T07:00:29+00:00","dateModified":"2024-05-13T22:37:48+00:00","description":"Apr\u00e8s Duisbourg et Barcelone, SiPearl va ouvrir sa 3\u00e8me filiale \u00e0 Bologne en Italie, au c\u0153ur d\u2019une r\u00e9gion de pointe pour le supercalcul et l\u2019intelligence artificielle avec notamment l'Universit\u00e9 de Bologne, Cineca et ECMWF. Cette ouverture s\u2019inscrit dans une strat\u00e9gie de renforcement des liens avec ses partenaires pour le d\u00e9veloppement du microprocesseur europ\u00e9en haute performance et basse consommation d\u00e9di\u00e9 au supercalcul et \u00e0 l\u2019inf\u00e9rence d\u2019intelligence artificielle.","breadcrumb":{"@id":"https:\/\/www.eenewseurope.com\/fr\/sipearl-ouvre-sa-3eme-filiale-en-italie\/#breadcrumb"},"inLanguage":"fr-FR","potentialAction":[{"@type":"ReadAction","target":["https:\/\/www.eenewseurope.com\/fr\/sipearl-ouvre-sa-3eme-filiale-en-italie\/"]}]},{"@type":"BreadcrumbList","@id":"https:\/\/www.eenewseurope.com\/fr\/sipearl-ouvre-sa-3eme-filiale-en-italie\/#breadcrumb","itemListElement":[{"@type":"ListItem","position":1,"name":"Home","item":"https:\/\/www.ecinews.fr\/fr\/"},{"@type":"ListItem","position":2,"name":"SiPearl ouvre sa 3\u00e8me filiale en Italie"}]},{"@type":"WebSite","@id":"https:\/\/www.ecinews.fr\/fr\/#website","url":"https:\/\/www.ecinews.fr\/fr\/","name":"EENewsEurope","description":"Just another WordPress site","publisher":{"@id":"https:\/\/www.ecinews.fr\/fr\/#organization"},"potentialAction":[{"@type":"SearchAction","target":{"@type":"EntryPoint","urlTemplate":"https:\/\/www.ecinews.fr\/fr\/?s={search_term_string}"},"query-input":"required name=search_term_string"}],"inLanguage":"fr-FR"},{"@type":"Organization","@id":"https:\/\/www.ecinews.fr\/fr\/#organization","name":"EENewsEurope","url":"https:\/\/www.ecinews.fr\/fr\/","logo":{"@type":"ImageObject","inLanguage":"fr-FR","@id":"https:\/\/www.ecinews.fr\/fr\/#\/schema\/logo\/image\/","url":"https:\/\/www.ecinews.fr\/wp-content\/uploads\/2022\/02\/logo-1.jpg","contentUrl":"https:\/\/www.ecinews.fr\/wp-content\/uploads\/2022\/02\/logo-1.jpg","width":283,"height":113,"caption":"EENewsEurope"},"image":{"@id":"https:\/\/www.ecinews.fr\/fr\/#\/schema\/logo\/image\/"}},{"@type":"Person","@id":"https:\/\/www.ecinews.fr\/fr\/#\/schema\/person\/c7104a72b466a801f257e51481de0c43","name":"NicolasFeste","image":{"@type":"ImageObject","inLanguage":"fr-FR","@id":"https:\/\/www.ecinews.fr\/fr\/#\/schema\/person\/image\/1ea421e7d03c1e96a9ea2bcf2705734a","url":"https:\/\/secure.gravatar.com\/avatar\/2e187f4d96902933ba445ed6c760e11c?s=96&d=mm&r=g","contentUrl":"https:\/\/secure.gravatar.com\/avatar\/2e187f4d96902933ba445ed6c760e11c?s=96&d=mm&r=g","caption":"NicolasFeste"}}]}},"authors":[{"term_id":6113,"user_id":39,"is_guest":0,"slug":"nicolasfeste","display_name":"NicolasFeste","avatar_url":"https:\/\/secure.gravatar.com\/avatar\/2e187f4d96902933ba445ed6c760e11c?s=96&d=mm&r=g","0":null,"1":"","2":"","3":"","4":"","5":"","6":"","7":"","8":""}],"_links":{"self":[{"href":"https:\/\/www.ecinews.fr\/fr\/wp-json\/wp\/v2\/posts\/451004"}],"collection":[{"href":"https:\/\/www.ecinews.fr\/fr\/wp-json\/wp\/v2\/posts"}],"about":[{"href":"https:\/\/www.ecinews.fr\/fr\/wp-json\/wp\/v2\/types\/post"}],"author":[{"embeddable":true,"href":"https:\/\/www.ecinews.fr\/fr\/wp-json\/wp\/v2\/users\/39"}],"replies":[{"embeddable":true,"href":"https:\/\/www.ecinews.fr\/fr\/wp-json\/wp\/v2\/comments?post=451004"}],"version-history":[{"count":0,"href":"https:\/\/www.ecinews.fr\/fr\/wp-json\/wp\/v2\/posts\/451004\/revisions"}],"wp:featuredmedia":[{"embeddable":true,"href":"https:\/\/www.ecinews.fr\/fr\/wp-json\/wp\/v2\/media\/451024"}],"wp:attachment":[{"href":"https:\/\/www.ecinews.fr\/fr\/wp-json\/wp\/v2\/media?parent=451004"}],"wp:term":[{"taxonomy":"category","embeddable":true,"href":"https:\/\/www.ecinews.fr\/fr\/wp-json\/wp\/v2\/categories?post=451004"},{"taxonomy":"post_tag","embeddable":true,"href":"https:\/\/www.ecinews.fr\/fr\/wp-json\/wp\/v2\/tags?post=451004"},{"taxonomy":"domains","embeddable":true,"href":"https:\/\/www.ecinews.fr\/fr\/wp-json\/wp\/v2\/domains?post=451004"},{"taxonomy":"author","embeddable":true,"href":"https:\/\/www.ecinews.fr\/fr\/wp-json\/wp\/v2\/ppma_author?post=451004"}],"curies":[{"name":"wp","href":"https:\/\/api.w.org\/{rel}","templated":true}]}}