{"id":450807,"date":"2024-05-10T09:33:32","date_gmt":"2024-05-10T07:33:32","guid":{"rendered":"https:\/\/www.eenewseurope.com\/?p=450807"},"modified":"2024-05-10T09:33:32","modified_gmt":"2024-05-10T07:33:32","slug":"intel-et-qualcomm-interdits-de-ventes-de-puces-a-huawei","status":"publish","type":"post","link":"https:\/\/www.ecinews.fr\/fr\/intel-et-qualcomm-interdits-de-ventes-de-puces-a-huawei\/","title":{"rendered":"Intel et Qualcomm interdits de ventes de puces \u00e0 Huawei"},"content":{"rendered":"<h2>Le minist\u00e8re am\u00e9ricain du commerce a r\u00e9voqu\u00e9 les licences accord\u00e9es \u00e0 Intel et Qualcomm pour la fourniture de certaines puces \u00e0 Huawei Technologies Co. Ltd. (Shenzhen, Chine) avec effet au 7 mai.<\/h2>\n<p>Intel et Qualcomm ont confirm\u00e9 les r\u00e9vocations dans des d\u00e9clarations \u00e0 la Securities and Exchange Commission.<\/p>\n<p>Huawei s&rsquo;est vu refuser l&rsquo;acc\u00e8s \u00e0 un certain nombre de technologies de pointe depuis 2019 dans le cadre des contr\u00f4les am\u00e9ricains \u00e0 l&rsquo;exportation qui ont abord\u00e9 les probl\u00e8mes li\u00e9s aux technologies \u00e0 double usage susceptibles d&rsquo;\u00eatre utilis\u00e9es par l&rsquo;Arm\u00e9e populaire de lib\u00e9ration. Dans le m\u00eame temps, le minist\u00e8re du commerce avait accord\u00e9 des licences pour la fourniture de puces qui, \u00e0 l&rsquo;\u00e9poque, \u00e9taient consid\u00e9r\u00e9s comme \u00e9tant en dessous d&rsquo;un seuil de performance qui les rendait non critiques. Sur cette base, les composants li\u00e9s aux communications 5G n&rsquo;ont pas fait l&rsquo;objet d&rsquo;une licence, alors que la 4G l&rsquo;ont \u00e9t\u00e9.<\/p>\n<p>Intel a d\u00e9pos\u00e9 un dossier : \u00ab\u00a0Le 7 mai 2024, le minist\u00e8re am\u00e9ricain du Commerce a inform\u00e9 Intel Corp. qu&rsquo;il r\u00e9voquait certaines licences d&rsquo;exportation d&rsquo;articles li\u00e9s \u00e0 la consommation \u00e0 un client en Chine, avec effet imm\u00e9diat. En cons\u00e9quence, la soci\u00e9t\u00e9 pr\u00e9voit que les recettes du deuxi\u00e8me trimestre 2024 resteront dans la fourchette initiale de 12,5 milliards de dollars US \u00e0 13,5 milliards de dollars US, mais en dessous du point m\u00e9dian. Pour l&rsquo;ensemble de l&rsquo;ann\u00e9e 2024, l&rsquo;entreprise continue de s&rsquo;attendre \u00e0 ce que les recettes et le b\u00e9n\u00e9fice par action augmentent d&rsquo;une ann\u00e9e sur l&rsquo;autre par rapport \u00e0 2023.\u00a0\u00bb<\/p>\n<p>De m\u00eame, Qualcomm a d\u00e9pos\u00e9 un dossier : \u00ab\u00a0Le 7 mai 2024, le minist\u00e8re am\u00e9ricain du Commerce a inform\u00e9 Qualcomm Inc. qu&rsquo;il r\u00e9voquait la licence d&rsquo;exportation de produits 4G et de certains autres circuits int\u00e9gr\u00e9s, y compris les produits Wi-Fi, vers Huawei Device Co., Ltd. et ses affili\u00e9s et filiales, avec effet imm\u00e9diat. Comme indiqu\u00e9 dans notre formulaire 10-Q d\u00e9pos\u00e9 le 1er mai 2024, nous ne nous attendions pas \u00e0 recevoir des revenus de Huawei au-del\u00e0 de l&rsquo;ann\u00e9e civile en cours. Cette r\u00e9vocation a report\u00e9 cette date au 7 mai 2024, car nous avons mis en \u0153uvre des mesures pour nous mettre imm\u00e9diatement en conformit\u00e9.\u00a0\u00bb<\/p>\n<p>Les ventes de Huawei dans le secteur des smartphones se sont effondr\u00e9es \u00e0 la suite d&rsquo;une premi\u00e8re interdiction des processeurs d&rsquo;application de pointe, mais l&rsquo;entreprise semble se redresser en 2024 et avoir r\u00e9ussi \u00e0 collaborer avec le fondeur local SMIC pour fabriquer des processeurs selon un process de fabrication proche de 7 nm.<\/p>\n<h4>Liens et articles connexes :<\/h4>\n<p><a href=\"http:\/\/www.intel.com\">www.intel.com<\/a><\/p>\n<p><a href=\"http:\/\/www.qualcomm.com\">www.qualcomm.com<\/a><\/p>\n<h4>Articles de presse :<\/h4>\n<p><a href=\"https:\/\/www.eenewseurope.com\/en\/smartphone-pc-markets-reflect-market-recovery\/\">Les march\u00e9s des smartphones et des PC refl\u00e8tent la reprise du march\u00e9<\/a><\/p>\n<p><a href=\"https:\/\/www.eenewseurope.com\/en\/huawei-builds-rd-base-for-home-grown-lithography\/\">Huawei construit une base de R&amp;D pour la lithographie locale<\/a><\/p>\n<p><a href=\"https:\/\/www.eenewseurope.com\/en\/huawei-pursues-quad-patterning-to-make-5nm-chips\/\">Huawei recherche le quadruple patterning pour fabriquer des puces de 5 nm<\/a><\/p>\n","protected":false},"excerpt":{"rendered":"<p>Le minist\u00e8re am\u00e9ricain du commerce a r\u00e9voqu\u00e9 les licences accord\u00e9es \u00e0 Intel et Qualcomm pour la fourniture de certaines puces \u00e0 Huawei Technologies Co. Ltd. (Shenzhen, Chine) avec effet au 7 mai. Intel et Qualcomm ont confirm\u00e9 les r\u00e9vocations dans des d\u00e9clarations \u00e0 la Securities and Exchange Commission. Huawei s&rsquo;est vu refuser l&rsquo;acc\u00e8s \u00e0 un [&hellip;]<\/p>\n","protected":false},"author":2,"featured_media":124194,"comment_status":"closed","ping_status":"closed","sticky":false,"template":"","format":"standard","meta":{"_acf_changed":false,"footnotes":""},"categories":[880],"tags":[2122,2128,4222,3420],"domains":[47],"ppma_author":[3631],"class_list":["post-450807","post","type-post","status-publish","format-standard","has-post-thumbnail","hentry","category-actualites-economiques","tag-5g-fr-2","tag-china-fr","tag-huawei","tag-mcu-mpu","domains-electronique-eci"],"acf":[],"yoast_head":"<title>Intel et Qualcomm confirment l&#039;interdiction imm\u00e9diate par les ...<\/title>\n<meta name=\"description\" content=\"Le minist\u00e8re am\u00e9ricain du commerce a r\u00e9voqu\u00e9 les licences accord\u00e9es \u00e0 Intel et Qualcomm pour la fourniture de certaines puces \u00e0 Huawei.\" \/>\n<meta name=\"robots\" content=\"index, follow, max-snippet:-1, max-image-preview:large, max-video-preview:-1\" \/>\n<link rel=\"canonical\" href=\"https:\/\/www.ecinews.fr\/fr\/wp-json\/wp\/v2\/posts\/450807\/\" \/>\n<meta property=\"og:locale\" content=\"fr_FR\" \/>\n<meta property=\"og:type\" content=\"article\" \/>\n<meta property=\"og:title\" content=\"Intel et Qualcomm interdits de ventes de puces \u00e0 Huawei\" \/>\n<meta property=\"og:description\" content=\"Le minist\u00e8re am\u00e9ricain du commerce a r\u00e9voqu\u00e9 les licences accord\u00e9es \u00e0 Intel et Qualcomm pour la fourniture de certaines puces \u00e0 Huawei.\" \/>\n<meta property=\"og:url\" content=\"https:\/\/www.ecinews.fr\/fr\/wp-json\/wp\/v2\/posts\/450807\/\" \/>\n<meta property=\"og:site_name\" content=\"EENewsEurope\" \/>\n<meta property=\"article:published_time\" content=\"2024-05-10T07:33:32+00:00\" \/>\n<meta property=\"og:image\" content=\"https:\/\/cdn.eenewseurope.com\/wp-content\/uploads\/import\/default\/files\/sites\/default\/files\/images\/uschina630.jpg\" \/>\n\t<meta property=\"og:image:width\" content=\"630\" \/>\n\t<meta property=\"og:image:height\" content=\"356\" \/>\n\t<meta property=\"og:image:type\" content=\"image\/jpeg\" \/>\n<meta name=\"author\" content=\"Peter Clarke\" \/>\n<meta name=\"twitter:card\" content=\"summary_large_image\" \/>\n<meta name=\"twitter:label1\" content=\"Written by\" \/>\n\t<meta name=\"twitter:data1\" content=\"NicolasR\" \/>\n\t<meta name=\"twitter:label2\" content=\"Est. reading time\" \/>\n\t<meta name=\"twitter:data2\" content=\"2 minutes\" \/>\n<script type=\"application\/ld+json\" class=\"yoast-schema-graph\">{\"@context\":\"https:\/\/schema.org\",\"@graph\":[{\"@type\":\"Article\",\"@id\":\"https:\/\/cdn.eenewseurope.com\/fr\/intel-et-qualcomm-interdits-de-ventes-de-puces-a-huawei\/#article\",\"isPartOf\":{\"@id\":\"https:\/\/cdn.eenewseurope.com\/fr\/intel-et-qualcomm-interdits-de-ventes-de-puces-a-huawei\/\"},\"author\":{\"name\":\"NicolasR\",\"@id\":\"https:\/\/www.ecinews.fr\/fr\/#\/schema\/person\/78961bf5e4a331d3b8b2d58fdfef976c\"},\"headline\":\"Intel et Qualcomm interdits de ventes de puces \u00e0 Huawei\",\"datePublished\":\"2024-05-10T07:33:32+00:00\",\"dateModified\":\"2024-05-10T07:33:32+00:00\",\"mainEntityOfPage\":{\"@id\":\"https:\/\/cdn.eenewseurope.com\/fr\/intel-et-qualcomm-interdits-de-ventes-de-puces-a-huawei\/\"},\"wordCount\":506,\"publisher\":{\"@id\":\"https:\/\/www.ecinews.fr\/fr\/#organization\"},\"keywords\":[\"5G\",\"Chine\",\"Huawei\",\"MCU\/MPU\"],\"articleSection\":[\"Actualit\u00e9s \u00e9conomiques\"],\"inLanguage\":\"fr-FR\"},{\"@type\":\"WebPage\",\"@id\":\"https:\/\/cdn.eenewseurope.com\/fr\/intel-et-qualcomm-interdits-de-ventes-de-puces-a-huawei\/\",\"url\":\"https:\/\/cdn.eenewseurope.com\/fr\/intel-et-qualcomm-interdits-de-ventes-de-puces-a-huawei\/\",\"name\":\"Intel et Qualcomm confirment l'interdiction imm\u00e9diate par les \u00c9tats-Unis des ventes de circuits int\u00e9gr\u00e9s \u00e0 Huawei\",\"isPartOf\":{\"@id\":\"https:\/\/www.ecinews.fr\/fr\/#website\"},\"datePublished\":\"2024-05-10T07:33:32+00:00\",\"dateModified\":\"2024-05-10T07:33:32+00:00\",\"description\":\"Le minist\u00e8re am\u00e9ricain du commerce a r\u00e9voqu\u00e9 les licences accord\u00e9es \u00e0 Intel et Qualcomm pour la fourniture de certaines puces \u00e0 Huawei.\",\"breadcrumb\":{\"@id\":\"https:\/\/cdn.eenewseurope.com\/fr\/intel-et-qualcomm-interdits-de-ventes-de-puces-a-huawei\/#breadcrumb\"},\"inLanguage\":\"fr-FR\",\"potentialAction\":[{\"@type\":\"ReadAction\",\"target\":[\"https:\/\/cdn.eenewseurope.com\/fr\/intel-et-qualcomm-interdits-de-ventes-de-puces-a-huawei\/\"]}]},{\"@type\":\"BreadcrumbList\",\"@id\":\"https:\/\/cdn.eenewseurope.com\/fr\/intel-et-qualcomm-interdits-de-ventes-de-puces-a-huawei\/#breadcrumb\",\"itemListElement\":[{\"@type\":\"ListItem\",\"position\":1,\"name\":\"Home\",\"item\":\"https:\/\/www.ecinews.fr\/fr\/\"},{\"@type\":\"ListItem\",\"position\":2,\"name\":\"Intel et Qualcomm interdits de ventes de puces \u00e0 Huawei\"}]},{\"@type\":\"WebSite\",\"@id\":\"https:\/\/www.ecinews.fr\/fr\/#website\",\"url\":\"https:\/\/www.ecinews.fr\/fr\/\",\"name\":\"EENewsEurope\",\"description\":\"Just another WordPress site\",\"publisher\":{\"@id\":\"https:\/\/www.ecinews.fr\/fr\/#organization\"},\"potentialAction\":[{\"@type\":\"SearchAction\",\"target\":{\"@type\":\"EntryPoint\",\"urlTemplate\":\"https:\/\/www.ecinews.fr\/fr\/?s={search_term_string}\"},\"query-input\":\"required name=search_term_string\"}],\"inLanguage\":\"fr-FR\"},{\"@type\":\"Organization\",\"@id\":\"https:\/\/www.ecinews.fr\/fr\/#organization\",\"name\":\"EENewsEurope\",\"url\":\"https:\/\/www.ecinews.fr\/fr\/\",\"logo\":{\"@type\":\"ImageObject\",\"inLanguage\":\"fr-FR\",\"@id\":\"https:\/\/www.ecinews.fr\/fr\/#\/schema\/logo\/image\/\",\"url\":\"https:\/\/www.ecinews.fr\/wp-content\/uploads\/2022\/02\/logo-1.jpg\",\"contentUrl\":\"https:\/\/www.ecinews.fr\/wp-content\/uploads\/2022\/02\/logo-1.jpg\",\"width\":283,\"height\":113,\"caption\":\"EENewsEurope\"},\"image\":{\"@id\":\"https:\/\/www.ecinews.fr\/fr\/#\/schema\/logo\/image\/\"}},{\"@type\":\"Person\",\"@id\":\"https:\/\/www.ecinews.fr\/fr\/#\/schema\/person\/78961bf5e4a331d3b8b2d58fdfef976c\",\"name\":\"NicolasR\",\"image\":{\"@type\":\"ImageObject\",\"inLanguage\":\"fr-FR\",\"@id\":\"https:\/\/www.ecinews.fr\/fr\/#\/schema\/person\/image\/1113513d73c6c997fc7ac1ecedfff8d9\",\"url\":\"https:\/\/secure.gravatar.com\/avatar\/8c46107760468ab8a00c814c26c19ab4?s=96&d=mm&r=g\",\"contentUrl\":\"https:\/\/secure.gravatar.com\/avatar\/8c46107760468ab8a00c814c26c19ab4?s=96&d=mm&r=g\",\"caption\":\"NicolasR\"}}]}<\/script>","yoast_head_json":{"title":"Intel et Qualcomm confirment l'interdiction imm\u00e9diate par les ...","description":"Le minist\u00e8re am\u00e9ricain du commerce a r\u00e9voqu\u00e9 les licences accord\u00e9es \u00e0 Intel et Qualcomm pour la fourniture de certaines puces \u00e0 Huawei.","robots":{"index":"index","follow":"follow","max-snippet":"max-snippet:-1","max-image-preview":"max-image-preview:large","max-video-preview":"max-video-preview:-1"},"canonical":"https:\/\/www.ecinews.fr\/fr\/wp-json\/wp\/v2\/posts\/450807\/","og_locale":"fr_FR","og_type":"article","og_title":"Intel et Qualcomm interdits de ventes de puces \u00e0 Huawei","og_description":"Le minist\u00e8re am\u00e9ricain du commerce a r\u00e9voqu\u00e9 les licences accord\u00e9es \u00e0 Intel et Qualcomm pour la fourniture de certaines puces \u00e0 Huawei.","og_url":"https:\/\/www.ecinews.fr\/fr\/wp-json\/wp\/v2\/posts\/450807\/","og_site_name":"EENewsEurope","article_published_time":"2024-05-10T07:33:32+00:00","og_image":[{"width":630,"height":356,"url":"https:\/\/cdn.eenewseurope.com\/wp-content\/uploads\/import\/default\/files\/sites\/default\/files\/images\/uschina630.jpg","type":"image\/jpeg"}],"author":"Peter Clarke","twitter_card":"summary_large_image","twitter_misc":{"Written by":"NicolasR","Est. reading time":"2 minutes"},"schema":{"@context":"https:\/\/schema.org","@graph":[{"@type":"Article","@id":"https:\/\/cdn.eenewseurope.com\/fr\/intel-et-qualcomm-interdits-de-ventes-de-puces-a-huawei\/#article","isPartOf":{"@id":"https:\/\/cdn.eenewseurope.com\/fr\/intel-et-qualcomm-interdits-de-ventes-de-puces-a-huawei\/"},"author":{"name":"NicolasR","@id":"https:\/\/www.ecinews.fr\/fr\/#\/schema\/person\/78961bf5e4a331d3b8b2d58fdfef976c"},"headline":"Intel et Qualcomm interdits de ventes de puces \u00e0 Huawei","datePublished":"2024-05-10T07:33:32+00:00","dateModified":"2024-05-10T07:33:32+00:00","mainEntityOfPage":{"@id":"https:\/\/cdn.eenewseurope.com\/fr\/intel-et-qualcomm-interdits-de-ventes-de-puces-a-huawei\/"},"wordCount":506,"publisher":{"@id":"https:\/\/www.ecinews.fr\/fr\/#organization"},"keywords":["5G","Chine","Huawei","MCU\/MPU"],"articleSection":["Actualit\u00e9s \u00e9conomiques"],"inLanguage":"fr-FR"},{"@type":"WebPage","@id":"https:\/\/cdn.eenewseurope.com\/fr\/intel-et-qualcomm-interdits-de-ventes-de-puces-a-huawei\/","url":"https:\/\/cdn.eenewseurope.com\/fr\/intel-et-qualcomm-interdits-de-ventes-de-puces-a-huawei\/","name":"Intel et Qualcomm confirment l'interdiction imm\u00e9diate par les \u00c9tats-Unis des ventes de circuits int\u00e9gr\u00e9s \u00e0 Huawei","isPartOf":{"@id":"https:\/\/www.ecinews.fr\/fr\/#website"},"datePublished":"2024-05-10T07:33:32+00:00","dateModified":"2024-05-10T07:33:32+00:00","description":"Le minist\u00e8re am\u00e9ricain du commerce a r\u00e9voqu\u00e9 les licences accord\u00e9es \u00e0 Intel et Qualcomm pour la fourniture de certaines puces \u00e0 Huawei.","breadcrumb":{"@id":"https:\/\/cdn.eenewseurope.com\/fr\/intel-et-qualcomm-interdits-de-ventes-de-puces-a-huawei\/#breadcrumb"},"inLanguage":"fr-FR","potentialAction":[{"@type":"ReadAction","target":["https:\/\/cdn.eenewseurope.com\/fr\/intel-et-qualcomm-interdits-de-ventes-de-puces-a-huawei\/"]}]},{"@type":"BreadcrumbList","@id":"https:\/\/cdn.eenewseurope.com\/fr\/intel-et-qualcomm-interdits-de-ventes-de-puces-a-huawei\/#breadcrumb","itemListElement":[{"@type":"ListItem","position":1,"name":"Home","item":"https:\/\/www.ecinews.fr\/fr\/"},{"@type":"ListItem","position":2,"name":"Intel et Qualcomm interdits de ventes de puces \u00e0 Huawei"}]},{"@type":"WebSite","@id":"https:\/\/www.ecinews.fr\/fr\/#website","url":"https:\/\/www.ecinews.fr\/fr\/","name":"EENewsEurope","description":"Just another WordPress site","publisher":{"@id":"https:\/\/www.ecinews.fr\/fr\/#organization"},"potentialAction":[{"@type":"SearchAction","target":{"@type":"EntryPoint","urlTemplate":"https:\/\/www.ecinews.fr\/fr\/?s={search_term_string}"},"query-input":"required name=search_term_string"}],"inLanguage":"fr-FR"},{"@type":"Organization","@id":"https:\/\/www.ecinews.fr\/fr\/#organization","name":"EENewsEurope","url":"https:\/\/www.ecinews.fr\/fr\/","logo":{"@type":"ImageObject","inLanguage":"fr-FR","@id":"https:\/\/www.ecinews.fr\/fr\/#\/schema\/logo\/image\/","url":"https:\/\/www.ecinews.fr\/wp-content\/uploads\/2022\/02\/logo-1.jpg","contentUrl":"https:\/\/www.ecinews.fr\/wp-content\/uploads\/2022\/02\/logo-1.jpg","width":283,"height":113,"caption":"EENewsEurope"},"image":{"@id":"https:\/\/www.ecinews.fr\/fr\/#\/schema\/logo\/image\/"}},{"@type":"Person","@id":"https:\/\/www.ecinews.fr\/fr\/#\/schema\/person\/78961bf5e4a331d3b8b2d58fdfef976c","name":"NicolasR","image":{"@type":"ImageObject","inLanguage":"fr-FR","@id":"https:\/\/www.ecinews.fr\/fr\/#\/schema\/person\/image\/1113513d73c6c997fc7ac1ecedfff8d9","url":"https:\/\/secure.gravatar.com\/avatar\/8c46107760468ab8a00c814c26c19ab4?s=96&d=mm&r=g","contentUrl":"https:\/\/secure.gravatar.com\/avatar\/8c46107760468ab8a00c814c26c19ab4?s=96&d=mm&r=g","caption":"NicolasR"}}]}},"authors":[{"term_id":3631,"user_id":0,"is_guest":1,"slug":"peter-clarke","display_name":"Peter Clarke","avatar_url":"https:\/\/secure.gravatar.com\/avatar\/?s=96&d=mm&r=g","0":null,"1":"","2":"","3":"","4":"","5":"","6":"","7":"","8":""}],"_links":{"self":[{"href":"https:\/\/www.ecinews.fr\/fr\/wp-json\/wp\/v2\/posts\/450807"}],"collection":[{"href":"https:\/\/www.ecinews.fr\/fr\/wp-json\/wp\/v2\/posts"}],"about":[{"href":"https:\/\/www.ecinews.fr\/fr\/wp-json\/wp\/v2\/types\/post"}],"author":[{"embeddable":true,"href":"https:\/\/www.ecinews.fr\/fr\/wp-json\/wp\/v2\/users\/2"}],"replies":[{"embeddable":true,"href":"https:\/\/www.ecinews.fr\/fr\/wp-json\/wp\/v2\/comments?post=450807"}],"version-history":[{"count":0,"href":"https:\/\/www.ecinews.fr\/fr\/wp-json\/wp\/v2\/posts\/450807\/revisions"}],"wp:featuredmedia":[{"embeddable":true,"href":"https:\/\/www.ecinews.fr\/fr\/wp-json\/wp\/v2\/media\/124194"}],"wp:attachment":[{"href":"https:\/\/www.ecinews.fr\/fr\/wp-json\/wp\/v2\/media?parent=450807"}],"wp:term":[{"taxonomy":"category","embeddable":true,"href":"https:\/\/www.ecinews.fr\/fr\/wp-json\/wp\/v2\/categories?post=450807"},{"taxonomy":"post_tag","embeddable":true,"href":"https:\/\/www.ecinews.fr\/fr\/wp-json\/wp\/v2\/tags?post=450807"},{"taxonomy":"domains","embeddable":true,"href":"https:\/\/www.ecinews.fr\/fr\/wp-json\/wp\/v2\/domains?post=450807"},{"taxonomy":"author","embeddable":true,"href":"https:\/\/www.ecinews.fr\/fr\/wp-json\/wp\/v2\/ppma_author?post=450807"}],"curies":[{"name":"wp","href":"https:\/\/api.w.org\/{rel}","templated":true}]}}