{"id":450799,"date":"2024-05-09T22:45:08","date_gmt":"2024-05-09T20:45:08","guid":{"rendered":"https:\/\/www.eenewseurope.com\/?p=450799"},"modified":"2024-05-09T22:45:08","modified_gmt":"2024-05-09T20:45:08","slug":"les-transformateurs-planar-de-qualite-spatiale-reduisent-le-cout-et-la-taille","status":"publish","type":"post","link":"https:\/\/www.ecinews.fr\/fr\/les-transformateurs-planar-de-qualite-spatiale-reduisent-le-cout-et-la-taille\/","title":{"rendered":"Les transformateurs planar de qualit\u00e9 spatiale r\u00e9duisent le co\u00fbt et la taille"},"content":{"rendered":"<h3><span style=\"font-size: 16px;\">Vishay Intertechnology a introduit une nouvelle s\u00e9rie de transformateurs planar \u00e0 faible profil et de qualit\u00e9 spatiale pour les applications de conversion de puissance.<\/span><\/h3>\n<p>Offrant un co\u00fbt inf\u00e9rieur, une taille r\u00e9duite et une densit\u00e9 plus \u00e9lev\u00e9e que les transformateurs planar traditionnels, les pduits personnalisables de la s\u00e9rie SGTPL-2516 de Vishay Custom Magnetics r\u00e9pondent aux exigences de la norme MIL-STD-981 classe S.<\/p>\n<p>Disponibles avec des terminaisons en trou traversant et plusieurs tailles de bo\u00eetiers, les dispositifs seront utilis\u00e9s dans les alimentations \u00e0 d\u00e9coupage et les convertisseurs CC\/CC et CA\/CC. Con\u00e7us pour les environnements les plus difficiles, les transformateurs combinent leur qualification MIL-STD-981 avec un bo\u00eetier robuste comprenant des enroulements moul\u00e9s et un fonctionnement \u00e0 haute temp\u00e9rature jusqu&rsquo;\u00e0 +130 \u00b0C. Les transformateurs de la s\u00e9rie SGTPL-2516 fonctionnent sur une plage de fr\u00e9quences de 80 kHz \u00e0 300 kHz et offrent une tension de tenue di\u00e9lectrique jusqu&rsquo;\u00e0 1500 VCA, une puissance de 150 W et une inductance de fuite de 0,5 \u00b5H.<\/p>\n<p>Dot\u00e9s d&rsquo;une structure de bobinage et d&rsquo;une technique de construction uniques, les transformateurs offrent un facteur de remplissage en cuivre sup\u00e9rieur \u00e0 celui des dispositifs planar traditionnels, ce qui permet de r\u00e9duire la taille des bo\u00eetiers et d&rsquo;am\u00e9liorer l&rsquo;efficacit\u00e9 et la densit\u00e9 de puissance. La technologie de bobinage de la s\u00e9rie SGTPL-2516 permet une modification facile pour r\u00e9pondre aux exigences sp\u00e9cifiques de la conception en mati\u00e8re de tension de fonctionnement, d&rsquo;inductance, de puissance, de taille et de hauteur du bo\u00eetier, sans frais d&rsquo;outillage sp\u00e9cifique. Outre le filtrage de niveau S des groupes A et B de la norme MIL-STD-981, les dispositifs sont disponibles avec un filtrage de niveau P pour les tests de validation de la conception et d&rsquo;autres options de filtrage personnalis\u00e9es.<\/p>\n<p>Des \u00e9chantillons et des quantit\u00e9s de production des nouveaux transformateurs sont disponibles d\u00e8s maintenant.<\/p>\n<p><a href=\"http:\/\/www.Vishay.com\">www.Vishay.com<\/a><\/p>\n<p><u><a href=\"https:\/\/news.google.com\/publications\/CAAqBwgKMJbcwQswuPfYAw?hl=fr&amp;gl=BE&amp;ceid=BE:fr\" target=\"news.google.com\" rel=\"noopener\">Suivre ECInews sur Google news<\/a><\/u><\/p>\n","protected":false},"excerpt":{"rendered":"<p>Dot\u00e9s d&rsquo;une structure de bobinage et d&rsquo;une technique de construction uniques, les transformateurs planaires personnalisables sont conformes \u00e0 la norme MIL-STD-981 Classe S.<\/p>\n","protected":false},"author":11,"featured_media":450741,"comment_status":"closed","ping_status":"closed","sticky":false,"template":"","format":"standard","meta":{"_acf_changed":false,"footnotes":""},"categories":[881],"tags":[2400,6350,6348,6351],"domains":[47],"ppma_author":[1143,3682],"class_list":["post-450799","post","type-post","status-publish","format-standard","has-post-thumbnail","hentry","category-nouveaux-produits","tag-conversion-denergie","tag-mil-std-981-classe-s","tag-smps-fr","tag-transformateurs-planar","domains-electronique-eci"],"acf":[],"yoast_head":"<title>Les transformateurs planar de qualit\u00e9 spatiale r\u00e9duisent le c...<\/title>\n<meta name=\"description\" content=\"transformateurs planar personnalisables conformes \u00e0 la norme MIL-STD-981 Classe S. Qualit\u00e9 spatiale pour les applications de conversion de puissance.\" \/>\n<meta name=\"robots\" content=\"index, follow, max-snippet:-1, max-image-preview:large, max-video-preview:-1\" \/>\n<link rel=\"canonical\" href=\"https:\/\/www.ecinews.fr\/fr\/wp-json\/wp\/v2\/posts\/450799\/\" \/>\n<meta property=\"og:locale\" content=\"fr_FR\" \/>\n<meta property=\"og:type\" content=\"article\" \/>\n<meta property=\"og:title\" content=\"Les transformateurs planar de qualit\u00e9 spatiale r\u00e9duisent le co\u00fbt et la taille\" \/>\n<meta property=\"og:description\" content=\"transformateurs planar personnalisables conformes \u00e0 la norme MIL-STD-981 Classe S. Qualit\u00e9 spatiale pour les applications de conversion de puissance.\" \/>\n<meta property=\"og:url\" content=\"https:\/\/www.ecinews.fr\/fr\/wp-json\/wp\/v2\/posts\/450799\/\" \/>\n<meta property=\"og:site_name\" content=\"EENewsEurope\" \/>\n<meta property=\"article:published_time\" content=\"2024-05-09T20:45:08+00:00\" \/>\n<meta property=\"og:image\" content=\"https:\/\/www.ecinews.fr\/wp-content\/uploads\/2024\/05\/2024-05-09-Vishay-SGTPL-2516-Planar-Transformers-scaled.jpg\" \/>\n\t<meta property=\"og:image:width\" content=\"1080\" \/>\n\t<meta property=\"og:image:height\" content=\"720\" \/>\n\t<meta property=\"og:image:type\" content=\"image\/jpeg\" \/>\n<meta name=\"author\" content=\"Daniel Cardon, Jean-Pierre Joosting\" \/>\n<meta name=\"twitter:card\" content=\"summary_large_image\" \/>\n<meta name=\"twitter:label1\" content=\"Written by\" \/>\n\t<meta name=\"twitter:data1\" content=\"Daniel Cardon\" \/>\n\t<meta name=\"twitter:label2\" content=\"Est. reading time\" \/>\n\t<meta name=\"twitter:data2\" content=\"2 minutes\" \/>\n<script type=\"application\/ld+json\" class=\"yoast-schema-graph\">{\"@context\":\"https:\/\/schema.org\",\"@graph\":[{\"@type\":\"Article\",\"@id\":\"https:\/\/www.ecinews.fr\/fr\/les-transformateurs-planar-de-qualite-spatiale-reduisent-le-cout-et-la-taille\/#article\",\"isPartOf\":{\"@id\":\"https:\/\/www.ecinews.fr\/fr\/les-transformateurs-planar-de-qualite-spatiale-reduisent-le-cout-et-la-taille\/\"},\"author\":{\"name\":\"Daniel Cardon\",\"@id\":\"https:\/\/www.eenewseurope.com\/en\/#\/schema\/person\/93c44cde463762f40a8236eaa44c1c17\"},\"headline\":\"Les transformateurs planar de qualit\u00e9 spatiale r\u00e9duisent le co\u00fbt et la taille\",\"datePublished\":\"2024-05-09T20:45:08+00:00\",\"dateModified\":\"2024-05-09T20:45:08+00:00\",\"mainEntityOfPage\":{\"@id\":\"https:\/\/www.ecinews.fr\/fr\/les-transformateurs-planar-de-qualite-spatiale-reduisent-le-cout-et-la-taille\/\"},\"wordCount\":347,\"publisher\":{\"@id\":\"https:\/\/www.eenewseurope.com\/en\/#organization\"},\"keywords\":[\"Conversion d'\u00e9nergie\",\"MIL-STD-981 Classe S\",\"SMPS\",\"Transformateurs Planar\"],\"articleSection\":[\"Nouveaux produits\"],\"inLanguage\":\"fr-FR\"},{\"@type\":\"WebPage\",\"@id\":\"https:\/\/www.ecinews.fr\/fr\/les-transformateurs-planar-de-qualite-spatiale-reduisent-le-cout-et-la-taille\/\",\"url\":\"https:\/\/www.ecinews.fr\/fr\/les-transformateurs-planar-de-qualite-spatiale-reduisent-le-cout-et-la-taille\/\",\"name\":\"Les transformateurs planar de qualit\u00e9 spatiale r\u00e9duisent le co\u00fbt et la taille -\",\"isPartOf\":{\"@id\":\"https:\/\/www.eenewseurope.com\/en\/#website\"},\"datePublished\":\"2024-05-09T20:45:08+00:00\",\"dateModified\":\"2024-05-09T20:45:08+00:00\",\"description\":\"transformateurs planar personnalisables conformes \u00e0 la norme MIL-STD-981 Classe S. Qualit\u00e9 spatiale pour les applications de conversion de puissance.\",\"breadcrumb\":{\"@id\":\"https:\/\/www.ecinews.fr\/fr\/les-transformateurs-planar-de-qualite-spatiale-reduisent-le-cout-et-la-taille\/#breadcrumb\"},\"inLanguage\":\"fr-FR\",\"potentialAction\":[{\"@type\":\"ReadAction\",\"target\":[\"https:\/\/www.ecinews.fr\/fr\/les-transformateurs-planar-de-qualite-spatiale-reduisent-le-cout-et-la-taille\/\"]}]},{\"@type\":\"BreadcrumbList\",\"@id\":\"https:\/\/www.ecinews.fr\/fr\/les-transformateurs-planar-de-qualite-spatiale-reduisent-le-cout-et-la-taille\/#breadcrumb\",\"itemListElement\":[{\"@type\":\"ListItem\",\"position\":1,\"name\":\"Home\",\"item\":\"https:\/\/www.ecinews.fr\/fr\/\"},{\"@type\":\"ListItem\",\"position\":2,\"name\":\"Les transformateurs planar de qualit\u00e9 spatiale r\u00e9duisent le co\u00fbt et la taille\"}]},{\"@type\":\"WebSite\",\"@id\":\"https:\/\/www.eenewseurope.com\/en\/#website\",\"url\":\"https:\/\/www.eenewseurope.com\/en\/\",\"name\":\"EENewsEurope\",\"description\":\"Just another WordPress site\",\"publisher\":{\"@id\":\"https:\/\/www.eenewseurope.com\/en\/#organization\"},\"potentialAction\":[{\"@type\":\"SearchAction\",\"target\":{\"@type\":\"EntryPoint\",\"urlTemplate\":\"https:\/\/www.eenewseurope.com\/en\/?s={search_term_string}\"},\"query-input\":\"required name=search_term_string\"}],\"inLanguage\":\"fr-FR\"},{\"@type\":\"Organization\",\"@id\":\"https:\/\/www.eenewseurope.com\/en\/#organization\",\"name\":\"EENewsEurope\",\"url\":\"https:\/\/www.eenewseurope.com\/en\/\",\"logo\":{\"@type\":\"ImageObject\",\"inLanguage\":\"fr-FR\",\"@id\":\"https:\/\/www.eenewseurope.com\/en\/#\/schema\/logo\/image\/\",\"url\":\"https:\/\/www.ecinews.fr\/wp-content\/uploads\/2022\/02\/logo-1.jpg\",\"contentUrl\":\"https:\/\/www.ecinews.fr\/wp-content\/uploads\/2022\/02\/logo-1.jpg\",\"width\":283,\"height\":113,\"caption\":\"EENewsEurope\"},\"image\":{\"@id\":\"https:\/\/www.eenewseurope.com\/en\/#\/schema\/logo\/image\/\"}},{\"@type\":\"Person\",\"@id\":\"https:\/\/www.eenewseurope.com\/en\/#\/schema\/person\/93c44cde463762f40a8236eaa44c1c17\",\"name\":\"Daniel Cardon\",\"image\":{\"@type\":\"ImageObject\",\"inLanguage\":\"fr-FR\",\"@id\":\"https:\/\/www.eenewseurope.com\/en\/#\/schema\/person\/image\/2b243f6bcc1cff7d86aadfb2cd0bd870\",\"url\":\"https:\/\/secure.gravatar.com\/avatar\/de9edc136dfc061ad4778e04635baefa?s=96&d=mm&r=g\",\"contentUrl\":\"https:\/\/secure.gravatar.com\/avatar\/de9edc136dfc061ad4778e04635baefa?s=96&d=mm&r=g\",\"caption\":\"Daniel Cardon\"}}]}<\/script>","yoast_head_json":{"title":"Les transformateurs planar de qualit\u00e9 spatiale r\u00e9duisent le c...","description":"transformateurs planar personnalisables conformes \u00e0 la norme MIL-STD-981 Classe S. Qualit\u00e9 spatiale pour les applications de conversion de puissance.","robots":{"index":"index","follow":"follow","max-snippet":"max-snippet:-1","max-image-preview":"max-image-preview:large","max-video-preview":"max-video-preview:-1"},"canonical":"https:\/\/www.ecinews.fr\/fr\/wp-json\/wp\/v2\/posts\/450799\/","og_locale":"fr_FR","og_type":"article","og_title":"Les transformateurs planar de qualit\u00e9 spatiale r\u00e9duisent le co\u00fbt et la taille","og_description":"transformateurs planar personnalisables conformes \u00e0 la norme MIL-STD-981 Classe S. Qualit\u00e9 spatiale pour les applications de conversion de puissance.","og_url":"https:\/\/www.ecinews.fr\/fr\/wp-json\/wp\/v2\/posts\/450799\/","og_site_name":"EENewsEurope","article_published_time":"2024-05-09T20:45:08+00:00","og_image":[{"width":1080,"height":720,"url":"https:\/\/www.ecinews.fr\/wp-content\/uploads\/2024\/05\/2024-05-09-Vishay-SGTPL-2516-Planar-Transformers-scaled.jpg","type":"image\/jpeg"}],"author":"Daniel Cardon, Jean-Pierre Joosting","twitter_card":"summary_large_image","twitter_misc":{"Written by":"Daniel Cardon","Est. reading time":"2 minutes"},"schema":{"@context":"https:\/\/schema.org","@graph":[{"@type":"Article","@id":"https:\/\/www.ecinews.fr\/fr\/les-transformateurs-planar-de-qualite-spatiale-reduisent-le-cout-et-la-taille\/#article","isPartOf":{"@id":"https:\/\/www.ecinews.fr\/fr\/les-transformateurs-planar-de-qualite-spatiale-reduisent-le-cout-et-la-taille\/"},"author":{"name":"Daniel Cardon","@id":"https:\/\/www.eenewseurope.com\/en\/#\/schema\/person\/93c44cde463762f40a8236eaa44c1c17"},"headline":"Les transformateurs planar de qualit\u00e9 spatiale r\u00e9duisent le co\u00fbt et la taille","datePublished":"2024-05-09T20:45:08+00:00","dateModified":"2024-05-09T20:45:08+00:00","mainEntityOfPage":{"@id":"https:\/\/www.ecinews.fr\/fr\/les-transformateurs-planar-de-qualite-spatiale-reduisent-le-cout-et-la-taille\/"},"wordCount":347,"publisher":{"@id":"https:\/\/www.eenewseurope.com\/en\/#organization"},"keywords":["Conversion d'\u00e9nergie","MIL-STD-981 Classe S","SMPS","Transformateurs Planar"],"articleSection":["Nouveaux produits"],"inLanguage":"fr-FR"},{"@type":"WebPage","@id":"https:\/\/www.ecinews.fr\/fr\/les-transformateurs-planar-de-qualite-spatiale-reduisent-le-cout-et-la-taille\/","url":"https:\/\/www.ecinews.fr\/fr\/les-transformateurs-planar-de-qualite-spatiale-reduisent-le-cout-et-la-taille\/","name":"Les transformateurs planar de qualit\u00e9 spatiale r\u00e9duisent le co\u00fbt et la taille -","isPartOf":{"@id":"https:\/\/www.eenewseurope.com\/en\/#website"},"datePublished":"2024-05-09T20:45:08+00:00","dateModified":"2024-05-09T20:45:08+00:00","description":"transformateurs planar personnalisables conformes \u00e0 la norme MIL-STD-981 Classe S. Qualit\u00e9 spatiale pour les applications de conversion de puissance.","breadcrumb":{"@id":"https:\/\/www.ecinews.fr\/fr\/les-transformateurs-planar-de-qualite-spatiale-reduisent-le-cout-et-la-taille\/#breadcrumb"},"inLanguage":"fr-FR","potentialAction":[{"@type":"ReadAction","target":["https:\/\/www.ecinews.fr\/fr\/les-transformateurs-planar-de-qualite-spatiale-reduisent-le-cout-et-la-taille\/"]}]},{"@type":"BreadcrumbList","@id":"https:\/\/www.ecinews.fr\/fr\/les-transformateurs-planar-de-qualite-spatiale-reduisent-le-cout-et-la-taille\/#breadcrumb","itemListElement":[{"@type":"ListItem","position":1,"name":"Home","item":"https:\/\/www.ecinews.fr\/fr\/"},{"@type":"ListItem","position":2,"name":"Les transformateurs planar de qualit\u00e9 spatiale r\u00e9duisent le co\u00fbt et la taille"}]},{"@type":"WebSite","@id":"https:\/\/www.eenewseurope.com\/en\/#website","url":"https:\/\/www.eenewseurope.com\/en\/","name":"EENewsEurope","description":"Just another WordPress site","publisher":{"@id":"https:\/\/www.eenewseurope.com\/en\/#organization"},"potentialAction":[{"@type":"SearchAction","target":{"@type":"EntryPoint","urlTemplate":"https:\/\/www.eenewseurope.com\/en\/?s={search_term_string}"},"query-input":"required name=search_term_string"}],"inLanguage":"fr-FR"},{"@type":"Organization","@id":"https:\/\/www.eenewseurope.com\/en\/#organization","name":"EENewsEurope","url":"https:\/\/www.eenewseurope.com\/en\/","logo":{"@type":"ImageObject","inLanguage":"fr-FR","@id":"https:\/\/www.eenewseurope.com\/en\/#\/schema\/logo\/image\/","url":"https:\/\/www.ecinews.fr\/wp-content\/uploads\/2022\/02\/logo-1.jpg","contentUrl":"https:\/\/www.ecinews.fr\/wp-content\/uploads\/2022\/02\/logo-1.jpg","width":283,"height":113,"caption":"EENewsEurope"},"image":{"@id":"https:\/\/www.eenewseurope.com\/en\/#\/schema\/logo\/image\/"}},{"@type":"Person","@id":"https:\/\/www.eenewseurope.com\/en\/#\/schema\/person\/93c44cde463762f40a8236eaa44c1c17","name":"Daniel Cardon","image":{"@type":"ImageObject","inLanguage":"fr-FR","@id":"https:\/\/www.eenewseurope.com\/en\/#\/schema\/person\/image\/2b243f6bcc1cff7d86aadfb2cd0bd870","url":"https:\/\/secure.gravatar.com\/avatar\/de9edc136dfc061ad4778e04635baefa?s=96&d=mm&r=g","contentUrl":"https:\/\/secure.gravatar.com\/avatar\/de9edc136dfc061ad4778e04635baefa?s=96&d=mm&r=g","caption":"Daniel Cardon"}}]}},"authors":[{"term_id":1143,"user_id":11,"is_guest":0,"slug":"danielcardon","display_name":"Daniel Cardon","avatar_url":"https:\/\/secure.gravatar.com\/avatar\/de9edc136dfc061ad4778e04635baefa?s=96&d=mm&r=g","0":null,"1":"","2":"","3":"","4":"","5":"","6":"","7":"","8":""},{"term_id":3682,"user_id":0,"is_guest":1,"slug":"jean-pierre-joosting","display_name":"Jean-Pierre Joosting","avatar_url":"https:\/\/secure.gravatar.com\/avatar\/?s=96&d=mm&r=g","0":null,"1":"","2":"","3":"","4":"","5":"","6":"","7":"","8":""}],"_links":{"self":[{"href":"https:\/\/www.ecinews.fr\/fr\/wp-json\/wp\/v2\/posts\/450799"}],"collection":[{"href":"https:\/\/www.ecinews.fr\/fr\/wp-json\/wp\/v2\/posts"}],"about":[{"href":"https:\/\/www.ecinews.fr\/fr\/wp-json\/wp\/v2\/types\/post"}],"author":[{"embeddable":true,"href":"https:\/\/www.ecinews.fr\/fr\/wp-json\/wp\/v2\/users\/11"}],"replies":[{"embeddable":true,"href":"https:\/\/www.ecinews.fr\/fr\/wp-json\/wp\/v2\/comments?post=450799"}],"version-history":[{"count":0,"href":"https:\/\/www.ecinews.fr\/fr\/wp-json\/wp\/v2\/posts\/450799\/revisions"}],"wp:featuredmedia":[{"embeddable":true,"href":"https:\/\/www.ecinews.fr\/fr\/wp-json\/wp\/v2\/media\/450741"}],"wp:attachment":[{"href":"https:\/\/www.ecinews.fr\/fr\/wp-json\/wp\/v2\/media?parent=450799"}],"wp:term":[{"taxonomy":"category","embeddable":true,"href":"https:\/\/www.ecinews.fr\/fr\/wp-json\/wp\/v2\/categories?post=450799"},{"taxonomy":"post_tag","embeddable":true,"href":"https:\/\/www.ecinews.fr\/fr\/wp-json\/wp\/v2\/tags?post=450799"},{"taxonomy":"domains","embeddable":true,"href":"https:\/\/www.ecinews.fr\/fr\/wp-json\/wp\/v2\/domains?post=450799"},{"taxonomy":"author","embeddable":true,"href":"https:\/\/www.ecinews.fr\/fr\/wp-json\/wp\/v2\/ppma_author?post=450799"}],"curies":[{"name":"wp","href":"https:\/\/api.w.org\/{rel}","templated":true}]}}