{"id":450472,"date":"2024-05-06T15:02:44","date_gmt":"2024-05-06T13:02:44","guid":{"rendered":"https:\/\/www.eenewseurope.com\/?p=450472"},"modified":"2024-05-06T15:04:46","modified_gmt":"2024-05-06T13:04:46","slug":"nexperia-enregistre-une-baisse-en-2023-apres-la-vente-de-newport-fab","status":"publish","type":"post","link":"https:\/\/www.ecinews.fr\/fr\/nexperia-enregistre-une-baisse-en-2023-apres-la-vente-de-newport-fab\/","title":{"rendered":"Nexperia en baisse en 2023 apr\u00e8s la vente de Newport fab"},"content":{"rendered":"<h3>Nexperia a enregistr\u00e9 une croissance de 13 % de ses activit\u00e9s de R&amp;D en 2023, malgr\u00e9 une baisse de 8 % de son chiffre d&rsquo;affaires et les difficult\u00e9s li\u00e9es \u00e0 son actionnariat chinois.<\/h3>\n<p>Le chiffre d&rsquo;affaires total de Nexperia \u00e9tait de 2,15 milliards de dollars en 2023, soit une baisse de 8 % par rapport aux 2,36 milliards de dollars en 2022, en raison de la faiblesse de la demande du march\u00e9. Le chiffre d&rsquo;affaires dans le segment traditionnellement fort de l&rsquo;automobile a augment\u00e9 de mani\u00e8re significative, mais comme l&rsquo;entreprise n\u00e9erlandaise, dont le si\u00e8ge est \u00e0 Nim\u00e8gue, est d\u00e9tenue par la soci\u00e9t\u00e9 holding chinoise WingTech, le chiffre d&rsquo;affaires pour l&rsquo;automobile n&rsquo;est pas disponible.<\/p>\n<p>Au cours de l&rsquo;ann\u00e9e, Nexperia a \u00e9galement \u00e9t\u00e9 contrainte de vendre sa participation dans Newport Wafer Fab, qu&rsquo;elle avait achet\u00e9e au Pays de Galles, en raison des pr\u00e9occupations du gouvernement britannique en mati\u00e8re de s\u00e9curit\u00e9 nationale. Des rapports datant de 2021 estimaient le prix de la fonderie \u00e0 87 millions de dollars (63 millions de livres sterling), tandis que la filiale Siliconix de Vishay a finalement achet\u00e9 le site au d\u00e9but de l&rsquo;ann\u00e9e pour 117 millions de dollars.<\/p>\n<ul>\n<li><a href=\"https:\/\/www.eenewseurope.com\/en\/uk-approves-vishay-deal-to-buy-newport-wafer-fab-with-restrictions\/\">Le Royaume-Uni approuve l&rsquo;acquisition de Newport Wafer Fab par Vishay<\/a><\/li>\n<li><a href=\"https:\/\/www.eenewseurope.com\/en\/nexperia-defends-newport-deal\/\">Nexperia d\u00e9fend l&rsquo;accord avec Newport<\/a><\/li>\n<li><a href=\"https:\/\/www.eenewseurope.com\/en\/nexperia-forced-to-sell-newport-wafer-fab-stake\/\">Vente d&rsquo;une participation dans Newport Wafer Fab<\/a><\/li>\n<\/ul>\n<p>L&rsquo;entreprise a d\u00e9clar\u00e9 que 2023 \u00e9tait une ann\u00e9e d&rsquo;investissement important, de mise \u00e0 niveau et d&rsquo;expansion du portefeuille de produits dans les dispositifs de puissance discrets, les modules, les circuits analogiques et les circuits int\u00e9gr\u00e9s de puissance, \u00e0 hauteur de 13 % du chiffre d&rsquo;affaires, soit 280 millions de dollars. Nexperia poss\u00e8de des usines de production de composants de puissance \u00e0 Hazel Grove (Manchester, UK) et \u00e0 Hambourg (Allemagne). Elle a \u00e9galement augment\u00e9 le niveau d&rsquo;int\u00e9gration de ses produits, en ouvrant le premier centre de conception analogique \u00e0 Dallas en 2022.<\/p>\n<p>\u00ab\u00a0\u00c0 l&rsquo;horizon 2024, alors que les incertitudes persistent en Europe et en Am\u00e9rique du Nord, nous sommes encourag\u00e9s par l&rsquo;augmentation de la demande en Asie. Malgr\u00e9 les fluctuations du march\u00e9, nous restons d\u00e9termin\u00e9s \u00e0 apporter de la valeur \u00e0 nos parties prenantes\u00a0\u00bb, a d\u00e9clar\u00e9 Stefan Tilger, directeur financier de Nexperia.<\/p>\n<p>L&rsquo;entreprise a lev\u00e9 800 millions de dollars dans le cadre d&rsquo;un pr\u00eat de premier rang li\u00e9 \u00e0 la durabilit\u00e9 (SLL) pour l&rsquo;aider \u00e0 atteindre la neutralit\u00e9 carbone d&rsquo;ici \u00e0 2035 pour les \u00e9missions de port\u00e9e 1 et 2.<\/p>\n<ul>\n<li><a href=\"https:\/\/www.eenewseurope.com\/en\/how-nexperia-plans-to-reach-10bn\/\">Comment Nexperia pr\u00e9voit d&rsquo;atteindre les 10 milliards de dollars<\/a><\/li>\n<li><a href=\"https:\/\/www.eenewseurope.com\/en\/nexperia-enters-analog-chip-market-with-first-us-design-centre\/\">Entr\u00e9e sur le march\u00e9 des puces analogiques avec la premi\u00e8re conception am\u00e9ricaine<\/a><\/li>\n<li><a href=\"https:\/\/www.eenewseurope.com\/en\/700m-boost-for-nexperia-fabs-in-hamburg-and-manchester\/\">700 millions de dollars pour les fabriques de Hambourg et de Manchester<\/a><\/li>\n<\/ul>\n<p>\u00ab\u00a0TeamNexperia a fait preuve d&rsquo;une r\u00e9silience remarquable pour relever les d\u00e9fis de l&rsquo;ann\u00e9e \u00e9coul\u00e9e, r\u00e9affirmant ainsi la force sous-jacente et les progr\u00e8s de notre entreprise. Malgr\u00e9 les difficult\u00e9s, nous restons d\u00e9termin\u00e9s \u00e0 investir et \u00e0 innover, jetant les bases d&rsquo;un avenir prometteur\u00a0\u00bb, a d\u00e9clar\u00e9 Wing Zhang, PDG de Nexperia et de WingTech.<\/p>\n<p><a href=\"http:\/\/www.nexperia.com\">www.nexperia.com<\/a><\/p>\n<p>&nbsp;<\/p>\n<p>&nbsp;<\/p>\n","protected":false},"excerpt":{"rendered":"<p>Nexperia a enregistr\u00e9 une croissance de 13 % de ses activit\u00e9s de R&amp;D en 2023, malgr\u00e9 une baisse de 8 % de son chiffre d&rsquo;affaires et les difficult\u00e9s li\u00e9es \u00e0 son actionnariat chinois. Le chiffre d&rsquo;affaires total de Nexperia \u00e9tait de 2,15 milliards de dollars en 2023, soit une baisse de 8 % par rapport [&hellip;]<\/p>\n","protected":false},"author":40,"featured_media":450466,"comment_status":"closed","ping_status":"closed","sticky":false,"template":"","format":"standard","meta":{"_acf_changed":false,"footnotes":""},"categories":[880],"tags":[891,1164,913,2528,890],"domains":[47],"ppma_author":[6199,3640],"class_list":["post-450472","post","type-post","status-publish","format-standard","has-post-thumbnail","hentry","category-actualites-economiques","tag-automotive-fr","tag-composants-de-puissance","tag-materials-processes-fr","tag-nexperia-fr","tag-powermanagement-fr","domains-electronique-eci"],"acf":[],"yoast_head":"<title>Nexperia en baisse en 2023 apr\u00e8s la vente de Newport fab ...<\/title>\n<meta name=\"description\" content=\"Nexperia a vu une croissance des ventes automobiles ainsi qu&#039;une croissance de 13% de la R&amp;D en 2023 malgr\u00e9 une baisse de 8% du CA\" \/>\n<meta name=\"robots\" content=\"index, follow, max-snippet:-1, max-image-preview:large, max-video-preview:-1\" \/>\n<link rel=\"canonical\" href=\"https:\/\/www.ecinews.fr\/fr\/wp-json\/wp\/v2\/posts\/450472\/\" \/>\n<meta property=\"og:locale\" content=\"fr_FR\" \/>\n<meta property=\"og:type\" content=\"article\" \/>\n<meta property=\"og:title\" content=\"Nexperia en baisse en 2023 apr\u00e8s la vente de Newport fab\" \/>\n<meta property=\"og:description\" content=\"Nexperia a vu une croissance des ventes automobiles ainsi qu&#039;une croissance de 13% de la R&amp;D en 2023 malgr\u00e9 une baisse de 8% du CA\" \/>\n<meta property=\"og:url\" content=\"https:\/\/www.ecinews.fr\/fr\/wp-json\/wp\/v2\/posts\/450472\/\" \/>\n<meta property=\"og:site_name\" content=\"EENewsEurope\" \/>\n<meta property=\"article:published_time\" content=\"2024-05-06T13:02:44+00:00\" \/>\n<meta property=\"article:modified_time\" content=\"2024-05-06T13:04:46+00:00\" \/>\n<meta property=\"og:image\" content=\"https:\/\/www.ecinews.fr\/wp-content\/uploads\/2024\/05\/NEXP081_Nexperia_Nijmegen-scaled.jpg\" \/>\n\t<meta property=\"og:image:width\" content=\"1080\" \/>\n\t<meta property=\"og:image:height\" content=\"809\" \/>\n\t<meta property=\"og:image:type\" content=\"image\/jpeg\" \/>\n<meta name=\"author\" content=\"A Delapalisse, Nick Flaherty\" \/>\n<meta name=\"twitter:card\" content=\"summary_large_image\" \/>\n<meta name=\"twitter:label1\" content=\"Written by\" \/>\n\t<meta name=\"twitter:data1\" content=\"A Delapalisse\" \/>\n\t<meta name=\"twitter:label2\" content=\"Est. reading time\" \/>\n\t<meta name=\"twitter:data2\" content=\"3 minutes\" \/>\n<script type=\"application\/ld+json\" class=\"yoast-schema-graph\">{\"@context\":\"https:\/\/schema.org\",\"@graph\":[{\"@type\":\"Article\",\"@id\":\"https:\/\/www.ecinews.fr\/fr\/nexperia-enregistre-une-baisse-en-2023-apres-la-vente-de-newport-fab\/#article\",\"isPartOf\":{\"@id\":\"https:\/\/www.ecinews.fr\/fr\/nexperia-enregistre-une-baisse-en-2023-apres-la-vente-de-newport-fab\/\"},\"author\":{\"name\":\"A Delapalisse\",\"@id\":\"https:\/\/www.eenewseurope.com\/en\/#\/schema\/person\/4b3db5ba5c953c5fddeb226df86d8635\"},\"headline\":\"Nexperia en baisse en 2023 apr\u00e8s la vente de Newport fab\",\"datePublished\":\"2024-05-06T13:02:44+00:00\",\"dateModified\":\"2024-05-06T13:04:46+00:00\",\"mainEntityOfPage\":{\"@id\":\"https:\/\/www.ecinews.fr\/fr\/nexperia-enregistre-une-baisse-en-2023-apres-la-vente-de-newport-fab\/\"},\"wordCount\":525,\"publisher\":{\"@id\":\"https:\/\/www.eenewseurope.com\/en\/#organization\"},\"keywords\":[\"Automotive\",\"Composants de puissance\",\"Materials &amp; processes\",\"Nexperia\",\"PowerManagement\"],\"articleSection\":[\"Actualit\u00e9s \u00e9conomiques\"],\"inLanguage\":\"fr-FR\"},{\"@type\":\"WebPage\",\"@id\":\"https:\/\/www.ecinews.fr\/fr\/nexperia-enregistre-une-baisse-en-2023-apres-la-vente-de-newport-fab\/\",\"url\":\"https:\/\/www.ecinews.fr\/fr\/nexperia-enregistre-une-baisse-en-2023-apres-la-vente-de-newport-fab\/\",\"name\":\"Nexperia en baisse en 2023 apr\u00e8s la vente de Newport fab -\",\"isPartOf\":{\"@id\":\"https:\/\/www.eenewseurope.com\/en\/#website\"},\"datePublished\":\"2024-05-06T13:02:44+00:00\",\"dateModified\":\"2024-05-06T13:04:46+00:00\",\"description\":\"Nexperia a vu une croissance des ventes automobiles ainsi qu'une croissance de 13% de la R&D en 2023 malgr\u00e9 une baisse de 8% du CA\",\"breadcrumb\":{\"@id\":\"https:\/\/www.ecinews.fr\/fr\/nexperia-enregistre-une-baisse-en-2023-apres-la-vente-de-newport-fab\/#breadcrumb\"},\"inLanguage\":\"fr-FR\",\"potentialAction\":[{\"@type\":\"ReadAction\",\"target\":[\"https:\/\/www.ecinews.fr\/fr\/nexperia-enregistre-une-baisse-en-2023-apres-la-vente-de-newport-fab\/\"]}]},{\"@type\":\"BreadcrumbList\",\"@id\":\"https:\/\/www.ecinews.fr\/fr\/nexperia-enregistre-une-baisse-en-2023-apres-la-vente-de-newport-fab\/#breadcrumb\",\"itemListElement\":[{\"@type\":\"ListItem\",\"position\":1,\"name\":\"Home\",\"item\":\"https:\/\/www.ecinews.fr\/fr\/\"},{\"@type\":\"ListItem\",\"position\":2,\"name\":\"Nexperia en baisse en 2023 apr\u00e8s la vente de Newport fab\"}]},{\"@type\":\"WebSite\",\"@id\":\"https:\/\/www.eenewseurope.com\/en\/#website\",\"url\":\"https:\/\/www.eenewseurope.com\/en\/\",\"name\":\"EENewsEurope\",\"description\":\"Just another WordPress site\",\"publisher\":{\"@id\":\"https:\/\/www.eenewseurope.com\/en\/#organization\"},\"potentialAction\":[{\"@type\":\"SearchAction\",\"target\":{\"@type\":\"EntryPoint\",\"urlTemplate\":\"https:\/\/www.eenewseurope.com\/en\/?s={search_term_string}\"},\"query-input\":\"required name=search_term_string\"}],\"inLanguage\":\"fr-FR\"},{\"@type\":\"Organization\",\"@id\":\"https:\/\/www.eenewseurope.com\/en\/#organization\",\"name\":\"EENewsEurope\",\"url\":\"https:\/\/www.eenewseurope.com\/en\/\",\"logo\":{\"@type\":\"ImageObject\",\"inLanguage\":\"fr-FR\",\"@id\":\"https:\/\/www.eenewseurope.com\/en\/#\/schema\/logo\/image\/\",\"url\":\"https:\/\/www.ecinews.fr\/wp-content\/uploads\/2022\/02\/logo-1.jpg\",\"contentUrl\":\"https:\/\/www.ecinews.fr\/wp-content\/uploads\/2022\/02\/logo-1.jpg\",\"width\":283,\"height\":113,\"caption\":\"EENewsEurope\"},\"image\":{\"@id\":\"https:\/\/www.eenewseurope.com\/en\/#\/schema\/logo\/image\/\"}},{\"@type\":\"Person\",\"@id\":\"https:\/\/www.eenewseurope.com\/en\/#\/schema\/person\/4b3db5ba5c953c5fddeb226df86d8635\",\"name\":\"A Delapalisse\",\"image\":{\"@type\":\"ImageObject\",\"inLanguage\":\"fr-FR\",\"@id\":\"https:\/\/www.eenewseurope.com\/en\/#\/schema\/person\/image\/09af0e1236b95ff53924b8dfe5af278e\",\"url\":\"https:\/\/secure.gravatar.com\/avatar\/010f811c0933b47aea7e9204117b17c6?s=96&d=mm&r=g\",\"contentUrl\":\"https:\/\/secure.gravatar.com\/avatar\/010f811c0933b47aea7e9204117b17c6?s=96&d=mm&r=g\",\"caption\":\"A Delapalisse\"}}]}<\/script>","yoast_head_json":{"title":"Nexperia en baisse en 2023 apr\u00e8s la vente de Newport fab ...","description":"Nexperia a vu une croissance des ventes automobiles ainsi qu'une croissance de 13% de la R&D en 2023 malgr\u00e9 une baisse de 8% du CA","robots":{"index":"index","follow":"follow","max-snippet":"max-snippet:-1","max-image-preview":"max-image-preview:large","max-video-preview":"max-video-preview:-1"},"canonical":"https:\/\/www.ecinews.fr\/fr\/wp-json\/wp\/v2\/posts\/450472\/","og_locale":"fr_FR","og_type":"article","og_title":"Nexperia en baisse en 2023 apr\u00e8s la vente de Newport fab","og_description":"Nexperia a vu une croissance des ventes automobiles ainsi qu'une croissance de 13% de la R&D en 2023 malgr\u00e9 une baisse de 8% du CA","og_url":"https:\/\/www.ecinews.fr\/fr\/wp-json\/wp\/v2\/posts\/450472\/","og_site_name":"EENewsEurope","article_published_time":"2024-05-06T13:02:44+00:00","article_modified_time":"2024-05-06T13:04:46+00:00","og_image":[{"width":1080,"height":809,"url":"https:\/\/www.ecinews.fr\/wp-content\/uploads\/2024\/05\/NEXP081_Nexperia_Nijmegen-scaled.jpg","type":"image\/jpeg"}],"author":"A Delapalisse, Nick Flaherty","twitter_card":"summary_large_image","twitter_misc":{"Written by":"A Delapalisse","Est. reading time":"3 minutes"},"schema":{"@context":"https:\/\/schema.org","@graph":[{"@type":"Article","@id":"https:\/\/www.ecinews.fr\/fr\/nexperia-enregistre-une-baisse-en-2023-apres-la-vente-de-newport-fab\/#article","isPartOf":{"@id":"https:\/\/www.ecinews.fr\/fr\/nexperia-enregistre-une-baisse-en-2023-apres-la-vente-de-newport-fab\/"},"author":{"name":"A Delapalisse","@id":"https:\/\/www.eenewseurope.com\/en\/#\/schema\/person\/4b3db5ba5c953c5fddeb226df86d8635"},"headline":"Nexperia en baisse en 2023 apr\u00e8s la vente de Newport fab","datePublished":"2024-05-06T13:02:44+00:00","dateModified":"2024-05-06T13:04:46+00:00","mainEntityOfPage":{"@id":"https:\/\/www.ecinews.fr\/fr\/nexperia-enregistre-une-baisse-en-2023-apres-la-vente-de-newport-fab\/"},"wordCount":525,"publisher":{"@id":"https:\/\/www.eenewseurope.com\/en\/#organization"},"keywords":["Automotive","Composants de puissance","Materials &amp; processes","Nexperia","PowerManagement"],"articleSection":["Actualit\u00e9s \u00e9conomiques"],"inLanguage":"fr-FR"},{"@type":"WebPage","@id":"https:\/\/www.ecinews.fr\/fr\/nexperia-enregistre-une-baisse-en-2023-apres-la-vente-de-newport-fab\/","url":"https:\/\/www.ecinews.fr\/fr\/nexperia-enregistre-une-baisse-en-2023-apres-la-vente-de-newport-fab\/","name":"Nexperia en baisse en 2023 apr\u00e8s la vente de Newport fab -","isPartOf":{"@id":"https:\/\/www.eenewseurope.com\/en\/#website"},"datePublished":"2024-05-06T13:02:44+00:00","dateModified":"2024-05-06T13:04:46+00:00","description":"Nexperia a vu une croissance des ventes automobiles ainsi qu'une croissance de 13% de la R&D en 2023 malgr\u00e9 une baisse de 8% du CA","breadcrumb":{"@id":"https:\/\/www.ecinews.fr\/fr\/nexperia-enregistre-une-baisse-en-2023-apres-la-vente-de-newport-fab\/#breadcrumb"},"inLanguage":"fr-FR","potentialAction":[{"@type":"ReadAction","target":["https:\/\/www.ecinews.fr\/fr\/nexperia-enregistre-une-baisse-en-2023-apres-la-vente-de-newport-fab\/"]}]},{"@type":"BreadcrumbList","@id":"https:\/\/www.ecinews.fr\/fr\/nexperia-enregistre-une-baisse-en-2023-apres-la-vente-de-newport-fab\/#breadcrumb","itemListElement":[{"@type":"ListItem","position":1,"name":"Home","item":"https:\/\/www.ecinews.fr\/fr\/"},{"@type":"ListItem","position":2,"name":"Nexperia en baisse en 2023 apr\u00e8s la vente de Newport fab"}]},{"@type":"WebSite","@id":"https:\/\/www.eenewseurope.com\/en\/#website","url":"https:\/\/www.eenewseurope.com\/en\/","name":"EENewsEurope","description":"Just another WordPress site","publisher":{"@id":"https:\/\/www.eenewseurope.com\/en\/#organization"},"potentialAction":[{"@type":"SearchAction","target":{"@type":"EntryPoint","urlTemplate":"https:\/\/www.eenewseurope.com\/en\/?s={search_term_string}"},"query-input":"required name=search_term_string"}],"inLanguage":"fr-FR"},{"@type":"Organization","@id":"https:\/\/www.eenewseurope.com\/en\/#organization","name":"EENewsEurope","url":"https:\/\/www.eenewseurope.com\/en\/","logo":{"@type":"ImageObject","inLanguage":"fr-FR","@id":"https:\/\/www.eenewseurope.com\/en\/#\/schema\/logo\/image\/","url":"https:\/\/www.ecinews.fr\/wp-content\/uploads\/2022\/02\/logo-1.jpg","contentUrl":"https:\/\/www.ecinews.fr\/wp-content\/uploads\/2022\/02\/logo-1.jpg","width":283,"height":113,"caption":"EENewsEurope"},"image":{"@id":"https:\/\/www.eenewseurope.com\/en\/#\/schema\/logo\/image\/"}},{"@type":"Person","@id":"https:\/\/www.eenewseurope.com\/en\/#\/schema\/person\/4b3db5ba5c953c5fddeb226df86d8635","name":"A Delapalisse","image":{"@type":"ImageObject","inLanguage":"fr-FR","@id":"https:\/\/www.eenewseurope.com\/en\/#\/schema\/person\/image\/09af0e1236b95ff53924b8dfe5af278e","url":"https:\/\/secure.gravatar.com\/avatar\/010f811c0933b47aea7e9204117b17c6?s=96&d=mm&r=g","contentUrl":"https:\/\/secure.gravatar.com\/avatar\/010f811c0933b47aea7e9204117b17c6?s=96&d=mm&r=g","caption":"A Delapalisse"}}]}},"authors":[{"term_id":6199,"user_id":40,"is_guest":0,"slug":"andre-rousselotemisys-com","display_name":"A Delapalisse","avatar_url":"https:\/\/secure.gravatar.com\/avatar\/010f811c0933b47aea7e9204117b17c6?s=96&d=mm&r=g","0":null,"1":"","2":"","3":"","4":"","5":"","6":"","7":"","8":""},{"term_id":3640,"user_id":0,"is_guest":1,"slug":"nick-flaherty","display_name":"Nick Flaherty","avatar_url":"https:\/\/secure.gravatar.com\/avatar\/?s=96&d=mm&r=g","0":null,"1":"","2":"","3":"","4":"","5":"","6":"","7":"","8":""}],"_links":{"self":[{"href":"https:\/\/www.ecinews.fr\/fr\/wp-json\/wp\/v2\/posts\/450472"}],"collection":[{"href":"https:\/\/www.ecinews.fr\/fr\/wp-json\/wp\/v2\/posts"}],"about":[{"href":"https:\/\/www.ecinews.fr\/fr\/wp-json\/wp\/v2\/types\/post"}],"author":[{"embeddable":true,"href":"https:\/\/www.ecinews.fr\/fr\/wp-json\/wp\/v2\/users\/40"}],"replies":[{"embeddable":true,"href":"https:\/\/www.ecinews.fr\/fr\/wp-json\/wp\/v2\/comments?post=450472"}],"version-history":[{"count":0,"href":"https:\/\/www.ecinews.fr\/fr\/wp-json\/wp\/v2\/posts\/450472\/revisions"}],"wp:featuredmedia":[{"embeddable":true,"href":"https:\/\/www.ecinews.fr\/fr\/wp-json\/wp\/v2\/media\/450466"}],"wp:attachment":[{"href":"https:\/\/www.ecinews.fr\/fr\/wp-json\/wp\/v2\/media?parent=450472"}],"wp:term":[{"taxonomy":"category","embeddable":true,"href":"https:\/\/www.ecinews.fr\/fr\/wp-json\/wp\/v2\/categories?post=450472"},{"taxonomy":"post_tag","embeddable":true,"href":"https:\/\/www.ecinews.fr\/fr\/wp-json\/wp\/v2\/tags?post=450472"},{"taxonomy":"domains","embeddable":true,"href":"https:\/\/www.ecinews.fr\/fr\/wp-json\/wp\/v2\/domains?post=450472"},{"taxonomy":"author","embeddable":true,"href":"https:\/\/www.ecinews.fr\/fr\/wp-json\/wp\/v2\/ppma_author?post=450472"}],"curies":[{"name":"wp","href":"https:\/\/api.w.org\/{rel}","templated":true}]}}