{"id":450344,"date":"2024-05-05T10:02:34","date_gmt":"2024-05-05T08:02:34","guid":{"rendered":"https:\/\/www.eenewseurope.com\/?p=450344"},"modified":"2024-05-05T10:04:23","modified_gmt":"2024-05-05T08:04:23","slug":"intel-aurait-trouve-des-investisseurs-pour-sa-fab-irlandaise","status":"publish","type":"post","link":"https:\/\/www.ecinews.fr\/fr\/intel-aurait-trouve-des-investisseurs-pour-sa-fab-irlandaise\/","title":{"rendered":"Intel aurait trouv\u00e9 des investisseurs pour sa fab irlandaise"},"content":{"rendered":"<h2>Selon <em>Bloomberg<\/em>, un groupe de gestionnaires d&rsquo;actifs am\u00e9ricains envisage de conclure un accord avec Intel Corp. pour l&rsquo;aider \u00e0 financer l&rsquo;expansion de son usine de fabrication de plaquettes de silicium \u00e0 Leixlip, en Irlande.<\/h2>\n<p>Ces entreprises sont Apollo Global Management Inc, KKR &amp; Co. et Stonepeak, qui pourraient investir des milliards de dollars dans une entreprise commune, selon Bloomberg.<\/p>\n<p>La possibilit\u00e9 d&rsquo;un accord a \u00e9t\u00e9 r\u00e9v\u00e9l\u00e9e en f\u00e9vrier 2024, mais il n&rsquo;\u00e9tait alors pas certain qu&rsquo;Intel trouverait preneur. On pensait qu&rsquo;Intel \u00e9tait \u00e0 la recherche d&rsquo;au moins 2 milliards de dollars de fonds propres (voir <a href=\"https:\/\/www.eenewseurope.com\/en\/intel-seeks-capital-to-build-next-irish-wafer-fab-says-report\/\">Intel seeks capital to build next Irish wafer fab, says report<\/a>).<\/p>\n<p>Tout accord conclu autour de l&rsquo;usine de Leixlip ferait suite \u00e0 un accord similaire mis en place par Intel et Brookfield Assett Management autour de la construction d&rsquo;une usine en Arizona (voir <a href=\"https:\/\/www.eenewseurope.com\/en\/intel-unveils-semiconductor-co-investment-program\/\">Intel unveils Brookfield semiconductor co-investment program<\/a>). Intel et Brookfield ont convenu d&rsquo;investir conjointement jusqu&rsquo;\u00e0 30 milliards de dollars sur le campus Ocotillo d&rsquo;Intel \u00e0 Chandler, en Arizona, Intel finan\u00e7ant 51 % et Brookfield 49 % du co\u00fbt total du projet.<\/p>\n<p>Intel emploie d\u00e9j\u00e0 pr\u00e8s de 5 000 personnes sur un campus de fabrication de wafers \u00e0 Leixlip, en Irlande, et a \u00e9galement des projets co\u00fbteux de fabrication jumel\u00e9e sur un nouveau site \u00e0 Magdebourg, en Allemagne, ainsi qu&rsquo;\u00e0 Kiryat Gat, en Isra\u00ebl.<\/p>\n<h4>Liens et articles connexes :<\/h4>\n<p><a href=\"https:\/\/www.intel.com\">www.intel.com<\/a><\/p>\n<h4>Articles de presse :<\/h4>\n<p><a href=\"https:\/\/www.eenewseurope.com\/en\/intel-seeks-capital-to-build-next-irish-wafer-fab-says-report\/\">Selon un rapport, Intel recherche des capitaux pour construire la prochaine usine irlandaise de fabrication de plaquettes de silicium<\/a><\/p>\n<p><a href=\"https:\/\/www.eenewseurope.com\/en\/intel-unveils-semiconductor-co-investment-program\/\">Intel d\u00e9voile le programme de co-investissement Brookfield dans le domaine des semi-conducteurs<\/a><\/p>\n<p><a href=\"https:\/\/www.eenewseurope.com\/en\/r2-semi-claims-many-intel-processors-could-be-banned-in-europe\/\">R2 Semi affirme que de nombreux processeurs Intel pourraient \u00eatre interdits en Europe<\/a><\/p>\n<p><a href=\"https:\/\/www.eenewseurope.com\/en\/intel-begins-euv-lithography-of-intel-4-process-in-ireland\/\">Intel commence la lithographie EUV du processus \u00ab\u00a0Intel 4\u00a0\u00bb en Irlande<\/a><\/p>\n<p><a href=\"https:\/\/www.eenewseurope.com\/en\/intel-plans-to-ipo-its-fpga-business\/\">Intel envisage d&rsquo;introduire en bourse son activit\u00e9 FPGA<\/a><\/p>\n","protected":false},"excerpt":{"rendered":"<p>Selon Bloomberg, un groupe de gestionnaires d&rsquo;actifs am\u00e9ricains envisage de conclure un accord avec Intel Corp. pour l&rsquo;aider \u00e0 financer l&rsquo;expansion de son usine de fabrication de plaquettes de silicium \u00e0 Leixlip, en Irlande. Ces entreprises sont Apollo Global Management Inc, KKR &amp; Co. et Stonepeak, qui pourraient investir des milliards de dollars dans une [&hellip;]<\/p>\n","protected":false},"author":40,"featured_media":449985,"comment_status":"closed","ping_status":"closed","sticky":false,"template":"","format":"standard","meta":{"_acf_changed":false,"footnotes":""},"categories":[880],"tags":[2264,2721,1558],"domains":[47],"ppma_author":[6199,3631],"class_list":["post-450344","post","type-post","status-publish","format-standard","has-post-thumbnail","hentry","category-actualites-economiques","tag-fabs","tag-intel-fr","tag-semiconducteurs","domains-electronique-eci"],"acf":[],"yoast_head":"<title>Intel aurait trouv\u00e9 des investisseurs pour sa fab irlandaise ...<\/title>\n<meta name=\"description\" content=\"Selon Bloomberg, des soci\u00e9t\u00e9s US de gestion d&#039;actifs envisagent un accord avec Intel Corp. pour financer l&#039;expansion de sa fab en Irlande.\" \/>\n<meta name=\"robots\" content=\"index, follow, max-snippet:-1, max-image-preview:large, max-video-preview:-1\" \/>\n<link rel=\"canonical\" href=\"https:\/\/www.ecinews.fr\/fr\/wp-json\/wp\/v2\/posts\/450344\/\" \/>\n<meta property=\"og:locale\" content=\"fr_FR\" \/>\n<meta property=\"og:type\" content=\"article\" \/>\n<meta property=\"og:title\" content=\"Intel aurait trouv\u00e9 des investisseurs pour sa fab irlandaise\" \/>\n<meta property=\"og:description\" content=\"Selon Bloomberg, des soci\u00e9t\u00e9s US de gestion d&#039;actifs envisagent un accord avec Intel Corp. pour financer l&#039;expansion de sa fab en Irlande.\" \/>\n<meta property=\"og:url\" content=\"https:\/\/www.ecinews.fr\/fr\/wp-json\/wp\/v2\/posts\/450344\/\" \/>\n<meta property=\"og:site_name\" content=\"EENewsEurope\" \/>\n<meta property=\"article:published_time\" content=\"2024-05-05T08:02:34+00:00\" \/>\n<meta property=\"article:modified_time\" content=\"2024-05-05T08:04:23+00:00\" \/>\n<meta property=\"og:image\" content=\"https:\/\/www.ecinews.fr\/wp-content\/uploads\/2024\/04\/Abacus630.jpg\" \/>\n\t<meta property=\"og:image:width\" content=\"630\" \/>\n\t<meta property=\"og:image:height\" content=\"419\" \/>\n\t<meta property=\"og:image:type\" content=\"image\/jpeg\" \/>\n<meta name=\"author\" content=\"A Delapalisse, Peter Clarke\" \/>\n<meta name=\"twitter:card\" content=\"summary_large_image\" \/>\n<meta name=\"twitter:label1\" content=\"Written by\" \/>\n\t<meta name=\"twitter:data1\" content=\"A Delapalisse\" \/>\n\t<meta name=\"twitter:label2\" content=\"Est. reading time\" \/>\n\t<meta name=\"twitter:data2\" content=\"2 minutes\" \/>\n<script type=\"application\/ld+json\" class=\"yoast-schema-graph\">{\"@context\":\"https:\/\/schema.org\",\"@graph\":[{\"@type\":\"Article\",\"@id\":\"https:\/\/www.ecinews.fr\/fr\/intel-aurait-trouve-des-investisseurs-pour-sa-fab-irlandaise\/#article\",\"isPartOf\":{\"@id\":\"https:\/\/www.ecinews.fr\/fr\/intel-aurait-trouve-des-investisseurs-pour-sa-fab-irlandaise\/\"},\"author\":{\"name\":\"A Delapalisse\",\"@id\":\"https:\/\/www.ecinews.fr\/fr\/#\/schema\/person\/4b3db5ba5c953c5fddeb226df86d8635\"},\"headline\":\"Intel aurait trouv\u00e9 des investisseurs pour sa fab irlandaise\",\"datePublished\":\"2024-05-05T08:02:34+00:00\",\"dateModified\":\"2024-05-05T08:04:23+00:00\",\"mainEntityOfPage\":{\"@id\":\"https:\/\/www.ecinews.fr\/fr\/intel-aurait-trouve-des-investisseurs-pour-sa-fab-irlandaise\/\"},\"wordCount\":311,\"publisher\":{\"@id\":\"https:\/\/www.ecinews.fr\/fr\/#organization\"},\"keywords\":[\"Fabs\",\"Intel\",\"Semiconducteurs\"],\"articleSection\":[\"Actualit\u00e9s \u00e9conomiques\"],\"inLanguage\":\"fr-FR\"},{\"@type\":\"WebPage\",\"@id\":\"https:\/\/www.ecinews.fr\/fr\/intel-aurait-trouve-des-investisseurs-pour-sa-fab-irlandaise\/\",\"url\":\"https:\/\/www.ecinews.fr\/fr\/intel-aurait-trouve-des-investisseurs-pour-sa-fab-irlandaise\/\",\"name\":\"Intel aurait trouv\u00e9 des investisseurs pour sa fab irlandaise\",\"isPartOf\":{\"@id\":\"https:\/\/www.ecinews.fr\/fr\/#website\"},\"datePublished\":\"2024-05-05T08:02:34+00:00\",\"dateModified\":\"2024-05-05T08:04:23+00:00\",\"description\":\"Selon Bloomberg, des soci\u00e9t\u00e9s US de gestion d'actifs envisagent un accord avec Intel Corp. pour financer l'expansion de sa fab en Irlande.\",\"breadcrumb\":{\"@id\":\"https:\/\/www.ecinews.fr\/fr\/intel-aurait-trouve-des-investisseurs-pour-sa-fab-irlandaise\/#breadcrumb\"},\"inLanguage\":\"fr-FR\",\"potentialAction\":[{\"@type\":\"ReadAction\",\"target\":[\"https:\/\/www.ecinews.fr\/fr\/intel-aurait-trouve-des-investisseurs-pour-sa-fab-irlandaise\/\"]}]},{\"@type\":\"BreadcrumbList\",\"@id\":\"https:\/\/www.ecinews.fr\/fr\/intel-aurait-trouve-des-investisseurs-pour-sa-fab-irlandaise\/#breadcrumb\",\"itemListElement\":[{\"@type\":\"ListItem\",\"position\":1,\"name\":\"Home\",\"item\":\"https:\/\/www.ecinews.fr\/fr\/\"},{\"@type\":\"ListItem\",\"position\":2,\"name\":\"Intel aurait trouv\u00e9 des investisseurs pour sa fab irlandaise\"}]},{\"@type\":\"WebSite\",\"@id\":\"https:\/\/www.ecinews.fr\/fr\/#website\",\"url\":\"https:\/\/www.ecinews.fr\/fr\/\",\"name\":\"EENewsEurope\",\"description\":\"Just another WordPress site\",\"publisher\":{\"@id\":\"https:\/\/www.ecinews.fr\/fr\/#organization\"},\"potentialAction\":[{\"@type\":\"SearchAction\",\"target\":{\"@type\":\"EntryPoint\",\"urlTemplate\":\"https:\/\/www.ecinews.fr\/fr\/?s={search_term_string}\"},\"query-input\":\"required name=search_term_string\"}],\"inLanguage\":\"fr-FR\"},{\"@type\":\"Organization\",\"@id\":\"https:\/\/www.ecinews.fr\/fr\/#organization\",\"name\":\"EENewsEurope\",\"url\":\"https:\/\/www.ecinews.fr\/fr\/\",\"logo\":{\"@type\":\"ImageObject\",\"inLanguage\":\"fr-FR\",\"@id\":\"https:\/\/www.ecinews.fr\/fr\/#\/schema\/logo\/image\/\",\"url\":\"https:\/\/www.ecinews.fr\/wp-content\/uploads\/2022\/02\/logo-1.jpg\",\"contentUrl\":\"https:\/\/www.ecinews.fr\/wp-content\/uploads\/2022\/02\/logo-1.jpg\",\"width\":283,\"height\":113,\"caption\":\"EENewsEurope\"},\"image\":{\"@id\":\"https:\/\/www.ecinews.fr\/fr\/#\/schema\/logo\/image\/\"}},{\"@type\":\"Person\",\"@id\":\"https:\/\/www.ecinews.fr\/fr\/#\/schema\/person\/4b3db5ba5c953c5fddeb226df86d8635\",\"name\":\"A Delapalisse\",\"image\":{\"@type\":\"ImageObject\",\"inLanguage\":\"fr-FR\",\"@id\":\"https:\/\/www.ecinews.fr\/fr\/#\/schema\/person\/image\/09af0e1236b95ff53924b8dfe5af278e\",\"url\":\"https:\/\/secure.gravatar.com\/avatar\/010f811c0933b47aea7e9204117b17c6?s=96&d=mm&r=g\",\"contentUrl\":\"https:\/\/secure.gravatar.com\/avatar\/010f811c0933b47aea7e9204117b17c6?s=96&d=mm&r=g\",\"caption\":\"A Delapalisse\"}}]}<\/script>","yoast_head_json":{"title":"Intel aurait trouv\u00e9 des investisseurs pour sa fab irlandaise ...","description":"Selon Bloomberg, des soci\u00e9t\u00e9s US de gestion d'actifs envisagent un accord avec Intel Corp. pour financer l'expansion de sa fab en Irlande.","robots":{"index":"index","follow":"follow","max-snippet":"max-snippet:-1","max-image-preview":"max-image-preview:large","max-video-preview":"max-video-preview:-1"},"canonical":"https:\/\/www.ecinews.fr\/fr\/wp-json\/wp\/v2\/posts\/450344\/","og_locale":"fr_FR","og_type":"article","og_title":"Intel aurait trouv\u00e9 des investisseurs pour sa fab irlandaise","og_description":"Selon Bloomberg, des soci\u00e9t\u00e9s US de gestion d'actifs envisagent un accord avec Intel Corp. pour financer l'expansion de sa fab en Irlande.","og_url":"https:\/\/www.ecinews.fr\/fr\/wp-json\/wp\/v2\/posts\/450344\/","og_site_name":"EENewsEurope","article_published_time":"2024-05-05T08:02:34+00:00","article_modified_time":"2024-05-05T08:04:23+00:00","og_image":[{"width":630,"height":419,"url":"https:\/\/www.ecinews.fr\/wp-content\/uploads\/2024\/04\/Abacus630.jpg","type":"image\/jpeg"}],"author":"A Delapalisse, Peter Clarke","twitter_card":"summary_large_image","twitter_misc":{"Written by":"A Delapalisse","Est. reading time":"2 minutes"},"schema":{"@context":"https:\/\/schema.org","@graph":[{"@type":"Article","@id":"https:\/\/www.ecinews.fr\/fr\/intel-aurait-trouve-des-investisseurs-pour-sa-fab-irlandaise\/#article","isPartOf":{"@id":"https:\/\/www.ecinews.fr\/fr\/intel-aurait-trouve-des-investisseurs-pour-sa-fab-irlandaise\/"},"author":{"name":"A Delapalisse","@id":"https:\/\/www.ecinews.fr\/fr\/#\/schema\/person\/4b3db5ba5c953c5fddeb226df86d8635"},"headline":"Intel aurait trouv\u00e9 des investisseurs pour sa fab irlandaise","datePublished":"2024-05-05T08:02:34+00:00","dateModified":"2024-05-05T08:04:23+00:00","mainEntityOfPage":{"@id":"https:\/\/www.ecinews.fr\/fr\/intel-aurait-trouve-des-investisseurs-pour-sa-fab-irlandaise\/"},"wordCount":311,"publisher":{"@id":"https:\/\/www.ecinews.fr\/fr\/#organization"},"keywords":["Fabs","Intel","Semiconducteurs"],"articleSection":["Actualit\u00e9s \u00e9conomiques"],"inLanguage":"fr-FR"},{"@type":"WebPage","@id":"https:\/\/www.ecinews.fr\/fr\/intel-aurait-trouve-des-investisseurs-pour-sa-fab-irlandaise\/","url":"https:\/\/www.ecinews.fr\/fr\/intel-aurait-trouve-des-investisseurs-pour-sa-fab-irlandaise\/","name":"Intel aurait trouv\u00e9 des investisseurs pour sa fab irlandaise","isPartOf":{"@id":"https:\/\/www.ecinews.fr\/fr\/#website"},"datePublished":"2024-05-05T08:02:34+00:00","dateModified":"2024-05-05T08:04:23+00:00","description":"Selon Bloomberg, des soci\u00e9t\u00e9s US de gestion d'actifs envisagent un accord avec Intel Corp. pour financer l'expansion de sa fab en Irlande.","breadcrumb":{"@id":"https:\/\/www.ecinews.fr\/fr\/intel-aurait-trouve-des-investisseurs-pour-sa-fab-irlandaise\/#breadcrumb"},"inLanguage":"fr-FR","potentialAction":[{"@type":"ReadAction","target":["https:\/\/www.ecinews.fr\/fr\/intel-aurait-trouve-des-investisseurs-pour-sa-fab-irlandaise\/"]}]},{"@type":"BreadcrumbList","@id":"https:\/\/www.ecinews.fr\/fr\/intel-aurait-trouve-des-investisseurs-pour-sa-fab-irlandaise\/#breadcrumb","itemListElement":[{"@type":"ListItem","position":1,"name":"Home","item":"https:\/\/www.ecinews.fr\/fr\/"},{"@type":"ListItem","position":2,"name":"Intel aurait trouv\u00e9 des investisseurs pour sa fab irlandaise"}]},{"@type":"WebSite","@id":"https:\/\/www.ecinews.fr\/fr\/#website","url":"https:\/\/www.ecinews.fr\/fr\/","name":"EENewsEurope","description":"Just another WordPress site","publisher":{"@id":"https:\/\/www.ecinews.fr\/fr\/#organization"},"potentialAction":[{"@type":"SearchAction","target":{"@type":"EntryPoint","urlTemplate":"https:\/\/www.ecinews.fr\/fr\/?s={search_term_string}"},"query-input":"required name=search_term_string"}],"inLanguage":"fr-FR"},{"@type":"Organization","@id":"https:\/\/www.ecinews.fr\/fr\/#organization","name":"EENewsEurope","url":"https:\/\/www.ecinews.fr\/fr\/","logo":{"@type":"ImageObject","inLanguage":"fr-FR","@id":"https:\/\/www.ecinews.fr\/fr\/#\/schema\/logo\/image\/","url":"https:\/\/www.ecinews.fr\/wp-content\/uploads\/2022\/02\/logo-1.jpg","contentUrl":"https:\/\/www.ecinews.fr\/wp-content\/uploads\/2022\/02\/logo-1.jpg","width":283,"height":113,"caption":"EENewsEurope"},"image":{"@id":"https:\/\/www.ecinews.fr\/fr\/#\/schema\/logo\/image\/"}},{"@type":"Person","@id":"https:\/\/www.ecinews.fr\/fr\/#\/schema\/person\/4b3db5ba5c953c5fddeb226df86d8635","name":"A Delapalisse","image":{"@type":"ImageObject","inLanguage":"fr-FR","@id":"https:\/\/www.ecinews.fr\/fr\/#\/schema\/person\/image\/09af0e1236b95ff53924b8dfe5af278e","url":"https:\/\/secure.gravatar.com\/avatar\/010f811c0933b47aea7e9204117b17c6?s=96&d=mm&r=g","contentUrl":"https:\/\/secure.gravatar.com\/avatar\/010f811c0933b47aea7e9204117b17c6?s=96&d=mm&r=g","caption":"A Delapalisse"}}]}},"authors":[{"term_id":6199,"user_id":40,"is_guest":0,"slug":"andre-rousselotemisys-com","display_name":"A Delapalisse","avatar_url":"https:\/\/secure.gravatar.com\/avatar\/010f811c0933b47aea7e9204117b17c6?s=96&d=mm&r=g","0":null,"1":"","2":"","3":"","4":"","5":"","6":"","7":"","8":""},{"term_id":3631,"user_id":0,"is_guest":1,"slug":"peter-clarke","display_name":"Peter Clarke","avatar_url":"https:\/\/secure.gravatar.com\/avatar\/?s=96&d=mm&r=g","0":null,"1":"","2":"","3":"","4":"","5":"","6":"","7":"","8":""}],"_links":{"self":[{"href":"https:\/\/www.ecinews.fr\/fr\/wp-json\/wp\/v2\/posts\/450344"}],"collection":[{"href":"https:\/\/www.ecinews.fr\/fr\/wp-json\/wp\/v2\/posts"}],"about":[{"href":"https:\/\/www.ecinews.fr\/fr\/wp-json\/wp\/v2\/types\/post"}],"author":[{"embeddable":true,"href":"https:\/\/www.ecinews.fr\/fr\/wp-json\/wp\/v2\/users\/40"}],"replies":[{"embeddable":true,"href":"https:\/\/www.ecinews.fr\/fr\/wp-json\/wp\/v2\/comments?post=450344"}],"version-history":[{"count":0,"href":"https:\/\/www.ecinews.fr\/fr\/wp-json\/wp\/v2\/posts\/450344\/revisions"}],"wp:featuredmedia":[{"embeddable":true,"href":"https:\/\/www.ecinews.fr\/fr\/wp-json\/wp\/v2\/media\/449985"}],"wp:attachment":[{"href":"https:\/\/www.ecinews.fr\/fr\/wp-json\/wp\/v2\/media?parent=450344"}],"wp:term":[{"taxonomy":"category","embeddable":true,"href":"https:\/\/www.ecinews.fr\/fr\/wp-json\/wp\/v2\/categories?post=450344"},{"taxonomy":"post_tag","embeddable":true,"href":"https:\/\/www.ecinews.fr\/fr\/wp-json\/wp\/v2\/tags?post=450344"},{"taxonomy":"domains","embeddable":true,"href":"https:\/\/www.ecinews.fr\/fr\/wp-json\/wp\/v2\/domains?post=450344"},{"taxonomy":"author","embeddable":true,"href":"https:\/\/www.ecinews.fr\/fr\/wp-json\/wp\/v2\/ppma_author?post=450344"}],"curies":[{"name":"wp","href":"https:\/\/api.w.org\/{rel}","templated":true}]}}