{"id":450340,"date":"2024-05-04T17:48:32","date_gmt":"2024-05-04T15:48:32","guid":{"rendered":"https:\/\/www.eenewseurope.com\/?p=450340"},"modified":"2024-05-04T17:51:09","modified_gmt":"2024-05-04T15:51:09","slug":"projet-europeen-pour-cellules-solaires-en-interieur-pour-lido","status":"publish","type":"post","link":"https:\/\/www.ecinews.fr\/fr\/projet-europeen-pour-cellules-solaires-en-interieur-pour-lido\/","title":{"rendered":"Projet europ\u00e9en pour cellules solaires en int\u00e9rieur pour l&rsquo;IdO"},"content":{"rendered":"<h3>Un projet su\u00e9dois de 38 millions de couronnes su\u00e9doises (3,2 millions d&rsquo;euros) vise \u00e0 stimuler l&rsquo;utilisation de cellules photovolta\u00efques organiques (OPV) en int\u00e9rieur pour l&rsquo;internet des objets (IoT).<\/h3>\n<p>Le projet financ\u00e9 par l&rsquo;UE est dirig\u00e9 par le d\u00e9veloppeur de la technologie des cellules solaires int\u00e9rieures organiques imprim\u00e9es Epishine, qui fournira ses cellules OPV \u00e0 des partenaires dans les domaines de la vente au d\u00e9tail, de la consommation et des applications IoT.<\/p>\n<p>\u00ab\u00a0Ce financement nous permettra d&rsquo;acc\u00e9l\u00e9rer nos efforts conjoints sur le march\u00e9 et de poursuivre notre mission, qui est de faire de l&rsquo;\u00e9lectronique autoaliment\u00e9e la norme\u00a0\u00bb, a d\u00e9clar\u00e9 Anders Kottenauer, PDG d&rsquo;Epishine.<\/p>\n<ul>\n<li><a href=\"https:\/\/www.eenewseurope.com\/en\/epishine-adds-nanopower-to-power-indoor-solar-cell\/\">Epishine ajoute Nanopower pour alimenter une cellule solaire int\u00e9rieure<\/a><\/li>\n<li><a href=\"https:\/\/www.eenewseurope.com\/en\/epishine-raises-e5m-to-boost-solar-cell-production\/\">Epishine l\u00e8ve 5 millions d&rsquo;euros pour stimuler la production de cellules solaires<\/a><\/li>\n<li><a href=\"https:\/\/www.eenewseurope.com\/en\/epishine-teams-for-us-market\/\">Epishine fait \u00e9quipe pour le march\u00e9 am\u00e9ricain <\/a><\/li>\n<\/ul>\n<p>La semaine derni\u00e8re, la soci\u00e9t\u00e9 allemande Sentinum a lanc\u00e9 un capteur de temp\u00e9rature et d&rsquo;humidit\u00e9 compatible avec les r\u00e9seaux sans fil Mioty et LoRa, aliment\u00e9 par les cellules OPV d&rsquo;Epishine.<\/p>\n<p>L&rsquo;utilisation d&rsquo;appareils IoT dans les b\u00e2timents commerciaux intelligents devrait d\u00e9passer les centaines de millions d&rsquo;appareils dans le monde d&rsquo;ici 2028, ce qui rend les capteurs traditionnels aliment\u00e9s par batterie peu pratiques et non durables.<\/p>\n<p>\u00ab\u00a0Nous sommes ravis de lancer notre dernier capteur de temp\u00e9rature et d&rsquo;humidit\u00e9, d\u00e9velopp\u00e9 en partenariat avec Epishine. Cette collaboration s&rsquo;appuie sur une technologie solaire de pointe pour am\u00e9liorer la commodit\u00e9 et r\u00e9duire le co\u00fbt total de possession. Notre produit est con\u00e7u pour simplifier l&rsquo;installation, \u00e9liminer la maintenance et fournir une solution durable \u00e0 nos clients, ce qui refl\u00e8te notre engagement en faveur de l&rsquo;innovation et d&rsquo;une exp\u00e9rience utilisateur sup\u00e9rieure\u00a0\u00bb, a d\u00e9clar\u00e9 Manuel Hart, PDG de Sentinum.<\/p>\n<p>Connected Inventions, en Finlande, utilise les cellules Epishine pour un capteur de temp\u00e9rature et d&rsquo;humidit\u00e9 aliment\u00e9 par la lumi\u00e8re int\u00e9rieure. Le capteur Airwits EcoSense comprend des algorithmes intelligents d&rsquo;\u00e9conomie d&rsquo;\u00e9nergie et est pr\u00eat pour un d\u00e9ploiement mondial avec les r\u00e9seaux LoRaWAN et Sigfox 0G IoT et a une dur\u00e9e de vie pr\u00e9vue de plus de 15 ans, soutenue par une garantie de cinq ans.<\/p>\n<p>\u00ab\u00a0Notre capteur repr\u00e9sente une \u00e9tape importante vers des solutions IoT \u00e9conomes en \u00e9nergie qui r\u00e9pondent aux besoins du secteur de la gestion des installations. Il n&rsquo;a jamais \u00e9t\u00e9 aussi facile de respecter les obligations ESG avec des solutions IoT tout en augmentant l&rsquo;efficacit\u00e9 op\u00e9rationnelle. C&rsquo;est une situation gagnant-gagnant pour l&rsquo;ensemble du secteur\u00a0\u00bb, a d\u00e9clar\u00e9 Markku Patronen, PDG de Connected Inventions.<\/p>\n<p>Minew, \u00e0 Taiwan, utilise \u00e9galement la cellule solaire int\u00e9rieure Epishine et le PMIC de collecte d&rsquo;\u00e9nergie d&rsquo;e-peas, en Belgique, pour un tracker d&rsquo;actifs ultra-mince sans batterie. Le lancement est pr\u00e9vu pour la fin de l&rsquo;ann\u00e9e et fait suite \u00e0 un accord de partenariat sign\u00e9 entre Epishine et epeas en mars.<\/p>\n<ul>\n<li><u><a href=\"https:\/\/www.eenewseurope.com\/en\/ceo-interview-geoffroy-gosset-of-e-peas\/\">Interview d&rsquo;un dirigeant : Geoffroy Gosset de e-peas<\/a><\/u><\/li>\n<li><u><a href=\"https:\/\/www.eenewseurope.com\/en\/e-peas-raises-e17-5m-for-energy-harvesting-pmic\/\">e-peas l\u00e8ve 17,5 millions d&rsquo;euros pour un PMIC de collecte d&rsquo;\u00e9nergie<\/a><\/u><\/li>\n<\/ul>\n<p>\u00ab\u00a0Deux des points forts d&rsquo;Epishine sont la flexibilit\u00e9 de nos cellules solaires et leur grande efficacit\u00e9 dans des conditions de tr\u00e8s faible luminosit\u00e9. Pour ce type de produits, nous semblons avoir une ad\u00e9quation produit-march\u00e9 unique\u00a0\u00bb, a d\u00e9clar\u00e9 Mattias Josephson, CSO et cofondateur d&rsquo;Epishine.<\/p>\n<p>\u00ab\u00a0Cela met en \u00e9vidence les avantages de notre PMIC de collecte d&rsquo;\u00e9nergie, con\u00e7u pour fonctionner de mani\u00e8re transparente avec de l&rsquo;\u00e9nergie l\u00e9g\u00e8re, ce qui le rend id\u00e9al pour le suivi des actifs. Sa capacit\u00e9 \u00e0 g\u00e9rer et \u00e0 utiliser efficacement l&rsquo;\u00e9nergie lumineuse facilement disponible garantit des performances optimales pour les op\u00e9rations avanc\u00e9es, cr\u00e9ant ainsi une solution de suivi tr\u00e8s flexible et auto-aliment\u00e9e\u00a0\u00bb, a d\u00e9clar\u00e9 Christian Ferrier, CMO d&rsquo;e-peas.<\/p>\n<p><a href=\"http:\/\/www.epishine.com\">www.epishine.com<\/a><\/p>\n<p>&nbsp;<\/p>\n","protected":false},"excerpt":{"rendered":"<p>Un projet su\u00e9dois de 38 millions de couronnes su\u00e9doises (3,2 millions d&rsquo;euros) vise \u00e0 stimuler l&rsquo;utilisation de cellules photovolta\u00efques organiques (OPV) en int\u00e9rieur pour l&rsquo;internet des objets (IoT). Le projet financ\u00e9 par l&rsquo;UE est dirig\u00e9 par le d\u00e9veloppeur de la technologie des cellules solaires int\u00e9rieures organiques imprim\u00e9es Epishine, qui fournira ses cellules OPV \u00e0 des [&hellip;]<\/p>\n","protected":false},"author":40,"featured_media":450326,"comment_status":"closed","ping_status":"closed","sticky":false,"template":"","format":"standard","meta":{"_acf_changed":false,"footnotes":""},"categories":[880],"tags":[901,919],"domains":[47],"ppma_author":[6199,3640],"class_list":["post-450340","post","type-post","status-publish","format-standard","has-post-thumbnail","hentry","category-actualites-economiques","tag-energyharvesting-fr","tag-iot-fr","domains-electronique-eci"],"acf":[],"yoast_head":"<title>Projet europ\u00e9en pour cellules solaires en int\u00e9rieur pour l&#039;IdO ...<\/title>\n<meta name=\"description\" content=\"Un projet su\u00e9dois de 3,2 millions d&#039;euros pour l&#039;utilisation de cellules solaires organiques d&#039;int\u00e9rieur OPV pour l&#039;internet des objets (IoT).\" \/>\n<meta name=\"robots\" content=\"index, follow, max-snippet:-1, max-image-preview:large, max-video-preview:-1\" \/>\n<link rel=\"canonical\" href=\"https:\/\/www.ecinews.fr\/fr\/wp-json\/wp\/v2\/posts\/450340\/\" \/>\n<meta property=\"og:locale\" content=\"fr_FR\" \/>\n<meta property=\"og:type\" content=\"article\" \/>\n<meta property=\"og:title\" content=\"Projet europ\u00e9en pour cellules solaires en int\u00e9rieur pour l&#039;IdO\" \/>\n<meta property=\"og:description\" content=\"Un projet su\u00e9dois de 3,2 millions d&#039;euros pour l&#039;utilisation de cellules solaires organiques d&#039;int\u00e9rieur OPV pour l&#039;internet des objets (IoT).\" \/>\n<meta property=\"og:url\" content=\"https:\/\/www.ecinews.fr\/fr\/wp-json\/wp\/v2\/posts\/450340\/\" \/>\n<meta property=\"og:site_name\" content=\"EENewsEurope\" \/>\n<meta property=\"article:published_time\" content=\"2024-05-04T15:48:32+00:00\" \/>\n<meta property=\"article:modified_time\" content=\"2024-05-04T15:51:09+00:00\" \/>\n<meta property=\"og:image\" content=\"https:\/\/www.ecinews.fr\/wp-content\/uploads\/2024\/05\/Screenshot-2024-05-03-114400-e1714733108758.png\" \/>\n\t<meta property=\"og:image:width\" content=\"1184\" \/>\n\t<meta property=\"og:image:height\" content=\"904\" \/>\n\t<meta property=\"og:image:type\" content=\"image\/png\" \/>\n<meta name=\"author\" content=\"A Delapalisse, Nick Flaherty\" \/>\n<meta name=\"twitter:card\" content=\"summary_large_image\" \/>\n<meta name=\"twitter:label1\" content=\"Written by\" \/>\n\t<meta name=\"twitter:data1\" content=\"A Delapalisse\" \/>\n\t<meta name=\"twitter:label2\" content=\"Est. reading time\" \/>\n\t<meta name=\"twitter:data2\" content=\"3 minutes\" \/>\n<script type=\"application\/ld+json\" class=\"yoast-schema-graph\">{\"@context\":\"https:\/\/schema.org\",\"@graph\":[{\"@type\":\"Article\",\"@id\":\"https:\/\/www.ecinews.fr\/fr\/projet-europeen-pour-cellules-solaires-en-interieur-pour-lido\/#article\",\"isPartOf\":{\"@id\":\"https:\/\/www.ecinews.fr\/fr\/projet-europeen-pour-cellules-solaires-en-interieur-pour-lido\/\"},\"author\":{\"name\":\"A Delapalisse\",\"@id\":\"https:\/\/www.ecinews.fr\/fr\/#\/schema\/person\/4b3db5ba5c953c5fddeb226df86d8635\"},\"headline\":\"Projet europ\u00e9en pour cellules solaires en int\u00e9rieur pour l&rsquo;IdO\",\"datePublished\":\"2024-05-04T15:48:32+00:00\",\"dateModified\":\"2024-05-04T15:51:09+00:00\",\"mainEntityOfPage\":{\"@id\":\"https:\/\/www.ecinews.fr\/fr\/projet-europeen-pour-cellules-solaires-en-interieur-pour-lido\/\"},\"wordCount\":678,\"publisher\":{\"@id\":\"https:\/\/www.ecinews.fr\/fr\/#organization\"},\"keywords\":[\"EnergyHarvesting\",\"IoT\"],\"articleSection\":[\"Actualit\u00e9s \u00e9conomiques\"],\"inLanguage\":\"fr-FR\"},{\"@type\":\"WebPage\",\"@id\":\"https:\/\/www.ecinews.fr\/fr\/projet-europeen-pour-cellules-solaires-en-interieur-pour-lido\/\",\"url\":\"https:\/\/www.ecinews.fr\/fr\/projet-europeen-pour-cellules-solaires-en-interieur-pour-lido\/\",\"name\":\"Projet europ\u00e9en pour cellules solaires en int\u00e9rieur pour l'IdO -\",\"isPartOf\":{\"@id\":\"https:\/\/www.ecinews.fr\/fr\/#website\"},\"datePublished\":\"2024-05-04T15:48:32+00:00\",\"dateModified\":\"2024-05-04T15:51:09+00:00\",\"description\":\"Un projet su\u00e9dois de 3,2 millions d'euros pour l'utilisation de cellules solaires organiques d'int\u00e9rieur OPV pour l'internet des objets (IoT).\",\"breadcrumb\":{\"@id\":\"https:\/\/www.ecinews.fr\/fr\/projet-europeen-pour-cellules-solaires-en-interieur-pour-lido\/#breadcrumb\"},\"inLanguage\":\"fr-FR\",\"potentialAction\":[{\"@type\":\"ReadAction\",\"target\":[\"https:\/\/www.ecinews.fr\/fr\/projet-europeen-pour-cellules-solaires-en-interieur-pour-lido\/\"]}]},{\"@type\":\"BreadcrumbList\",\"@id\":\"https:\/\/www.ecinews.fr\/fr\/projet-europeen-pour-cellules-solaires-en-interieur-pour-lido\/#breadcrumb\",\"itemListElement\":[{\"@type\":\"ListItem\",\"position\":1,\"name\":\"Home\",\"item\":\"https:\/\/www.ecinews.fr\/fr\/\"},{\"@type\":\"ListItem\",\"position\":2,\"name\":\"Projet europ\u00e9en pour cellules solaires en int\u00e9rieur pour l&rsquo;IdO\"}]},{\"@type\":\"WebSite\",\"@id\":\"https:\/\/www.ecinews.fr\/fr\/#website\",\"url\":\"https:\/\/www.ecinews.fr\/fr\/\",\"name\":\"EENewsEurope\",\"description\":\"Just another WordPress site\",\"publisher\":{\"@id\":\"https:\/\/www.ecinews.fr\/fr\/#organization\"},\"potentialAction\":[{\"@type\":\"SearchAction\",\"target\":{\"@type\":\"EntryPoint\",\"urlTemplate\":\"https:\/\/www.ecinews.fr\/fr\/?s={search_term_string}\"},\"query-input\":\"required name=search_term_string\"}],\"inLanguage\":\"fr-FR\"},{\"@type\":\"Organization\",\"@id\":\"https:\/\/www.ecinews.fr\/fr\/#organization\",\"name\":\"EENewsEurope\",\"url\":\"https:\/\/www.ecinews.fr\/fr\/\",\"logo\":{\"@type\":\"ImageObject\",\"inLanguage\":\"fr-FR\",\"@id\":\"https:\/\/www.ecinews.fr\/fr\/#\/schema\/logo\/image\/\",\"url\":\"https:\/\/www.ecinews.fr\/wp-content\/uploads\/2022\/02\/logo-1.jpg\",\"contentUrl\":\"https:\/\/www.ecinews.fr\/wp-content\/uploads\/2022\/02\/logo-1.jpg\",\"width\":283,\"height\":113,\"caption\":\"EENewsEurope\"},\"image\":{\"@id\":\"https:\/\/www.ecinews.fr\/fr\/#\/schema\/logo\/image\/\"}},{\"@type\":\"Person\",\"@id\":\"https:\/\/www.ecinews.fr\/fr\/#\/schema\/person\/4b3db5ba5c953c5fddeb226df86d8635\",\"name\":\"A Delapalisse\",\"image\":{\"@type\":\"ImageObject\",\"inLanguage\":\"fr-FR\",\"@id\":\"https:\/\/www.ecinews.fr\/fr\/#\/schema\/person\/image\/09af0e1236b95ff53924b8dfe5af278e\",\"url\":\"https:\/\/secure.gravatar.com\/avatar\/010f811c0933b47aea7e9204117b17c6?s=96&d=mm&r=g\",\"contentUrl\":\"https:\/\/secure.gravatar.com\/avatar\/010f811c0933b47aea7e9204117b17c6?s=96&d=mm&r=g\",\"caption\":\"A Delapalisse\"}}]}<\/script>","yoast_head_json":{"title":"Projet europ\u00e9en pour cellules solaires en int\u00e9rieur pour l'IdO ...","description":"Un projet su\u00e9dois de 3,2 millions d'euros pour l'utilisation de cellules solaires organiques d'int\u00e9rieur OPV pour l'internet des objets (IoT).","robots":{"index":"index","follow":"follow","max-snippet":"max-snippet:-1","max-image-preview":"max-image-preview:large","max-video-preview":"max-video-preview:-1"},"canonical":"https:\/\/www.ecinews.fr\/fr\/wp-json\/wp\/v2\/posts\/450340\/","og_locale":"fr_FR","og_type":"article","og_title":"Projet europ\u00e9en pour cellules solaires en int\u00e9rieur pour l'IdO","og_description":"Un projet su\u00e9dois de 3,2 millions d'euros pour l'utilisation de cellules solaires organiques d'int\u00e9rieur OPV pour l'internet des objets (IoT).","og_url":"https:\/\/www.ecinews.fr\/fr\/wp-json\/wp\/v2\/posts\/450340\/","og_site_name":"EENewsEurope","article_published_time":"2024-05-04T15:48:32+00:00","article_modified_time":"2024-05-04T15:51:09+00:00","og_image":[{"width":1184,"height":904,"url":"https:\/\/www.ecinews.fr\/wp-content\/uploads\/2024\/05\/Screenshot-2024-05-03-114400-e1714733108758.png","type":"image\/png"}],"author":"A Delapalisse, Nick Flaherty","twitter_card":"summary_large_image","twitter_misc":{"Written by":"A Delapalisse","Est. reading time":"3 minutes"},"schema":{"@context":"https:\/\/schema.org","@graph":[{"@type":"Article","@id":"https:\/\/www.ecinews.fr\/fr\/projet-europeen-pour-cellules-solaires-en-interieur-pour-lido\/#article","isPartOf":{"@id":"https:\/\/www.ecinews.fr\/fr\/projet-europeen-pour-cellules-solaires-en-interieur-pour-lido\/"},"author":{"name":"A Delapalisse","@id":"https:\/\/www.ecinews.fr\/fr\/#\/schema\/person\/4b3db5ba5c953c5fddeb226df86d8635"},"headline":"Projet europ\u00e9en pour cellules solaires en int\u00e9rieur pour l&rsquo;IdO","datePublished":"2024-05-04T15:48:32+00:00","dateModified":"2024-05-04T15:51:09+00:00","mainEntityOfPage":{"@id":"https:\/\/www.ecinews.fr\/fr\/projet-europeen-pour-cellules-solaires-en-interieur-pour-lido\/"},"wordCount":678,"publisher":{"@id":"https:\/\/www.ecinews.fr\/fr\/#organization"},"keywords":["EnergyHarvesting","IoT"],"articleSection":["Actualit\u00e9s \u00e9conomiques"],"inLanguage":"fr-FR"},{"@type":"WebPage","@id":"https:\/\/www.ecinews.fr\/fr\/projet-europeen-pour-cellules-solaires-en-interieur-pour-lido\/","url":"https:\/\/www.ecinews.fr\/fr\/projet-europeen-pour-cellules-solaires-en-interieur-pour-lido\/","name":"Projet europ\u00e9en pour cellules solaires en int\u00e9rieur pour l'IdO -","isPartOf":{"@id":"https:\/\/www.ecinews.fr\/fr\/#website"},"datePublished":"2024-05-04T15:48:32+00:00","dateModified":"2024-05-04T15:51:09+00:00","description":"Un projet su\u00e9dois de 3,2 millions d'euros pour l'utilisation de cellules solaires organiques d'int\u00e9rieur OPV pour l'internet des objets (IoT).","breadcrumb":{"@id":"https:\/\/www.ecinews.fr\/fr\/projet-europeen-pour-cellules-solaires-en-interieur-pour-lido\/#breadcrumb"},"inLanguage":"fr-FR","potentialAction":[{"@type":"ReadAction","target":["https:\/\/www.ecinews.fr\/fr\/projet-europeen-pour-cellules-solaires-en-interieur-pour-lido\/"]}]},{"@type":"BreadcrumbList","@id":"https:\/\/www.ecinews.fr\/fr\/projet-europeen-pour-cellules-solaires-en-interieur-pour-lido\/#breadcrumb","itemListElement":[{"@type":"ListItem","position":1,"name":"Home","item":"https:\/\/www.ecinews.fr\/fr\/"},{"@type":"ListItem","position":2,"name":"Projet europ\u00e9en pour cellules solaires en int\u00e9rieur pour l&rsquo;IdO"}]},{"@type":"WebSite","@id":"https:\/\/www.ecinews.fr\/fr\/#website","url":"https:\/\/www.ecinews.fr\/fr\/","name":"EENewsEurope","description":"Just another WordPress site","publisher":{"@id":"https:\/\/www.ecinews.fr\/fr\/#organization"},"potentialAction":[{"@type":"SearchAction","target":{"@type":"EntryPoint","urlTemplate":"https:\/\/www.ecinews.fr\/fr\/?s={search_term_string}"},"query-input":"required name=search_term_string"}],"inLanguage":"fr-FR"},{"@type":"Organization","@id":"https:\/\/www.ecinews.fr\/fr\/#organization","name":"EENewsEurope","url":"https:\/\/www.ecinews.fr\/fr\/","logo":{"@type":"ImageObject","inLanguage":"fr-FR","@id":"https:\/\/www.ecinews.fr\/fr\/#\/schema\/logo\/image\/","url":"https:\/\/www.ecinews.fr\/wp-content\/uploads\/2022\/02\/logo-1.jpg","contentUrl":"https:\/\/www.ecinews.fr\/wp-content\/uploads\/2022\/02\/logo-1.jpg","width":283,"height":113,"caption":"EENewsEurope"},"image":{"@id":"https:\/\/www.ecinews.fr\/fr\/#\/schema\/logo\/image\/"}},{"@type":"Person","@id":"https:\/\/www.ecinews.fr\/fr\/#\/schema\/person\/4b3db5ba5c953c5fddeb226df86d8635","name":"A Delapalisse","image":{"@type":"ImageObject","inLanguage":"fr-FR","@id":"https:\/\/www.ecinews.fr\/fr\/#\/schema\/person\/image\/09af0e1236b95ff53924b8dfe5af278e","url":"https:\/\/secure.gravatar.com\/avatar\/010f811c0933b47aea7e9204117b17c6?s=96&d=mm&r=g","contentUrl":"https:\/\/secure.gravatar.com\/avatar\/010f811c0933b47aea7e9204117b17c6?s=96&d=mm&r=g","caption":"A Delapalisse"}}]}},"authors":[{"term_id":6199,"user_id":40,"is_guest":0,"slug":"andre-rousselotemisys-com","display_name":"A Delapalisse","avatar_url":"https:\/\/secure.gravatar.com\/avatar\/010f811c0933b47aea7e9204117b17c6?s=96&d=mm&r=g","0":null,"1":"","2":"","3":"","4":"","5":"","6":"","7":"","8":""},{"term_id":3640,"user_id":0,"is_guest":1,"slug":"nick-flaherty","display_name":"Nick Flaherty","avatar_url":"https:\/\/secure.gravatar.com\/avatar\/?s=96&d=mm&r=g","0":null,"1":"","2":"","3":"","4":"","5":"","6":"","7":"","8":""}],"_links":{"self":[{"href":"https:\/\/www.ecinews.fr\/fr\/wp-json\/wp\/v2\/posts\/450340"}],"collection":[{"href":"https:\/\/www.ecinews.fr\/fr\/wp-json\/wp\/v2\/posts"}],"about":[{"href":"https:\/\/www.ecinews.fr\/fr\/wp-json\/wp\/v2\/types\/post"}],"author":[{"embeddable":true,"href":"https:\/\/www.ecinews.fr\/fr\/wp-json\/wp\/v2\/users\/40"}],"replies":[{"embeddable":true,"href":"https:\/\/www.ecinews.fr\/fr\/wp-json\/wp\/v2\/comments?post=450340"}],"version-history":[{"count":0,"href":"https:\/\/www.ecinews.fr\/fr\/wp-json\/wp\/v2\/posts\/450340\/revisions"}],"wp:featuredmedia":[{"embeddable":true,"href":"https:\/\/www.ecinews.fr\/fr\/wp-json\/wp\/v2\/media\/450326"}],"wp:attachment":[{"href":"https:\/\/www.ecinews.fr\/fr\/wp-json\/wp\/v2\/media?parent=450340"}],"wp:term":[{"taxonomy":"category","embeddable":true,"href":"https:\/\/www.ecinews.fr\/fr\/wp-json\/wp\/v2\/categories?post=450340"},{"taxonomy":"post_tag","embeddable":true,"href":"https:\/\/www.ecinews.fr\/fr\/wp-json\/wp\/v2\/tags?post=450340"},{"taxonomy":"domains","embeddable":true,"href":"https:\/\/www.ecinews.fr\/fr\/wp-json\/wp\/v2\/domains?post=450340"},{"taxonomy":"author","embeddable":true,"href":"https:\/\/www.ecinews.fr\/fr\/wp-json\/wp\/v2\/ppma_author?post=450340"}],"curies":[{"name":"wp","href":"https:\/\/api.w.org\/{rel}","templated":true}]}}