{"id":449987,"date":"2024-04-30T17:25:07","date_gmt":"2024-04-30T15:25:07","guid":{"rendered":"https:\/\/www.eenewseurope.com\/?p=449987"},"modified":"2024-04-30T20:56:51","modified_gmt":"2024-04-30T18:56:51","slug":"ams-osram-supprime-500-emplois-et-ferme-une-fab","status":"publish","type":"post","link":"https:\/\/www.ecinews.fr\/fr\/ams-osram-supprime-500-emplois-et-ferme-une-fab\/","title":{"rendered":"AMS-Osram supprime 500 emplois et ferme une fab"},"content":{"rendered":"<h2>AMS-Osram AG (Premstaetten, Autriche) a d\u00e9clar\u00e9 que 500 employ\u00e9s seraient touch\u00e9s par une restructuration r\u00e9sultant de l&rsquo;annulation pr\u00e9c\u00e9demment annonc\u00e9e d&rsquo;un projet microLED.<\/h2>\n<p>L&rsquo;entreprise cherche \u00e9galement \u00e0 se retirer d&rsquo;une usine de fabrication de wafers en Malaisie qui \u00e9tait pr\u00e9par\u00e9e pour le projet et a affect\u00e9 un co\u00fbt de 700 millions d&rsquo;euros \u00e0 l&rsquo;annulation et \u00e0 la restructuration du projet.<\/p>\n<p>Ce projet aurait \u00e9t\u00e9 destin\u00e9 \u00e0 la production d&rsquo;\u00e9crans microLED pour une future smartwatch d&rsquo;Apple (voir Le <a href=\"https:\/\/www.eenewseurope.com\/en\/apple-blow-makes-ams-osram-re-assess-microled-strategy\/\">coup d&rsquo;\u00e9clat d&rsquo;Apple incite AMS-Osram \u00e0 r\u00e9\u00e9valuer sa strat\u00e9gie en mati\u00e8re de microLED<\/a>). La soci\u00e9t\u00e9 a d\u00e9clar\u00e9 qu&rsquo;elle restructurait \u00e9galement son activit\u00e9 de capteurs d&rsquo;images CMOS dans le cadre d&rsquo;une initiative de \u00ab\u00a0r\u00e9tablissement de la base\u00a0\u00bb. Cela inclut la fermeture d&rsquo;un site de d\u00e9veloppement, bien que l&rsquo;entreprise n&rsquo;ait pas pr\u00e9cis\u00e9 o\u00f9.<\/p>\n<p>Depuis l&rsquo;annonce de l&rsquo;annulation des \u00e9crans microLED, AMS-Osram a entam\u00e9 une restructuration en Allemagne et en Malaisie, o\u00f9 elle cherche \u00e0 se d\u00e9barrasser d&rsquo;une usine de fabrication de wafers de 200 mm \u00e0 Kulim. L&rsquo;entreprise a d\u00e9clar\u00e9 qu&rsquo;elle r\u00e9duisait au minimum le d\u00e9veloppement de microLED pour les applications automobiles, telles que l&rsquo;\u00e9clairage avant pixellis\u00e9.<\/p>\n<h4>Pertes d&#8217;emplois ?<\/h4>\n<p>AMS-Osram a d\u00e9clar\u00e9 qu&rsquo;au total, plus de 500 employ\u00e9s sont concern\u00e9s par la restructuration, mais n&rsquo;a pas indiqu\u00e9 de pertes d&#8217;emplois. \u00ab\u00a0Certaines des ressources lib\u00e9r\u00e9es sont r\u00e9affect\u00e9es au renforcement de la position de leader de l&rsquo;entreprise sur le march\u00e9 des LED automobiles, qui devrait bient\u00f4t devenir le segment le plus important du march\u00e9 des LED selon les derni\u00e8res \u00e9tudes de march\u00e9\u00a0\u00bb, a d\u00e9clar\u00e9 l&rsquo;entreprise dans un communiqu\u00e9 financier interm\u00e9diaire.<\/p>\n<p>\u00ab\u00a0Si un nouveau client principal s&rsquo;engage en temps voulu \u00e0 financer des d\u00e9veloppements d\u00e9di\u00e9s \u00e0 des applications sp\u00e9cifiques, la soci\u00e9t\u00e9 peut poursuivre un d\u00e9veloppement plus important des microLEDs de mani\u00e8re essentiellement neutre en termes de flux de tr\u00e9sorerie et d&rsquo;EBIT\u00a0\u00bb, a ajout\u00e9 la soci\u00e9t\u00e9.<\/p>\n<p>AMS-Osram a d\u00e9clar\u00e9 que l&rsquo;annulation du projet lui co\u00fbterait environ 700 millions d&rsquo;euros. Elle a comptabilis\u00e9 632 millions d&rsquo;euros au premier trimestre 24 et pr\u00e9voit jusqu&rsquo;\u00e0 70 millions d&rsquo;euros de co\u00fbts suppl\u00e9mentaires pour le reste de l&rsquo;ann\u00e9e, y compris des co\u00fbts de restructuration.<\/p>\n<p>L&rsquo;entreprise tente \u00e9galement de se d\u00e9gager d&rsquo;un contrat de vente et de location-vente (SLB) pour son usine de fabrication de wafers de Kulim, le transfert de la fab \u00e0 un nouveau locataire \u00e9tant une priorit\u00e9 absolue. Lorsqu&rsquo;elle aura abouti, cette op\u00e9ration permettra de r\u00e9duire la dette \u00e0 long terme d&rsquo;environ 400 millions d&rsquo;euros et d&rsquo;\u00e9liminer les paiements au titre de la location. Aucune indication n&rsquo;a \u00e9t\u00e9 donn\u00e9e quant \u00e0 l&rsquo;\u00e9ventuel repreneur de l&rsquo;usine de fabrication de wafers de silicium.<\/p>\n<h4>Performances financi\u00e8res<\/h4>\n<p>AMS-Osram a fourni ces informations en m\u00eame temps qu&rsquo;une discussion sur ses performances financi\u00e8res du premier trimestre 24.<\/p>\n<p>La soci\u00e9t\u00e9 a d\u00e9clar\u00e9 avoir r\u00e9alis\u00e9 un EBITDA ajust\u00e9 de 124 millions d&rsquo;euros sur des ventes de 847 millions d&rsquo;euros, en hausse de 5 % par rapport \u00e0 l&rsquo;ann\u00e9e pr\u00e9c\u00e9dente. Toutefois, le chiffre de l&rsquo;EBITDA ajust\u00e9 ne comprend pas les charges li\u00e9es aux microLED. Le r\u00e9sultat net selon les normes IFRS (normes internationales d&rsquo;information financi\u00e8re) est une perte nette de 710 millions d&rsquo;euros.<\/p>\n<p>AMS-Osram pr\u00e9voit que le chiffre d&rsquo;affaires du deuxi\u00e8me trimestre de l&rsquo;ann\u00e9e 24 conna\u00eetra une baisse saisonni\u00e8re marqu\u00e9e par la faiblesse des march\u00e9s industriels et m\u00e9dicaux et qu&rsquo;il se situera entre 770 et 870 millions d&rsquo;euros.<\/p>\n<p>\u00ab\u00a0La dynamique industrielle sur nos march\u00e9s LED a chang\u00e9 avec l&rsquo;annulation du projet de base microLED. Nous ajustons notre strat\u00e9gie en cons\u00e9quence et continuons \u00e0 renforcer nos investissements dans le segment de march\u00e9 des LED qui sera bient\u00f4t le plus important &#8211; l&rsquo;automobile &#8211; et qui conna\u00eetra une croissance structurelle dans les ann\u00e9es \u00e0 venir. Nous avons l&rsquo;intention de sortir de la fab de 8 pouces et de concentrer notre d\u00e9veloppement microLED sur les besoins de l&rsquo;automobile afin d&rsquo;acc\u00e9l\u00e9rer notre chemin vers un flux de tr\u00e9sorerie disponible r\u00e9ellement positif en 2025\u00a0\u00bb, a d\u00e9clar\u00e9 Aldo Kamper, PDG d&rsquo;AMS-Osram, dans le communiqu\u00e9. \u00ab\u00a0Les perspectives prometteuses de croissance \u00e0 moyen terme de toutes nos activit\u00e9s principales dans les secteurs de l&rsquo;automobile, de l&rsquo;industrie, de la m\u00e9decine et de certaines applications grand public sont intactes\u00a0\u00bb, a-t-il ajout\u00e9.<\/p>\n<h4>Liens et articles connexes :<\/h4>\n<p><a href=\"https:\/\/www.ams-osram.com\">www.ams-osram.com<\/a><\/p>\n<h4>Articles de presse :<\/h4>\n<p><a href=\"https:\/\/www.eenewseurope.com\/en\/apple-blow-makes-ams-osram-re-assess-microled-strategy\/\">Le coup d&rsquo;\u00e9clat d&rsquo;Apple incite AMS-Osram \u00e0 r\u00e9\u00e9valuer sa strat\u00e9gie en mati\u00e8re de microLED<\/a><\/p>\n<p><a href=\"https:\/\/www.eenewseurope.com\/en\/ams-osram-set-to-get-e300-million-ipcei-subsidy\/\">AMS-Osram devrait b\u00e9n\u00e9ficier d&rsquo;une subvention de 300 millions d&rsquo;euros de l&rsquo;IPCEI<\/a><\/p>\n<p><a href=\"https:\/\/www.eenewseurope.com\/en\/ams-osram-ready-to-ramp-microled-production-in-2024\/\">AMS-Osram pr\u00eat \u00e0 lancer la production de microLED en 2024<\/a><\/p>\n<p><a href=\"https:\/\/www.eenewseurope.com\/en\/microled-displays-delayed-but-coming-in-two-to-three-years\/\">Les \u00e9crans MicroLED sont retard\u00e9s mais arriveront dans deux ou trois ans<\/a><\/p>\n<p><a href=\"https:\/\/www.eenewseurope.com\/en\/apple-set-to-drive-microled-revolution-says-yole\/\">Selon Yole, Apple devrait \u00eatre le moteur de la r\u00e9volution microLED<\/a><\/p>\n","protected":false},"excerpt":{"rendered":"<p>AMS-Osram AG (Premstaetten, Autriche) a d\u00e9clar\u00e9 que 500 employ\u00e9s seraient touch\u00e9s par une restructuration r\u00e9sultant de l&rsquo;annulation pr\u00e9c\u00e9demment annonc\u00e9e d&rsquo;un projet microLED. L&rsquo;entreprise cherche \u00e9galement \u00e0 se retirer d&rsquo;une usine de fabrication de wafers en Malaisie qui \u00e9tait pr\u00e9par\u00e9e pour le projet et a affect\u00e9 un co\u00fbt de 700 millions d&rsquo;euros \u00e0 l&rsquo;annulation et \u00e0 [&hellip;]<\/p>\n","protected":false},"author":34,"featured_media":58253,"comment_status":"closed","ping_status":"closed","sticky":false,"template":"","format":"standard","meta":{"_acf_changed":false,"footnotes":""},"categories":[880],"tags":[6147,4850],"domains":[47],"ppma_author":[1153,3631],"class_list":["post-449987","post","type-post","status-publish","format-standard","has-post-thumbnail","hentry","category-actualites-economiques","tag-led-fr","tag-microled-fr","domains-electronique-eci"],"acf":[],"yoast_head":"<title>AMS-Osram supprime 500 emplois et ferme une fab ...<\/title>\n<meta name=\"description\" content=\"AMS-Osram a d\u00e9clar\u00e9 que 500 employ\u00e9s seraient touch\u00e9s par une restructuration provoqu\u00e9e par l&#039;annulation d&#039;un projet microLED.\" \/>\n<meta name=\"robots\" content=\"index, follow, max-snippet:-1, max-image-preview:large, max-video-preview:-1\" \/>\n<link rel=\"canonical\" href=\"https:\/\/www.ecinews.fr\/fr\/wp-json\/wp\/v2\/posts\/449987\/\" \/>\n<meta property=\"og:locale\" content=\"fr_FR\" \/>\n<meta property=\"og:type\" content=\"article\" \/>\n<meta property=\"og:title\" content=\"AMS-Osram supprime 500 emplois et ferme une fab\" \/>\n<meta property=\"og:description\" content=\"AMS-Osram a d\u00e9clar\u00e9 que 500 employ\u00e9s seraient touch\u00e9s par une restructuration provoqu\u00e9e par l&#039;annulation d&#039;un projet microLED.\" \/>\n<meta property=\"og:url\" content=\"https:\/\/www.ecinews.fr\/fr\/wp-json\/wp\/v2\/posts\/449987\/\" \/>\n<meta property=\"og:site_name\" content=\"EENewsEurope\" \/>\n<meta property=\"article:published_time\" content=\"2024-04-30T15:25:07+00:00\" \/>\n<meta property=\"article:modified_time\" content=\"2024-04-30T18:56:51+00:00\" \/>\n<meta property=\"og:image\" content=\"https:\/\/www.ecinews.fr\/wp-content\/uploads\/import\/default\/files\/sites\/default\/files\/images\/jobcuts630_0.jpg\" \/>\n\t<meta property=\"og:image:width\" content=\"630\" \/>\n\t<meta property=\"og:image:height\" content=\"360\" \/>\n\t<meta property=\"og:image:type\" content=\"image\/jpeg\" \/>\n<meta name=\"author\" content=\"A Delapalisse, Peter Clarke\" \/>\n<meta name=\"twitter:card\" content=\"summary_large_image\" \/>\n<meta name=\"twitter:label1\" content=\"Written by\" \/>\n\t<meta name=\"twitter:data1\" content=\"A Delapalisse\" \/>\n\t<meta name=\"twitter:label2\" content=\"Est. reading time\" \/>\n\t<meta name=\"twitter:data2\" content=\"4 minutes\" \/>\n<script type=\"application\/ld+json\" class=\"yoast-schema-graph\">{\"@context\":\"https:\/\/schema.org\",\"@graph\":[{\"@type\":\"Article\",\"@id\":\"https:\/\/www.ecinews.fr\/fr\/ams-osram-supprime-500-emplois-et-ferme-une-fab\/#article\",\"isPartOf\":{\"@id\":\"https:\/\/www.ecinews.fr\/fr\/ams-osram-supprime-500-emplois-et-ferme-une-fab\/\"},\"author\":{\"name\":\"A Delapalisse\",\"@id\":\"https:\/\/www.ecinews.fr\/fr\/#\/schema\/person\/0aa2cfb0bd8949724a68cbac8d8321b4\"},\"headline\":\"AMS-Osram supprime 500 emplois et ferme une fab\",\"datePublished\":\"2024-04-30T15:25:07+00:00\",\"dateModified\":\"2024-04-30T18:56:51+00:00\",\"mainEntityOfPage\":{\"@id\":\"https:\/\/www.ecinews.fr\/fr\/ams-osram-supprime-500-emplois-et-ferme-une-fab\/\"},\"wordCount\":867,\"publisher\":{\"@id\":\"https:\/\/www.ecinews.fr\/fr\/#organization\"},\"keywords\":[\"LED\",\"microLED\"],\"articleSection\":[\"Actualit\u00e9s \u00e9conomiques\"],\"inLanguage\":\"fr-FR\"},{\"@type\":\"WebPage\",\"@id\":\"https:\/\/www.ecinews.fr\/fr\/ams-osram-supprime-500-emplois-et-ferme-une-fab\/\",\"url\":\"https:\/\/www.ecinews.fr\/fr\/ams-osram-supprime-500-emplois-et-ferme-une-fab\/\",\"name\":\"AMS-Osram supprime 500 emplois et ferme une fab\",\"isPartOf\":{\"@id\":\"https:\/\/www.ecinews.fr\/fr\/#website\"},\"datePublished\":\"2024-04-30T15:25:07+00:00\",\"dateModified\":\"2024-04-30T18:56:51+00:00\",\"description\":\"AMS-Osram a d\u00e9clar\u00e9 que 500 employ\u00e9s seraient touch\u00e9s par une restructuration provoqu\u00e9e par l'annulation d'un projet microLED.\",\"breadcrumb\":{\"@id\":\"https:\/\/www.ecinews.fr\/fr\/ams-osram-supprime-500-emplois-et-ferme-une-fab\/#breadcrumb\"},\"inLanguage\":\"fr-FR\",\"potentialAction\":[{\"@type\":\"ReadAction\",\"target\":[\"https:\/\/www.ecinews.fr\/fr\/ams-osram-supprime-500-emplois-et-ferme-une-fab\/\"]}]},{\"@type\":\"BreadcrumbList\",\"@id\":\"https:\/\/www.ecinews.fr\/fr\/ams-osram-supprime-500-emplois-et-ferme-une-fab\/#breadcrumb\",\"itemListElement\":[{\"@type\":\"ListItem\",\"position\":1,\"name\":\"Home\",\"item\":\"https:\/\/www.ecinews.fr\/fr\/\"},{\"@type\":\"ListItem\",\"position\":2,\"name\":\"AMS-Osram supprime 500 emplois et ferme une fab\"}]},{\"@type\":\"WebSite\",\"@id\":\"https:\/\/www.ecinews.fr\/fr\/#website\",\"url\":\"https:\/\/www.ecinews.fr\/fr\/\",\"name\":\"EENewsEurope\",\"description\":\"Just another WordPress site\",\"publisher\":{\"@id\":\"https:\/\/www.ecinews.fr\/fr\/#organization\"},\"potentialAction\":[{\"@type\":\"SearchAction\",\"target\":{\"@type\":\"EntryPoint\",\"urlTemplate\":\"https:\/\/www.ecinews.fr\/fr\/?s={search_term_string}\"},\"query-input\":\"required name=search_term_string\"}],\"inLanguage\":\"fr-FR\"},{\"@type\":\"Organization\",\"@id\":\"https:\/\/www.ecinews.fr\/fr\/#organization\",\"name\":\"EENewsEurope\",\"url\":\"https:\/\/www.ecinews.fr\/fr\/\",\"logo\":{\"@type\":\"ImageObject\",\"inLanguage\":\"fr-FR\",\"@id\":\"https:\/\/www.ecinews.fr\/fr\/#\/schema\/logo\/image\/\",\"url\":\"https:\/\/www.ecinews.fr\/wp-content\/uploads\/2022\/02\/logo-1.jpg\",\"contentUrl\":\"https:\/\/www.ecinews.fr\/wp-content\/uploads\/2022\/02\/logo-1.jpg\",\"width\":283,\"height\":113,\"caption\":\"EENewsEurope\"},\"image\":{\"@id\":\"https:\/\/www.ecinews.fr\/fr\/#\/schema\/logo\/image\/\"}},{\"@type\":\"Person\",\"@id\":\"https:\/\/www.ecinews.fr\/fr\/#\/schema\/person\/0aa2cfb0bd8949724a68cbac8d8321b4\",\"name\":\"A Delapalisse\",\"image\":{\"@type\":\"ImageObject\",\"inLanguage\":\"fr-FR\",\"@id\":\"https:\/\/www.ecinews.fr\/fr\/#\/schema\/person\/image\/211ac42237c2e9683c0964086c393cb4\",\"url\":\"https:\/\/secure.gravatar.com\/avatar\/ad45a8c5da24bc9c7c4940dd1c48a695?s=96&d=mm&r=g\",\"contentUrl\":\"https:\/\/secure.gravatar.com\/avatar\/ad45a8c5da24bc9c7c4940dd1c48a695?s=96&d=mm&r=g\",\"caption\":\"A Delapalisse\"},\"sameAs\":[\"http:\/\/ECI\"]}]}<\/script>","yoast_head_json":{"title":"AMS-Osram supprime 500 emplois et ferme une fab ...","description":"AMS-Osram a d\u00e9clar\u00e9 que 500 employ\u00e9s seraient touch\u00e9s par une restructuration provoqu\u00e9e par l'annulation d'un projet microLED.","robots":{"index":"index","follow":"follow","max-snippet":"max-snippet:-1","max-image-preview":"max-image-preview:large","max-video-preview":"max-video-preview:-1"},"canonical":"https:\/\/www.ecinews.fr\/fr\/wp-json\/wp\/v2\/posts\/449987\/","og_locale":"fr_FR","og_type":"article","og_title":"AMS-Osram supprime 500 emplois et ferme une fab","og_description":"AMS-Osram a d\u00e9clar\u00e9 que 500 employ\u00e9s seraient touch\u00e9s par une restructuration provoqu\u00e9e par l'annulation d'un projet microLED.","og_url":"https:\/\/www.ecinews.fr\/fr\/wp-json\/wp\/v2\/posts\/449987\/","og_site_name":"EENewsEurope","article_published_time":"2024-04-30T15:25:07+00:00","article_modified_time":"2024-04-30T18:56:51+00:00","og_image":[{"width":630,"height":360,"url":"https:\/\/www.ecinews.fr\/wp-content\/uploads\/import\/default\/files\/sites\/default\/files\/images\/jobcuts630_0.jpg","type":"image\/jpeg"}],"author":"A Delapalisse, Peter Clarke","twitter_card":"summary_large_image","twitter_misc":{"Written by":"A Delapalisse","Est. reading time":"4 minutes"},"schema":{"@context":"https:\/\/schema.org","@graph":[{"@type":"Article","@id":"https:\/\/www.ecinews.fr\/fr\/ams-osram-supprime-500-emplois-et-ferme-une-fab\/#article","isPartOf":{"@id":"https:\/\/www.ecinews.fr\/fr\/ams-osram-supprime-500-emplois-et-ferme-une-fab\/"},"author":{"name":"A Delapalisse","@id":"https:\/\/www.ecinews.fr\/fr\/#\/schema\/person\/0aa2cfb0bd8949724a68cbac8d8321b4"},"headline":"AMS-Osram supprime 500 emplois et ferme une fab","datePublished":"2024-04-30T15:25:07+00:00","dateModified":"2024-04-30T18:56:51+00:00","mainEntityOfPage":{"@id":"https:\/\/www.ecinews.fr\/fr\/ams-osram-supprime-500-emplois-et-ferme-une-fab\/"},"wordCount":867,"publisher":{"@id":"https:\/\/www.ecinews.fr\/fr\/#organization"},"keywords":["LED","microLED"],"articleSection":["Actualit\u00e9s \u00e9conomiques"],"inLanguage":"fr-FR"},{"@type":"WebPage","@id":"https:\/\/www.ecinews.fr\/fr\/ams-osram-supprime-500-emplois-et-ferme-une-fab\/","url":"https:\/\/www.ecinews.fr\/fr\/ams-osram-supprime-500-emplois-et-ferme-une-fab\/","name":"AMS-Osram supprime 500 emplois et ferme une fab","isPartOf":{"@id":"https:\/\/www.ecinews.fr\/fr\/#website"},"datePublished":"2024-04-30T15:25:07+00:00","dateModified":"2024-04-30T18:56:51+00:00","description":"AMS-Osram a d\u00e9clar\u00e9 que 500 employ\u00e9s seraient touch\u00e9s par une restructuration provoqu\u00e9e par l'annulation d'un projet microLED.","breadcrumb":{"@id":"https:\/\/www.ecinews.fr\/fr\/ams-osram-supprime-500-emplois-et-ferme-une-fab\/#breadcrumb"},"inLanguage":"fr-FR","potentialAction":[{"@type":"ReadAction","target":["https:\/\/www.ecinews.fr\/fr\/ams-osram-supprime-500-emplois-et-ferme-une-fab\/"]}]},{"@type":"BreadcrumbList","@id":"https:\/\/www.ecinews.fr\/fr\/ams-osram-supprime-500-emplois-et-ferme-une-fab\/#breadcrumb","itemListElement":[{"@type":"ListItem","position":1,"name":"Home","item":"https:\/\/www.ecinews.fr\/fr\/"},{"@type":"ListItem","position":2,"name":"AMS-Osram supprime 500 emplois et ferme une fab"}]},{"@type":"WebSite","@id":"https:\/\/www.ecinews.fr\/fr\/#website","url":"https:\/\/www.ecinews.fr\/fr\/","name":"EENewsEurope","description":"Just another WordPress site","publisher":{"@id":"https:\/\/www.ecinews.fr\/fr\/#organization"},"potentialAction":[{"@type":"SearchAction","target":{"@type":"EntryPoint","urlTemplate":"https:\/\/www.ecinews.fr\/fr\/?s={search_term_string}"},"query-input":"required name=search_term_string"}],"inLanguage":"fr-FR"},{"@type":"Organization","@id":"https:\/\/www.ecinews.fr\/fr\/#organization","name":"EENewsEurope","url":"https:\/\/www.ecinews.fr\/fr\/","logo":{"@type":"ImageObject","inLanguage":"fr-FR","@id":"https:\/\/www.ecinews.fr\/fr\/#\/schema\/logo\/image\/","url":"https:\/\/www.ecinews.fr\/wp-content\/uploads\/2022\/02\/logo-1.jpg","contentUrl":"https:\/\/www.ecinews.fr\/wp-content\/uploads\/2022\/02\/logo-1.jpg","width":283,"height":113,"caption":"EENewsEurope"},"image":{"@id":"https:\/\/www.ecinews.fr\/fr\/#\/schema\/logo\/image\/"}},{"@type":"Person","@id":"https:\/\/www.ecinews.fr\/fr\/#\/schema\/person\/0aa2cfb0bd8949724a68cbac8d8321b4","name":"A Delapalisse","image":{"@type":"ImageObject","inLanguage":"fr-FR","@id":"https:\/\/www.ecinews.fr\/fr\/#\/schema\/person\/image\/211ac42237c2e9683c0964086c393cb4","url":"https:\/\/secure.gravatar.com\/avatar\/ad45a8c5da24bc9c7c4940dd1c48a695?s=96&d=mm&r=g","contentUrl":"https:\/\/secure.gravatar.com\/avatar\/ad45a8c5da24bc9c7c4940dd1c48a695?s=96&d=mm&r=g","caption":"A Delapalisse"},"sameAs":["http:\/\/ECI"]}]}},"authors":[{"term_id":1153,"user_id":34,"is_guest":0,"slug":"adelapalisse","display_name":"A Delapalisse","avatar_url":"https:\/\/secure.gravatar.com\/avatar\/ad45a8c5da24bc9c7c4940dd1c48a695?s=96&d=mm&r=g","0":null,"1":"","2":"","3":"","4":"","5":"","6":"","7":"","8":""},{"term_id":3631,"user_id":0,"is_guest":1,"slug":"peter-clarke","display_name":"Peter Clarke","avatar_url":"https:\/\/secure.gravatar.com\/avatar\/?s=96&d=mm&r=g","0":null,"1":"","2":"","3":"","4":"","5":"","6":"","7":"","8":""}],"_links":{"self":[{"href":"https:\/\/www.ecinews.fr\/fr\/wp-json\/wp\/v2\/posts\/449987"}],"collection":[{"href":"https:\/\/www.ecinews.fr\/fr\/wp-json\/wp\/v2\/posts"}],"about":[{"href":"https:\/\/www.ecinews.fr\/fr\/wp-json\/wp\/v2\/types\/post"}],"author":[{"embeddable":true,"href":"https:\/\/www.ecinews.fr\/fr\/wp-json\/wp\/v2\/users\/34"}],"replies":[{"embeddable":true,"href":"https:\/\/www.ecinews.fr\/fr\/wp-json\/wp\/v2\/comments?post=449987"}],"version-history":[{"count":0,"href":"https:\/\/www.ecinews.fr\/fr\/wp-json\/wp\/v2\/posts\/449987\/revisions"}],"wp:featuredmedia":[{"embeddable":true,"href":"https:\/\/www.ecinews.fr\/fr\/wp-json\/wp\/v2\/media\/58253"}],"wp:attachment":[{"href":"https:\/\/www.ecinews.fr\/fr\/wp-json\/wp\/v2\/media?parent=449987"}],"wp:term":[{"taxonomy":"category","embeddable":true,"href":"https:\/\/www.ecinews.fr\/fr\/wp-json\/wp\/v2\/categories?post=449987"},{"taxonomy":"post_tag","embeddable":true,"href":"https:\/\/www.ecinews.fr\/fr\/wp-json\/wp\/v2\/tags?post=449987"},{"taxonomy":"domains","embeddable":true,"href":"https:\/\/www.ecinews.fr\/fr\/wp-json\/wp\/v2\/domains?post=449987"},{"taxonomy":"author","embeddable":true,"href":"https:\/\/www.ecinews.fr\/fr\/wp-json\/wp\/v2\/ppma_author?post=449987"}],"curies":[{"name":"wp","href":"https:\/\/api.w.org\/{rel}","templated":true}]}}