{"id":449913,"date":"2024-04-30T11:24:24","date_gmt":"2024-04-30T09:24:24","guid":{"rendered":"https:\/\/www.eenewseurope.com\/?p=449913"},"modified":"2024-05-02T09:51:39","modified_gmt":"2024-05-02T07:51:39","slug":"altera-negocie-un-partenariat-avec-un-fonds-dinvestissement-prive","status":"publish","type":"post","link":"https:\/\/www.ecinews.fr\/fr\/altera-negocie-un-partenariat-avec-un-fonds-dinvestissement-prive\/","title":{"rendered":"Altera n\u00e9gocierait un partenariat avec un fonds d&rsquo;investissement priv\u00e9"},"content":{"rendered":"<h3>Intel s&rsquo;attend \u00e0 ce qu&rsquo;un partenariat avec un fonds d&rsquo;investissement priv\u00e9 soit conclu pour la cession de son activit\u00e9 FPGA Altera dans le courant de l&rsquo;ann\u00e9e.<\/h3>\n<p>La division FPGA a vu son chiffre d&rsquo;affaires baisser au premier trimestre en raison de stocks exc\u00e9dentaires, comme l&rsquo;a soulign\u00e9 Sandra Rivera, PDG de l&rsquo;entreprise : <a href=\"https:\/\/www.eenewseurope.com\/en\/ceo-interview-sandra-rivera-of-altera-on-the-move-to-intel-18a\/\">Interview de la PDG : Sandra Rivera d&rsquo;Altera sur le passage \u00e0 Intel 18A<\/a><\/p>\n<p>\u00ab\u00a0Ce trimestre, nous avons officiellement rebaptis\u00e9 notre groupe de solutions programmables \u00ab\u00a0Altera, an Intel Company\u00a0\u00bb, a d\u00e9clar\u00e9 Dave Zinsner, directeur financier d&rsquo;Intel. \u00ab\u00a0Nous avons d\u00e9cid\u00e9 de faire appel \u00e0 un partenaire priv\u00e9 cette ann\u00e9e pour nous aider \u00e0 pr\u00e9parer l&rsquo;entreprise \u00e0 une introduction en bourse dans les ann\u00e9es \u00e0 venir\u00a0\u00bb.<\/p>\n<p>Le chiffre d&rsquo;affaires au Q1 d&rsquo;Altera s&rsquo;\u00e9l\u00e8ve \u00e0 342 millions de dollars, en baisse significative par rapport \u00e0 l&rsquo;ann\u00e9e pr\u00e9c\u00e9dente, les r\u00e9sultats \u00e9tant impact\u00e9s par la r\u00e9sorption des stocks suite aux contraintes d&rsquo;approvisionnement en 2022 et 23. La perte d&rsquo;exploitation de 39 millions de dollars d&rsquo;Altera est le r\u00e9sultat d&rsquo;une baisse des revenus et des d\u00e9penses li\u00e9es \u00e0 la cr\u00e9ation d&rsquo;Altera en tant que soci\u00e9t\u00e9 ind\u00e9pendante.<\/p>\n<p>\u00ab\u00a0Nous continuons de penser qu&rsquo;Altera sortira en 2024 avec un chiffre d&rsquo;affaires de 2 milliards de dollars \u00e0 mesure que les stocks se normaliseront\u00a0\u00bb, a d\u00e9clar\u00e9 M. Zinsner.<\/p>\n<ul>\n<li><a href=\"https:\/\/www.eenewseurope.com\/en\/altera-boosts-fpga-for-ai-extends-lifetime\/\">Altera renforce les FPGA pour l&rsquo;IA et prolonge leur dur\u00e9e de vie<\/a><\/li>\n<li><a href=\"https:\/\/www.eenewseurope.com\/en\/intel-to-add-ai-to-altera-quatrus-fpga-tool\/\">Intel ajoute l&rsquo;IA \u00e0 l&rsquo;outil FPGA Quartus d&rsquo;Altera<\/a><\/li>\n<\/ul>\n<p>Intel a pr\u00e9c\u00e9demment c\u00e9d\u00e9 ses activit\u00e9s Mobileye pour les puces automobiles et IMS pour les masques de lithographie.<\/p>\n<p>\u00ab\u00a0Cela place Altera sur la m\u00eame trajectoire que Mobileye\u00a0\u00bb, a d\u00e9clar\u00e9 M. Zinsner. \u00ab\u00a0Nous sommes tr\u00e8s enthousiastes quant \u00e0 l&rsquo;avenir des deux entreprises. En leur offrant s\u00e9paration et autonomie, nous pensons renforcer leur capacit\u00e9 \u00e0 tirer parti des opportunit\u00e9s de croissance sur leurs march\u00e9s respectifs et \u00e0 acc\u00e9l\u00e9rer leur processus de cr\u00e9ation de valeur.<\/p>\n<p>\u00ab\u00a0Combin\u00e9s \u00e0 IMS, notre activit\u00e9 d&rsquo;\u00e9quipement d&rsquo;\u00e9criture de masques, nous pensons que ces trois actifs repr\u00e9sentent aujourd&rsquo;hui plus d&rsquo;un quart de notre valeur marchande globale.\u00a0\u00bb<\/p>\n<p>Mobileye a enregistr\u00e9 un chiffre d&rsquo;affaires de 239 millions de dollars au premier trimestre de cette ann\u00e9e et une perte d&rsquo;exploitation de 68 millions de dollars. Les deux ont baiss\u00e9 de mani\u00e8re significative en glissement annuel en raison d&rsquo;une r\u00e9duction tr\u00e8s m\u00e9diatis\u00e9e du stock des clients d&rsquo;EyeQ.<\/p>\n<p>\u00ab\u00a0Le processus de r\u00e9sorption des stocks \u00e9tant en bonne voie, les r\u00e9sultats financiers devraient se redresser rapidement\u00a0\u00bb, a-t-il ajout\u00e9.<\/p>\n<p><a href=\"http:\/\/www.intel.com\">www.intel.com<\/a><\/p>\n<p>&nbsp;<\/p>\n","protected":false},"excerpt":{"rendered":"<p>Intel s&rsquo;attend \u00e0 ce qu&rsquo;un partenariat avec un fonds d&rsquo;investissement priv\u00e9 soit conclu pour la cession de son activit\u00e9 FPGA Altera dans le courant de l&rsquo;ann\u00e9e. La division FPGA a vu son chiffre d&rsquo;affaires baisser au premier trimestre en raison de stocks exc\u00e9dentaires, comme l&rsquo;a soulign\u00e9 Sandra Rivera, PDG de l&rsquo;entreprise : Interview de la [&hellip;]<\/p>\n","protected":false},"author":34,"featured_media":449739,"comment_status":"closed","ping_status":"closed","sticky":false,"template":"","format":"standard","meta":{"_acf_changed":false,"footnotes":""},"categories":[880],"tags":[5969,3286],"domains":[47],"ppma_author":[1153,3640],"class_list":["post-449913","post","type-post","status-publish","format-standard","has-post-thumbnail","hentry","category-actualites-economiques","tag-altera","tag-fpga-fr","domains-electronique-eci"],"acf":[],"yoast_head":"<title>Altera n\u00e9gocierait un partenariat avec un fonds d&#039;investisseme...<\/title>\n<meta name=\"description\" content=\"Intel cherche un partenariat avec un fonds d&#039;investissement priv\u00e9 pour la cession de son activit\u00e9 FPGA Altera dans le courant de l&#039;ann\u00e9e.\" \/>\n<meta name=\"robots\" content=\"index, follow, max-snippet:-1, max-image-preview:large, max-video-preview:-1\" \/>\n<link rel=\"canonical\" href=\"https:\/\/www.ecinews.fr\/fr\/wp-json\/wp\/v2\/posts\/449913\/\" \/>\n<meta property=\"og:locale\" content=\"fr_FR\" \/>\n<meta property=\"og:type\" content=\"article\" \/>\n<meta property=\"og:title\" content=\"Altera n\u00e9gocierait un partenariat avec un fonds d&#039;investissement priv\u00e9\" \/>\n<meta property=\"og:description\" content=\"Intel cherche un partenariat avec un fonds d&#039;investissement priv\u00e9 pour la cession de son activit\u00e9 FPGA Altera dans le courant de l&#039;ann\u00e9e.\" \/>\n<meta property=\"og:url\" content=\"https:\/\/www.ecinews.fr\/fr\/wp-json\/wp\/v2\/posts\/449913\/\" \/>\n<meta property=\"og:site_name\" content=\"EENewsEurope\" \/>\n<meta property=\"article:published_time\" content=\"2024-04-30T09:24:24+00:00\" \/>\n<meta property=\"article:modified_time\" content=\"2024-05-02T07:51:39+00:00\" \/>\n<meta property=\"og:image\" content=\"https:\/\/www.ecinews.fr\/wp-content\/uploads\/2024\/04\/Altera-logo-scaled.jpg\" \/>\n\t<meta property=\"og:image:width\" content=\"1080\" \/>\n\t<meta property=\"og:image:height\" content=\"608\" \/>\n\t<meta property=\"og:image:type\" content=\"image\/jpeg\" \/>\n<meta name=\"author\" content=\"A Delapalisse, Nick Flaherty\" \/>\n<meta name=\"twitter:card\" content=\"summary_large_image\" \/>\n<meta name=\"twitter:label1\" content=\"Written by\" \/>\n\t<meta name=\"twitter:data1\" content=\"A Delapalisse\" \/>\n\t<meta name=\"twitter:label2\" content=\"Est. reading time\" \/>\n\t<meta name=\"twitter:data2\" content=\"2 minutes\" \/>\n<script type=\"application\/ld+json\" class=\"yoast-schema-graph\">{\"@context\":\"https:\/\/schema.org\",\"@graph\":[{\"@type\":\"Article\",\"@id\":\"https:\/\/www.ecinews.fr\/fr\/altera-negocie-un-partenariat-avec-un-fonds-dinvestissement-prive\/#article\",\"isPartOf\":{\"@id\":\"https:\/\/www.ecinews.fr\/fr\/altera-negocie-un-partenariat-avec-un-fonds-dinvestissement-prive\/\"},\"author\":{\"name\":\"A Delapalisse\",\"@id\":\"https:\/\/www.ecinews.fr\/fr\/#\/schema\/person\/0aa2cfb0bd8949724a68cbac8d8321b4\"},\"headline\":\"Altera n\u00e9gocierait un partenariat avec un fonds d&rsquo;investissement priv\u00e9\",\"datePublished\":\"2024-04-30T09:24:24+00:00\",\"dateModified\":\"2024-05-02T07:51:39+00:00\",\"mainEntityOfPage\":{\"@id\":\"https:\/\/www.ecinews.fr\/fr\/altera-negocie-un-partenariat-avec-un-fonds-dinvestissement-prive\/\"},\"wordCount\":462,\"publisher\":{\"@id\":\"https:\/\/www.ecinews.fr\/fr\/#organization\"},\"keywords\":[\"Altera\",\"FPGA\"],\"articleSection\":[\"Actualit\u00e9s \u00e9conomiques\"],\"inLanguage\":\"fr-FR\"},{\"@type\":\"WebPage\",\"@id\":\"https:\/\/www.ecinews.fr\/fr\/altera-negocie-un-partenariat-avec-un-fonds-dinvestissement-prive\/\",\"url\":\"https:\/\/www.ecinews.fr\/fr\/altera-negocie-un-partenariat-avec-un-fonds-dinvestissement-prive\/\",\"name\":\"Altera n\u00e9gocierait un partenariat avec un fonds d'investissement priv\u00e9 -\",\"isPartOf\":{\"@id\":\"https:\/\/www.ecinews.fr\/fr\/#website\"},\"datePublished\":\"2024-04-30T09:24:24+00:00\",\"dateModified\":\"2024-05-02T07:51:39+00:00\",\"description\":\"Intel cherche un partenariat avec un fonds d'investissement priv\u00e9 pour la cession de son activit\u00e9 FPGA Altera dans le courant de l'ann\u00e9e.\",\"breadcrumb\":{\"@id\":\"https:\/\/www.ecinews.fr\/fr\/altera-negocie-un-partenariat-avec-un-fonds-dinvestissement-prive\/#breadcrumb\"},\"inLanguage\":\"fr-FR\",\"potentialAction\":[{\"@type\":\"ReadAction\",\"target\":[\"https:\/\/www.ecinews.fr\/fr\/altera-negocie-un-partenariat-avec-un-fonds-dinvestissement-prive\/\"]}]},{\"@type\":\"BreadcrumbList\",\"@id\":\"https:\/\/www.ecinews.fr\/fr\/altera-negocie-un-partenariat-avec-un-fonds-dinvestissement-prive\/#breadcrumb\",\"itemListElement\":[{\"@type\":\"ListItem\",\"position\":1,\"name\":\"Home\",\"item\":\"https:\/\/www.ecinews.fr\/fr\/\"},{\"@type\":\"ListItem\",\"position\":2,\"name\":\"Altera n\u00e9gocierait un partenariat avec un fonds d&rsquo;investissement priv\u00e9\"}]},{\"@type\":\"WebSite\",\"@id\":\"https:\/\/www.ecinews.fr\/fr\/#website\",\"url\":\"https:\/\/www.ecinews.fr\/fr\/\",\"name\":\"EENewsEurope\",\"description\":\"Just another WordPress site\",\"publisher\":{\"@id\":\"https:\/\/www.ecinews.fr\/fr\/#organization\"},\"potentialAction\":[{\"@type\":\"SearchAction\",\"target\":{\"@type\":\"EntryPoint\",\"urlTemplate\":\"https:\/\/www.ecinews.fr\/fr\/?s={search_term_string}\"},\"query-input\":\"required name=search_term_string\"}],\"inLanguage\":\"fr-FR\"},{\"@type\":\"Organization\",\"@id\":\"https:\/\/www.ecinews.fr\/fr\/#organization\",\"name\":\"EENewsEurope\",\"url\":\"https:\/\/www.ecinews.fr\/fr\/\",\"logo\":{\"@type\":\"ImageObject\",\"inLanguage\":\"fr-FR\",\"@id\":\"https:\/\/www.ecinews.fr\/fr\/#\/schema\/logo\/image\/\",\"url\":\"https:\/\/www.ecinews.fr\/wp-content\/uploads\/2022\/02\/logo-1.jpg\",\"contentUrl\":\"https:\/\/www.ecinews.fr\/wp-content\/uploads\/2022\/02\/logo-1.jpg\",\"width\":283,\"height\":113,\"caption\":\"EENewsEurope\"},\"image\":{\"@id\":\"https:\/\/www.ecinews.fr\/fr\/#\/schema\/logo\/image\/\"}},{\"@type\":\"Person\",\"@id\":\"https:\/\/www.ecinews.fr\/fr\/#\/schema\/person\/0aa2cfb0bd8949724a68cbac8d8321b4\",\"name\":\"A Delapalisse\",\"image\":{\"@type\":\"ImageObject\",\"inLanguage\":\"fr-FR\",\"@id\":\"https:\/\/www.ecinews.fr\/fr\/#\/schema\/person\/image\/211ac42237c2e9683c0964086c393cb4\",\"url\":\"https:\/\/secure.gravatar.com\/avatar\/ad45a8c5da24bc9c7c4940dd1c48a695?s=96&d=mm&r=g\",\"contentUrl\":\"https:\/\/secure.gravatar.com\/avatar\/ad45a8c5da24bc9c7c4940dd1c48a695?s=96&d=mm&r=g\",\"caption\":\"A Delapalisse\"},\"sameAs\":[\"http:\/\/ECI\"]}]}<\/script>","yoast_head_json":{"title":"Altera n\u00e9gocierait un partenariat avec un fonds d'investisseme...","description":"Intel cherche un partenariat avec un fonds d'investissement priv\u00e9 pour la cession de son activit\u00e9 FPGA Altera dans le courant de l'ann\u00e9e.","robots":{"index":"index","follow":"follow","max-snippet":"max-snippet:-1","max-image-preview":"max-image-preview:large","max-video-preview":"max-video-preview:-1"},"canonical":"https:\/\/www.ecinews.fr\/fr\/wp-json\/wp\/v2\/posts\/449913\/","og_locale":"fr_FR","og_type":"article","og_title":"Altera n\u00e9gocierait un partenariat avec un fonds d'investissement priv\u00e9","og_description":"Intel cherche un partenariat avec un fonds d'investissement priv\u00e9 pour la cession de son activit\u00e9 FPGA Altera dans le courant de l'ann\u00e9e.","og_url":"https:\/\/www.ecinews.fr\/fr\/wp-json\/wp\/v2\/posts\/449913\/","og_site_name":"EENewsEurope","article_published_time":"2024-04-30T09:24:24+00:00","article_modified_time":"2024-05-02T07:51:39+00:00","og_image":[{"width":1080,"height":608,"url":"https:\/\/www.ecinews.fr\/wp-content\/uploads\/2024\/04\/Altera-logo-scaled.jpg","type":"image\/jpeg"}],"author":"A Delapalisse, Nick Flaherty","twitter_card":"summary_large_image","twitter_misc":{"Written by":"A Delapalisse","Est. reading time":"2 minutes"},"schema":{"@context":"https:\/\/schema.org","@graph":[{"@type":"Article","@id":"https:\/\/www.ecinews.fr\/fr\/altera-negocie-un-partenariat-avec-un-fonds-dinvestissement-prive\/#article","isPartOf":{"@id":"https:\/\/www.ecinews.fr\/fr\/altera-negocie-un-partenariat-avec-un-fonds-dinvestissement-prive\/"},"author":{"name":"A Delapalisse","@id":"https:\/\/www.ecinews.fr\/fr\/#\/schema\/person\/0aa2cfb0bd8949724a68cbac8d8321b4"},"headline":"Altera n\u00e9gocierait un partenariat avec un fonds d&rsquo;investissement priv\u00e9","datePublished":"2024-04-30T09:24:24+00:00","dateModified":"2024-05-02T07:51:39+00:00","mainEntityOfPage":{"@id":"https:\/\/www.ecinews.fr\/fr\/altera-negocie-un-partenariat-avec-un-fonds-dinvestissement-prive\/"},"wordCount":462,"publisher":{"@id":"https:\/\/www.ecinews.fr\/fr\/#organization"},"keywords":["Altera","FPGA"],"articleSection":["Actualit\u00e9s \u00e9conomiques"],"inLanguage":"fr-FR"},{"@type":"WebPage","@id":"https:\/\/www.ecinews.fr\/fr\/altera-negocie-un-partenariat-avec-un-fonds-dinvestissement-prive\/","url":"https:\/\/www.ecinews.fr\/fr\/altera-negocie-un-partenariat-avec-un-fonds-dinvestissement-prive\/","name":"Altera n\u00e9gocierait un partenariat avec un fonds d'investissement priv\u00e9 -","isPartOf":{"@id":"https:\/\/www.ecinews.fr\/fr\/#website"},"datePublished":"2024-04-30T09:24:24+00:00","dateModified":"2024-05-02T07:51:39+00:00","description":"Intel cherche un partenariat avec un fonds d'investissement priv\u00e9 pour la cession de son activit\u00e9 FPGA Altera dans le courant de l'ann\u00e9e.","breadcrumb":{"@id":"https:\/\/www.ecinews.fr\/fr\/altera-negocie-un-partenariat-avec-un-fonds-dinvestissement-prive\/#breadcrumb"},"inLanguage":"fr-FR","potentialAction":[{"@type":"ReadAction","target":["https:\/\/www.ecinews.fr\/fr\/altera-negocie-un-partenariat-avec-un-fonds-dinvestissement-prive\/"]}]},{"@type":"BreadcrumbList","@id":"https:\/\/www.ecinews.fr\/fr\/altera-negocie-un-partenariat-avec-un-fonds-dinvestissement-prive\/#breadcrumb","itemListElement":[{"@type":"ListItem","position":1,"name":"Home","item":"https:\/\/www.ecinews.fr\/fr\/"},{"@type":"ListItem","position":2,"name":"Altera n\u00e9gocierait un partenariat avec un fonds d&rsquo;investissement priv\u00e9"}]},{"@type":"WebSite","@id":"https:\/\/www.ecinews.fr\/fr\/#website","url":"https:\/\/www.ecinews.fr\/fr\/","name":"EENewsEurope","description":"Just another WordPress site","publisher":{"@id":"https:\/\/www.ecinews.fr\/fr\/#organization"},"potentialAction":[{"@type":"SearchAction","target":{"@type":"EntryPoint","urlTemplate":"https:\/\/www.ecinews.fr\/fr\/?s={search_term_string}"},"query-input":"required name=search_term_string"}],"inLanguage":"fr-FR"},{"@type":"Organization","@id":"https:\/\/www.ecinews.fr\/fr\/#organization","name":"EENewsEurope","url":"https:\/\/www.ecinews.fr\/fr\/","logo":{"@type":"ImageObject","inLanguage":"fr-FR","@id":"https:\/\/www.ecinews.fr\/fr\/#\/schema\/logo\/image\/","url":"https:\/\/www.ecinews.fr\/wp-content\/uploads\/2022\/02\/logo-1.jpg","contentUrl":"https:\/\/www.ecinews.fr\/wp-content\/uploads\/2022\/02\/logo-1.jpg","width":283,"height":113,"caption":"EENewsEurope"},"image":{"@id":"https:\/\/www.ecinews.fr\/fr\/#\/schema\/logo\/image\/"}},{"@type":"Person","@id":"https:\/\/www.ecinews.fr\/fr\/#\/schema\/person\/0aa2cfb0bd8949724a68cbac8d8321b4","name":"A Delapalisse","image":{"@type":"ImageObject","inLanguage":"fr-FR","@id":"https:\/\/www.ecinews.fr\/fr\/#\/schema\/person\/image\/211ac42237c2e9683c0964086c393cb4","url":"https:\/\/secure.gravatar.com\/avatar\/ad45a8c5da24bc9c7c4940dd1c48a695?s=96&d=mm&r=g","contentUrl":"https:\/\/secure.gravatar.com\/avatar\/ad45a8c5da24bc9c7c4940dd1c48a695?s=96&d=mm&r=g","caption":"A Delapalisse"},"sameAs":["http:\/\/ECI"]}]}},"authors":[{"term_id":1153,"user_id":34,"is_guest":0,"slug":"adelapalisse","display_name":"A Delapalisse","avatar_url":"https:\/\/secure.gravatar.com\/avatar\/ad45a8c5da24bc9c7c4940dd1c48a695?s=96&d=mm&r=g","0":null,"1":"","2":"","3":"","4":"","5":"","6":"","7":"","8":""},{"term_id":3640,"user_id":0,"is_guest":1,"slug":"nick-flaherty","display_name":"Nick Flaherty","avatar_url":"https:\/\/secure.gravatar.com\/avatar\/?s=96&d=mm&r=g","0":null,"1":"","2":"","3":"","4":"","5":"","6":"","7":"","8":""}],"_links":{"self":[{"href":"https:\/\/www.ecinews.fr\/fr\/wp-json\/wp\/v2\/posts\/449913"}],"collection":[{"href":"https:\/\/www.ecinews.fr\/fr\/wp-json\/wp\/v2\/posts"}],"about":[{"href":"https:\/\/www.ecinews.fr\/fr\/wp-json\/wp\/v2\/types\/post"}],"author":[{"embeddable":true,"href":"https:\/\/www.ecinews.fr\/fr\/wp-json\/wp\/v2\/users\/34"}],"replies":[{"embeddable":true,"href":"https:\/\/www.ecinews.fr\/fr\/wp-json\/wp\/v2\/comments?post=449913"}],"version-history":[{"count":0,"href":"https:\/\/www.ecinews.fr\/fr\/wp-json\/wp\/v2\/posts\/449913\/revisions"}],"wp:featuredmedia":[{"embeddable":true,"href":"https:\/\/www.ecinews.fr\/fr\/wp-json\/wp\/v2\/media\/449739"}],"wp:attachment":[{"href":"https:\/\/www.ecinews.fr\/fr\/wp-json\/wp\/v2\/media?parent=449913"}],"wp:term":[{"taxonomy":"category","embeddable":true,"href":"https:\/\/www.ecinews.fr\/fr\/wp-json\/wp\/v2\/categories?post=449913"},{"taxonomy":"post_tag","embeddable":true,"href":"https:\/\/www.ecinews.fr\/fr\/wp-json\/wp\/v2\/tags?post=449913"},{"taxonomy":"domains","embeddable":true,"href":"https:\/\/www.ecinews.fr\/fr\/wp-json\/wp\/v2\/domains?post=449913"},{"taxonomy":"author","embeddable":true,"href":"https:\/\/www.ecinews.fr\/fr\/wp-json\/wp\/v2\/ppma_author?post=449913"}],"curies":[{"name":"wp","href":"https:\/\/api.w.org\/{rel}","templated":true}]}}