{"id":449771,"date":"2024-04-28T10:20:51","date_gmt":"2024-04-28T08:20:51","guid":{"rendered":"https:\/\/www.eenewseurope.com\/?p=449771"},"modified":"2024-04-27T10:38:34","modified_gmt":"2024-04-27T08:38:34","slug":"intel-detaille-pour-la-premiere-fois-ses-revenus-de-fonderie","status":"publish","type":"post","link":"https:\/\/www.ecinews.fr\/fr\/intel-detaille-pour-la-premiere-fois-ses-revenus-de-fonderie\/","title":{"rendered":"Intel d\u00e9taille pour la premi\u00e8re fois ses revenus de fonderie"},"content":{"rendered":"<h3>Intel a d\u00e9taill\u00e9 pour la premi\u00e8re fois le chiffre d&rsquo;affaires de son activit\u00e9 de fonderie, alors qu&rsquo;elle pr\u00e9voit une reprise des march\u00e9s des semiconducteurs au second semestre 2024.<\/h3>\n<p>\u00ab\u00a0Ce trimestre, nous sommes officiellement pass\u00e9s \u00e0 notre nouveau mod\u00e8le d&rsquo;exploitation et avons introduit Intel Products et Intel Foundry. Aujourd&rsquo;hui, pour la premi\u00e8re fois, nos r\u00e9sultats refl\u00e8tent la nouvelle fa\u00e7on dont nous g\u00e9rons l&rsquo;entreprise\u00a0\u00bb, a d\u00e9clar\u00e9 Pat Gelsinger, PDG d&rsquo;Intel.<\/p>\n<p>Le chiffre d&rsquo;affaires d&rsquo;Intel Foundry s&rsquo;est \u00e9lev\u00e9 \u00e0 4,4 milliards de dollars, soit une baisse de 10 % par rapport \u00e0 l&rsquo;ann\u00e9e pr\u00e9c\u00e9dente, en raison de la diminution des services ainsi que de la baisse des ventes d&rsquo;outils. En outre, le volume de wafers n&rsquo;a que l\u00e9g\u00e8rement augment\u00e9 au cours du trimestre et les prix de vente conseill\u00e9s ont l\u00e9g\u00e8rement baiss\u00e9 en raison des prix pratiqu\u00e9s pour les n\u0153uds matures.<\/p>\n<ul>\n<li><a href=\"https:\/\/www.eenewseurope.com\/en\/intel-puts-on-a-brave-face-as-data-centre-revenue-plummets\/\">Intel fait bonne figure face \u00e0 la chute du chiffre d&rsquo;affaires des centres de donn\u00e9es <\/a><\/li>\n<li><a href=\"https:\/\/www.eenewseurope.com\/en\/intel-looks-to-14a-process-in-2026\/\">Intel envisage un processus 14A en 2026 <\/a><\/li>\n<li><a href=\"https:\/\/www.eenewseurope.com\/en\/intel-fellow-discusses-high-na-euv-lithography-progress\/\">Un membre d&rsquo;Intel discute des progr\u00e8s de la lithographie EUV \u00e0 haute intensit\u00e9 d&rsquo;azote<\/a><\/li>\n<\/ul>\n<p>Cependant, le b\u00e9n\u00e9fice d&rsquo;exploitation a diminu\u00e9 d&rsquo;environ 100 millions de dollars en glissement annuel, la baisse des recettes \u00e9tant partiellement compens\u00e9e par une meilleure utilisation des usines. La marge d&rsquo;exploitation a baiss\u00e9 de mani\u00e8re significative en glissement trimestriel en raison de l&rsquo;augmentation des co\u00fbts de d\u00e9marrage et de l&rsquo;arr\u00eat de l&rsquo;activit\u00e9 de packaging traditionnel, ce qui a eu un impact sur le chiffre d&rsquo;affaires.<\/p>\n<p>\u00ab\u00a0Le compte de r\u00e9sultat de la fonderie restera difficile tout au long de l&rsquo;ann\u00e9e, et nous pr\u00e9voyons que les marges d&rsquo;exploitation atteindront un creux en 2024, lorsque les co\u00fbts de d\u00e9marrage associ\u00e9s \u00e0 5N4Y atteindront leur maximum et que le compte de r\u00e9sultat absorbera une augmentation attendue d&rsquo;environ 2 milliards de dollars en amortissement. Au-del\u00e0 de 2024 avec le retour des puces de calcul en traitement interne, nous pr\u00e9voyons une am\u00e9lioration rapide de la rentabilit\u00e9\u00a0\u00bb, a d\u00e9clar\u00e9 David Zinsner, directeur financier d&rsquo;Intel.<\/p>\n<p>\u00ab\u00a0Les semiconducteurs sont le moteur de l&rsquo;\u00e9conomie mondiale pour les d\u00e9cennies \u00e0 venir. Nous sommes l&rsquo;une des deux, voire trois, entreprises au monde qui peuvent continuer \u00e0 mettre en \u0153uvre les technologies des puces de la prochaine g\u00e9n\u00e9ration et la seule qui dispose d&rsquo;une capacit\u00e9 de production et d&rsquo;une R&amp;D occidentales, et nous participerons \u00e0 l&rsquo;ensemble du march\u00e9 de l&rsquo;IA\u00a0\u00bb, a d\u00e9clar\u00e9 M. Gelsinger.<\/p>\n<p>\u00ab\u00a0Nous pr\u00e9sentons nos r\u00e9sultats de mani\u00e8re \u00e0 refl\u00e9ter la nouvelle fa\u00e7on dont nous g\u00e9rons l&rsquo;entreprise. La s\u00e9paration des rapports financiers internes entre Intel Foundry et Intel Products \u00e9tait une \u00e9tape critique n\u00e9cessaire pour assurer la transparence, la responsabilit\u00e9 et les incitations appropri\u00e9es pour permettre aux deux groupes de prendre de meilleures d\u00e9cisions afin d&rsquo;optimiser leurs propres structures de co\u00fbts\u00a0\u00bb, a-t-il ajout\u00e9.<\/p>\n<p>\u00ab\u00a0Nous savions que le \u00ab\u00a0Day One\u00a0\u00bb pour le compte de r\u00e9sultat d&rsquo;Intel Foundry allait susciter des d\u00e9bats, mais nous savions aussi qu&rsquo;il \u00e9tait important d&rsquo;\u00e9tablir une base de r\u00e9f\u00e9rence et de fournir un objectif fond\u00e9 sur des hypoth\u00e8ses raisonnables et prudentes en mati\u00e8re de revenus et de co\u00fbts, que nous sommes tout \u00e0 fait certains d&rsquo;atteindre.<\/p>\n<p>Il pr\u00e9voit une acc\u00e9l\u00e9ration du march\u00e9 au cours du second semestre de l&rsquo;ann\u00e9e, \u00e0 mesure que les livraisons de puces d&rsquo;intelligence artificielle augmenteront.<\/p>\n<p>\u00ab\u00a0Bien que les tendances du premier semestre soient l\u00e9g\u00e8rement plus faibles que ce que nous avions initialement pr\u00e9vu, elles sont coh\u00e9rentes avec ce que d&rsquo;autres ont dit et refl\u00e8tent \u00e9galement certaines de nos propres contraintes d&rsquo;approvisionnement \u00e0 court terme\u00a0\u00bb, a-t-il d\u00e9clar\u00e9.<\/p>\n<p>\u00ab\u00a0Nous continuons \u00e0 consid\u00e9rer le premier trimestre comme le point bas, et nous pr\u00e9voyons que la croissance s\u00e9quentielle du chiffre d&rsquo;affaires se renforcera tout au long de l&rsquo;ann\u00e9e et jusqu&rsquo;en 2025, soutenue par les d\u00e9buts d&rsquo;un cycle de rafra\u00eechissement des entreprises et une dynamique croissante pour les PC IA, une reprise des centres de donn\u00e9es avec un retour \u00e0 des mod\u00e8les d&rsquo;achat de CPU (unit\u00e9s centrales de traitement) plus normaux et une mont\u00e9e en puissance de nos offres d&rsquo;acc\u00e9l\u00e9rateurs, et des reprises cycliques dans NEX (Network and Edge Group), MBLY (Mobileye) et Altera\u00a0\u00bb, a d\u00e9clar\u00e9 M. Gelsinger.<\/p>\n<p>M. Gelsinger parle de la culture \u00ab\u00a0grovienne\u00a0\u00bb en hommage \u00e0 l&rsquo;ancien PDG d&rsquo;Intel, Andy Grove, qui a dit que \u00ab\u00a0seuls les parano\u00efaques survivent\u00a0\u00bb. Intel affirme \u00eatre en bonne voie pour lancer cinq n\u0153uds technologiques de traitement en quatre ans, ou 5N4Y.<\/p>\n<p>\u00ab\u00a0Nous avons reconstruit notre culture Grovian et notre moteur d&rsquo;ex\u00e9cution, et nous sommes sur la bonne voie pour atteindre notre objectif 5N4Y, que beaucoup de nos partenaires pensaient impossible au d\u00e9part. Ce faisant, nous nous trouvons dans une position unique, avec une technologie EUV \u00e0 grande \u00e9chelle, une capacit\u00e9 occidentale et, \u00e0 tout le moins, des conditions de concurrence \u00e9quitables avec le leader du march\u00e9.<\/p>\n<p>Intel 20A, qui ouvre la voie \u00e0 Intel 18A, commencera sa production au second semestre de cette ann\u00e9e avec Arrow Lake. Nous pr\u00e9voyons de publier le PDK (process design kit) 1.0 pour Intel 18A au cours de ce trimestre. En outre, nos produits phares &#8211; Clearwater Forest et Panther Lake &#8211; sont d\u00e9j\u00e0 en fabrication, et nous pr\u00e9voyons de commencer la mont\u00e9e en production de l&rsquo;Intel 18A et de ces produits au cours du premier semestre de l&rsquo;ann\u00e9e 25, pour des sorties au milieu de l&rsquo;ann\u00e9e prochaine.\u00a0\u00bb<\/p>\n<p>\u00ab\u00a0L&rsquo;\u00e9tablissement d&rsquo;une relation de fonderie entre notre groupe de produits et notre groupe de fabrication a \u00e9t\u00e9 une \u00e9tape cruciale dans l&rsquo;obtention d&rsquo;un meilleur co\u00fbt structurel.<\/p>\n<p>L&rsquo;entreprise dispose de processeurs 18A dans l&rsquo;unit\u00e9 de production et pr\u00e9voit d&rsquo;acc\u00e9l\u00e9rer le processus en 2025. \u00ab\u00a0Notre premier produit Intel 18A, Clearwater Forest, devrait \u00eatre lanc\u00e9 l&rsquo;ann\u00e9e prochaine et nous permettra d&rsquo;acc\u00e9l\u00e9rer nos gains de parts de march\u00e9\u00a0\u00bb, a d\u00e9clar\u00e9 M. Gelsinger.<\/p>\n<ul>\n<li><a href=\"https:\/\/www.eenewseurope.com\/en\/faraday-plans-64-core-arm-soc-on-intel-18a\/\">Faraday pr\u00e9voit un SoC ARM 64 c\u0153urs sur Intel 18A<\/a><\/li>\n<li><a href=\"https:\/\/www.eenewseurope.com\/en\/intel-signs-7-out-of-top-10-fabless-companies\/\">Intel travaille avec 7 des 10 premi\u00e8res entreprises sans usine<\/a><\/li>\n<li><a href=\"https:\/\/www.eenewseurope.com\/en\/intel-looks-to-ericsson-to-boost-18a-process\/\">Ericsson stimule le processus 18A<\/a><\/li>\n<\/ul>\n<p>Il cite la construction d&rsquo;usines de pointe aux \u00c9tats-Unis comme un avantage concurrentiel cl\u00e9, bien que les concurrents TSMC et Samsung disposent \u00e9galement d&rsquo;un financement au titre de la loi CHIPS pour construire des usines de 2 nm en Arizona et au Texas. Rapidus est \u00e9galement en train de construire une usine de fabrication de 2 nm avec traitement en aval au Japon et envisage une technologie de traitement plus agressive.<\/p>\n<p>\u00ab\u00a0Des plaquettes plus comp\u00e9titives, combin\u00e9es \u00e0 notre position de seule entreprise fabriquant des wafers de pointe en dehors de l&rsquo;Asie, suscitent un vif int\u00e9r\u00eat de la part de clients externes potentiels. Il est important de noter que notre leadership en mati\u00e8re de packaging avanc\u00e9 cr\u00e9e plus de valeur dans nos technologies de wafers, et que les opportunit\u00e9s de packaging au niveau des wafers et des puces de base remplissent davantage nos usines et prolongent la dur\u00e9e de vie utile de nos outils pour des retours financiers accrus\u00a0\u00bb, a-t-il d\u00e9clar\u00e9.<\/p>\n<p>Le march\u00e9 de la fonderie devrait passer de 110 milliards de dollars aujourd&rsquo;hui \u00e0 240 milliards de dollars d&rsquo;ici \u00e0 2030, pr\u00e8s de 90 % de la croissance provenant des n\u0153uds EUV et de l&#8217;emballage avanc\u00e9.<\/p>\n<p>\u00ab\u00a0Dans ce contexte, nous avons une ligne de mire claire pour devenir la plus grande fonderie de syst\u00e8mes pour l&rsquo;\u00e8re de l&rsquo;IA et la deuxi\u00e8me plus grande globalement d&rsquo;ici 2030, en nous appuyant sur notre technologie de processus EUV\/High NA, notre leadership en mati\u00e8re de packaging avanc\u00e9, notre capacit\u00e9 de fabrication, notre expertise en mati\u00e8re de syst\u00e8mes et l&rsquo;explosion de la demande en mati\u00e8re d&rsquo;IA\u00a0\u00bb, a-t-il d\u00e9clar\u00e9.<\/p>\n<p>La soci\u00e9t\u00e9 a d\u00e9pens\u00e9 5 milliards de dollars en fabs et en d\u00e9penses d&rsquo;investissement au cours du trimestre, avec un flux de tr\u00e9sorerie d&rsquo;exploitation n\u00e9gatif de 1,2 milliard de dollars.<\/p>\n<ul>\n<li><a href=\"https:\/\/www.eenewseurope.com\/en\/tsmc-plans-1-6nm-process-for-2026\/\">TSMC pr\u00e9voit un processus de 1,6 nm pour 2026<\/a><\/li>\n<li><a href=\"https:\/\/www.eenewseurope.com\/en\/interview-henri-richard-on-rapidus-experience-and-ecosystem\/\">Interview : Henri Richard sur Rapidus<\/a><\/li>\n<\/ul>\n<h4>Intel 18A<\/h4>\n<p>L&rsquo;entreprise compte six clients pour son processus Intel 18A utilis\u00e9 par Intel Foundry et a trait\u00e9 20 puces d&rsquo;essai sur cette technologie. Cette semaine, Intel Foundry a re\u00e7u un financement du minist\u00e8re am\u00e9ricain de la d\u00e9fense (DoD) pour la troisi\u00e8me phase de son programme Rapid Assured Microelectronics Prototypes &#8211; Commercial (RAMP-C).<\/p>\n<p>Les clients du RAMP-C peuvent d\u00e9sormais commencer \u00e0 fabriquer des prototypes de produits commerciaux et de produits de la base industrielle de d\u00e9fense (DIB) sur la technologie du processus 18A. Il s&rsquo;agit notamment de Microsoft, Nvidia, IBM, Boeing et Northrop Grumman.<\/p>\n<p>\u00ab\u00a0Cela marque une nouvelle \u00e9tape importante dans l&rsquo;avancement de notre collaboration avec le DoD sur ce programme. Pour la premi\u00e8re fois depuis des d\u00e9cennies, les clients du gouvernement am\u00e9ricain et de la base industrielle de d\u00e9fense auront acc\u00e8s \u00e0 l&rsquo;une des technologies de pointe de l&rsquo;industrie en m\u00eame temps que les clients commerciaux\u00a0\u00bb, a d\u00e9clar\u00e9 Kapil Wadhera, vice-pr\u00e9sident d&rsquo;Intel pour les services de fonderie et directeur g\u00e9n\u00e9ral du groupe des engagements gouvernementaux et des op\u00e9rations commerciales.<\/p>\n<p>\u00ab\u00a0Intel Foundry, qui participe au projet RAMP-C, a respect\u00e9 les \u00e9tapes et les param\u00e8tres de la phase deux du projet et a r\u00e9cemment re\u00e7u des fonds pour lancer la phase trois. Le programme de R&amp;E, g\u00e9r\u00e9 par Navy Crane et ex\u00e9cut\u00e9 par le biais d&rsquo;un OTA avec NSTXL, garantit que le DoD reste \u00e0 la pointe des technologies micro\u00e9lectroniques tout en facilitant une collaboration \u00e9troite entre la base industrielle de la d\u00e9fense et les entreprises commerciales. Le RAMP-C a l&rsquo;intention de d\u00e9montrer la production de prototypes de puces Intel 18A en 2025 afin d&rsquo;offrir au minist\u00e8re de la d\u00e9fense des performances de calcul sans pr\u00e9c\u00e9dent\u00a0\u00bb, a d\u00e9clar\u00e9 Dev Shenoy, secr\u00e9taire \u00e0 la d\u00e9fense pour la recherche et l&rsquo;ing\u00e9nierie et directeur principal pour la micro\u00e9lectronique.<\/p>\n<p><a href=\"http:\/\/www.intel.com\">www.intel.com<\/a><\/p>\n<p>&nbsp;<\/p>\n","protected":false},"excerpt":{"rendered":"<p>Intel a d\u00e9taill\u00e9 pour la premi\u00e8re fois le chiffre d&rsquo;affaires de son activit\u00e9 de fonderie, alors qu&rsquo;elle pr\u00e9voit une reprise des march\u00e9s des semiconducteurs au second semestre 2024. \u00ab\u00a0Ce trimestre, nous sommes officiellement pass\u00e9s \u00e0 notre nouveau mod\u00e8le d&rsquo;exploitation et avons introduit Intel Products et Intel Foundry. Aujourd&rsquo;hui, pour la premi\u00e8re fois, nos r\u00e9sultats refl\u00e8tent [&hellip;]<\/p>\n","protected":false},"author":40,"featured_media":449723,"comment_status":"closed","ping_status":"closed","sticky":false,"template":"","format":"standard","meta":{"_acf_changed":false,"footnotes":""},"categories":[880],"tags":[6247,1795,2721],"domains":[47],"ppma_author":[6199,3640],"class_list":["post-449771","post","type-post","status-publish","format-standard","has-post-thumbnail","hentry","category-actualites-economiques","tag-18a","tag-fonderies","tag-intel-fr","domains-electronique-eci"],"acf":[],"yoast_head":"<title>Intel d\u00e9taille pour la premi\u00e8re fois ses revenus de fonderie ...<\/title>\n<meta name=\"description\" content=\"Intel a d\u00e9taill\u00e9 pour la premi\u00e8re fois le CA de son activit\u00e9 de fonderie, alors qu&#039;elle pr\u00e9voit une reprise des march\u00e9s au S2 2024.\" \/>\n<meta name=\"robots\" content=\"index, follow, max-snippet:-1, max-image-preview:large, max-video-preview:-1\" \/>\n<link rel=\"canonical\" href=\"https:\/\/www.ecinews.fr\/fr\/wp-json\/wp\/v2\/posts\/449771\/\" \/>\n<meta property=\"og:locale\" content=\"fr_FR\" \/>\n<meta property=\"og:type\" content=\"article\" \/>\n<meta property=\"og:title\" content=\"Intel d\u00e9taille pour la premi\u00e8re fois ses revenus de fonderie\" \/>\n<meta property=\"og:description\" content=\"Intel a d\u00e9taill\u00e9 pour la premi\u00e8re fois le CA de son activit\u00e9 de fonderie, alors qu&#039;elle pr\u00e9voit une reprise des march\u00e9s au S2 2024.\" \/>\n<meta property=\"og:url\" content=\"https:\/\/www.ecinews.fr\/fr\/wp-json\/wp\/v2\/posts\/449771\/\" \/>\n<meta property=\"og:site_name\" content=\"EENewsEurope\" \/>\n<meta property=\"article:published_time\" content=\"2024-04-28T08:20:51+00:00\" \/>\n<meta property=\"article:modified_time\" content=\"2024-04-27T08:38:34+00:00\" \/>\n<meta property=\"og:image\" content=\"https:\/\/www.eenewseurope.com\/wp-content\/uploads\/2024\/04\/Gelsigner-scaled.jpg\" \/>\n\t<meta property=\"og:image:width\" content=\"1080\" \/>\n\t<meta property=\"og:image:height\" content=\"608\" \/>\n\t<meta property=\"og:image:type\" content=\"image\/jpeg\" \/>\n<meta name=\"author\" content=\"A Delapalisse, Nick Flaherty\" \/>\n<meta name=\"twitter:card\" content=\"summary_large_image\" \/>\n<meta name=\"twitter:label1\" content=\"Written by\" \/>\n\t<meta name=\"twitter:data1\" content=\"A Delapalisse\" \/>\n\t<meta name=\"twitter:label2\" content=\"Est. reading time\" \/>\n\t<meta name=\"twitter:data2\" content=\"7 minutes\" \/>\n<script type=\"application\/ld+json\" class=\"yoast-schema-graph\">{\"@context\":\"https:\/\/schema.org\",\"@graph\":[{\"@type\":\"Article\",\"@id\":\"https:\/\/www.eenewseurope.com\/fr\/intel-detaille-pour-la-premiere-fois-ses-revenus-de-fonderie\/#article\",\"isPartOf\":{\"@id\":\"https:\/\/www.eenewseurope.com\/fr\/intel-detaille-pour-la-premiere-fois-ses-revenus-de-fonderie\/\"},\"author\":{\"name\":\"A Delapalisse\",\"@id\":\"https:\/\/www.ecinews.fr\/fr\/#\/schema\/person\/4b3db5ba5c953c5fddeb226df86d8635\"},\"headline\":\"Intel d\u00e9taille pour la premi\u00e8re fois ses revenus de fonderie\",\"datePublished\":\"2024-04-28T08:20:51+00:00\",\"dateModified\":\"2024-04-27T08:38:34+00:00\",\"mainEntityOfPage\":{\"@id\":\"https:\/\/www.eenewseurope.com\/fr\/intel-detaille-pour-la-premiere-fois-ses-revenus-de-fonderie\/\"},\"wordCount\":1771,\"publisher\":{\"@id\":\"https:\/\/www.ecinews.fr\/fr\/#organization\"},\"keywords\":[\"18A\",\"Fonderies\",\"Intel\"],\"articleSection\":[\"Actualit\u00e9s \u00e9conomiques\"],\"inLanguage\":\"fr-FR\"},{\"@type\":\"WebPage\",\"@id\":\"https:\/\/www.eenewseurope.com\/fr\/intel-detaille-pour-la-premiere-fois-ses-revenus-de-fonderie\/\",\"url\":\"https:\/\/www.eenewseurope.com\/fr\/intel-detaille-pour-la-premiere-fois-ses-revenus-de-fonderie\/\",\"name\":\"Intel d\u00e9taille pour la premi\u00e8re fois ses revenus de fonderie -\",\"isPartOf\":{\"@id\":\"https:\/\/www.ecinews.fr\/fr\/#website\"},\"datePublished\":\"2024-04-28T08:20:51+00:00\",\"dateModified\":\"2024-04-27T08:38:34+00:00\",\"description\":\"Intel a d\u00e9taill\u00e9 pour la premi\u00e8re fois le CA de son activit\u00e9 de fonderie, alors qu'elle pr\u00e9voit une reprise des march\u00e9s au S2 2024.\",\"breadcrumb\":{\"@id\":\"https:\/\/www.eenewseurope.com\/fr\/intel-detaille-pour-la-premiere-fois-ses-revenus-de-fonderie\/#breadcrumb\"},\"inLanguage\":\"fr-FR\",\"potentialAction\":[{\"@type\":\"ReadAction\",\"target\":[\"https:\/\/www.eenewseurope.com\/fr\/intel-detaille-pour-la-premiere-fois-ses-revenus-de-fonderie\/\"]}]},{\"@type\":\"BreadcrumbList\",\"@id\":\"https:\/\/www.eenewseurope.com\/fr\/intel-detaille-pour-la-premiere-fois-ses-revenus-de-fonderie\/#breadcrumb\",\"itemListElement\":[{\"@type\":\"ListItem\",\"position\":1,\"name\":\"Home\",\"item\":\"https:\/\/www.ecinews.fr\/fr\/\"},{\"@type\":\"ListItem\",\"position\":2,\"name\":\"Intel d\u00e9taille pour la premi\u00e8re fois ses revenus de fonderie\"}]},{\"@type\":\"WebSite\",\"@id\":\"https:\/\/www.ecinews.fr\/fr\/#website\",\"url\":\"https:\/\/www.ecinews.fr\/fr\/\",\"name\":\"EENewsEurope\",\"description\":\"Just another WordPress site\",\"publisher\":{\"@id\":\"https:\/\/www.ecinews.fr\/fr\/#organization\"},\"potentialAction\":[{\"@type\":\"SearchAction\",\"target\":{\"@type\":\"EntryPoint\",\"urlTemplate\":\"https:\/\/www.ecinews.fr\/fr\/?s={search_term_string}\"},\"query-input\":\"required name=search_term_string\"}],\"inLanguage\":\"fr-FR\"},{\"@type\":\"Organization\",\"@id\":\"https:\/\/www.ecinews.fr\/fr\/#organization\",\"name\":\"EENewsEurope\",\"url\":\"https:\/\/www.ecinews.fr\/fr\/\",\"logo\":{\"@type\":\"ImageObject\",\"inLanguage\":\"fr-FR\",\"@id\":\"https:\/\/www.ecinews.fr\/fr\/#\/schema\/logo\/image\/\",\"url\":\"https:\/\/www.ecinews.fr\/wp-content\/uploads\/2022\/02\/logo-1.jpg\",\"contentUrl\":\"https:\/\/www.ecinews.fr\/wp-content\/uploads\/2022\/02\/logo-1.jpg\",\"width\":283,\"height\":113,\"caption\":\"EENewsEurope\"},\"image\":{\"@id\":\"https:\/\/www.ecinews.fr\/fr\/#\/schema\/logo\/image\/\"}},{\"@type\":\"Person\",\"@id\":\"https:\/\/www.ecinews.fr\/fr\/#\/schema\/person\/4b3db5ba5c953c5fddeb226df86d8635\",\"name\":\"A Delapalisse\",\"image\":{\"@type\":\"ImageObject\",\"inLanguage\":\"fr-FR\",\"@id\":\"https:\/\/www.ecinews.fr\/fr\/#\/schema\/person\/image\/09af0e1236b95ff53924b8dfe5af278e\",\"url\":\"https:\/\/secure.gravatar.com\/avatar\/010f811c0933b47aea7e9204117b17c6?s=96&d=mm&r=g\",\"contentUrl\":\"https:\/\/secure.gravatar.com\/avatar\/010f811c0933b47aea7e9204117b17c6?s=96&d=mm&r=g\",\"caption\":\"A Delapalisse\"}}]}<\/script>","yoast_head_json":{"title":"Intel d\u00e9taille pour la premi\u00e8re fois ses revenus de fonderie ...","description":"Intel a d\u00e9taill\u00e9 pour la premi\u00e8re fois le CA de son activit\u00e9 de fonderie, alors qu'elle pr\u00e9voit une reprise des march\u00e9s au S2 2024.","robots":{"index":"index","follow":"follow","max-snippet":"max-snippet:-1","max-image-preview":"max-image-preview:large","max-video-preview":"max-video-preview:-1"},"canonical":"https:\/\/www.ecinews.fr\/fr\/wp-json\/wp\/v2\/posts\/449771\/","og_locale":"fr_FR","og_type":"article","og_title":"Intel d\u00e9taille pour la premi\u00e8re fois ses revenus de fonderie","og_description":"Intel a d\u00e9taill\u00e9 pour la premi\u00e8re fois le CA de son activit\u00e9 de fonderie, alors qu'elle pr\u00e9voit une reprise des march\u00e9s au S2 2024.","og_url":"https:\/\/www.ecinews.fr\/fr\/wp-json\/wp\/v2\/posts\/449771\/","og_site_name":"EENewsEurope","article_published_time":"2024-04-28T08:20:51+00:00","article_modified_time":"2024-04-27T08:38:34+00:00","og_image":[{"width":1080,"height":608,"url":"https:\/\/www.eenewseurope.com\/wp-content\/uploads\/2024\/04\/Gelsigner-scaled.jpg","type":"image\/jpeg"}],"author":"A Delapalisse, Nick Flaherty","twitter_card":"summary_large_image","twitter_misc":{"Written by":"A Delapalisse","Est. reading time":"7 minutes"},"schema":{"@context":"https:\/\/schema.org","@graph":[{"@type":"Article","@id":"https:\/\/www.eenewseurope.com\/fr\/intel-detaille-pour-la-premiere-fois-ses-revenus-de-fonderie\/#article","isPartOf":{"@id":"https:\/\/www.eenewseurope.com\/fr\/intel-detaille-pour-la-premiere-fois-ses-revenus-de-fonderie\/"},"author":{"name":"A Delapalisse","@id":"https:\/\/www.ecinews.fr\/fr\/#\/schema\/person\/4b3db5ba5c953c5fddeb226df86d8635"},"headline":"Intel d\u00e9taille pour la premi\u00e8re fois ses revenus de fonderie","datePublished":"2024-04-28T08:20:51+00:00","dateModified":"2024-04-27T08:38:34+00:00","mainEntityOfPage":{"@id":"https:\/\/www.eenewseurope.com\/fr\/intel-detaille-pour-la-premiere-fois-ses-revenus-de-fonderie\/"},"wordCount":1771,"publisher":{"@id":"https:\/\/www.ecinews.fr\/fr\/#organization"},"keywords":["18A","Fonderies","Intel"],"articleSection":["Actualit\u00e9s \u00e9conomiques"],"inLanguage":"fr-FR"},{"@type":"WebPage","@id":"https:\/\/www.eenewseurope.com\/fr\/intel-detaille-pour-la-premiere-fois-ses-revenus-de-fonderie\/","url":"https:\/\/www.eenewseurope.com\/fr\/intel-detaille-pour-la-premiere-fois-ses-revenus-de-fonderie\/","name":"Intel d\u00e9taille pour la premi\u00e8re fois ses revenus de fonderie -","isPartOf":{"@id":"https:\/\/www.ecinews.fr\/fr\/#website"},"datePublished":"2024-04-28T08:20:51+00:00","dateModified":"2024-04-27T08:38:34+00:00","description":"Intel a d\u00e9taill\u00e9 pour la premi\u00e8re fois le CA de son activit\u00e9 de fonderie, alors qu'elle pr\u00e9voit une reprise des march\u00e9s au S2 2024.","breadcrumb":{"@id":"https:\/\/www.eenewseurope.com\/fr\/intel-detaille-pour-la-premiere-fois-ses-revenus-de-fonderie\/#breadcrumb"},"inLanguage":"fr-FR","potentialAction":[{"@type":"ReadAction","target":["https:\/\/www.eenewseurope.com\/fr\/intel-detaille-pour-la-premiere-fois-ses-revenus-de-fonderie\/"]}]},{"@type":"BreadcrumbList","@id":"https:\/\/www.eenewseurope.com\/fr\/intel-detaille-pour-la-premiere-fois-ses-revenus-de-fonderie\/#breadcrumb","itemListElement":[{"@type":"ListItem","position":1,"name":"Home","item":"https:\/\/www.ecinews.fr\/fr\/"},{"@type":"ListItem","position":2,"name":"Intel d\u00e9taille pour la premi\u00e8re fois ses revenus de fonderie"}]},{"@type":"WebSite","@id":"https:\/\/www.ecinews.fr\/fr\/#website","url":"https:\/\/www.ecinews.fr\/fr\/","name":"EENewsEurope","description":"Just another WordPress site","publisher":{"@id":"https:\/\/www.ecinews.fr\/fr\/#organization"},"potentialAction":[{"@type":"SearchAction","target":{"@type":"EntryPoint","urlTemplate":"https:\/\/www.ecinews.fr\/fr\/?s={search_term_string}"},"query-input":"required name=search_term_string"}],"inLanguage":"fr-FR"},{"@type":"Organization","@id":"https:\/\/www.ecinews.fr\/fr\/#organization","name":"EENewsEurope","url":"https:\/\/www.ecinews.fr\/fr\/","logo":{"@type":"ImageObject","inLanguage":"fr-FR","@id":"https:\/\/www.ecinews.fr\/fr\/#\/schema\/logo\/image\/","url":"https:\/\/www.ecinews.fr\/wp-content\/uploads\/2022\/02\/logo-1.jpg","contentUrl":"https:\/\/www.ecinews.fr\/wp-content\/uploads\/2022\/02\/logo-1.jpg","width":283,"height":113,"caption":"EENewsEurope"},"image":{"@id":"https:\/\/www.ecinews.fr\/fr\/#\/schema\/logo\/image\/"}},{"@type":"Person","@id":"https:\/\/www.ecinews.fr\/fr\/#\/schema\/person\/4b3db5ba5c953c5fddeb226df86d8635","name":"A Delapalisse","image":{"@type":"ImageObject","inLanguage":"fr-FR","@id":"https:\/\/www.ecinews.fr\/fr\/#\/schema\/person\/image\/09af0e1236b95ff53924b8dfe5af278e","url":"https:\/\/secure.gravatar.com\/avatar\/010f811c0933b47aea7e9204117b17c6?s=96&d=mm&r=g","contentUrl":"https:\/\/secure.gravatar.com\/avatar\/010f811c0933b47aea7e9204117b17c6?s=96&d=mm&r=g","caption":"A Delapalisse"}}]}},"authors":[{"term_id":6199,"user_id":40,"is_guest":0,"slug":"andre-rousselotemisys-com","display_name":"A Delapalisse","avatar_url":"https:\/\/secure.gravatar.com\/avatar\/010f811c0933b47aea7e9204117b17c6?s=96&d=mm&r=g","0":null,"1":"","2":"","3":"","4":"","5":"","6":"","7":"","8":""},{"term_id":3640,"user_id":0,"is_guest":1,"slug":"nick-flaherty","display_name":"Nick Flaherty","avatar_url":"https:\/\/secure.gravatar.com\/avatar\/?s=96&d=mm&r=g","0":null,"1":"","2":"","3":"","4":"","5":"","6":"","7":"","8":""}],"_links":{"self":[{"href":"https:\/\/www.ecinews.fr\/fr\/wp-json\/wp\/v2\/posts\/449771"}],"collection":[{"href":"https:\/\/www.ecinews.fr\/fr\/wp-json\/wp\/v2\/posts"}],"about":[{"href":"https:\/\/www.ecinews.fr\/fr\/wp-json\/wp\/v2\/types\/post"}],"author":[{"embeddable":true,"href":"https:\/\/www.ecinews.fr\/fr\/wp-json\/wp\/v2\/users\/40"}],"replies":[{"embeddable":true,"href":"https:\/\/www.ecinews.fr\/fr\/wp-json\/wp\/v2\/comments?post=449771"}],"version-history":[{"count":0,"href":"https:\/\/www.ecinews.fr\/fr\/wp-json\/wp\/v2\/posts\/449771\/revisions"}],"wp:featuredmedia":[{"embeddable":true,"href":"https:\/\/www.ecinews.fr\/fr\/wp-json\/wp\/v2\/media\/449723"}],"wp:attachment":[{"href":"https:\/\/www.ecinews.fr\/fr\/wp-json\/wp\/v2\/media?parent=449771"}],"wp:term":[{"taxonomy":"category","embeddable":true,"href":"https:\/\/www.ecinews.fr\/fr\/wp-json\/wp\/v2\/categories?post=449771"},{"taxonomy":"post_tag","embeddable":true,"href":"https:\/\/www.ecinews.fr\/fr\/wp-json\/wp\/v2\/tags?post=449771"},{"taxonomy":"domains","embeddable":true,"href":"https:\/\/www.ecinews.fr\/fr\/wp-json\/wp\/v2\/domains?post=449771"},{"taxonomy":"author","embeddable":true,"href":"https:\/\/www.ecinews.fr\/fr\/wp-json\/wp\/v2\/ppma_author?post=449771"}],"curies":[{"name":"wp","href":"https:\/\/api.w.org\/{rel}","templated":true}]}}