{"id":449687,"date":"2024-04-26T07:56:54","date_gmt":"2024-04-26T05:56:54","guid":{"rendered":"https:\/\/www.eenewseurope.com\/?p=449687"},"modified":"2024-04-25T21:07:00","modified_gmt":"2024-04-25T19:07:00","slug":"le-cea-leti-dirige-deux-projets-europeens-pour-la-6g","status":"publish","type":"post","link":"https:\/\/www.ecinews.fr\/fr\/le-cea-leti-dirige-deux-projets-europeens-pour-la-6g\/","title":{"rendered":"Le CEA-Leti dirige deux projets europ\u00e9ens pour la 6G"},"content":{"rendered":"<h3>Le CEA-Leti de Grenoble va coordonner deux projets visant \u00e0 renforcer les capacit\u00e9s technologiques de la 6G et \u00e0 stimuler les efforts de normalisation dans toute l&rsquo;Europe.<\/h3>\n<p>Les projets 6G-DISAC (Distributed Intelligent Sensing and Communication) et 6G-GOALS (Goal-Oriented AI-enabled Learning and Semantic Communication Networks) ont lanc\u00e9 leurs projets de trois ans en janvier avec de nombreux collaborateurs de l&rsquo;UE et du Royaume-Uni.<\/p>\n<p>C&rsquo;est la premi\u00e8re fois qu&rsquo;un seul organisme de recherche ou une seule entreprise est choisi pour coordonner deux propositions concurrentielles de l&rsquo;UE dans le cadre d&rsquo;une m\u00eame initiative. Les deux projets figurent parmi les 27 retenus \u00e0 l&rsquo;issue d&rsquo;une proc\u00e9dure de s\u00e9lection par l&rsquo;entreprise commune \u00ab\u00a0R\u00e9seaux et services intelligents\u00a0\u00bb, dot\u00e9e d&rsquo;un budget de 130 millions d&rsquo;euros.<\/p>\n<p>\u00ab\u00a0Ces projets repr\u00e9sentent une avanc\u00e9e significative dans l&rsquo;avancement des r\u00e9seaux et services intelligents, en offrant des innovations de pointe, des plateformes exp\u00e9rimentales et des essais \u00e0 grande \u00e9chelle, en stimulant une recherche de classe mondiale et en fa\u00e7onnant l&rsquo;avenir num\u00e9rique connect\u00e9 du monde\u00a0\u00bb, a d\u00e9clar\u00e9 l&rsquo;EC SNS.<\/p>\n<p>Le projet 6G-DISAC d\u00e9veloppera une infrastructure intelligente largement distribu\u00e9e utilisant les technologies 6G. Cette approche est \u00e0 comparer aux approches actuelles de la communication et de la d\u00e9tection int\u00e9gr\u00e9es qui utilisent des architectures centralis\u00e9es et font passer les informations d\u00e9tect\u00e9es par un contr\u00f4leur centralis\u00e9.<\/p>\n<p>Au lieu de cela, le projet suivra les \u00e9quipements utilisateurs connect\u00e9s et les objets passifs via des stations de base distribu\u00e9es, un traitement efficace des signaux distribu\u00e9s et l&rsquo;apprentissage automatique avec des technologies \u00e0 entr\u00e9es et sorties multiples (MIMO) extr\u00eamement vastes, des surfaces intelligentes reconfigurables et l&rsquo;activation de la d\u00e9tection intelligente.<\/p>\n<ul>\n<li><a href=\"https:\/\/www.eenewseurope.com\/en\/6g-important-technological-developments-to-watch\/\">D\u00e9veloppements technologiques importants \u00e0 surveiller dans le domaine de la 6G<\/a><\/li>\n<li><a href=\"https:\/\/www.eenewseurope.com\/en\/first-300ghz-beam-forming-for-6g\/\">Premi\u00e8re formation de faisceaux \u00e0 300 GHz<\/a><\/li>\n<li><a href=\"https:\/\/www.eenewseurope.com\/en\/etsi-teams-for-6g-standards\/\">Les \u00e9quipes de l&rsquo;ETSI travaillent sur les normes 6G<\/a><\/li>\n<\/ul>\n<p>Ce projet concr\u00e9tisera la vision de la d\u00e9tection et de la communication int\u00e9gr\u00e9es (ISAC), en allant bien au-del\u00e0 des sc\u00e9narios restrictifs habituels, autonomes ou localis\u00e9s, en adoptant une perspective holistique, avec un grand nombre d&rsquo;utilisateurs connect\u00e9s et\/ou d&rsquo;objets passifs \u00e0 suivre\u00a0\u00bb, a d\u00e9clar\u00e9 Emilio Calvanese Strinati, coordinateur du projet et directeur du programme \u00ab\u00a0smart devices &amp; telecommunications strategy\u00a0\u00bb du CEA-L\u00e9ti.<\/p>\n<p>\u00ab\u00a0Avec des d\u00e9monstrations validant les concepts essentiels de la 6G-DISAC, le projet r\u00e9volutionnera diverses applications, de la r\u00e9alit\u00e9 \u00e9tendue et de l&rsquo;interaction robot-homme aux fonctions de s\u00e9curit\u00e9 des v\u00e9hicules et \u00e0 l&rsquo;am\u00e9lioration des indicateurs cl\u00e9s de performance (KPI) des communications gr\u00e2ce aux communications assist\u00e9es par capteurs\u00a0\u00bb, a-t-il expliqu\u00e9.<\/p>\n<p>Outre la d\u00e9finition des cas d&rsquo;utilisation et la conception de l&rsquo;architecture du r\u00e9seau 6G, les 11 partenaires 6G-DISAC d\u00e9velopperont de nouvelles formes d&rsquo;ondes de la couche physique, des m\u00e9thodes de d\u00e9tection et de communication distribu\u00e9es, des m\u00e9thodes d&rsquo;allocation des ressources optimis\u00e9es et des protocoles.<\/p>\n<ul>\n<li><a href=\"https:\/\/www.eenewseurope.com\/en\/wavefront-engineering-to-tackle-6g-test-challenges\/\">L&rsquo;ing\u00e9nierie du front d&rsquo;onde pour relever les d\u00e9fis des tests 6G<\/a><\/li>\n<li><a href=\"https:\/\/www.eenewseurope.com\/en\/keysight-teams-on-four-european-6g-projects\/\">Keysight participe \u00e0 quatre projets 6G europ\u00e9ens <\/a><\/li>\n<li><a href=\"https:\/\/www.eenewseurope.com\/en\/major-6g-project-starts-in-europe\/\">Lancement d&rsquo;un grand projet 6G en Europe <\/a><\/li>\n<\/ul>\n<p>\u00ab\u00a0Tout en relevant ces d\u00e9fis fondamentaux et pratiques, l&rsquo;\u00e9quipe se concentrera sur la mise en \u0153uvre distribu\u00e9e de l&rsquo;ISAC, en d\u00e9bloquant des applications de d\u00e9tection r\u00e9elles et en fournissant une vue multi-perspective des r\u00e9seaux dans l&rsquo;espace et le temps pour des gains de communication tangibles\u00a0\u00bb, a d\u00e9clar\u00e9 Calvanese Strinati.<\/p>\n<p>Le projet 6G-GOALS vise \u00e0 r\u00e9duire le trafic de donn\u00e9es en ne transmettant que les informations les plus pertinentes et \u00e0 produire des protocoles efficaces, robustes et r\u00e9sistants qui peuvent s&rsquo;adapter aux conditions du r\u00e9seau et aux objectifs de communication en utilisant des techniques modernes d&rsquo;IA\/ML.<\/p>\n<p>\u00ab\u00a0Alors que les communications mobiles sans fil exigent des d\u00e9bits de donn\u00e9es toujours plus \u00e9lev\u00e9s et que la port\u00e9e de la 5G s&rsquo;\u00e9largit pour inclure des liaisons massives et ultra-fiables \u00e0 faible latence, l&rsquo;\u00e9volution sans fil a \u00e9t\u00e9 press\u00e9e de r\u00e9soudre le probl\u00e8me technique de l&rsquo;\u00e9change fiable de donn\u00e9es entre deux points finaux\u00a0\u00bb, a d\u00e9clar\u00e9 le coordinateur du projet, Calvanese Strinati.<\/p>\n<p>\u00ab\u00a0Le projet 6G-GOALS fera passer la conception des syst\u00e8mes sans fil \u00e0 l&rsquo;\u00e9tape suivante en tenant compte de l&rsquo;importance, de la pertinence et de la valeur des donn\u00e9es transmises et en transformant le potentiel des architectures \u00e9mergentes bas\u00e9es sur l&rsquo;IA\/ML en un paradigme de communication s\u00e9mantique et orient\u00e9 vers les objectifs, offrant ainsi une \u00e9tape solide vers les technologies d&rsquo;IA g\u00e9n\u00e9rative et coop\u00e9rative\u00a0\u00bb, a-t-il d\u00e9clar\u00e9.<\/p>\n<ul>\n<li><a href=\"https:\/\/www.eenewseurope.com\/en\/e4m-digital-twin-to-integrate-ai-into-6g-networks\/\">Un jumeau num\u00e9rique de 4 millions d&rsquo;euros pour int\u00e9grer l&rsquo;IA dans les r\u00e9seaux<\/a><\/li>\n<li><a href=\"https:\/\/www.eenewseurope.com\/en\/spectrum-sensing-with-ai-targets-wireless-and-6g\/\">La d\u00e9tection du spectre avec l&rsquo;IA vise les technologies sans fil avanc\u00e9es<\/a><\/li>\n<\/ul>\n<p>Plut\u00f4t que de d\u00e9tecter et de transf\u00e9rer des donn\u00e9es des capteurs vers les destinations, la communication s\u00e9mantique est utilis\u00e9e pour cr\u00e9er une compr\u00e9hension partag\u00e9e des donn\u00e9es entre les agents intelligents.<\/p>\n<p>Un document r\u00e9cent r\u00e9dig\u00e9 par les participants \u00e0 6G-GOALS note que les progr\u00e8s des technologies de l&rsquo;intelligence artificielle ont augment\u00e9 l&rsquo;intelligence des appareils, favorisant la f\u00e9d\u00e9ration et la coop\u00e9ration entre les agents d&rsquo;intelligence artificielle distribu\u00e9s. Ces progr\u00e8s imposent de nouvelles exigences aux futures architectures de r\u00e9seaux mobiles 6G.<\/p>\n<p>\u00ab\u00a0Pour r\u00e9pondre \u00e0 ces exigences, il est essentiel de transcender les fronti\u00e8res classiques et d&rsquo;int\u00e9grer la communication, le calcul, le contr\u00f4le et l&rsquo;intelligence\u00a0\u00bb, indique l&rsquo;article intitul\u00e9 <a href=\"https:\/\/arxiv.org\/pdf\/2402.07573.pdf\">\u00ab\u00a0Goal-Oriented and Semantic Communication in AI-Native Networks : The 6G-GOALS Approach\u00a0\u00bb<\/a>.<\/p>\n<p>\u00ab\u00a0Ces projets sont essentiels pour explorer les capacit\u00e9s des solutions IA\/ML sur les r\u00e9seaux du futur, notamment en ce qui concerne la communication et la d\u00e9tection conjointes et les communications s\u00e9mantiques\u00a0\u00bb, a d\u00e9clar\u00e9 Mauro Boldi Renato, coordinateur du programme de projets de l&rsquo;UE chez TIM (Telcom Italia). \u00ab\u00a0La collaboration avec le CEA-Leti constitue une base solide pour leur r\u00e9ussite et pour amener l&rsquo;industrie europ\u00e9enne \u00e0 mettre en \u0153uvre la 6G vers 2030.\u00a0\u00bb<\/p>\n<p>\u00ab\u00a0L&rsquo;exploitation des r\u00e9sultats des projets 6G-DISAC et 6G-GOALS repr\u00e9sentera une \u00e9tape transformatrice pour les fabricants et les acteurs industriels de la 6G, comme NEC Corporation, en favorisant le d\u00e9veloppement de r\u00e9seaux intelligents distribu\u00e9s et de strat\u00e9gies de communication ax\u00e9es sur la s\u00e9mantique\/l&rsquo;IA\u00a0\u00bb, a d\u00e9clar\u00e9 Vincenzo Sciancalepore, chercheur principal chez NEC Laboratories Europe GMBH\/Allemagne et membre de l&rsquo;\u00e9quipe 6G-DISAC. \u00ab\u00a0Cette approche sans pr\u00e9c\u00e9dent permettra de mettre en place des infrastructures de r\u00e9seau plus efficaces, plus souples et plus r\u00e9actives, capables de prendre en charge des applications avanc\u00e9es, telles que la r\u00e9alit\u00e9 \u00e9tendue et la mobilit\u00e9 automatis\u00e9e, et de r\u00e9pondre \u00e0 la demande croissante de communications durables \u00e0 haute capacit\u00e9 et \u00e0 faible latence.\u00a0\u00bb<\/p>\n<h4>Partenaires 6G-DISAC<\/h4>\n<ul>\n<li>Coordinateur : CEA-Leti\/France<\/li>\n<li>Directeur technique : Chalmers Tekniska Hogskola AB\/Su\u00e8de<\/li>\n<li>Responsable de l&rsquo;innovation : Nokia Networks\/ France<\/li>\n<li>Telecom Italia Spa\/Italie<\/li>\n<li>Orange S.A.\/France<\/li>\n<li>Ethniko Kai Kapodistriako Panepistimio Athinon\/Gr\u00e8ce<\/li>\n<li>Institut Polytechnique de Bordeaux\/France<\/li>\n<li>NEC Laboratories Europe GmbH\/Allemagne<\/li>\n<li>NEC Italia S.P.A\/Italie<\/li>\n<li>Robert Bosch GmbH\/Allemagne<\/li>\n<li>RadChat AB\/Su\u00e8de<\/li>\n<\/ul>\n<h4>Partenaires 6G-GOALS<\/h4>\n<ul>\n<li>Coordinateur : CEA-Leti\/France<\/li>\n<li>Responsable technique : Consorzio Nazionale Interuniversitario per le Telecomunicazioni\/Italie<\/li>\n<li>Responsable de l&rsquo;innovation : NEC Laboratories Europe GMBH\/ Allemagne<\/li>\n<li>NEC Italia S.p.A\/Italie<\/li>\n<li>Telecom Italia S.p.A\/Italie<\/li>\n<li>Eurecom GIE\/France<\/li>\n<li>Aalborg Universitet\/Danemark<\/li>\n<li>Hewlett-Packard\/France<\/li>\n<li>Hewlett-Packard Italiana S.R.L\/Italie<\/li>\n<li>Toshiba Europe Limited UK<\/li>\n<li>Coll\u00e8ge imp\u00e9rial des sciences, des technologies et de la m\u00e9decine Royaume-Uni<\/li>\n<li>Universit\u00e9 de technologie et de design de Singapour<\/li>\n<\/ul>\n<p>Le CEA-Leti a coordonn\u00e9 plusieurs projets de l&rsquo;UE, notamment le projet RISE-6G qui s&rsquo;est achev\u00e9 r\u00e9cemment et qui a permis de d\u00e9velopper un moyen de contr\u00f4ler dynamiquement les communications sans fil pour des communications br\u00e8ves, \u00e9conomes en \u00e9nergie et de grande capacit\u00e9 sur une vari\u00e9t\u00e9 de surfaces, telles que les murs, les plafonds, les miroirs et les appareils \u00e9lectrom\u00e9nagers.<\/p>\n<p><a href=\"http:\/\/www.leti-cea.com\/\">www.leti-cea.com<\/a><\/p>\n<p>&nbsp;<\/p>\n","protected":false},"excerpt":{"rendered":"<p>Le CEA-Leti de Grenoble va coordonner deux projets visant \u00e0 renforcer les capacit\u00e9s technologiques de la 6G et \u00e0 stimuler les efforts de normalisation dans toute l&rsquo;Europe. Les projets 6G-DISAC (Distributed Intelligent Sensing and Communication) et 6G-GOALS (Goal-Oriented AI-enabled Learning and Semantic Communication Networks) ont lanc\u00e9 leurs projets de trois ans en janvier avec de [&hellip;]<\/p>\n","protected":false},"author":40,"featured_media":392660,"comment_status":"closed","ping_status":"closed","sticky":false,"template":"","format":"standard","meta":{"_acf_changed":false,"footnotes":""},"categories":[883],"tags":[2123,3544,3173],"domains":[47],"ppma_author":[3640,6199],"class_list":["post-449687","post","type-post","status-publish","format-standard","has-post-thumbnail","hentry","category-technologies","tag-6g-fr","tag-europe","tag-telecommunications","domains-electronique-eci"],"acf":[],"yoast_head":"<title>Le CEA-Leti dirige deux projets europ\u00e9ens pour la 6G ...<\/title>\n<meta name=\"description\" content=\"Le CEA-Leti de Grenoble va coordonner deux projets visant \u00e0 renforcer les capacit\u00e9s technologiques de la 6G et lanormalisation en Europe.\" \/>\n<meta name=\"robots\" content=\"index, follow, max-snippet:-1, max-image-preview:large, max-video-preview:-1\" \/>\n<link rel=\"canonical\" href=\"https:\/\/www.ecinews.fr\/fr\/wp-json\/wp\/v2\/posts\/449687\/\" \/>\n<meta property=\"og:locale\" content=\"fr_FR\" \/>\n<meta property=\"og:type\" content=\"article\" \/>\n<meta property=\"og:title\" content=\"Le CEA-Leti dirige deux projets europ\u00e9ens pour la 6G\" \/>\n<meta property=\"og:description\" content=\"Le CEA-Leti de Grenoble va coordonner deux projets visant \u00e0 renforcer les capacit\u00e9s technologiques de la 6G et lanormalisation en Europe.\" \/>\n<meta property=\"og:url\" content=\"https:\/\/www.ecinews.fr\/fr\/wp-json\/wp\/v2\/posts\/449687\/\" \/>\n<meta property=\"og:site_name\" content=\"EENewsEurope\" \/>\n<meta property=\"article:published_time\" content=\"2024-04-26T05:56:54+00:00\" \/>\n<meta property=\"article:modified_time\" content=\"2024-04-25T19:07:00+00:00\" \/>\n<meta property=\"og:image\" content=\"https:\/\/www.ecinews.fr\/wp-content\/uploads\/2022\/08\/6g_0-600x400-c-default.webp\" \/>\n\t<meta property=\"og:image:width\" content=\"600\" \/>\n\t<meta property=\"og:image:height\" content=\"400\" \/>\n\t<meta property=\"og:image:type\" content=\"image\/webp\" \/>\n<meta name=\"author\" content=\"Nick Flaherty, A Delapalisse\" \/>\n<meta name=\"twitter:card\" content=\"summary_large_image\" \/>\n<meta name=\"twitter:label1\" content=\"Written by\" \/>\n\t<meta name=\"twitter:data1\" content=\"A Delapalisse\" \/>\n\t<meta name=\"twitter:label2\" content=\"Est. reading time\" \/>\n\t<meta name=\"twitter:data2\" content=\"6 minutes\" \/>\n<script type=\"application\/ld+json\" class=\"yoast-schema-graph\">{\"@context\":\"https:\/\/schema.org\",\"@graph\":[{\"@type\":\"Article\",\"@id\":\"https:\/\/www.ecinews.fr\/fr\/le-cea-leti-dirige-deux-projets-europeens-pour-la-6g\/#article\",\"isPartOf\":{\"@id\":\"https:\/\/www.ecinews.fr\/fr\/le-cea-leti-dirige-deux-projets-europeens-pour-la-6g\/\"},\"author\":{\"name\":\"A Delapalisse\",\"@id\":\"https:\/\/www.ecinews.fr\/fr\/#\/schema\/person\/4b3db5ba5c953c5fddeb226df86d8635\"},\"headline\":\"Le CEA-Leti dirige deux projets europ\u00e9ens pour la 6G\",\"datePublished\":\"2024-04-26T05:56:54+00:00\",\"dateModified\":\"2024-04-25T19:07:00+00:00\",\"mainEntityOfPage\":{\"@id\":\"https:\/\/www.ecinews.fr\/fr\/le-cea-leti-dirige-deux-projets-europeens-pour-la-6g\/\"},\"wordCount\":1397,\"publisher\":{\"@id\":\"https:\/\/www.ecinews.fr\/fr\/#organization\"},\"keywords\":[\"6G\",\"Europe\",\"T\u00e9l\u00e9communications\"],\"articleSection\":[\"Technologies\"],\"inLanguage\":\"fr-FR\"},{\"@type\":\"WebPage\",\"@id\":\"https:\/\/www.ecinews.fr\/fr\/le-cea-leti-dirige-deux-projets-europeens-pour-la-6g\/\",\"url\":\"https:\/\/www.ecinews.fr\/fr\/le-cea-leti-dirige-deux-projets-europeens-pour-la-6g\/\",\"name\":\"Le CEA-Leti dirige deux projets europ\u00e9ens pour la 6G -\",\"isPartOf\":{\"@id\":\"https:\/\/www.ecinews.fr\/fr\/#website\"},\"datePublished\":\"2024-04-26T05:56:54+00:00\",\"dateModified\":\"2024-04-25T19:07:00+00:00\",\"description\":\"Le CEA-Leti de Grenoble va coordonner deux projets visant \u00e0 renforcer les capacit\u00e9s technologiques de la 6G et lanormalisation en Europe.\",\"breadcrumb\":{\"@id\":\"https:\/\/www.ecinews.fr\/fr\/le-cea-leti-dirige-deux-projets-europeens-pour-la-6g\/#breadcrumb\"},\"inLanguage\":\"fr-FR\",\"potentialAction\":[{\"@type\":\"ReadAction\",\"target\":[\"https:\/\/www.ecinews.fr\/fr\/le-cea-leti-dirige-deux-projets-europeens-pour-la-6g\/\"]}]},{\"@type\":\"BreadcrumbList\",\"@id\":\"https:\/\/www.ecinews.fr\/fr\/le-cea-leti-dirige-deux-projets-europeens-pour-la-6g\/#breadcrumb\",\"itemListElement\":[{\"@type\":\"ListItem\",\"position\":1,\"name\":\"Home\",\"item\":\"https:\/\/www.ecinews.fr\/fr\/\"},{\"@type\":\"ListItem\",\"position\":2,\"name\":\"Le CEA-Leti dirige deux projets europ\u00e9ens pour la 6G\"}]},{\"@type\":\"WebSite\",\"@id\":\"https:\/\/www.ecinews.fr\/fr\/#website\",\"url\":\"https:\/\/www.ecinews.fr\/fr\/\",\"name\":\"EENewsEurope\",\"description\":\"Just another WordPress site\",\"publisher\":{\"@id\":\"https:\/\/www.ecinews.fr\/fr\/#organization\"},\"potentialAction\":[{\"@type\":\"SearchAction\",\"target\":{\"@type\":\"EntryPoint\",\"urlTemplate\":\"https:\/\/www.ecinews.fr\/fr\/?s={search_term_string}\"},\"query-input\":\"required name=search_term_string\"}],\"inLanguage\":\"fr-FR\"},{\"@type\":\"Organization\",\"@id\":\"https:\/\/www.ecinews.fr\/fr\/#organization\",\"name\":\"EENewsEurope\",\"url\":\"https:\/\/www.ecinews.fr\/fr\/\",\"logo\":{\"@type\":\"ImageObject\",\"inLanguage\":\"fr-FR\",\"@id\":\"https:\/\/www.ecinews.fr\/fr\/#\/schema\/logo\/image\/\",\"url\":\"https:\/\/www.ecinews.fr\/wp-content\/uploads\/2022\/02\/logo-1.jpg\",\"contentUrl\":\"https:\/\/www.ecinews.fr\/wp-content\/uploads\/2022\/02\/logo-1.jpg\",\"width\":283,\"height\":113,\"caption\":\"EENewsEurope\"},\"image\":{\"@id\":\"https:\/\/www.ecinews.fr\/fr\/#\/schema\/logo\/image\/\"}},{\"@type\":\"Person\",\"@id\":\"https:\/\/www.ecinews.fr\/fr\/#\/schema\/person\/4b3db5ba5c953c5fddeb226df86d8635\",\"name\":\"A Delapalisse\",\"image\":{\"@type\":\"ImageObject\",\"inLanguage\":\"fr-FR\",\"@id\":\"https:\/\/www.ecinews.fr\/fr\/#\/schema\/person\/image\/09af0e1236b95ff53924b8dfe5af278e\",\"url\":\"https:\/\/secure.gravatar.com\/avatar\/010f811c0933b47aea7e9204117b17c6?s=96&d=mm&r=g\",\"contentUrl\":\"https:\/\/secure.gravatar.com\/avatar\/010f811c0933b47aea7e9204117b17c6?s=96&d=mm&r=g\",\"caption\":\"A Delapalisse\"}}]}<\/script>","yoast_head_json":{"title":"Le CEA-Leti dirige deux projets europ\u00e9ens pour la 6G ...","description":"Le CEA-Leti de Grenoble va coordonner deux projets visant \u00e0 renforcer les capacit\u00e9s technologiques de la 6G et lanormalisation en Europe.","robots":{"index":"index","follow":"follow","max-snippet":"max-snippet:-1","max-image-preview":"max-image-preview:large","max-video-preview":"max-video-preview:-1"},"canonical":"https:\/\/www.ecinews.fr\/fr\/wp-json\/wp\/v2\/posts\/449687\/","og_locale":"fr_FR","og_type":"article","og_title":"Le CEA-Leti dirige deux projets europ\u00e9ens pour la 6G","og_description":"Le CEA-Leti de Grenoble va coordonner deux projets visant \u00e0 renforcer les capacit\u00e9s technologiques de la 6G et lanormalisation en Europe.","og_url":"https:\/\/www.ecinews.fr\/fr\/wp-json\/wp\/v2\/posts\/449687\/","og_site_name":"EENewsEurope","article_published_time":"2024-04-26T05:56:54+00:00","article_modified_time":"2024-04-25T19:07:00+00:00","og_image":[{"width":600,"height":400,"url":"https:\/\/www.ecinews.fr\/wp-content\/uploads\/2022\/08\/6g_0-600x400-c-default.webp","type":"image\/webp"}],"author":"Nick Flaherty, A Delapalisse","twitter_card":"summary_large_image","twitter_misc":{"Written by":"A Delapalisse","Est. reading time":"6 minutes"},"schema":{"@context":"https:\/\/schema.org","@graph":[{"@type":"Article","@id":"https:\/\/www.ecinews.fr\/fr\/le-cea-leti-dirige-deux-projets-europeens-pour-la-6g\/#article","isPartOf":{"@id":"https:\/\/www.ecinews.fr\/fr\/le-cea-leti-dirige-deux-projets-europeens-pour-la-6g\/"},"author":{"name":"A Delapalisse","@id":"https:\/\/www.ecinews.fr\/fr\/#\/schema\/person\/4b3db5ba5c953c5fddeb226df86d8635"},"headline":"Le CEA-Leti dirige deux projets europ\u00e9ens pour la 6G","datePublished":"2024-04-26T05:56:54+00:00","dateModified":"2024-04-25T19:07:00+00:00","mainEntityOfPage":{"@id":"https:\/\/www.ecinews.fr\/fr\/le-cea-leti-dirige-deux-projets-europeens-pour-la-6g\/"},"wordCount":1397,"publisher":{"@id":"https:\/\/www.ecinews.fr\/fr\/#organization"},"keywords":["6G","Europe","T\u00e9l\u00e9communications"],"articleSection":["Technologies"],"inLanguage":"fr-FR"},{"@type":"WebPage","@id":"https:\/\/www.ecinews.fr\/fr\/le-cea-leti-dirige-deux-projets-europeens-pour-la-6g\/","url":"https:\/\/www.ecinews.fr\/fr\/le-cea-leti-dirige-deux-projets-europeens-pour-la-6g\/","name":"Le CEA-Leti dirige deux projets europ\u00e9ens pour la 6G -","isPartOf":{"@id":"https:\/\/www.ecinews.fr\/fr\/#website"},"datePublished":"2024-04-26T05:56:54+00:00","dateModified":"2024-04-25T19:07:00+00:00","description":"Le CEA-Leti de Grenoble va coordonner deux projets visant \u00e0 renforcer les capacit\u00e9s technologiques de la 6G et lanormalisation en Europe.","breadcrumb":{"@id":"https:\/\/www.ecinews.fr\/fr\/le-cea-leti-dirige-deux-projets-europeens-pour-la-6g\/#breadcrumb"},"inLanguage":"fr-FR","potentialAction":[{"@type":"ReadAction","target":["https:\/\/www.ecinews.fr\/fr\/le-cea-leti-dirige-deux-projets-europeens-pour-la-6g\/"]}]},{"@type":"BreadcrumbList","@id":"https:\/\/www.ecinews.fr\/fr\/le-cea-leti-dirige-deux-projets-europeens-pour-la-6g\/#breadcrumb","itemListElement":[{"@type":"ListItem","position":1,"name":"Home","item":"https:\/\/www.ecinews.fr\/fr\/"},{"@type":"ListItem","position":2,"name":"Le CEA-Leti dirige deux projets europ\u00e9ens pour la 6G"}]},{"@type":"WebSite","@id":"https:\/\/www.ecinews.fr\/fr\/#website","url":"https:\/\/www.ecinews.fr\/fr\/","name":"EENewsEurope","description":"Just another WordPress site","publisher":{"@id":"https:\/\/www.ecinews.fr\/fr\/#organization"},"potentialAction":[{"@type":"SearchAction","target":{"@type":"EntryPoint","urlTemplate":"https:\/\/www.ecinews.fr\/fr\/?s={search_term_string}"},"query-input":"required name=search_term_string"}],"inLanguage":"fr-FR"},{"@type":"Organization","@id":"https:\/\/www.ecinews.fr\/fr\/#organization","name":"EENewsEurope","url":"https:\/\/www.ecinews.fr\/fr\/","logo":{"@type":"ImageObject","inLanguage":"fr-FR","@id":"https:\/\/www.ecinews.fr\/fr\/#\/schema\/logo\/image\/","url":"https:\/\/www.ecinews.fr\/wp-content\/uploads\/2022\/02\/logo-1.jpg","contentUrl":"https:\/\/www.ecinews.fr\/wp-content\/uploads\/2022\/02\/logo-1.jpg","width":283,"height":113,"caption":"EENewsEurope"},"image":{"@id":"https:\/\/www.ecinews.fr\/fr\/#\/schema\/logo\/image\/"}},{"@type":"Person","@id":"https:\/\/www.ecinews.fr\/fr\/#\/schema\/person\/4b3db5ba5c953c5fddeb226df86d8635","name":"A Delapalisse","image":{"@type":"ImageObject","inLanguage":"fr-FR","@id":"https:\/\/www.ecinews.fr\/fr\/#\/schema\/person\/image\/09af0e1236b95ff53924b8dfe5af278e","url":"https:\/\/secure.gravatar.com\/avatar\/010f811c0933b47aea7e9204117b17c6?s=96&d=mm&r=g","contentUrl":"https:\/\/secure.gravatar.com\/avatar\/010f811c0933b47aea7e9204117b17c6?s=96&d=mm&r=g","caption":"A Delapalisse"}}]}},"authors":[{"term_id":3640,"user_id":0,"is_guest":1,"slug":"nick-flaherty","display_name":"Nick Flaherty","avatar_url":"https:\/\/secure.gravatar.com\/avatar\/?s=96&d=mm&r=g","0":null,"1":"","2":"","3":"","4":"","5":"","6":"","7":"","8":""},{"term_id":6199,"user_id":40,"is_guest":0,"slug":"andre-rousselotemisys-com","display_name":"A Delapalisse","avatar_url":"https:\/\/secure.gravatar.com\/avatar\/010f811c0933b47aea7e9204117b17c6?s=96&d=mm&r=g","0":null,"1":"","2":"","3":"","4":"","5":"","6":"","7":"","8":""}],"_links":{"self":[{"href":"https:\/\/www.ecinews.fr\/fr\/wp-json\/wp\/v2\/posts\/449687"}],"collection":[{"href":"https:\/\/www.ecinews.fr\/fr\/wp-json\/wp\/v2\/posts"}],"about":[{"href":"https:\/\/www.ecinews.fr\/fr\/wp-json\/wp\/v2\/types\/post"}],"author":[{"embeddable":true,"href":"https:\/\/www.ecinews.fr\/fr\/wp-json\/wp\/v2\/users\/40"}],"replies":[{"embeddable":true,"href":"https:\/\/www.ecinews.fr\/fr\/wp-json\/wp\/v2\/comments?post=449687"}],"version-history":[{"count":0,"href":"https:\/\/www.ecinews.fr\/fr\/wp-json\/wp\/v2\/posts\/449687\/revisions"}],"wp:featuredmedia":[{"embeddable":true,"href":"https:\/\/www.ecinews.fr\/fr\/wp-json\/wp\/v2\/media\/392660"}],"wp:attachment":[{"href":"https:\/\/www.ecinews.fr\/fr\/wp-json\/wp\/v2\/media?parent=449687"}],"wp:term":[{"taxonomy":"category","embeddable":true,"href":"https:\/\/www.ecinews.fr\/fr\/wp-json\/wp\/v2\/categories?post=449687"},{"taxonomy":"post_tag","embeddable":true,"href":"https:\/\/www.ecinews.fr\/fr\/wp-json\/wp\/v2\/tags?post=449687"},{"taxonomy":"domains","embeddable":true,"href":"https:\/\/www.ecinews.fr\/fr\/wp-json\/wp\/v2\/domains?post=449687"},{"taxonomy":"author","embeddable":true,"href":"https:\/\/www.ecinews.fr\/fr\/wp-json\/wp\/v2\/ppma_author?post=449687"}],"curies":[{"name":"wp","href":"https:\/\/api.w.org\/{rel}","templated":true}]}}