{"id":449602,"date":"2024-04-25T10:01:43","date_gmt":"2024-04-25T08:01:43","guid":{"rendered":"https:\/\/www.eenewseurope.com\/?p=449602"},"modified":"2024-04-25T10:03:59","modified_gmt":"2024-04-25T08:03:59","slug":"le-conseil-iot-m2m-va-elaborer-des-directives-sur-la-securite-de-liot","status":"publish","type":"post","link":"https:\/\/www.ecinews.fr\/fr\/le-conseil-iot-m2m-va-elaborer-des-directives-sur-la-securite-de-liot\/","title":{"rendered":"Le Conseil IoT M2M va \u00e9laborer des directives sur la s\u00e9curit\u00e9 de l&rsquo;IoT"},"content":{"rendered":"<h2>Le Conseil IoT M2M (IMC) annonce qu&rsquo;il organisera une s\u00e9rie de forums ouverts au cours du mois prochain pour discuter de la s\u00e9curit\u00e9 des infrastructures qui connectent des dispositifs \u00e0 distance.<\/h2>\n<p>L&rsquo;objectif des forums sur la s\u00e9curit\u00e9 de l&rsquo;IdO sera d&rsquo;\u00e9laborer des lignes directrices pratiques pour le d\u00e9ploiement de la technologie de l&rsquo;IdO qui couvre \u00e0 la fois les march\u00e9s grand public et industriels et aborde toutes les facettes fondamentales d&rsquo;un d\u00e9ploiement de l&rsquo;IdO, y compris les composants, les r\u00e9seaux et les logiciels d&rsquo;application\/dans le cloud.<\/p>\n<p>\u00ab\u00a0Le consensus de notre groupe est que la s\u00e9curit\u00e9 de l&rsquo;IdO est plus holistique et qu&rsquo;il est n\u00e9cessaire d&rsquo;avoir plus d&rsquo;informations pratiques que ce qui est g\u00e9n\u00e9ralement disponible\u00a0\u00bb, d\u00e9clare Sri Ramachandran, pr\u00e9sident de l&rsquo;IMC et directeur de la technologie chez Somos, \u00ab\u00a0Il y a eu beaucoup de bon travail dans le domaine des normes techniques, par exemple, et nous ferons certainement r\u00e9f\u00e9rence aux travaux connexes. Nous avons identifi\u00e9 des lacunes dans les approches adopt\u00e9es par les r\u00e9gulateurs et autres pour examiner toutes les couches de la pile IdO, ou pour partager les enseignements critiques entre les grands march\u00e9s verticaux de l&rsquo;IdO. Nous pr\u00e9voyons de combler ces lacunes et d&rsquo;\u00e9tablir les meilleures pratiques qui peuvent s&rsquo;asseoir sur la fragmentation actuelle et fournir une orientation aux utilisateurs, aux fournisseurs de technologie et aux r\u00e9gulateurs.\u00a0\u00bb<\/p>\n<p>L&rsquo;IMC est compos\u00e9 de 28 000 utilisateurs qualifi\u00e9s de l&rsquo;IdO dans le monde entier, et il sera essentiel d&rsquo;obtenir l&rsquo;adh\u00e9sion de ce groupe pour mettre en \u0153uvre une approche pratique de la s\u00e9curit\u00e9 et de la protection de la vie priv\u00e9e de l&rsquo;IdO. Le conseil d&rsquo;administration du groupe comprend des repr\u00e9sentants de plus de 30 fournisseurs de technologies IdO qui superviseront le projet.<\/p>\n<p>La nouvelle vice-pr\u00e9sidente de l&rsquo;IMC, Ellen Boehm, vice-pr\u00e9sidente principale de la strat\u00e9gie et des op\u00e9rations mondiales de l&rsquo;IdO pour l&rsquo;entreprise de s\u00e9curit\u00e9 Internet Keyfactor, a \u00e9t\u00e9 d\u00e9sign\u00e9e pour diriger les efforts. Les groupes de travail sur les r\u00e9seaux, les appareils et les applications en nuage seront dirig\u00e9s respectivement par Syed \u00ab\u00a0Z\u00a0\u00bb Hosain (fondateur d&rsquo;Aeris), Harald Remmert (directeur technique pour les solutions cellulaires chez Digi International) et Fred Yentz (PDG de Tartabit).<\/p>\n<p>\u00ab\u00a0Nous nous posons encore beaucoup de questions sur la direction que prendra ce projet\u00a0\u00bb, explique M. Boehm. \u00ab\u00a0Nous consid\u00e9rons donc ces forums ouverts comme un point de d\u00e9part pour recueillir les r\u00e9actions du groupe collectif d&rsquo;experts de l&rsquo;espace. Une fois que nous aurons organis\u00e9 les discussions, notre conseil d&rsquo;administration se regroupera pour d\u00e9finir une orientation et des r\u00e9sultats plus d\u00e9finitifs qui profiteront aux organisations en ce qui concerne les meilleures pratiques pour la mise en \u0153uvre de la s\u00e9curit\u00e9 dans l&rsquo;ensemble de la pile IoT\u00a0\u00bb.<\/p>\n<p><a href=\"http:\/\/www.iotm2mcouncil.org\">www.iotm2mcouncil.org<\/a><\/p>\n","protected":false},"excerpt":{"rendered":"<p>S\u00e9rie de forums ouverts pour discuter de la s\u00e9curit\u00e9 des infrastructures qui connectent des dispositifs \u00e0 distance afin d&rsquo;\u00e9laborer des lignes directrices pratiques en mati\u00e8re de s\u00e9curit\u00e9 de l&rsquo;IdO.<\/p>\n","protected":false},"author":40,"featured_media":449550,"comment_status":"closed","ping_status":"closed","sticky":false,"template":"","format":"standard","meta":{"_acf_changed":false,"footnotes":""},"categories":[883],"tags":[2616,1069,919,6238],"domains":[47],"ppma_author":[6199,3682],"class_list":["post-449602","post","type-post","status-publish","format-standard","has-post-thumbnail","hentry","category-technologies","tag-cloud-fr","tag-cybersecurite","tag-iot-fr","tag-m2m-fr","domains-electronique-eci"],"acf":[],"yoast_head":"<title>Le Conseil IoT M2M \u00e9labore des directives sur la s\u00e9curit\u00e9 de...<\/title>\n<meta name=\"description\" content=\"S\u00e9rie de forums ouverts afin d&#039;\u00e9laborer des lignes directrices pratiques en mati\u00e8re de s\u00e9curit\u00e9 de l&#039;IoT organis\u00e9 par le Conseil IoT M2M.\" \/>\n<meta name=\"robots\" content=\"index, follow, max-snippet:-1, max-image-preview:large, max-video-preview:-1\" \/>\n<link rel=\"canonical\" href=\"https:\/\/www.ecinews.fr\/fr\/wp-json\/wp\/v2\/posts\/449602\/\" \/>\n<meta property=\"og:locale\" content=\"fr_FR\" \/>\n<meta property=\"og:type\" content=\"article\" \/>\n<meta property=\"og:title\" content=\"Le Conseil IoT M2M va \u00e9laborer des directives sur la s\u00e9curit\u00e9 de l&#039;IoT\" \/>\n<meta property=\"og:description\" content=\"S\u00e9rie de forums ouverts afin d&#039;\u00e9laborer des lignes directrices pratiques en mati\u00e8re de s\u00e9curit\u00e9 de l&#039;IoT organis\u00e9 par le Conseil IoT M2M.\" \/>\n<meta property=\"og:url\" content=\"https:\/\/www.ecinews.fr\/fr\/wp-json\/wp\/v2\/posts\/449602\/\" \/>\n<meta property=\"og:site_name\" content=\"EENewsEurope\" \/>\n<meta property=\"article:published_time\" content=\"2024-04-25T08:01:43+00:00\" \/>\n<meta property=\"article:modified_time\" content=\"2024-04-25T08:03:59+00:00\" \/>\n<meta property=\"og:image\" content=\"https:\/\/www.eenewseurope.com\/wp-content\/uploads\/2024\/04\/IoT-World-1-scaled.jpg\" \/>\n\t<meta property=\"og:image:width\" content=\"1080\" \/>\n\t<meta property=\"og:image:height\" content=\"715\" \/>\n\t<meta property=\"og:image:type\" content=\"image\/jpeg\" \/>\n<meta name=\"author\" content=\"A Delapalisse, Jean-Pierre Joosting\" \/>\n<meta name=\"twitter:card\" content=\"summary_large_image\" \/>\n<meta name=\"twitter:label1\" content=\"Written by\" \/>\n\t<meta name=\"twitter:data1\" content=\"A Delapalisse\" \/>\n\t<meta name=\"twitter:label2\" content=\"Est. reading time\" \/>\n\t<meta name=\"twitter:data2\" content=\"2 minutes\" \/>\n<script type=\"application\/ld+json\" class=\"yoast-schema-graph\">{\"@context\":\"https:\/\/schema.org\",\"@graph\":[{\"@type\":\"Article\",\"@id\":\"https:\/\/www.eenewseurope.com\/fr\/le-conseil-iot-m2m-va-elaborer-des-directives-sur-la-securite-de-liot\/#article\",\"isPartOf\":{\"@id\":\"https:\/\/www.eenewseurope.com\/fr\/le-conseil-iot-m2m-va-elaborer-des-directives-sur-la-securite-de-liot\/\"},\"author\":{\"name\":\"A Delapalisse\",\"@id\":\"https:\/\/www.ecinews.fr\/fr\/#\/schema\/person\/4b3db5ba5c953c5fddeb226df86d8635\"},\"headline\":\"Le Conseil IoT M2M va \u00e9laborer des directives sur la s\u00e9curit\u00e9 de l&rsquo;IoT\",\"datePublished\":\"2024-04-25T08:01:43+00:00\",\"dateModified\":\"2024-04-25T08:03:59+00:00\",\"mainEntityOfPage\":{\"@id\":\"https:\/\/www.eenewseurope.com\/fr\/le-conseil-iot-m2m-va-elaborer-des-directives-sur-la-securite-de-liot\/\"},\"wordCount\":525,\"publisher\":{\"@id\":\"https:\/\/www.ecinews.fr\/fr\/#organization\"},\"keywords\":[\"Cloud\",\"Cybers\u00e9curit\u00e9\",\"IoT\",\"M2M\"],\"articleSection\":[\"Technologies\"],\"inLanguage\":\"fr-FR\"},{\"@type\":\"WebPage\",\"@id\":\"https:\/\/www.eenewseurope.com\/fr\/le-conseil-iot-m2m-va-elaborer-des-directives-sur-la-securite-de-liot\/\",\"url\":\"https:\/\/www.eenewseurope.com\/fr\/le-conseil-iot-m2m-va-elaborer-des-directives-sur-la-securite-de-liot\/\",\"name\":\"Le Conseil IoT M2M \u00e9labore des directives sur la s\u00e9curit\u00e9 de l'IOT\",\"isPartOf\":{\"@id\":\"https:\/\/www.ecinews.fr\/fr\/#website\"},\"datePublished\":\"2024-04-25T08:01:43+00:00\",\"dateModified\":\"2024-04-25T08:03:59+00:00\",\"description\":\"S\u00e9rie de forums ouverts afin d'\u00e9laborer des lignes directrices pratiques en mati\u00e8re de s\u00e9curit\u00e9 de l'IoT organis\u00e9 par le Conseil IoT M2M.\",\"breadcrumb\":{\"@id\":\"https:\/\/www.eenewseurope.com\/fr\/le-conseil-iot-m2m-va-elaborer-des-directives-sur-la-securite-de-liot\/#breadcrumb\"},\"inLanguage\":\"fr-FR\",\"potentialAction\":[{\"@type\":\"ReadAction\",\"target\":[\"https:\/\/www.eenewseurope.com\/fr\/le-conseil-iot-m2m-va-elaborer-des-directives-sur-la-securite-de-liot\/\"]}]},{\"@type\":\"BreadcrumbList\",\"@id\":\"https:\/\/www.eenewseurope.com\/fr\/le-conseil-iot-m2m-va-elaborer-des-directives-sur-la-securite-de-liot\/#breadcrumb\",\"itemListElement\":[{\"@type\":\"ListItem\",\"position\":1,\"name\":\"Home\",\"item\":\"https:\/\/www.ecinews.fr\/fr\/\"},{\"@type\":\"ListItem\",\"position\":2,\"name\":\"Le Conseil IoT M2M va \u00e9laborer des directives sur la s\u00e9curit\u00e9 de l&rsquo;IoT\"}]},{\"@type\":\"WebSite\",\"@id\":\"https:\/\/www.ecinews.fr\/fr\/#website\",\"url\":\"https:\/\/www.ecinews.fr\/fr\/\",\"name\":\"EENewsEurope\",\"description\":\"Just another WordPress site\",\"publisher\":{\"@id\":\"https:\/\/www.ecinews.fr\/fr\/#organization\"},\"potentialAction\":[{\"@type\":\"SearchAction\",\"target\":{\"@type\":\"EntryPoint\",\"urlTemplate\":\"https:\/\/www.ecinews.fr\/fr\/?s={search_term_string}\"},\"query-input\":\"required name=search_term_string\"}],\"inLanguage\":\"fr-FR\"},{\"@type\":\"Organization\",\"@id\":\"https:\/\/www.ecinews.fr\/fr\/#organization\",\"name\":\"EENewsEurope\",\"url\":\"https:\/\/www.ecinews.fr\/fr\/\",\"logo\":{\"@type\":\"ImageObject\",\"inLanguage\":\"fr-FR\",\"@id\":\"https:\/\/www.ecinews.fr\/fr\/#\/schema\/logo\/image\/\",\"url\":\"https:\/\/www.ecinews.fr\/wp-content\/uploads\/2022\/02\/logo-1.jpg\",\"contentUrl\":\"https:\/\/www.ecinews.fr\/wp-content\/uploads\/2022\/02\/logo-1.jpg\",\"width\":283,\"height\":113,\"caption\":\"EENewsEurope\"},\"image\":{\"@id\":\"https:\/\/www.ecinews.fr\/fr\/#\/schema\/logo\/image\/\"}},{\"@type\":\"Person\",\"@id\":\"https:\/\/www.ecinews.fr\/fr\/#\/schema\/person\/4b3db5ba5c953c5fddeb226df86d8635\",\"name\":\"A Delapalisse\",\"image\":{\"@type\":\"ImageObject\",\"inLanguage\":\"fr-FR\",\"@id\":\"https:\/\/www.ecinews.fr\/fr\/#\/schema\/person\/image\/09af0e1236b95ff53924b8dfe5af278e\",\"url\":\"https:\/\/secure.gravatar.com\/avatar\/010f811c0933b47aea7e9204117b17c6?s=96&d=mm&r=g\",\"contentUrl\":\"https:\/\/secure.gravatar.com\/avatar\/010f811c0933b47aea7e9204117b17c6?s=96&d=mm&r=g\",\"caption\":\"A Delapalisse\"}}]}<\/script>","yoast_head_json":{"title":"Le Conseil IoT M2M \u00e9labore des directives sur la s\u00e9curit\u00e9 de...","description":"S\u00e9rie de forums ouverts afin d'\u00e9laborer des lignes directrices pratiques en mati\u00e8re de s\u00e9curit\u00e9 de l'IoT organis\u00e9 par le Conseil IoT M2M.","robots":{"index":"index","follow":"follow","max-snippet":"max-snippet:-1","max-image-preview":"max-image-preview:large","max-video-preview":"max-video-preview:-1"},"canonical":"https:\/\/www.ecinews.fr\/fr\/wp-json\/wp\/v2\/posts\/449602\/","og_locale":"fr_FR","og_type":"article","og_title":"Le Conseil IoT M2M va \u00e9laborer des directives sur la s\u00e9curit\u00e9 de l'IoT","og_description":"S\u00e9rie de forums ouverts afin d'\u00e9laborer des lignes directrices pratiques en mati\u00e8re de s\u00e9curit\u00e9 de l'IoT organis\u00e9 par le Conseil IoT M2M.","og_url":"https:\/\/www.ecinews.fr\/fr\/wp-json\/wp\/v2\/posts\/449602\/","og_site_name":"EENewsEurope","article_published_time":"2024-04-25T08:01:43+00:00","article_modified_time":"2024-04-25T08:03:59+00:00","og_image":[{"width":1080,"height":715,"url":"https:\/\/www.eenewseurope.com\/wp-content\/uploads\/2024\/04\/IoT-World-1-scaled.jpg","type":"image\/jpeg"}],"author":"A Delapalisse, Jean-Pierre Joosting","twitter_card":"summary_large_image","twitter_misc":{"Written by":"A Delapalisse","Est. reading time":"2 minutes"},"schema":{"@context":"https:\/\/schema.org","@graph":[{"@type":"Article","@id":"https:\/\/www.eenewseurope.com\/fr\/le-conseil-iot-m2m-va-elaborer-des-directives-sur-la-securite-de-liot\/#article","isPartOf":{"@id":"https:\/\/www.eenewseurope.com\/fr\/le-conseil-iot-m2m-va-elaborer-des-directives-sur-la-securite-de-liot\/"},"author":{"name":"A Delapalisse","@id":"https:\/\/www.ecinews.fr\/fr\/#\/schema\/person\/4b3db5ba5c953c5fddeb226df86d8635"},"headline":"Le Conseil IoT M2M va \u00e9laborer des directives sur la s\u00e9curit\u00e9 de l&rsquo;IoT","datePublished":"2024-04-25T08:01:43+00:00","dateModified":"2024-04-25T08:03:59+00:00","mainEntityOfPage":{"@id":"https:\/\/www.eenewseurope.com\/fr\/le-conseil-iot-m2m-va-elaborer-des-directives-sur-la-securite-de-liot\/"},"wordCount":525,"publisher":{"@id":"https:\/\/www.ecinews.fr\/fr\/#organization"},"keywords":["Cloud","Cybers\u00e9curit\u00e9","IoT","M2M"],"articleSection":["Technologies"],"inLanguage":"fr-FR"},{"@type":"WebPage","@id":"https:\/\/www.eenewseurope.com\/fr\/le-conseil-iot-m2m-va-elaborer-des-directives-sur-la-securite-de-liot\/","url":"https:\/\/www.eenewseurope.com\/fr\/le-conseil-iot-m2m-va-elaborer-des-directives-sur-la-securite-de-liot\/","name":"Le Conseil IoT M2M \u00e9labore des directives sur la s\u00e9curit\u00e9 de l'IOT","isPartOf":{"@id":"https:\/\/www.ecinews.fr\/fr\/#website"},"datePublished":"2024-04-25T08:01:43+00:00","dateModified":"2024-04-25T08:03:59+00:00","description":"S\u00e9rie de forums ouverts afin d'\u00e9laborer des lignes directrices pratiques en mati\u00e8re de s\u00e9curit\u00e9 de l'IoT organis\u00e9 par le Conseil IoT M2M.","breadcrumb":{"@id":"https:\/\/www.eenewseurope.com\/fr\/le-conseil-iot-m2m-va-elaborer-des-directives-sur-la-securite-de-liot\/#breadcrumb"},"inLanguage":"fr-FR","potentialAction":[{"@type":"ReadAction","target":["https:\/\/www.eenewseurope.com\/fr\/le-conseil-iot-m2m-va-elaborer-des-directives-sur-la-securite-de-liot\/"]}]},{"@type":"BreadcrumbList","@id":"https:\/\/www.eenewseurope.com\/fr\/le-conseil-iot-m2m-va-elaborer-des-directives-sur-la-securite-de-liot\/#breadcrumb","itemListElement":[{"@type":"ListItem","position":1,"name":"Home","item":"https:\/\/www.ecinews.fr\/fr\/"},{"@type":"ListItem","position":2,"name":"Le Conseil IoT M2M va \u00e9laborer des directives sur la s\u00e9curit\u00e9 de l&rsquo;IoT"}]},{"@type":"WebSite","@id":"https:\/\/www.ecinews.fr\/fr\/#website","url":"https:\/\/www.ecinews.fr\/fr\/","name":"EENewsEurope","description":"Just another WordPress site","publisher":{"@id":"https:\/\/www.ecinews.fr\/fr\/#organization"},"potentialAction":[{"@type":"SearchAction","target":{"@type":"EntryPoint","urlTemplate":"https:\/\/www.ecinews.fr\/fr\/?s={search_term_string}"},"query-input":"required name=search_term_string"}],"inLanguage":"fr-FR"},{"@type":"Organization","@id":"https:\/\/www.ecinews.fr\/fr\/#organization","name":"EENewsEurope","url":"https:\/\/www.ecinews.fr\/fr\/","logo":{"@type":"ImageObject","inLanguage":"fr-FR","@id":"https:\/\/www.ecinews.fr\/fr\/#\/schema\/logo\/image\/","url":"https:\/\/www.ecinews.fr\/wp-content\/uploads\/2022\/02\/logo-1.jpg","contentUrl":"https:\/\/www.ecinews.fr\/wp-content\/uploads\/2022\/02\/logo-1.jpg","width":283,"height":113,"caption":"EENewsEurope"},"image":{"@id":"https:\/\/www.ecinews.fr\/fr\/#\/schema\/logo\/image\/"}},{"@type":"Person","@id":"https:\/\/www.ecinews.fr\/fr\/#\/schema\/person\/4b3db5ba5c953c5fddeb226df86d8635","name":"A Delapalisse","image":{"@type":"ImageObject","inLanguage":"fr-FR","@id":"https:\/\/www.ecinews.fr\/fr\/#\/schema\/person\/image\/09af0e1236b95ff53924b8dfe5af278e","url":"https:\/\/secure.gravatar.com\/avatar\/010f811c0933b47aea7e9204117b17c6?s=96&d=mm&r=g","contentUrl":"https:\/\/secure.gravatar.com\/avatar\/010f811c0933b47aea7e9204117b17c6?s=96&d=mm&r=g","caption":"A Delapalisse"}}]}},"authors":[{"term_id":6199,"user_id":40,"is_guest":0,"slug":"andre-rousselotemisys-com","display_name":"A Delapalisse","avatar_url":"https:\/\/secure.gravatar.com\/avatar\/010f811c0933b47aea7e9204117b17c6?s=96&d=mm&r=g","0":null,"1":"","2":"","3":"","4":"","5":"","6":"","7":"","8":""},{"term_id":3682,"user_id":0,"is_guest":1,"slug":"jean-pierre-joosting","display_name":"Jean-Pierre Joosting","avatar_url":"https:\/\/secure.gravatar.com\/avatar\/?s=96&d=mm&r=g","0":null,"1":"","2":"","3":"","4":"","5":"","6":"","7":"","8":""}],"_links":{"self":[{"href":"https:\/\/www.ecinews.fr\/fr\/wp-json\/wp\/v2\/posts\/449602"}],"collection":[{"href":"https:\/\/www.ecinews.fr\/fr\/wp-json\/wp\/v2\/posts"}],"about":[{"href":"https:\/\/www.ecinews.fr\/fr\/wp-json\/wp\/v2\/types\/post"}],"author":[{"embeddable":true,"href":"https:\/\/www.ecinews.fr\/fr\/wp-json\/wp\/v2\/users\/40"}],"replies":[{"embeddable":true,"href":"https:\/\/www.ecinews.fr\/fr\/wp-json\/wp\/v2\/comments?post=449602"}],"version-history":[{"count":0,"href":"https:\/\/www.ecinews.fr\/fr\/wp-json\/wp\/v2\/posts\/449602\/revisions"}],"wp:featuredmedia":[{"embeddable":true,"href":"https:\/\/www.ecinews.fr\/fr\/wp-json\/wp\/v2\/media\/449550"}],"wp:attachment":[{"href":"https:\/\/www.ecinews.fr\/fr\/wp-json\/wp\/v2\/media?parent=449602"}],"wp:term":[{"taxonomy":"category","embeddable":true,"href":"https:\/\/www.ecinews.fr\/fr\/wp-json\/wp\/v2\/categories?post=449602"},{"taxonomy":"post_tag","embeddable":true,"href":"https:\/\/www.ecinews.fr\/fr\/wp-json\/wp\/v2\/tags?post=449602"},{"taxonomy":"domains","embeddable":true,"href":"https:\/\/www.ecinews.fr\/fr\/wp-json\/wp\/v2\/domains?post=449602"},{"taxonomy":"author","embeddable":true,"href":"https:\/\/www.ecinews.fr\/fr\/wp-json\/wp\/v2\/ppma_author?post=449602"}],"curies":[{"name":"wp","href":"https:\/\/api.w.org\/{rel}","templated":true}]}}