{"id":449474,"date":"2024-04-23T20:07:32","date_gmt":"2024-04-23T18:07:32","guid":{"rendered":"https:\/\/www.eenewseurope.com\/?p=449474"},"modified":"2024-04-24T20:31:39","modified_gmt":"2024-04-24T18:31:39","slug":"la-compression-densemem-de-zeropoint-conomise-de-lenergie-dans-les-centres-de-donnees","status":"publish","type":"post","link":"https:\/\/www.ecinews.fr\/fr\/la-compression-densemem-de-zeropoint-conomise-de-lenergie-dans-les-centres-de-donnees\/","title":{"rendered":"La compression DenseMem \u00e9conomise de l&rsquo;\u00e9nergie dans les centres de donn\u00e9es"},"content":{"rendered":"<h3><span style=\"font-size: 16px;\">Le su\u00e9dois ZeroPoint Technologies bas\u00e9 \u00e0 G\u00f6teborg, a annonc\u00e9 avoir accord\u00e9 une licence de compression DenseMem pour la m\u00e9moire CXL \u00e0 un \u00ab\u00a0grand fabricant mondial de semiconducteurs\u00a0\u00bb.<\/span><\/h3>\n<p>ZeroPoint affirme que DenseMem augmente de mani\u00e8re importante l&rsquo;efficacit\u00e9 des centres de donn\u00e9es, en am\u00e9liorant les performances de la m\u00e9moire et la bande passante par un facteur variant entre 2 et 4. DenseMem augmente de 50% les performances par watt et r\u00e9duit le co\u00fbt total de possession de 25 %, tout en \u00e9tant conforme aux sp\u00e9cifications de \u00ab\u00a0l&rsquo;Open Compute Project\u00a0\u00bb.<\/p>\n<p>DenseMem augmente la capacit\u00e9 de m\u00e9moire effective des dispositifs CXL de type 3 par un facteur de 2 \u00e0 4 gr\u00e2ce \u00e0 la compression\/d\u00e9compression de la m\u00e9moire en ligne. Il se pr\u00e9sente sous la forme d&rsquo;une IP mat\u00e9rielle qui peut \u00eatre int\u00e9gr\u00e9e dans n&rsquo;importe quel contr\u00f4leur de p\u00e9riph\u00e9rique CXL de type 3, ASIC ou SoC, tout en ayant un impact minimal sur la latence et la bande passante. DenseMem est disponible sous la forme d&rsquo;un bloc IP \u00e0 glisser-d\u00e9poser, portable sur les derniers n\u0153uds de traitement. Les produits de ZeroPoint Technologies sont sans perte, transparents, invisibles pour les syst\u00e8mes d&rsquo;exploitation et les applications, et ne d\u00e9pendent d&rsquo;aucune plateforme.<\/p>\n<p><strong>Klas Moreau<\/strong>, PDG de ZeroPoint a d\u00e9clar\u00e9 dans un communiqu\u00e9 : \u00ab\u00a0Nous envisageons un avenir prometteur pour les syst\u00e8mes informatiques o\u00f9 la m\u00e9moire devient une couche h\u00e9t\u00e9rog\u00e8ne plut\u00f4t qu&rsquo;un goulot d&rsquo;\u00e9tranglement, Nous nous engageons \u00e0 multiplier par 2 \u00e0 4 la capacit\u00e9 de la m\u00e9moire, tout en r\u00e9duisant le co\u00fbt total de possession des serveurs d&rsquo;entreprise et des centres de donn\u00e9es.\u00a0\u00bb<\/p>\n<p>La propri\u00e9t\u00e9 intellectuelle a \u00e9t\u00e9 impl\u00e9ment\u00e9e sur un n\u0153ud TSMC de 5 nm.<\/p>\n<h3><a href=\"https:\/\/www.zeropoint-tech.com\/\"><span style=\"font-size: 16px;\">ZeroPoint Technologies<\/span><\/a><\/h3>\n<h4><u><a href=\"https:\/\/news.google.com\/publications\/CAAqBwgKMJbcwQswuPfYAw?hl=fr&amp;gl=BE&amp;ceid=BE:fr\" target=\"news.google.com\" rel=\"noopener\">Suivre ECInews sur Google news<\/a><\/u><\/h4>\n<p>&nbsp;<\/p>\n","protected":false},"excerpt":{"rendered":"<p>Le su\u00e9dois ZeroPoint Technologies bas\u00e9 \u00e0 G\u00f6teborg, a annonc\u00e9 avoir accord\u00e9 une licence de compression DenseMem pour la m\u00e9moire CXL \u00e0 un \u00ab\u00a0grand fabricant mondial de semiconducteurs\u00a0\u00bb. ZeroPoint affirme que DenseMem augmente de mani\u00e8re importante l&rsquo;efficacit\u00e9 des centres de donn\u00e9es, en am\u00e9liorant les performances de la m\u00e9moire et la bande passante par un facteur variant [&hellip;]<\/p>\n","protected":false},"author":11,"featured_media":449443,"comment_status":"closed","ping_status":"closed","sticky":false,"template":"","format":"standard","meta":{"_acf_changed":false,"footnotes":""},"categories":[880],"tags":[6229,6230,4283],"domains":[47],"ppma_author":[1143,3631],"class_list":["post-449474","post","type-post","status-publish","format-standard","has-post-thumbnail","hentry","category-actualites-economiques","tag-compression-fr","tag-compression-densemem","tag-memoire-fr","domains-electronique-eci"],"acf":[],"yoast_head":"<title>La compression DenseMem de ZeroPoint permet d&#039;\u00e9conomiser de l&#039;...<\/title>\n<meta name=\"description\" content=\"licence pour la compression DenseMem pour la m\u00e9moire CXL \u00e0 un &quot;grand fabricant mondial de semiconducteurs&quot;.\" \/>\n<meta name=\"robots\" content=\"index, follow, max-snippet:-1, max-image-preview:large, max-video-preview:-1\" \/>\n<link rel=\"canonical\" href=\"https:\/\/www.ecinews.fr\/fr\/wp-json\/wp\/v2\/posts\/449474\/\" \/>\n<meta property=\"og:locale\" content=\"fr_FR\" \/>\n<meta property=\"og:type\" content=\"article\" \/>\n<meta property=\"og:title\" content=\"La compression DenseMem \u00e9conomise de l&#039;\u00e9nergie dans les centres de donn\u00e9es\" \/>\n<meta property=\"og:description\" content=\"licence pour la compression DenseMem pour la m\u00e9moire CXL \u00e0 un &quot;grand fabricant mondial de semiconducteurs&quot;.\" \/>\n<meta property=\"og:url\" content=\"https:\/\/www.ecinews.fr\/fr\/wp-json\/wp\/v2\/posts\/449474\/\" \/>\n<meta property=\"og:site_name\" content=\"EENewsEurope\" \/>\n<meta property=\"article:published_time\" content=\"2024-04-23T18:07:32+00:00\" \/>\n<meta property=\"article:modified_time\" content=\"2024-04-24T18:31:39+00:00\" \/>\n<meta property=\"og:image\" content=\"https:\/\/test.ecinews.fr\/wp-content\/uploads\/2024\/04\/ZeroPoint630.jpg\" \/>\n\t<meta property=\"og:image:width\" content=\"630\" \/>\n\t<meta property=\"og:image:height\" content=\"395\" \/>\n\t<meta property=\"og:image:type\" content=\"image\/jpeg\" \/>\n<meta name=\"author\" content=\"Daniel Cardon, Peter Clarke\" \/>\n<meta name=\"twitter:card\" content=\"summary_large_image\" \/>\n<meta name=\"twitter:label1\" content=\"Written by\" \/>\n\t<meta name=\"twitter:data1\" content=\"Daniel Cardon\" \/>\n\t<meta name=\"twitter:label2\" content=\"Est. reading time\" \/>\n\t<meta name=\"twitter:data2\" content=\"2 minutes\" \/>\n<script type=\"application\/ld+json\" class=\"yoast-schema-graph\">{\"@context\":\"https:\/\/schema.org\",\"@graph\":[{\"@type\":\"Article\",\"@id\":\"https:\/\/test.ecinews.fr\/fr\/la-compression-densemem-de-zeropoint-conomise-de-lenergie-dans-les-centres-de-donnees\/#article\",\"isPartOf\":{\"@id\":\"https:\/\/test.ecinews.fr\/fr\/la-compression-densemem-de-zeropoint-conomise-de-lenergie-dans-les-centres-de-donnees\/\"},\"author\":{\"name\":\"Daniel Cardon\",\"@id\":\"https:\/\/www.ecinews.fr\/fr\/#\/schema\/person\/93c44cde463762f40a8236eaa44c1c17\"},\"headline\":\"La compression DenseMem \u00e9conomise de l&rsquo;\u00e9nergie dans les centres de donn\u00e9es\",\"datePublished\":\"2024-04-23T18:07:32+00:00\",\"dateModified\":\"2024-04-24T18:31:39+00:00\",\"mainEntityOfPage\":{\"@id\":\"https:\/\/test.ecinews.fr\/fr\/la-compression-densemem-de-zeropoint-conomise-de-lenergie-dans-les-centres-de-donnees\/\"},\"wordCount\":321,\"publisher\":{\"@id\":\"https:\/\/www.ecinews.fr\/fr\/#organization\"},\"keywords\":[\"compression\",\"compression DenseMem\",\"m\u00e9moire\"],\"articleSection\":[\"Actualit\u00e9s \u00e9conomiques\"],\"inLanguage\":\"fr-FR\"},{\"@type\":\"WebPage\",\"@id\":\"https:\/\/test.ecinews.fr\/fr\/la-compression-densemem-de-zeropoint-conomise-de-lenergie-dans-les-centres-de-donnees\/\",\"url\":\"https:\/\/test.ecinews.fr\/fr\/la-compression-densemem-de-zeropoint-conomise-de-lenergie-dans-les-centres-de-donnees\/\",\"name\":\"La compression DenseMem de ZeroPoint permet d'\u00e9conomiser de l'\u00e9nergie dans les centres de donn\u00e9es\",\"isPartOf\":{\"@id\":\"https:\/\/www.ecinews.fr\/fr\/#website\"},\"datePublished\":\"2024-04-23T18:07:32+00:00\",\"dateModified\":\"2024-04-24T18:31:39+00:00\",\"description\":\"licence pour la compression DenseMem pour la m\u00e9moire CXL \u00e0 un \\\"grand fabricant mondial de semiconducteurs\\\".\",\"breadcrumb\":{\"@id\":\"https:\/\/test.ecinews.fr\/fr\/la-compression-densemem-de-zeropoint-conomise-de-lenergie-dans-les-centres-de-donnees\/#breadcrumb\"},\"inLanguage\":\"fr-FR\",\"potentialAction\":[{\"@type\":\"ReadAction\",\"target\":[\"https:\/\/test.ecinews.fr\/fr\/la-compression-densemem-de-zeropoint-conomise-de-lenergie-dans-les-centres-de-donnees\/\"]}]},{\"@type\":\"BreadcrumbList\",\"@id\":\"https:\/\/test.ecinews.fr\/fr\/la-compression-densemem-de-zeropoint-conomise-de-lenergie-dans-les-centres-de-donnees\/#breadcrumb\",\"itemListElement\":[{\"@type\":\"ListItem\",\"position\":1,\"name\":\"Home\",\"item\":\"https:\/\/www.ecinews.fr\/fr\/\"},{\"@type\":\"ListItem\",\"position\":2,\"name\":\"La compression DenseMem \u00e9conomise de l&rsquo;\u00e9nergie dans les centres de donn\u00e9es\"}]},{\"@type\":\"WebSite\",\"@id\":\"https:\/\/www.ecinews.fr\/fr\/#website\",\"url\":\"https:\/\/www.ecinews.fr\/fr\/\",\"name\":\"EENewsEurope\",\"description\":\"Just another WordPress site\",\"publisher\":{\"@id\":\"https:\/\/www.ecinews.fr\/fr\/#organization\"},\"potentialAction\":[{\"@type\":\"SearchAction\",\"target\":{\"@type\":\"EntryPoint\",\"urlTemplate\":\"https:\/\/www.ecinews.fr\/fr\/?s={search_term_string}\"},\"query-input\":\"required name=search_term_string\"}],\"inLanguage\":\"fr-FR\"},{\"@type\":\"Organization\",\"@id\":\"https:\/\/www.ecinews.fr\/fr\/#organization\",\"name\":\"EENewsEurope\",\"url\":\"https:\/\/www.ecinews.fr\/fr\/\",\"logo\":{\"@type\":\"ImageObject\",\"inLanguage\":\"fr-FR\",\"@id\":\"https:\/\/www.ecinews.fr\/fr\/#\/schema\/logo\/image\/\",\"url\":\"https:\/\/www.ecinews.fr\/wp-content\/uploads\/2022\/02\/logo-1.jpg\",\"contentUrl\":\"https:\/\/www.ecinews.fr\/wp-content\/uploads\/2022\/02\/logo-1.jpg\",\"width\":283,\"height\":113,\"caption\":\"EENewsEurope\"},\"image\":{\"@id\":\"https:\/\/www.ecinews.fr\/fr\/#\/schema\/logo\/image\/\"}},{\"@type\":\"Person\",\"@id\":\"https:\/\/www.ecinews.fr\/fr\/#\/schema\/person\/93c44cde463762f40a8236eaa44c1c17\",\"name\":\"Daniel Cardon\",\"image\":{\"@type\":\"ImageObject\",\"inLanguage\":\"fr-FR\",\"@id\":\"https:\/\/www.ecinews.fr\/fr\/#\/schema\/person\/image\/2b243f6bcc1cff7d86aadfb2cd0bd870\",\"url\":\"https:\/\/secure.gravatar.com\/avatar\/de9edc136dfc061ad4778e04635baefa?s=96&d=mm&r=g\",\"contentUrl\":\"https:\/\/secure.gravatar.com\/avatar\/de9edc136dfc061ad4778e04635baefa?s=96&d=mm&r=g\",\"caption\":\"Daniel Cardon\"}}]}<\/script>","yoast_head_json":{"title":"La compression DenseMem de ZeroPoint permet d'\u00e9conomiser de l'...","description":"licence pour la compression DenseMem pour la m\u00e9moire CXL \u00e0 un \"grand fabricant mondial de semiconducteurs\".","robots":{"index":"index","follow":"follow","max-snippet":"max-snippet:-1","max-image-preview":"max-image-preview:large","max-video-preview":"max-video-preview:-1"},"canonical":"https:\/\/www.ecinews.fr\/fr\/wp-json\/wp\/v2\/posts\/449474\/","og_locale":"fr_FR","og_type":"article","og_title":"La compression DenseMem \u00e9conomise de l'\u00e9nergie dans les centres de donn\u00e9es","og_description":"licence pour la compression DenseMem pour la m\u00e9moire CXL \u00e0 un \"grand fabricant mondial de semiconducteurs\".","og_url":"https:\/\/www.ecinews.fr\/fr\/wp-json\/wp\/v2\/posts\/449474\/","og_site_name":"EENewsEurope","article_published_time":"2024-04-23T18:07:32+00:00","article_modified_time":"2024-04-24T18:31:39+00:00","og_image":[{"width":630,"height":395,"url":"https:\/\/test.ecinews.fr\/wp-content\/uploads\/2024\/04\/ZeroPoint630.jpg","type":"image\/jpeg"}],"author":"Daniel Cardon, Peter Clarke","twitter_card":"summary_large_image","twitter_misc":{"Written by":"Daniel Cardon","Est. reading time":"2 minutes"},"schema":{"@context":"https:\/\/schema.org","@graph":[{"@type":"Article","@id":"https:\/\/test.ecinews.fr\/fr\/la-compression-densemem-de-zeropoint-conomise-de-lenergie-dans-les-centres-de-donnees\/#article","isPartOf":{"@id":"https:\/\/test.ecinews.fr\/fr\/la-compression-densemem-de-zeropoint-conomise-de-lenergie-dans-les-centres-de-donnees\/"},"author":{"name":"Daniel Cardon","@id":"https:\/\/www.ecinews.fr\/fr\/#\/schema\/person\/93c44cde463762f40a8236eaa44c1c17"},"headline":"La compression DenseMem \u00e9conomise de l&rsquo;\u00e9nergie dans les centres de donn\u00e9es","datePublished":"2024-04-23T18:07:32+00:00","dateModified":"2024-04-24T18:31:39+00:00","mainEntityOfPage":{"@id":"https:\/\/test.ecinews.fr\/fr\/la-compression-densemem-de-zeropoint-conomise-de-lenergie-dans-les-centres-de-donnees\/"},"wordCount":321,"publisher":{"@id":"https:\/\/www.ecinews.fr\/fr\/#organization"},"keywords":["compression","compression DenseMem","m\u00e9moire"],"articleSection":["Actualit\u00e9s \u00e9conomiques"],"inLanguage":"fr-FR"},{"@type":"WebPage","@id":"https:\/\/test.ecinews.fr\/fr\/la-compression-densemem-de-zeropoint-conomise-de-lenergie-dans-les-centres-de-donnees\/","url":"https:\/\/test.ecinews.fr\/fr\/la-compression-densemem-de-zeropoint-conomise-de-lenergie-dans-les-centres-de-donnees\/","name":"La compression DenseMem de ZeroPoint permet d'\u00e9conomiser de l'\u00e9nergie dans les centres de donn\u00e9es","isPartOf":{"@id":"https:\/\/www.ecinews.fr\/fr\/#website"},"datePublished":"2024-04-23T18:07:32+00:00","dateModified":"2024-04-24T18:31:39+00:00","description":"licence pour la compression DenseMem pour la m\u00e9moire CXL \u00e0 un \"grand fabricant mondial de semiconducteurs\".","breadcrumb":{"@id":"https:\/\/test.ecinews.fr\/fr\/la-compression-densemem-de-zeropoint-conomise-de-lenergie-dans-les-centres-de-donnees\/#breadcrumb"},"inLanguage":"fr-FR","potentialAction":[{"@type":"ReadAction","target":["https:\/\/test.ecinews.fr\/fr\/la-compression-densemem-de-zeropoint-conomise-de-lenergie-dans-les-centres-de-donnees\/"]}]},{"@type":"BreadcrumbList","@id":"https:\/\/test.ecinews.fr\/fr\/la-compression-densemem-de-zeropoint-conomise-de-lenergie-dans-les-centres-de-donnees\/#breadcrumb","itemListElement":[{"@type":"ListItem","position":1,"name":"Home","item":"https:\/\/www.ecinews.fr\/fr\/"},{"@type":"ListItem","position":2,"name":"La compression DenseMem \u00e9conomise de l&rsquo;\u00e9nergie dans les centres de donn\u00e9es"}]},{"@type":"WebSite","@id":"https:\/\/www.ecinews.fr\/fr\/#website","url":"https:\/\/www.ecinews.fr\/fr\/","name":"EENewsEurope","description":"Just another WordPress site","publisher":{"@id":"https:\/\/www.ecinews.fr\/fr\/#organization"},"potentialAction":[{"@type":"SearchAction","target":{"@type":"EntryPoint","urlTemplate":"https:\/\/www.ecinews.fr\/fr\/?s={search_term_string}"},"query-input":"required name=search_term_string"}],"inLanguage":"fr-FR"},{"@type":"Organization","@id":"https:\/\/www.ecinews.fr\/fr\/#organization","name":"EENewsEurope","url":"https:\/\/www.ecinews.fr\/fr\/","logo":{"@type":"ImageObject","inLanguage":"fr-FR","@id":"https:\/\/www.ecinews.fr\/fr\/#\/schema\/logo\/image\/","url":"https:\/\/www.ecinews.fr\/wp-content\/uploads\/2022\/02\/logo-1.jpg","contentUrl":"https:\/\/www.ecinews.fr\/wp-content\/uploads\/2022\/02\/logo-1.jpg","width":283,"height":113,"caption":"EENewsEurope"},"image":{"@id":"https:\/\/www.ecinews.fr\/fr\/#\/schema\/logo\/image\/"}},{"@type":"Person","@id":"https:\/\/www.ecinews.fr\/fr\/#\/schema\/person\/93c44cde463762f40a8236eaa44c1c17","name":"Daniel Cardon","image":{"@type":"ImageObject","inLanguage":"fr-FR","@id":"https:\/\/www.ecinews.fr\/fr\/#\/schema\/person\/image\/2b243f6bcc1cff7d86aadfb2cd0bd870","url":"https:\/\/secure.gravatar.com\/avatar\/de9edc136dfc061ad4778e04635baefa?s=96&d=mm&r=g","contentUrl":"https:\/\/secure.gravatar.com\/avatar\/de9edc136dfc061ad4778e04635baefa?s=96&d=mm&r=g","caption":"Daniel Cardon"}}]}},"authors":[{"term_id":1143,"user_id":11,"is_guest":0,"slug":"danielcardon","display_name":"Daniel Cardon","avatar_url":"https:\/\/secure.gravatar.com\/avatar\/de9edc136dfc061ad4778e04635baefa?s=96&d=mm&r=g","0":null,"1":"","2":"","3":"","4":"","5":"","6":"","7":"","8":""},{"term_id":3631,"user_id":0,"is_guest":1,"slug":"peter-clarke","display_name":"Peter Clarke","avatar_url":"https:\/\/secure.gravatar.com\/avatar\/?s=96&d=mm&r=g","0":null,"1":"","2":"","3":"","4":"","5":"","6":"","7":"","8":""}],"_links":{"self":[{"href":"https:\/\/www.ecinews.fr\/fr\/wp-json\/wp\/v2\/posts\/449474"}],"collection":[{"href":"https:\/\/www.ecinews.fr\/fr\/wp-json\/wp\/v2\/posts"}],"about":[{"href":"https:\/\/www.ecinews.fr\/fr\/wp-json\/wp\/v2\/types\/post"}],"author":[{"embeddable":true,"href":"https:\/\/www.ecinews.fr\/fr\/wp-json\/wp\/v2\/users\/11"}],"replies":[{"embeddable":true,"href":"https:\/\/www.ecinews.fr\/fr\/wp-json\/wp\/v2\/comments?post=449474"}],"version-history":[{"count":0,"href":"https:\/\/www.ecinews.fr\/fr\/wp-json\/wp\/v2\/posts\/449474\/revisions"}],"wp:featuredmedia":[{"embeddable":true,"href":"https:\/\/www.ecinews.fr\/fr\/wp-json\/wp\/v2\/media\/449443"}],"wp:attachment":[{"href":"https:\/\/www.ecinews.fr\/fr\/wp-json\/wp\/v2\/media?parent=449474"}],"wp:term":[{"taxonomy":"category","embeddable":true,"href":"https:\/\/www.ecinews.fr\/fr\/wp-json\/wp\/v2\/categories?post=449474"},{"taxonomy":"post_tag","embeddable":true,"href":"https:\/\/www.ecinews.fr\/fr\/wp-json\/wp\/v2\/tags?post=449474"},{"taxonomy":"domains","embeddable":true,"href":"https:\/\/www.ecinews.fr\/fr\/wp-json\/wp\/v2\/domains?post=449474"},{"taxonomy":"author","embeddable":true,"href":"https:\/\/www.ecinews.fr\/fr\/wp-json\/wp\/v2\/ppma_author?post=449474"}],"curies":[{"name":"wp","href":"https:\/\/api.w.org\/{rel}","templated":true}]}}