{"id":448835,"date":"2024-04-18T09:00:48","date_gmt":"2024-04-18T07:00:48","guid":{"rendered":"https:\/\/www.ecinews.fr\/?p=448835"},"modified":"2024-04-16T16:31:04","modified_gmt":"2024-04-16T14:31:04","slug":"developpement-conjoint-entre-congatec-et-thomas-krenn-pour-un-serveur-embarque-europeen","status":"publish","type":"post","link":"https:\/\/www.ecinews.fr\/fr\/developpement-conjoint-entre-congatec-et-thomas-krenn-pour-un-serveur-embarque-europeen\/","title":{"rendered":"D\u00e9veloppement conjoint entre congatec et Thomas-Krenn pour un serveur embarqu\u00e9 europ\u00e9en"},"content":{"rendered":"<p><strong>congatec et Thomas-Krenn.AG d\u00e9veloppent conjointement un serveur embarqu\u00e9 avec des caract\u00e9ristiques de s\u00e9curit\u00e9 sp\u00e9ciales pour r\u00e9pondre aux exigences de l&rsquo;UE. Gr\u00e2ce \u00e0 sa conception modulaire, le syst\u00e8me pourra \u00eatre mis \u00e0 niveau sur le long terme.<\/strong><\/p>\n<p>Ces fournisseurs informatiques pr\u00e9sentent le nouveau serveur \u00b5ATX, dont le nom sera connu au salon \u00ab\u00a0Embedded World\u00a0\u00bb \u00e0 Nuremberg. Le Computer-on-Module conga-HPC\/sILH de congatec est le coeur du serveur. Dot\u00e9 de processeurs Intel Xeon D1800 et D2800, ce module est bas\u00e9 sur la norme COM-HPC Server du PICMG (PCI Industrial Computer Manufacturers Group). Gr\u00e2ce \u00e0 une interface standardis\u00e9e avec la carte porteuse, le syst\u00e8me modulaire peut \u00eatre mis \u00e0 niveau avec de nouveaux modules en moins de 30 minutes, m\u00eame entre les diff\u00e9rentes g\u00e9n\u00e9rations de processeurs. Cette \u00e9volutivit\u00e9 rapide est essentielle pour garantir que le syst\u00e8me reste \u00e0 l&rsquo;\u00e9preuve du temps et qu&rsquo;il est adapt\u00e9 \u00e0 une utilisation \u00e0 long terme &#8211; ce qui est important en termes de p\u00e9rennit\u00e9 environnementale et financi\u00e8re, et pour assurer aux utilisateurs la capacit\u00e9 de planification de cycles de vie prolong\u00e9s.<\/p>\n<p>Les utilisateurs cibl\u00e9s devraient provenir des secteurs de l&rsquo;industrie, de l&rsquo;automobile, de la s\u00e9curit\u00e9, du transport et de la logistique. En outre, les serveurs \u00e0 s\u00e9curit\u00e9 renforc\u00e9e conviennent \u00e9galement aux fournisseurs et aux op\u00e9rateurs d&rsquo;infrastructures critiques. Les cas d&rsquo;utilisation vont du traitement d&rsquo;images haute performance pour le contr\u00f4le de la qualit\u00e9, le d\u00e9ploiement de logiciels et les pare-feu IT\/OT, au contr\u00f4le de machines complexes. La disponibilit\u00e9 \u00e9tendue du mat\u00e9riel et la conception industrielle des serveurs, qui prennent en charge des plages de temp\u00e9rature allant de -40\u00b0C \u00e0 85\u00b0C, constituent des avantages majeurs pour ces cas d&rsquo;utilisation.<\/p>\n<p><strong>Pr\u00eat pour la directive europ\u00e9enne sur la s\u00e9curit\u00e9 NIS-2 &#8211; avec l&rsquo;IA hors ligne<\/strong><\/p>\n<p>La plupart des composants du syst\u00e8me seront produits en Allemagne ou en Europe &#8211; ce qui est important au-del\u00e0 de la durabilit\u00e9, car la production locale est une condition n\u00e9cessaire pour les caract\u00e9ristiques de s\u00e9curit\u00e9 du syst\u00e8me. Parmi les composants fournis par des fabricants allemands, on trouve des circuits logiques programmables (FPGA) ; le logiciel est \u00e9galement propos\u00e9 par un fournisseur national. Le syst\u00e8me est donc pr\u00eat pour la directive europ\u00e9enne NIS-2 (Netwotk and Information Security), qui est d\u00e9j\u00e0 en vigueur et doit \u00eatre transpos\u00e9e dans le droit d&rsquo;ici octobre 2024. En raison du niveau \u00e9lev\u00e9 de renforcement de la s\u00e9curit\u00e9, congatec et Thomas-Krenn pr\u00e9voient \u00e9galement d&rsquo;int\u00e9grer une IA g\u00e9n\u00e9rative hors ligne.<\/p>\n<p>La production locale est importante non seulement en raison des cha\u00eenes d&rsquo;approvisionnement tendues et des r\u00e9glementations potentielles qui l&rsquo;exigent. Les trajets de transport courts sont tout aussi importants pour le faible impact environnemental du syst\u00e8me que son long cycle de vie. L&rsquo;assemblage final aura lieu chez Thomas-Krenn \u00e0 Freyung, \u00e0 quelque 70 km du si\u00e8ge de congatec \u00e0 Deggendorf. Le d\u00e9veloppement est toujours en cours et l&rsquo;ach\u00e8vement est actuellement pr\u00e9vu pour octobre 2024.<\/p>\n<p><strong>Un travail d&rsquo;\u00e9quipe qui a fait ses preuves<\/strong><\/p>\n<p>\u00ab\u00a0Le serveur embarqu\u00e9 que congatec et Thomas-Krenn ont d\u00e9voil\u00e9 aujourd&rsquo;hui est un succ\u00e8s marquant, int\u00e9grant une technologie de pointe et pourtant qui a fait ses preuves dans un syst\u00e8me hautement s\u00e9curis\u00e9. La proximit\u00e9 g\u00e9ographique des deux entreprises n&rsquo;est peut-\u00eatre qu&rsquo;une co\u00efncidence, mais leurs comp\u00e9tences se compl\u00e8tent parfaitement\u00a0\u00bb, d\u00e9clare Dominik Re\u00dfing, CEO de congatec GmbH. Christoph Maier, CEO de Thomas-Krenn.AG, ajoute : \u00ab\u00a0Le succ\u00e8s de nos serveurs basse consommation (LES) trouve son origine dans une collaboration ant\u00e9rieure avec congatec. Nous connaissons et appr\u00e9cions mutuellement nos technologies, nos normes de qualit\u00e9 et nos processus. Nous sommes donc absolument certains que nos efforts conjoints aboutiront \u00e0 la mise sur le march\u00e9 d&rsquo;un syst\u00e8me extr\u00eamement int\u00e9ressant.\u00a0\u00bb<\/p>\n<p><a href=\"https:\/\/www.congatec.com\">congatec <\/a>| <a href=\"https:\/\/www.thomas-krenn.com\/\">Thomas-Krenn.AG<\/a><\/p>\n<p><a href=\"https:\/\/news.google.com\/publications\/CAAqBwgKMJbcwQswuPfYAw?hl=fr&amp;gl=BE&amp;ceid=BE:fr\">Suivre ECInews sur Google news<\/a><\/p>\n","protected":false},"excerpt":{"rendered":"<p>congatec et Thomas-Krenn.AG d\u00e9veloppent conjointement un serveur embarqu\u00e9 avec des caract\u00e9ristiques de s\u00e9curit\u00e9 sp\u00e9ciales pour r\u00e9pondre aux exigences de l&rsquo;UE. Gr\u00e2ce \u00e0 sa conception modulaire, le syst\u00e8me pourra \u00eatre mis \u00e0 niveau sur le long terme. Ces fournisseurs informatiques pr\u00e9sentent le nouveau serveur \u00b5ATX, dont le nom sera connu au salon \u00ab\u00a0Embedded World\u00a0\u00bb \u00e0 Nuremberg. [&hellip;]<\/p>\n","protected":false},"author":39,"featured_media":448840,"comment_status":"closed","ping_status":"closed","sticky":false,"template":"","format":"standard","meta":{"_acf_changed":false,"footnotes":""},"categories":[886],"tags":[1320],"domains":[47],"ppma_author":[6113],"class_list":["post-448835","post","type-post","status-publish","format-standard","has-post-thumbnail","hentry","category-news-fr","tag-informatique","domains-electronique-eci"],"acf":[],"yoast_head":"<title>D\u00e9veloppement conjoint entre congatec et Thomas-Krenn pour un ...<\/title>\n<meta name=\"description\" content=\"congatec et Thomas-Krenn.AG d\u00e9veloppent conjointement un serveur embarqu\u00e9 avec des caract\u00e9ristiques de s\u00e9curit\u00e9 sp\u00e9ciales pour r\u00e9pondre aux exigences...\" \/>\n<meta name=\"robots\" content=\"index, follow, max-snippet:-1, max-image-preview:large, max-video-preview:-1\" \/>\n<link rel=\"canonical\" href=\"https:\/\/www.ecinews.fr\/fr\/wp-json\/wp\/v2\/posts\/448835\/\" \/>\n<meta property=\"og:locale\" content=\"fr_FR\" \/>\n<meta property=\"og:type\" content=\"article\" \/>\n<meta property=\"og:title\" content=\"D\u00e9veloppement conjoint entre congatec et Thomas-Krenn pour un serveur embarqu\u00e9 europ\u00e9en\" \/>\n<meta property=\"og:description\" content=\"congatec et Thomas-Krenn.AG d\u00e9veloppent conjointement un serveur embarqu\u00e9 avec des caract\u00e9ristiques de s\u00e9curit\u00e9 sp\u00e9ciales pour r\u00e9pondre aux exigences de l&#039;UE. Gr\u00e2ce \u00e0 sa conception modulaire, le syst\u00e8me pourra \u00eatre mis \u00e0 niveau sur le long terme.\" \/>\n<meta property=\"og:url\" content=\"https:\/\/www.ecinews.fr\/fr\/wp-json\/wp\/v2\/posts\/448835\/\" \/>\n<meta property=\"og:site_name\" content=\"EENewsEurope\" \/>\n<meta property=\"article:published_time\" content=\"2024-04-18T07:00:48+00:00\" \/>\n<meta property=\"article:modified_time\" content=\"2024-04-16T14:31:04+00:00\" \/>\n<meta property=\"og:image\" content=\"https:\/\/www.eenewseurope.com\/wp-content\/uploads\/2024\/04\/ECI4121_CONPR2407_A_Thomas-Krenn-Kooperation.png\" \/>\n\t<meta property=\"og:image:width\" content=\"720\" \/>\n\t<meta property=\"og:image:height\" content=\"480\" \/>\n\t<meta property=\"og:image:type\" content=\"image\/png\" \/>\n<meta name=\"author\" content=\"NicolasFeste\" \/>\n<meta name=\"twitter:card\" content=\"summary_large_image\" \/>\n<meta name=\"twitter:label1\" content=\"Written by\" \/>\n\t<meta name=\"twitter:data1\" content=\"NicolasFeste\" \/>\n\t<meta name=\"twitter:label2\" content=\"Est. reading time\" \/>\n\t<meta name=\"twitter:data2\" content=\"3 minutes\" \/>\n<script type=\"application\/ld+json\" class=\"yoast-schema-graph\">{\"@context\":\"https:\/\/schema.org\",\"@graph\":[{\"@type\":\"Article\",\"@id\":\"https:\/\/www.eenewseurope.com\/fr\/developpement-conjoint-entre-congatec-et-thomas-krenn-pour-un-serveur-embarque-europeen\/#article\",\"isPartOf\":{\"@id\":\"https:\/\/www.eenewseurope.com\/fr\/developpement-conjoint-entre-congatec-et-thomas-krenn-pour-un-serveur-embarque-europeen\/\"},\"author\":{\"name\":\"NicolasFeste\",\"@id\":\"https:\/\/www.eenewseurope.com\/en\/#\/schema\/person\/c7104a72b466a801f257e51481de0c43\"},\"headline\":\"D\u00e9veloppement conjoint entre congatec et Thomas-Krenn pour un serveur embarqu\u00e9 europ\u00e9en\",\"datePublished\":\"2024-04-18T07:00:48+00:00\",\"dateModified\":\"2024-04-16T14:31:04+00:00\",\"mainEntityOfPage\":{\"@id\":\"https:\/\/www.eenewseurope.com\/fr\/developpement-conjoint-entre-congatec-et-thomas-krenn-pour-un-serveur-embarque-europeen\/\"},\"wordCount\":687,\"publisher\":{\"@id\":\"https:\/\/www.eenewseurope.com\/en\/#organization\"},\"keywords\":[\"Informatique\"],\"articleSection\":[\"Actualit\u00e9 g\u00e9n\u00e9rale\"],\"inLanguage\":\"fr-FR\"},{\"@type\":\"WebPage\",\"@id\":\"https:\/\/www.eenewseurope.com\/fr\/developpement-conjoint-entre-congatec-et-thomas-krenn-pour-un-serveur-embarque-europeen\/\",\"url\":\"https:\/\/www.eenewseurope.com\/fr\/developpement-conjoint-entre-congatec-et-thomas-krenn-pour-un-serveur-embarque-europeen\/\",\"name\":\"D\u00e9veloppement conjoint entre congatec et Thomas-Krenn pour un serveur embarqu\u00e9 europ\u00e9en -\",\"isPartOf\":{\"@id\":\"https:\/\/www.eenewseurope.com\/en\/#website\"},\"datePublished\":\"2024-04-18T07:00:48+00:00\",\"dateModified\":\"2024-04-16T14:31:04+00:00\",\"description\":\"congatec et Thomas-Krenn.AG d\u00e9veloppent conjointement un serveur embarqu\u00e9 avec des caract\u00e9ristiques de s\u00e9curit\u00e9 sp\u00e9ciales pour r\u00e9pondre aux exigences de l'UE. Gr\u00e2ce \u00e0 sa conception modulaire, le syst\u00e8me pourra \u00eatre mis \u00e0 niveau sur le long terme.\",\"breadcrumb\":{\"@id\":\"https:\/\/www.eenewseurope.com\/fr\/developpement-conjoint-entre-congatec-et-thomas-krenn-pour-un-serveur-embarque-europeen\/#breadcrumb\"},\"inLanguage\":\"fr-FR\",\"potentialAction\":[{\"@type\":\"ReadAction\",\"target\":[\"https:\/\/www.eenewseurope.com\/fr\/developpement-conjoint-entre-congatec-et-thomas-krenn-pour-un-serveur-embarque-europeen\/\"]}]},{\"@type\":\"BreadcrumbList\",\"@id\":\"https:\/\/www.eenewseurope.com\/fr\/developpement-conjoint-entre-congatec-et-thomas-krenn-pour-un-serveur-embarque-europeen\/#breadcrumb\",\"itemListElement\":[{\"@type\":\"ListItem\",\"position\":1,\"name\":\"Home\",\"item\":\"https:\/\/www.ecinews.fr\/fr\/\"},{\"@type\":\"ListItem\",\"position\":2,\"name\":\"D\u00e9veloppement conjoint entre congatec et Thomas-Krenn pour un serveur embarqu\u00e9 europ\u00e9en\"}]},{\"@type\":\"WebSite\",\"@id\":\"https:\/\/www.eenewseurope.com\/en\/#website\",\"url\":\"https:\/\/www.eenewseurope.com\/en\/\",\"name\":\"EENewsEurope\",\"description\":\"Just another WordPress site\",\"publisher\":{\"@id\":\"https:\/\/www.eenewseurope.com\/en\/#organization\"},\"potentialAction\":[{\"@type\":\"SearchAction\",\"target\":{\"@type\":\"EntryPoint\",\"urlTemplate\":\"https:\/\/www.eenewseurope.com\/en\/?s={search_term_string}\"},\"query-input\":\"required name=search_term_string\"}],\"inLanguage\":\"fr-FR\"},{\"@type\":\"Organization\",\"@id\":\"https:\/\/www.eenewseurope.com\/en\/#organization\",\"name\":\"EENewsEurope\",\"url\":\"https:\/\/www.eenewseurope.com\/en\/\",\"logo\":{\"@type\":\"ImageObject\",\"inLanguage\":\"fr-FR\",\"@id\":\"https:\/\/www.eenewseurope.com\/en\/#\/schema\/logo\/image\/\",\"url\":\"https:\/\/www.ecinews.fr\/wp-content\/uploads\/2022\/02\/logo-1.jpg\",\"contentUrl\":\"https:\/\/www.ecinews.fr\/wp-content\/uploads\/2022\/02\/logo-1.jpg\",\"width\":283,\"height\":113,\"caption\":\"EENewsEurope\"},\"image\":{\"@id\":\"https:\/\/www.eenewseurope.com\/en\/#\/schema\/logo\/image\/\"}},{\"@type\":\"Person\",\"@id\":\"https:\/\/www.eenewseurope.com\/en\/#\/schema\/person\/c7104a72b466a801f257e51481de0c43\",\"name\":\"NicolasFeste\",\"image\":{\"@type\":\"ImageObject\",\"inLanguage\":\"fr-FR\",\"@id\":\"https:\/\/www.eenewseurope.com\/en\/#\/schema\/person\/image\/1ea421e7d03c1e96a9ea2bcf2705734a\",\"url\":\"https:\/\/secure.gravatar.com\/avatar\/2e187f4d96902933ba445ed6c760e11c?s=96&d=mm&r=g\",\"contentUrl\":\"https:\/\/secure.gravatar.com\/avatar\/2e187f4d96902933ba445ed6c760e11c?s=96&d=mm&r=g\",\"caption\":\"NicolasFeste\"}}]}<\/script>","yoast_head_json":{"title":"D\u00e9veloppement conjoint entre congatec et Thomas-Krenn pour un ...","description":"congatec et Thomas-Krenn.AG d\u00e9veloppent conjointement un serveur embarqu\u00e9 avec des caract\u00e9ristiques de s\u00e9curit\u00e9 sp\u00e9ciales pour r\u00e9pondre aux exigences...","robots":{"index":"index","follow":"follow","max-snippet":"max-snippet:-1","max-image-preview":"max-image-preview:large","max-video-preview":"max-video-preview:-1"},"canonical":"https:\/\/www.ecinews.fr\/fr\/wp-json\/wp\/v2\/posts\/448835\/","og_locale":"fr_FR","og_type":"article","og_title":"D\u00e9veloppement conjoint entre congatec et Thomas-Krenn pour un serveur embarqu\u00e9 europ\u00e9en","og_description":"congatec et Thomas-Krenn.AG d\u00e9veloppent conjointement un serveur embarqu\u00e9 avec des caract\u00e9ristiques de s\u00e9curit\u00e9 sp\u00e9ciales pour r\u00e9pondre aux exigences de l'UE. Gr\u00e2ce \u00e0 sa conception modulaire, le syst\u00e8me pourra \u00eatre mis \u00e0 niveau sur le long terme.","og_url":"https:\/\/www.ecinews.fr\/fr\/wp-json\/wp\/v2\/posts\/448835\/","og_site_name":"EENewsEurope","article_published_time":"2024-04-18T07:00:48+00:00","article_modified_time":"2024-04-16T14:31:04+00:00","og_image":[{"width":720,"height":480,"url":"https:\/\/www.eenewseurope.com\/wp-content\/uploads\/2024\/04\/ECI4121_CONPR2407_A_Thomas-Krenn-Kooperation.png","type":"image\/png"}],"author":"NicolasFeste","twitter_card":"summary_large_image","twitter_misc":{"Written by":"NicolasFeste","Est. reading time":"3 minutes"},"schema":{"@context":"https:\/\/schema.org","@graph":[{"@type":"Article","@id":"https:\/\/www.eenewseurope.com\/fr\/developpement-conjoint-entre-congatec-et-thomas-krenn-pour-un-serveur-embarque-europeen\/#article","isPartOf":{"@id":"https:\/\/www.eenewseurope.com\/fr\/developpement-conjoint-entre-congatec-et-thomas-krenn-pour-un-serveur-embarque-europeen\/"},"author":{"name":"NicolasFeste","@id":"https:\/\/www.eenewseurope.com\/en\/#\/schema\/person\/c7104a72b466a801f257e51481de0c43"},"headline":"D\u00e9veloppement conjoint entre congatec et Thomas-Krenn pour un serveur embarqu\u00e9 europ\u00e9en","datePublished":"2024-04-18T07:00:48+00:00","dateModified":"2024-04-16T14:31:04+00:00","mainEntityOfPage":{"@id":"https:\/\/www.eenewseurope.com\/fr\/developpement-conjoint-entre-congatec-et-thomas-krenn-pour-un-serveur-embarque-europeen\/"},"wordCount":687,"publisher":{"@id":"https:\/\/www.eenewseurope.com\/en\/#organization"},"keywords":["Informatique"],"articleSection":["Actualit\u00e9 g\u00e9n\u00e9rale"],"inLanguage":"fr-FR"},{"@type":"WebPage","@id":"https:\/\/www.eenewseurope.com\/fr\/developpement-conjoint-entre-congatec-et-thomas-krenn-pour-un-serveur-embarque-europeen\/","url":"https:\/\/www.eenewseurope.com\/fr\/developpement-conjoint-entre-congatec-et-thomas-krenn-pour-un-serveur-embarque-europeen\/","name":"D\u00e9veloppement conjoint entre congatec et Thomas-Krenn pour un serveur embarqu\u00e9 europ\u00e9en -","isPartOf":{"@id":"https:\/\/www.eenewseurope.com\/en\/#website"},"datePublished":"2024-04-18T07:00:48+00:00","dateModified":"2024-04-16T14:31:04+00:00","description":"congatec et Thomas-Krenn.AG d\u00e9veloppent conjointement un serveur embarqu\u00e9 avec des caract\u00e9ristiques de s\u00e9curit\u00e9 sp\u00e9ciales pour r\u00e9pondre aux exigences de l'UE. Gr\u00e2ce \u00e0 sa conception modulaire, le syst\u00e8me pourra \u00eatre mis \u00e0 niveau sur le long terme.","breadcrumb":{"@id":"https:\/\/www.eenewseurope.com\/fr\/developpement-conjoint-entre-congatec-et-thomas-krenn-pour-un-serveur-embarque-europeen\/#breadcrumb"},"inLanguage":"fr-FR","potentialAction":[{"@type":"ReadAction","target":["https:\/\/www.eenewseurope.com\/fr\/developpement-conjoint-entre-congatec-et-thomas-krenn-pour-un-serveur-embarque-europeen\/"]}]},{"@type":"BreadcrumbList","@id":"https:\/\/www.eenewseurope.com\/fr\/developpement-conjoint-entre-congatec-et-thomas-krenn-pour-un-serveur-embarque-europeen\/#breadcrumb","itemListElement":[{"@type":"ListItem","position":1,"name":"Home","item":"https:\/\/www.ecinews.fr\/fr\/"},{"@type":"ListItem","position":2,"name":"D\u00e9veloppement conjoint entre congatec et Thomas-Krenn pour un serveur embarqu\u00e9 europ\u00e9en"}]},{"@type":"WebSite","@id":"https:\/\/www.eenewseurope.com\/en\/#website","url":"https:\/\/www.eenewseurope.com\/en\/","name":"EENewsEurope","description":"Just another WordPress site","publisher":{"@id":"https:\/\/www.eenewseurope.com\/en\/#organization"},"potentialAction":[{"@type":"SearchAction","target":{"@type":"EntryPoint","urlTemplate":"https:\/\/www.eenewseurope.com\/en\/?s={search_term_string}"},"query-input":"required name=search_term_string"}],"inLanguage":"fr-FR"},{"@type":"Organization","@id":"https:\/\/www.eenewseurope.com\/en\/#organization","name":"EENewsEurope","url":"https:\/\/www.eenewseurope.com\/en\/","logo":{"@type":"ImageObject","inLanguage":"fr-FR","@id":"https:\/\/www.eenewseurope.com\/en\/#\/schema\/logo\/image\/","url":"https:\/\/www.ecinews.fr\/wp-content\/uploads\/2022\/02\/logo-1.jpg","contentUrl":"https:\/\/www.ecinews.fr\/wp-content\/uploads\/2022\/02\/logo-1.jpg","width":283,"height":113,"caption":"EENewsEurope"},"image":{"@id":"https:\/\/www.eenewseurope.com\/en\/#\/schema\/logo\/image\/"}},{"@type":"Person","@id":"https:\/\/www.eenewseurope.com\/en\/#\/schema\/person\/c7104a72b466a801f257e51481de0c43","name":"NicolasFeste","image":{"@type":"ImageObject","inLanguage":"fr-FR","@id":"https:\/\/www.eenewseurope.com\/en\/#\/schema\/person\/image\/1ea421e7d03c1e96a9ea2bcf2705734a","url":"https:\/\/secure.gravatar.com\/avatar\/2e187f4d96902933ba445ed6c760e11c?s=96&d=mm&r=g","contentUrl":"https:\/\/secure.gravatar.com\/avatar\/2e187f4d96902933ba445ed6c760e11c?s=96&d=mm&r=g","caption":"NicolasFeste"}}]}},"authors":[{"term_id":6113,"user_id":39,"is_guest":0,"slug":"nicolasfeste","display_name":"NicolasFeste","avatar_url":"https:\/\/secure.gravatar.com\/avatar\/2e187f4d96902933ba445ed6c760e11c?s=96&d=mm&r=g","0":null,"1":"","2":"","3":"","4":"","5":"","6":"","7":"","8":""}],"_links":{"self":[{"href":"https:\/\/www.ecinews.fr\/fr\/wp-json\/wp\/v2\/posts\/448835"}],"collection":[{"href":"https:\/\/www.ecinews.fr\/fr\/wp-json\/wp\/v2\/posts"}],"about":[{"href":"https:\/\/www.ecinews.fr\/fr\/wp-json\/wp\/v2\/types\/post"}],"author":[{"embeddable":true,"href":"https:\/\/www.ecinews.fr\/fr\/wp-json\/wp\/v2\/users\/39"}],"replies":[{"embeddable":true,"href":"https:\/\/www.ecinews.fr\/fr\/wp-json\/wp\/v2\/comments?post=448835"}],"version-history":[{"count":0,"href":"https:\/\/www.ecinews.fr\/fr\/wp-json\/wp\/v2\/posts\/448835\/revisions"}],"wp:featuredmedia":[{"embeddable":true,"href":"https:\/\/www.ecinews.fr\/fr\/wp-json\/wp\/v2\/media\/448840"}],"wp:attachment":[{"href":"https:\/\/www.ecinews.fr\/fr\/wp-json\/wp\/v2\/media?parent=448835"}],"wp:term":[{"taxonomy":"category","embeddable":true,"href":"https:\/\/www.ecinews.fr\/fr\/wp-json\/wp\/v2\/categories?post=448835"},{"taxonomy":"post_tag","embeddable":true,"href":"https:\/\/www.ecinews.fr\/fr\/wp-json\/wp\/v2\/tags?post=448835"},{"taxonomy":"domains","embeddable":true,"href":"https:\/\/www.ecinews.fr\/fr\/wp-json\/wp\/v2\/domains?post=448835"},{"taxonomy":"author","embeddable":true,"href":"https:\/\/www.ecinews.fr\/fr\/wp-json\/wp\/v2\/ppma_author?post=448835"}],"curies":[{"name":"wp","href":"https:\/\/api.w.org\/{rel}","templated":true}]}}