{"id":448440,"date":"2024-04-11T19:29:29","date_gmt":"2024-04-11T17:29:29","guid":{"rendered":"https:\/\/www.ecinews.fr\/?p=448440"},"modified":"2024-04-11T19:29:29","modified_gmt":"2024-04-11T17:29:29","slug":"alliance-dans-le-monde-des-textiles-intelligents","status":"publish","type":"post","link":"https:\/\/www.ecinews.fr\/fr\/alliance-dans-le-monde-des-textiles-intelligents\/","title":{"rendered":"Alliance dans le monde des textiles intelligents"},"content":{"rendered":"<h3><strong>Les textiles intelligents ont de multiples usages, d\u00e9tection et localisation de fuites, coupures ou chocs, signal\u00e9tiques, lumi\u00e8re d\u2019ambiance. En int\u00e9grant les comp\u00e9tences de d\u00e9veloppement, de prototypage et d\u2019assemblage d\u2019AQ-Tech, Satab acc\u00e9l\u00e8re le d\u00e9veloppement d\u2019Eweave, sa marque de textiles intelligents, fabriqu\u00e9 en France.<\/strong><\/h3>\n<p>Les capteurs lin\u00e9aires Eweave, combinant savoir-faire textile et comp\u00e9tences IOT (internet des objets), offrent un panel de solutions illimit\u00e9es.<\/p>\n<p>Selon les besoins, Eweave permet la connectivit\u00e9 \u00e9lectrique, le transfert de donn\u00e9es, l\u2019int\u00e9gration d\u2019interrupteur on\/off, de dimming, la d\u00e9tection et la localisation de fuites, d\u2019appuis, de chocs, de coupures, de tensions m\u00e9caniques, de pression, la mesure de niveau d\u2019eau et adopte \u00e9galement une nouvelle fonction d\u2019\u00e9clairage.<\/p>\n<p>Gr\u00e2ce \u00e0 l\u2019alliance entre Satab et AQ-Tech, les solutions Eweave se dotent d\u2019un p\u00f4le R&amp;D qui a pour vocation d\u2019acc\u00e9l\u00e9rer leur d\u00e9veloppement et leur mise sur le march\u00e9. Ce nouvel EweaveLab\u2019 travaille sur des solutions cl\u00e9s en main pr\u00eates \u00e0 r\u00e9pondre aux besoins de nombreux secteurs industriels (BTP, automobile, a\u00e9ronautique, industrie, EPI, architecture).<\/p>\n<p><a href=\"https:\/\/eweave.fr\/\">Eweave<\/a><\/p>\n<p><a href=\"https:\/\/news.google.com\/publications\/CAAqBwgKMJbcwQswuPfYAw?hl=fr&amp;gl=BE&amp;ceid=BE:fr\">Suivre ECInews sur Google news<\/a><\/p>\n","protected":false},"excerpt":{"rendered":"<p>Les textiles intelligents ont de multiples usages, d\u00e9tection et localisation de fuites, coupures ou chocs, signal\u00e9tiques, lumi\u00e8re d\u2019ambiance. En int\u00e9grant les comp\u00e9tences de d\u00e9veloppement, de prototypage et d\u2019assemblage d\u2019AQ-Tech, Satab acc\u00e9l\u00e8re le d\u00e9veloppement d\u2019Eweave, sa marque de textiles intelligents, fabriqu\u00e9 en France. Les capteurs lin\u00e9aires Eweave, combinant savoir-faire textile et comp\u00e9tences IOT (internet des objets), [&hellip;]<\/p>\n","protected":false},"author":39,"featured_media":448465,"comment_status":"closed","ping_status":"closed","sticky":false,"template":"","format":"standard","meta":{"_acf_changed":false,"footnotes":""},"categories":[886],"tags":[919],"domains":[47],"ppma_author":[6113],"class_list":["post-448440","post","type-post","status-publish","format-standard","has-post-thumbnail","hentry","category-news-fr","tag-iot-fr","domains-electronique-eci"],"acf":[],"yoast_head":"<title>Alliance dans le monde des textiles intelligents ...<\/title>\n<meta name=\"description\" content=\"En int\u00e9grant les comp\u00e9tences de d\u00e9veloppement, de prototypage et d\u2019assemblage d\u2019AQ-Tech, Satab acc\u00e9l\u00e8re le d\u00e9veloppement d\u2019Eweave, sa marque de...\" \/>\n<meta name=\"robots\" content=\"index, follow, max-snippet:-1, max-image-preview:large, max-video-preview:-1\" \/>\n<link rel=\"canonical\" href=\"https:\/\/www.ecinews.fr\/fr\/wp-json\/wp\/v2\/posts\/448440\/\" \/>\n<meta property=\"og:locale\" content=\"fr_FR\" \/>\n<meta property=\"og:type\" content=\"article\" \/>\n<meta property=\"og:title\" content=\"Alliance dans le monde des textiles intelligents\" \/>\n<meta property=\"og:description\" content=\"En int\u00e9grant les comp\u00e9tences de d\u00e9veloppement, de prototypage et d\u2019assemblage d\u2019AQ-Tech, Satab acc\u00e9l\u00e8re le d\u00e9veloppement d\u2019Eweave, sa marque de textiles intelligents, fabriqu\u00e9 en France\" \/>\n<meta property=\"og:url\" content=\"https:\/\/www.ecinews.fr\/fr\/wp-json\/wp\/v2\/posts\/448440\/\" \/>\n<meta property=\"og:site_name\" content=\"EENewsEurope\" \/>\n<meta property=\"article:published_time\" content=\"2024-04-11T17:29:29+00:00\" \/>\n<meta property=\"og:image\" content=\"https:\/\/www.ecinews.fr\/wp-content\/uploads\/2024\/04\/ECI4113_Eweave-lighting-solution3\u252c\u00aeEweave-scaled.jpg\" \/>\n\t<meta property=\"og:image:width\" content=\"1080\" \/>\n\t<meta property=\"og:image:height\" content=\"810\" \/>\n\t<meta property=\"og:image:type\" content=\"image\/jpeg\" \/>\n<meta name=\"author\" content=\"NicolasFeste\" \/>\n<meta name=\"twitter:card\" content=\"summary_large_image\" \/>\n<meta name=\"twitter:label1\" content=\"Written by\" \/>\n\t<meta name=\"twitter:data1\" content=\"NicolasFeste\" \/>\n\t<meta name=\"twitter:label2\" content=\"Est. reading time\" \/>\n\t<meta name=\"twitter:data2\" content=\"1 minute\" \/>\n<script type=\"application\/ld+json\" class=\"yoast-schema-graph\">{\"@context\":\"https:\/\/schema.org\",\"@graph\":[{\"@type\":\"Article\",\"@id\":\"https:\/\/www.ecinews.fr\/fr\/alliance-dans-le-monde-des-textiles-intelligents\/#article\",\"isPartOf\":{\"@id\":\"https:\/\/www.ecinews.fr\/fr\/alliance-dans-le-monde-des-textiles-intelligents\/\"},\"author\":{\"name\":\"NicolasFeste\",\"@id\":\"https:\/\/www.ecinews.fr\/fr\/#\/schema\/person\/c7104a72b466a801f257e51481de0c43\"},\"headline\":\"Alliance dans le monde des textiles intelligents\",\"datePublished\":\"2024-04-11T17:29:29+00:00\",\"dateModified\":\"2024-04-11T17:29:29+00:00\",\"mainEntityOfPage\":{\"@id\":\"https:\/\/www.ecinews.fr\/fr\/alliance-dans-le-monde-des-textiles-intelligents\/\"},\"wordCount\":211,\"publisher\":{\"@id\":\"https:\/\/www.ecinews.fr\/fr\/#organization\"},\"keywords\":[\"IoT\"],\"articleSection\":[\"Actualit\u00e9 g\u00e9n\u00e9rale\"],\"inLanguage\":\"fr-FR\"},{\"@type\":\"WebPage\",\"@id\":\"https:\/\/www.ecinews.fr\/fr\/alliance-dans-le-monde-des-textiles-intelligents\/\",\"url\":\"https:\/\/www.ecinews.fr\/fr\/alliance-dans-le-monde-des-textiles-intelligents\/\",\"name\":\"Alliance dans le monde des textiles intelligents -\",\"isPartOf\":{\"@id\":\"https:\/\/www.ecinews.fr\/fr\/#website\"},\"datePublished\":\"2024-04-11T17:29:29+00:00\",\"dateModified\":\"2024-04-11T17:29:29+00:00\",\"description\":\"En int\u00e9grant les comp\u00e9tences de d\u00e9veloppement, de prototypage et d\u2019assemblage d\u2019AQ-Tech, Satab acc\u00e9l\u00e8re le d\u00e9veloppement d\u2019Eweave, sa marque de textiles intelligents, fabriqu\u00e9 en France\",\"breadcrumb\":{\"@id\":\"https:\/\/www.ecinews.fr\/fr\/alliance-dans-le-monde-des-textiles-intelligents\/#breadcrumb\"},\"inLanguage\":\"fr-FR\",\"potentialAction\":[{\"@type\":\"ReadAction\",\"target\":[\"https:\/\/www.ecinews.fr\/fr\/alliance-dans-le-monde-des-textiles-intelligents\/\"]}]},{\"@type\":\"BreadcrumbList\",\"@id\":\"https:\/\/www.ecinews.fr\/fr\/alliance-dans-le-monde-des-textiles-intelligents\/#breadcrumb\",\"itemListElement\":[{\"@type\":\"ListItem\",\"position\":1,\"name\":\"Home\",\"item\":\"https:\/\/www.ecinews.fr\/fr\/\"},{\"@type\":\"ListItem\",\"position\":2,\"name\":\"Alliance dans le monde des textiles intelligents\"}]},{\"@type\":\"WebSite\",\"@id\":\"https:\/\/www.ecinews.fr\/fr\/#website\",\"url\":\"https:\/\/www.ecinews.fr\/fr\/\",\"name\":\"EENewsEurope\",\"description\":\"Just another WordPress site\",\"publisher\":{\"@id\":\"https:\/\/www.ecinews.fr\/fr\/#organization\"},\"potentialAction\":[{\"@type\":\"SearchAction\",\"target\":{\"@type\":\"EntryPoint\",\"urlTemplate\":\"https:\/\/www.ecinews.fr\/fr\/?s={search_term_string}\"},\"query-input\":\"required name=search_term_string\"}],\"inLanguage\":\"fr-FR\"},{\"@type\":\"Organization\",\"@id\":\"https:\/\/www.ecinews.fr\/fr\/#organization\",\"name\":\"EENewsEurope\",\"url\":\"https:\/\/www.ecinews.fr\/fr\/\",\"logo\":{\"@type\":\"ImageObject\",\"inLanguage\":\"fr-FR\",\"@id\":\"https:\/\/www.ecinews.fr\/fr\/#\/schema\/logo\/image\/\",\"url\":\"https:\/\/www.ecinews.fr\/wp-content\/uploads\/2022\/02\/logo-1.jpg\",\"contentUrl\":\"https:\/\/www.ecinews.fr\/wp-content\/uploads\/2022\/02\/logo-1.jpg\",\"width\":283,\"height\":113,\"caption\":\"EENewsEurope\"},\"image\":{\"@id\":\"https:\/\/www.ecinews.fr\/fr\/#\/schema\/logo\/image\/\"}},{\"@type\":\"Person\",\"@id\":\"https:\/\/www.ecinews.fr\/fr\/#\/schema\/person\/c7104a72b466a801f257e51481de0c43\",\"name\":\"NicolasFeste\",\"image\":{\"@type\":\"ImageObject\",\"inLanguage\":\"fr-FR\",\"@id\":\"https:\/\/www.ecinews.fr\/fr\/#\/schema\/person\/image\/1ea421e7d03c1e96a9ea2bcf2705734a\",\"url\":\"https:\/\/secure.gravatar.com\/avatar\/2e187f4d96902933ba445ed6c760e11c?s=96&d=mm&r=g\",\"contentUrl\":\"https:\/\/secure.gravatar.com\/avatar\/2e187f4d96902933ba445ed6c760e11c?s=96&d=mm&r=g\",\"caption\":\"NicolasFeste\"}}]}<\/script>","yoast_head_json":{"title":"Alliance dans le monde des textiles intelligents ...","description":"En int\u00e9grant les comp\u00e9tences de d\u00e9veloppement, de prototypage et d\u2019assemblage d\u2019AQ-Tech, Satab acc\u00e9l\u00e8re le d\u00e9veloppement d\u2019Eweave, sa marque de...","robots":{"index":"index","follow":"follow","max-snippet":"max-snippet:-1","max-image-preview":"max-image-preview:large","max-video-preview":"max-video-preview:-1"},"canonical":"https:\/\/www.ecinews.fr\/fr\/wp-json\/wp\/v2\/posts\/448440\/","og_locale":"fr_FR","og_type":"article","og_title":"Alliance dans le monde des textiles intelligents","og_description":"En int\u00e9grant les comp\u00e9tences de d\u00e9veloppement, de prototypage et d\u2019assemblage d\u2019AQ-Tech, Satab acc\u00e9l\u00e8re le d\u00e9veloppement d\u2019Eweave, sa marque de textiles intelligents, fabriqu\u00e9 en France","og_url":"https:\/\/www.ecinews.fr\/fr\/wp-json\/wp\/v2\/posts\/448440\/","og_site_name":"EENewsEurope","article_published_time":"2024-04-11T17:29:29+00:00","og_image":[{"width":1080,"height":810,"url":"https:\/\/www.ecinews.fr\/wp-content\/uploads\/2024\/04\/ECI4113_Eweave-lighting-solution3\u252c\u00aeEweave-scaled.jpg","type":"image\/jpeg"}],"author":"NicolasFeste","twitter_card":"summary_large_image","twitter_misc":{"Written by":"NicolasFeste","Est. reading time":"1 minute"},"schema":{"@context":"https:\/\/schema.org","@graph":[{"@type":"Article","@id":"https:\/\/www.ecinews.fr\/fr\/alliance-dans-le-monde-des-textiles-intelligents\/#article","isPartOf":{"@id":"https:\/\/www.ecinews.fr\/fr\/alliance-dans-le-monde-des-textiles-intelligents\/"},"author":{"name":"NicolasFeste","@id":"https:\/\/www.ecinews.fr\/fr\/#\/schema\/person\/c7104a72b466a801f257e51481de0c43"},"headline":"Alliance dans le monde des textiles intelligents","datePublished":"2024-04-11T17:29:29+00:00","dateModified":"2024-04-11T17:29:29+00:00","mainEntityOfPage":{"@id":"https:\/\/www.ecinews.fr\/fr\/alliance-dans-le-monde-des-textiles-intelligents\/"},"wordCount":211,"publisher":{"@id":"https:\/\/www.ecinews.fr\/fr\/#organization"},"keywords":["IoT"],"articleSection":["Actualit\u00e9 g\u00e9n\u00e9rale"],"inLanguage":"fr-FR"},{"@type":"WebPage","@id":"https:\/\/www.ecinews.fr\/fr\/alliance-dans-le-monde-des-textiles-intelligents\/","url":"https:\/\/www.ecinews.fr\/fr\/alliance-dans-le-monde-des-textiles-intelligents\/","name":"Alliance dans le monde des textiles intelligents -","isPartOf":{"@id":"https:\/\/www.ecinews.fr\/fr\/#website"},"datePublished":"2024-04-11T17:29:29+00:00","dateModified":"2024-04-11T17:29:29+00:00","description":"En int\u00e9grant les comp\u00e9tences de d\u00e9veloppement, de prototypage et d\u2019assemblage d\u2019AQ-Tech, Satab acc\u00e9l\u00e8re le d\u00e9veloppement d\u2019Eweave, sa marque de textiles intelligents, fabriqu\u00e9 en France","breadcrumb":{"@id":"https:\/\/www.ecinews.fr\/fr\/alliance-dans-le-monde-des-textiles-intelligents\/#breadcrumb"},"inLanguage":"fr-FR","potentialAction":[{"@type":"ReadAction","target":["https:\/\/www.ecinews.fr\/fr\/alliance-dans-le-monde-des-textiles-intelligents\/"]}]},{"@type":"BreadcrumbList","@id":"https:\/\/www.ecinews.fr\/fr\/alliance-dans-le-monde-des-textiles-intelligents\/#breadcrumb","itemListElement":[{"@type":"ListItem","position":1,"name":"Home","item":"https:\/\/www.ecinews.fr\/fr\/"},{"@type":"ListItem","position":2,"name":"Alliance dans le monde des textiles intelligents"}]},{"@type":"WebSite","@id":"https:\/\/www.ecinews.fr\/fr\/#website","url":"https:\/\/www.ecinews.fr\/fr\/","name":"EENewsEurope","description":"Just another WordPress site","publisher":{"@id":"https:\/\/www.ecinews.fr\/fr\/#organization"},"potentialAction":[{"@type":"SearchAction","target":{"@type":"EntryPoint","urlTemplate":"https:\/\/www.ecinews.fr\/fr\/?s={search_term_string}"},"query-input":"required name=search_term_string"}],"inLanguage":"fr-FR"},{"@type":"Organization","@id":"https:\/\/www.ecinews.fr\/fr\/#organization","name":"EENewsEurope","url":"https:\/\/www.ecinews.fr\/fr\/","logo":{"@type":"ImageObject","inLanguage":"fr-FR","@id":"https:\/\/www.ecinews.fr\/fr\/#\/schema\/logo\/image\/","url":"https:\/\/www.ecinews.fr\/wp-content\/uploads\/2022\/02\/logo-1.jpg","contentUrl":"https:\/\/www.ecinews.fr\/wp-content\/uploads\/2022\/02\/logo-1.jpg","width":283,"height":113,"caption":"EENewsEurope"},"image":{"@id":"https:\/\/www.ecinews.fr\/fr\/#\/schema\/logo\/image\/"}},{"@type":"Person","@id":"https:\/\/www.ecinews.fr\/fr\/#\/schema\/person\/c7104a72b466a801f257e51481de0c43","name":"NicolasFeste","image":{"@type":"ImageObject","inLanguage":"fr-FR","@id":"https:\/\/www.ecinews.fr\/fr\/#\/schema\/person\/image\/1ea421e7d03c1e96a9ea2bcf2705734a","url":"https:\/\/secure.gravatar.com\/avatar\/2e187f4d96902933ba445ed6c760e11c?s=96&d=mm&r=g","contentUrl":"https:\/\/secure.gravatar.com\/avatar\/2e187f4d96902933ba445ed6c760e11c?s=96&d=mm&r=g","caption":"NicolasFeste"}}]}},"authors":[{"term_id":6113,"user_id":39,"is_guest":0,"slug":"nicolasfeste","display_name":"NicolasFeste","avatar_url":"https:\/\/secure.gravatar.com\/avatar\/2e187f4d96902933ba445ed6c760e11c?s=96&d=mm&r=g","0":null,"1":"","2":"","3":"","4":"","5":"","6":"","7":"","8":""}],"_links":{"self":[{"href":"https:\/\/www.ecinews.fr\/fr\/wp-json\/wp\/v2\/posts\/448440"}],"collection":[{"href":"https:\/\/www.ecinews.fr\/fr\/wp-json\/wp\/v2\/posts"}],"about":[{"href":"https:\/\/www.ecinews.fr\/fr\/wp-json\/wp\/v2\/types\/post"}],"author":[{"embeddable":true,"href":"https:\/\/www.ecinews.fr\/fr\/wp-json\/wp\/v2\/users\/39"}],"replies":[{"embeddable":true,"href":"https:\/\/www.ecinews.fr\/fr\/wp-json\/wp\/v2\/comments?post=448440"}],"version-history":[{"count":0,"href":"https:\/\/www.ecinews.fr\/fr\/wp-json\/wp\/v2\/posts\/448440\/revisions"}],"wp:featuredmedia":[{"embeddable":true,"href":"https:\/\/www.ecinews.fr\/fr\/wp-json\/wp\/v2\/media\/448465"}],"wp:attachment":[{"href":"https:\/\/www.ecinews.fr\/fr\/wp-json\/wp\/v2\/media?parent=448440"}],"wp:term":[{"taxonomy":"category","embeddable":true,"href":"https:\/\/www.ecinews.fr\/fr\/wp-json\/wp\/v2\/categories?post=448440"},{"taxonomy":"post_tag","embeddable":true,"href":"https:\/\/www.ecinews.fr\/fr\/wp-json\/wp\/v2\/tags?post=448440"},{"taxonomy":"domains","embeddable":true,"href":"https:\/\/www.ecinews.fr\/fr\/wp-json\/wp\/v2\/domains?post=448440"},{"taxonomy":"author","embeddable":true,"href":"https:\/\/www.ecinews.fr\/fr\/wp-json\/wp\/v2\/ppma_author?post=448440"}],"curies":[{"name":"wp","href":"https:\/\/api.w.org\/{rel}","templated":true}]}}