{"id":448281,"date":"2024-04-10T08:05:31","date_gmt":"2024-04-10T06:05:31","guid":{"rendered":"https:\/\/www.eenewseurope.com\/?p=448281"},"modified":"2024-04-09T20:36:34","modified_gmt":"2024-04-09T18:36:34","slug":"leurope-senfonce-alors-que-la-chine-passe-en-tete-en-nombre-de-fabs","status":"publish","type":"post","link":"https:\/\/www.ecinews.fr\/fr\/leurope-senfonce-alors-que-la-chine-passe-en-tete-en-nombre-de-fabs\/","title":{"rendered":"L&rsquo;Europe s&rsquo;enfonce alors que la Chine passe en t\u00eate en nombre de fabs"},"content":{"rendered":"<h3>La Chine d\u00e9passera la Cor\u00e9e et Ta\u00efwan et deviendra la premi\u00e8re r\u00e9gion pour la capacit\u00e9 de production de wafers de circuits int\u00e9gr\u00e9s d&rsquo;ici \u00e0 2026. Dans le m\u00eame temps, la part de l&rsquo;Europe continuera \u00e0 diminuer, selon les chiffres de Knometa Research.<\/h3>\n<p>La capacit\u00e9 mondiale de production de wafers pour les circuits int\u00e9gr\u00e9s devrait augmenter de 4,5 % par an en 2024, puis de 8,2 % et 8,9 % en 2025 et 2026, respectivement.<\/p>\n<p>La Chine a investi massivement dans la capacit\u00e9 de fabrication de puces, derri\u00e8re la pointe de la technologie, et prendra des parts de march\u00e9 \u00e0 toutes les autres r\u00e9gions, \u00e0 l&rsquo;exception des Am\u00e9riques. En cons\u00e9quence, la Chine d\u00e9passera la Cor\u00e9e du Sud et Ta\u00efwan en 2026.<\/p>\n<div id=\"attachment_448260\" style=\"width: 610px\" class=\"wp-caption alignleft\"><img decoding=\"async\" aria-describedby=\"caption-attachment-448260\" class=\"wp-image-448260 size-full lazyload\" data-src=\"https:\/\/www.eenewseurope.com\/wp-content\/uploads\/2024\/04\/KnometaWaferCap600.jpg\" alt=\"\" width=\"600\" height=\"401\" data-srcset=\"https:\/\/www.ecinews.fr\/wp-content\/uploads\/2024\/04\/KnometaWaferCap600.jpg 600w, https:\/\/www.ecinews.fr\/wp-content\/uploads\/2024\/04\/KnometaWaferCap600-300x201.jpg 300w\" data-sizes=\"(max-width: 600px) 100vw, 600px\" src=\"data:image\/svg+xml;base64,PHN2ZyB3aWR0aD0iMSIgaGVpZ2h0PSIxIiB4bWxucz0iaHR0cDovL3d3dy53My5vcmcvMjAwMC9zdmciPjwvc3ZnPg==\" style=\"--smush-placeholder-width: 600px; --smush-placeholder-aspect-ratio: 600\/401;\" \/><p id=\"caption-attachment-448260\" class=\"wp-caption-text\"><em><strong>Pr\u00e9visions des parts de la capacit\u00e9 mensuelle install\u00e9e de production de plaquettes par zone g\u00e9ographique. Source : Knometa.<\/strong><\/em><\/p><\/div>\n<p>\u00c0 la fin de 2023, la part de la Chine dans la capacit\u00e9 mensuelle mondiale de production de wafers \u00e9tait de 19,1 %, \u00e0 quelques points de pourcentage derri\u00e8re la Cor\u00e9e et Ta\u00efwan. D&rsquo;ici \u00e0 2025, la part de capacit\u00e9 de la Chine devrait \u00eatre \u00e0 peu pr\u00e8s \u00e9quivalente \u00e0 celle des leaders. En 2026, la Chine devrait prendre la premi\u00e8re place.<\/p>\n<p>L&rsquo;Europe, qui repr\u00e9sentait 5 % de la capacit\u00e9 mondiale de production de wafers de circuits int\u00e9gr\u00e9s en d\u00e9cembre 2021, verra sa part continuer \u00e0 s&rsquo;\u00e9roder, passant de 4,8 % en d\u00e9cembre 2023 \u00e0 4,5 % en d\u00e9cembre 2026. Et ce, malgr\u00e9 les projets d&rsquo;usines europ\u00e9ennes de fabrication de wafers annonc\u00e9s par Intel, TSMC et leurs partenaires, ainsi qu&rsquo;une entreprise commune de ST et Globalfoundries. La plupart d&rsquo;entre elles ne seront pas mises en service en volume avant la fin de la p\u00e9riode couverte par les pr\u00e9sentes pr\u00e9visions.<\/p>\n<h4>Tout le monde d\u00e9pense<\/h4>\n<p>Le fait est que d&rsquo;importantes capacit\u00e9s de fabrication de circuits int\u00e9gr\u00e9s sont install\u00e9es dans la plupart des r\u00e9gions g\u00e9ographiques du monde, souvent avec des subventions substantielles des gouvernements.<\/p>\n<p>Les sanctions impos\u00e9es par les \u00c9tats-Unis \u00e0 l&rsquo;industrie chinoise des semiconducteurs entravent les efforts d\u00e9ploy\u00e9s par les entreprises chinoises pour d\u00e9velopper et installer des capacit\u00e9s pour les technologies de process de pointe, mais le pays devrait tout de m\u00eame afficher la plus forte croissance en termes de capacit\u00e9 de production de wafers au cours des prochaines ann\u00e9es. Les responsables politiques am\u00e9ricains et europ\u00e9ens ont commenc\u00e9 \u00e0 s&rsquo;inqui\u00e9ter du fait que la fabrication chinoise de puces anciennes pourrait submerger et perturber les march\u00e9s dans le monde entier.<\/p>\n<p>La capacit\u00e9 de la Chine \u00e0 revendiquer la position de leader mondial d\u00e9pend des entreprises \u00e9trang\u00e8res poss\u00e9dant des fabs en Chine &#8211; telles que Samsung, SK Hynix, TSMC et UMC &#8211; qui continuent \u00e0 b\u00e9n\u00e9ficier d&rsquo;un certain sursis par rapport aux sanctions.<\/p>\n<p>Une part importante de la capacit\u00e9 de production de wafers de circuits int\u00e9gr\u00e9s en Chine est d\u00e9tenue par des soci\u00e9t\u00e9s \u00e9trang\u00e8res, notamment celles \u00e9num\u00e9r\u00e9es ci-dessus ainsi que Powerchip, par l&rsquo;interm\u00e9diaire de sa filiale Nexchip, Texas Instruments, Alpha &amp; Omega Semiconductor et Diodes. Alors que la Chine abritait environ 19 % de la capacit\u00e9 mondiale de production de wafers \u00e0 la fin de 2023, la part d\u00e9tenue par les entreprises chinoises n&rsquo;\u00e9tait que de 11 %.<\/p>\n<h4>Liens et articles connexes :<\/h4>\n<p><a href=\"http:\/\/www.knometa.com\">www.knometa.com<\/a><\/p>\n<h4>Articles de presse :<\/h4>\n<p><a href=\"https:\/\/www.eenewseurope.com\/en\/despite-market-many-300mm-wafer-fabs-starting-up-in-2023\/\">Malgr\u00e9 le march\u00e9, de nombreuses unit\u00e9s de production de plaquettes de 300 mm seront mises en service en 2023<\/a><\/p>\n<p><a href=\"https:\/\/www.eenewseurope.com\/en\/aggressive-fab-spending-wont-lead-to-chip-glut-says-knometa\/\">Les d\u00e9penses agressives des fabricants ne conduiront pas \u00e0 une surabondance de puces, selon Knometa<\/a><\/p>\n<p><a href=\"https:\/\/www.eenewseurope.com\/en\/europe-makes-just-5-of-global-wafers-says-knometa\/\">L&rsquo;Europe ne produit que 5 % des plaquettes de circuits int\u00e9gr\u00e9s, selon Knometa<\/a><\/p>\n","protected":false},"excerpt":{"rendered":"<p>La Chine d\u00e9passera la Cor\u00e9e et Ta\u00efwan et deviendra la premi\u00e8re r\u00e9gion pour la capacit\u00e9 de production de wafers de circuits int\u00e9gr\u00e9s d&rsquo;ici \u00e0 2026. Dans le m\u00eame temps, la part de l&rsquo;Europe continuera \u00e0 diminuer, selon les chiffres de Knometa Research. La capacit\u00e9 mondiale de production de wafers pour les circuits int\u00e9gr\u00e9s devrait augmenter [&hellip;]<\/p>\n","protected":false},"author":34,"featured_media":270045,"comment_status":"closed","ping_status":"closed","sticky":false,"template":"","format":"standard","meta":{"_acf_changed":false,"footnotes":""},"categories":[888],"tags":[889,2264,913,3738,1558,2157],"domains":[47],"ppma_author":[1153,3631],"class_list":["post-448281","post","type-post","status-publish","format-standard","has-post-thumbnail","hentry","category-marche","tag-analog-fr","tag-fabs","tag-materials-processes-fr","tag-plaquette","tag-semiconducteurs","tag-wafers-2","domains-electronique-eci"],"acf":[],"yoast_head":"<title>L&#039;Europe s&#039;enfonce et la Chine passe en t\u00eate en nombre de fabs ...<\/title>\n<meta name=\"description\" content=\"La Chine deviendra la premi\u00e8re r\u00e9gion en termes de capacit\u00e9 de production de wafers de CI d&#039;ici 2026, tandis que l&#039;Europe diminuera.\" \/>\n<meta name=\"robots\" content=\"index, follow, max-snippet:-1, max-image-preview:large, max-video-preview:-1\" \/>\n<link rel=\"canonical\" href=\"https:\/\/www.ecinews.fr\/fr\/wp-json\/wp\/v2\/posts\/448281\/\" \/>\n<meta property=\"og:locale\" content=\"fr_FR\" \/>\n<meta property=\"og:type\" content=\"article\" \/>\n<meta property=\"og:title\" content=\"L&#039;Europe s&#039;enfonce alors que la Chine passe en t\u00eate en nombre de fabs\" \/>\n<meta property=\"og:description\" content=\"La Chine deviendra la premi\u00e8re r\u00e9gion en termes de capacit\u00e9 de production de wafers de CI d&#039;ici 2026, tandis que l&#039;Europe diminuera.\" \/>\n<meta property=\"og:url\" content=\"https:\/\/www.ecinews.fr\/fr\/wp-json\/wp\/v2\/posts\/448281\/\" \/>\n<meta property=\"og:site_name\" content=\"EENewsEurope\" \/>\n<meta property=\"article:published_time\" content=\"2024-04-10T06:05:31+00:00\" \/>\n<meta property=\"article:modified_time\" content=\"2024-04-09T18:36:34+00:00\" \/>\n<meta property=\"og:image\" content=\"https:\/\/www.ecinews.fr\/wp-content\/uploads\/2022\/02\/SmallPie630.jpg\" \/>\n\t<meta property=\"og:image:width\" content=\"630\" \/>\n\t<meta property=\"og:image:height\" content=\"400\" \/>\n\t<meta property=\"og:image:type\" content=\"image\/jpeg\" \/>\n<meta name=\"author\" content=\"A Delapalisse, Peter Clarke\" \/>\n<meta name=\"twitter:card\" content=\"summary_large_image\" \/>\n<meta name=\"twitter:label1\" content=\"Written by\" \/>\n\t<meta name=\"twitter:data1\" content=\"A Delapalisse\" \/>\n\t<meta name=\"twitter:label2\" content=\"Est. reading time\" \/>\n\t<meta name=\"twitter:data2\" content=\"3 minutes\" \/>\n<script type=\"application\/ld+json\" class=\"yoast-schema-graph\">{\"@context\":\"https:\/\/schema.org\",\"@graph\":[{\"@type\":\"Article\",\"@id\":\"https:\/\/www.ecinews.fr\/fr\/leurope-senfonce-alors-que-la-chine-passe-en-tete-en-nombre-de-fabs\/#article\",\"isPartOf\":{\"@id\":\"https:\/\/www.ecinews.fr\/fr\/leurope-senfonce-alors-que-la-chine-passe-en-tete-en-nombre-de-fabs\/\"},\"author\":{\"name\":\"A Delapalisse\",\"@id\":\"https:\/\/www.eenewseurope.com\/en\/#\/schema\/person\/0aa2cfb0bd8949724a68cbac8d8321b4\"},\"headline\":\"L&rsquo;Europe s&rsquo;enfonce alors que la Chine passe en t\u00eate en nombre de fabs\",\"datePublished\":\"2024-04-10T06:05:31+00:00\",\"dateModified\":\"2024-04-09T18:36:34+00:00\",\"mainEntityOfPage\":{\"@id\":\"https:\/\/www.ecinews.fr\/fr\/leurope-senfonce-alors-que-la-chine-passe-en-tete-en-nombre-de-fabs\/\"},\"wordCount\":639,\"publisher\":{\"@id\":\"https:\/\/www.eenewseurope.com\/en\/#organization\"},\"keywords\":[\"Analog\",\"Fabs\",\"Materials &amp; processes\",\"plaquette\",\"Semiconducteurs\",\"wafers\"],\"articleSection\":[\"March\u00e9\"],\"inLanguage\":\"fr-FR\"},{\"@type\":\"WebPage\",\"@id\":\"https:\/\/www.ecinews.fr\/fr\/leurope-senfonce-alors-que-la-chine-passe-en-tete-en-nombre-de-fabs\/\",\"url\":\"https:\/\/www.ecinews.fr\/fr\/leurope-senfonce-alors-que-la-chine-passe-en-tete-en-nombre-de-fabs\/\",\"name\":\"L'Europe s'enfonce et la Chine passe en t\u00eate en nombre de fabs\",\"isPartOf\":{\"@id\":\"https:\/\/www.eenewseurope.com\/en\/#website\"},\"datePublished\":\"2024-04-10T06:05:31+00:00\",\"dateModified\":\"2024-04-09T18:36:34+00:00\",\"description\":\"La Chine deviendra la premi\u00e8re r\u00e9gion en termes de capacit\u00e9 de production de wafers de CI d'ici 2026, tandis que l'Europe diminuera.\",\"breadcrumb\":{\"@id\":\"https:\/\/www.ecinews.fr\/fr\/leurope-senfonce-alors-que-la-chine-passe-en-tete-en-nombre-de-fabs\/#breadcrumb\"},\"inLanguage\":\"fr-FR\",\"potentialAction\":[{\"@type\":\"ReadAction\",\"target\":[\"https:\/\/www.ecinews.fr\/fr\/leurope-senfonce-alors-que-la-chine-passe-en-tete-en-nombre-de-fabs\/\"]}]},{\"@type\":\"BreadcrumbList\",\"@id\":\"https:\/\/www.ecinews.fr\/fr\/leurope-senfonce-alors-que-la-chine-passe-en-tete-en-nombre-de-fabs\/#breadcrumb\",\"itemListElement\":[{\"@type\":\"ListItem\",\"position\":1,\"name\":\"Home\",\"item\":\"https:\/\/www.ecinews.fr\/fr\/\"},{\"@type\":\"ListItem\",\"position\":2,\"name\":\"L&rsquo;Europe s&rsquo;enfonce alors que la Chine passe en t\u00eate en nombre de fabs\"}]},{\"@type\":\"WebSite\",\"@id\":\"https:\/\/www.eenewseurope.com\/en\/#website\",\"url\":\"https:\/\/www.eenewseurope.com\/en\/\",\"name\":\"EENewsEurope\",\"description\":\"Just another WordPress site\",\"publisher\":{\"@id\":\"https:\/\/www.eenewseurope.com\/en\/#organization\"},\"potentialAction\":[{\"@type\":\"SearchAction\",\"target\":{\"@type\":\"EntryPoint\",\"urlTemplate\":\"https:\/\/www.eenewseurope.com\/en\/?s={search_term_string}\"},\"query-input\":\"required name=search_term_string\"}],\"inLanguage\":\"fr-FR\"},{\"@type\":\"Organization\",\"@id\":\"https:\/\/www.eenewseurope.com\/en\/#organization\",\"name\":\"EENewsEurope\",\"url\":\"https:\/\/www.eenewseurope.com\/en\/\",\"logo\":{\"@type\":\"ImageObject\",\"inLanguage\":\"fr-FR\",\"@id\":\"https:\/\/www.eenewseurope.com\/en\/#\/schema\/logo\/image\/\",\"url\":\"https:\/\/www.ecinews.fr\/wp-content\/uploads\/2022\/02\/logo-1.jpg\",\"contentUrl\":\"https:\/\/www.ecinews.fr\/wp-content\/uploads\/2022\/02\/logo-1.jpg\",\"width\":283,\"height\":113,\"caption\":\"EENewsEurope\"},\"image\":{\"@id\":\"https:\/\/www.eenewseurope.com\/en\/#\/schema\/logo\/image\/\"}},{\"@type\":\"Person\",\"@id\":\"https:\/\/www.eenewseurope.com\/en\/#\/schema\/person\/0aa2cfb0bd8949724a68cbac8d8321b4\",\"name\":\"A Delapalisse\",\"image\":{\"@type\":\"ImageObject\",\"inLanguage\":\"fr-FR\",\"@id\":\"https:\/\/www.eenewseurope.com\/en\/#\/schema\/person\/image\/211ac42237c2e9683c0964086c393cb4\",\"url\":\"https:\/\/secure.gravatar.com\/avatar\/ad45a8c5da24bc9c7c4940dd1c48a695?s=96&d=mm&r=g\",\"contentUrl\":\"https:\/\/secure.gravatar.com\/avatar\/ad45a8c5da24bc9c7c4940dd1c48a695?s=96&d=mm&r=g\",\"caption\":\"A Delapalisse\"},\"sameAs\":[\"http:\/\/ECI\"]}]}<\/script>","yoast_head_json":{"title":"L'Europe s'enfonce et la Chine passe en t\u00eate en nombre de fabs ...","description":"La Chine deviendra la premi\u00e8re r\u00e9gion en termes de capacit\u00e9 de production de wafers de CI d'ici 2026, tandis que l'Europe diminuera.","robots":{"index":"index","follow":"follow","max-snippet":"max-snippet:-1","max-image-preview":"max-image-preview:large","max-video-preview":"max-video-preview:-1"},"canonical":"https:\/\/www.ecinews.fr\/fr\/wp-json\/wp\/v2\/posts\/448281\/","og_locale":"fr_FR","og_type":"article","og_title":"L'Europe s'enfonce alors que la Chine passe en t\u00eate en nombre de fabs","og_description":"La Chine deviendra la premi\u00e8re r\u00e9gion en termes de capacit\u00e9 de production de wafers de CI d'ici 2026, tandis que l'Europe diminuera.","og_url":"https:\/\/www.ecinews.fr\/fr\/wp-json\/wp\/v2\/posts\/448281\/","og_site_name":"EENewsEurope","article_published_time":"2024-04-10T06:05:31+00:00","article_modified_time":"2024-04-09T18:36:34+00:00","og_image":[{"width":630,"height":400,"url":"https:\/\/www.ecinews.fr\/wp-content\/uploads\/2022\/02\/SmallPie630.jpg","type":"image\/jpeg"}],"author":"A Delapalisse, Peter Clarke","twitter_card":"summary_large_image","twitter_misc":{"Written by":"A Delapalisse","Est. reading time":"3 minutes"},"schema":{"@context":"https:\/\/schema.org","@graph":[{"@type":"Article","@id":"https:\/\/www.ecinews.fr\/fr\/leurope-senfonce-alors-que-la-chine-passe-en-tete-en-nombre-de-fabs\/#article","isPartOf":{"@id":"https:\/\/www.ecinews.fr\/fr\/leurope-senfonce-alors-que-la-chine-passe-en-tete-en-nombre-de-fabs\/"},"author":{"name":"A Delapalisse","@id":"https:\/\/www.eenewseurope.com\/en\/#\/schema\/person\/0aa2cfb0bd8949724a68cbac8d8321b4"},"headline":"L&rsquo;Europe s&rsquo;enfonce alors que la Chine passe en t\u00eate en nombre de fabs","datePublished":"2024-04-10T06:05:31+00:00","dateModified":"2024-04-09T18:36:34+00:00","mainEntityOfPage":{"@id":"https:\/\/www.ecinews.fr\/fr\/leurope-senfonce-alors-que-la-chine-passe-en-tete-en-nombre-de-fabs\/"},"wordCount":639,"publisher":{"@id":"https:\/\/www.eenewseurope.com\/en\/#organization"},"keywords":["Analog","Fabs","Materials &amp; processes","plaquette","Semiconducteurs","wafers"],"articleSection":["March\u00e9"],"inLanguage":"fr-FR"},{"@type":"WebPage","@id":"https:\/\/www.ecinews.fr\/fr\/leurope-senfonce-alors-que-la-chine-passe-en-tete-en-nombre-de-fabs\/","url":"https:\/\/www.ecinews.fr\/fr\/leurope-senfonce-alors-que-la-chine-passe-en-tete-en-nombre-de-fabs\/","name":"L'Europe s'enfonce et la Chine passe en t\u00eate en nombre de fabs","isPartOf":{"@id":"https:\/\/www.eenewseurope.com\/en\/#website"},"datePublished":"2024-04-10T06:05:31+00:00","dateModified":"2024-04-09T18:36:34+00:00","description":"La Chine deviendra la premi\u00e8re r\u00e9gion en termes de capacit\u00e9 de production de wafers de CI d'ici 2026, tandis que l'Europe diminuera.","breadcrumb":{"@id":"https:\/\/www.ecinews.fr\/fr\/leurope-senfonce-alors-que-la-chine-passe-en-tete-en-nombre-de-fabs\/#breadcrumb"},"inLanguage":"fr-FR","potentialAction":[{"@type":"ReadAction","target":["https:\/\/www.ecinews.fr\/fr\/leurope-senfonce-alors-que-la-chine-passe-en-tete-en-nombre-de-fabs\/"]}]},{"@type":"BreadcrumbList","@id":"https:\/\/www.ecinews.fr\/fr\/leurope-senfonce-alors-que-la-chine-passe-en-tete-en-nombre-de-fabs\/#breadcrumb","itemListElement":[{"@type":"ListItem","position":1,"name":"Home","item":"https:\/\/www.ecinews.fr\/fr\/"},{"@type":"ListItem","position":2,"name":"L&rsquo;Europe s&rsquo;enfonce alors que la Chine passe en t\u00eate en nombre de fabs"}]},{"@type":"WebSite","@id":"https:\/\/www.eenewseurope.com\/en\/#website","url":"https:\/\/www.eenewseurope.com\/en\/","name":"EENewsEurope","description":"Just another WordPress site","publisher":{"@id":"https:\/\/www.eenewseurope.com\/en\/#organization"},"potentialAction":[{"@type":"SearchAction","target":{"@type":"EntryPoint","urlTemplate":"https:\/\/www.eenewseurope.com\/en\/?s={search_term_string}"},"query-input":"required name=search_term_string"}],"inLanguage":"fr-FR"},{"@type":"Organization","@id":"https:\/\/www.eenewseurope.com\/en\/#organization","name":"EENewsEurope","url":"https:\/\/www.eenewseurope.com\/en\/","logo":{"@type":"ImageObject","inLanguage":"fr-FR","@id":"https:\/\/www.eenewseurope.com\/en\/#\/schema\/logo\/image\/","url":"https:\/\/www.ecinews.fr\/wp-content\/uploads\/2022\/02\/logo-1.jpg","contentUrl":"https:\/\/www.ecinews.fr\/wp-content\/uploads\/2022\/02\/logo-1.jpg","width":283,"height":113,"caption":"EENewsEurope"},"image":{"@id":"https:\/\/www.eenewseurope.com\/en\/#\/schema\/logo\/image\/"}},{"@type":"Person","@id":"https:\/\/www.eenewseurope.com\/en\/#\/schema\/person\/0aa2cfb0bd8949724a68cbac8d8321b4","name":"A Delapalisse","image":{"@type":"ImageObject","inLanguage":"fr-FR","@id":"https:\/\/www.eenewseurope.com\/en\/#\/schema\/person\/image\/211ac42237c2e9683c0964086c393cb4","url":"https:\/\/secure.gravatar.com\/avatar\/ad45a8c5da24bc9c7c4940dd1c48a695?s=96&d=mm&r=g","contentUrl":"https:\/\/secure.gravatar.com\/avatar\/ad45a8c5da24bc9c7c4940dd1c48a695?s=96&d=mm&r=g","caption":"A Delapalisse"},"sameAs":["http:\/\/ECI"]}]}},"authors":[{"term_id":1153,"user_id":34,"is_guest":0,"slug":"adelapalisse","display_name":"A Delapalisse","avatar_url":"https:\/\/secure.gravatar.com\/avatar\/ad45a8c5da24bc9c7c4940dd1c48a695?s=96&d=mm&r=g","0":null,"1":"","2":"","3":"","4":"","5":"","6":"","7":"","8":""},{"term_id":3631,"user_id":0,"is_guest":1,"slug":"peter-clarke","display_name":"Peter Clarke","avatar_url":"https:\/\/secure.gravatar.com\/avatar\/?s=96&d=mm&r=g","0":null,"1":"","2":"","3":"","4":"","5":"","6":"","7":"","8":""}],"_links":{"self":[{"href":"https:\/\/www.ecinews.fr\/fr\/wp-json\/wp\/v2\/posts\/448281"}],"collection":[{"href":"https:\/\/www.ecinews.fr\/fr\/wp-json\/wp\/v2\/posts"}],"about":[{"href":"https:\/\/www.ecinews.fr\/fr\/wp-json\/wp\/v2\/types\/post"}],"author":[{"embeddable":true,"href":"https:\/\/www.ecinews.fr\/fr\/wp-json\/wp\/v2\/users\/34"}],"replies":[{"embeddable":true,"href":"https:\/\/www.ecinews.fr\/fr\/wp-json\/wp\/v2\/comments?post=448281"}],"version-history":[{"count":0,"href":"https:\/\/www.ecinews.fr\/fr\/wp-json\/wp\/v2\/posts\/448281\/revisions"}],"wp:featuredmedia":[{"embeddable":true,"href":"https:\/\/www.ecinews.fr\/fr\/wp-json\/wp\/v2\/media\/270045"}],"wp:attachment":[{"href":"https:\/\/www.ecinews.fr\/fr\/wp-json\/wp\/v2\/media?parent=448281"}],"wp:term":[{"taxonomy":"category","embeddable":true,"href":"https:\/\/www.ecinews.fr\/fr\/wp-json\/wp\/v2\/categories?post=448281"},{"taxonomy":"post_tag","embeddable":true,"href":"https:\/\/www.ecinews.fr\/fr\/wp-json\/wp\/v2\/tags?post=448281"},{"taxonomy":"domains","embeddable":true,"href":"https:\/\/www.ecinews.fr\/fr\/wp-json\/wp\/v2\/domains?post=448281"},{"taxonomy":"author","embeddable":true,"href":"https:\/\/www.ecinews.fr\/fr\/wp-json\/wp\/v2\/ppma_author?post=448281"}],"curies":[{"name":"wp","href":"https:\/\/api.w.org\/{rel}","templated":true}]}}