{"id":447955,"date":"2024-04-05T21:52:02","date_gmt":"2024-04-05T19:52:02","guid":{"rendered":"https:\/\/www.ecinews.fr\/?p=447955"},"modified":"2024-04-06T14:32:27","modified_gmt":"2024-04-06T12:32:27","slug":"vicor-presentera-ses-solutions-de-conversion-dalimentation-modulaire-pour-les-architectures-zonales-48-v-au-salon-wcx-2024","status":"publish","type":"post","link":"https:\/\/www.ecinews.fr\/fr\/vicor-presentera-ses-solutions-de-conversion-dalimentation-modulaire-pour-les-architectures-zonales-48-v-au-salon-wcx-2024\/","title":{"rendered":"Solutions de conversion d\u2019alimentation modulaire pour les architectures zonales 48 V"},"content":{"rendered":"<p><strong>Au fur et \u00e0 mesure que le march\u00e9 automobile se dirige vers des architectures zonales 48\u00a0V, les concepteurs de syst\u00e8mes d\u2019alimentation cherchent de nouvelles solutions de conversion d\u2019\u00e9nergie haute tension dot\u00e9es de capacit\u00e9s \u00e9lev\u00e9es en termes de densit\u00e9 de puissance, de poids et d\u2019\u00e9volutivit\u00e9.<\/strong><\/p>\n<p>Vicor pr\u00e9sentera cinq articles lors du congr\u00e8s mondial WCX (World Congress Experience) qui se tiendra \u00e0 D\u00e9troit, aux \u00c9tats-Unis, du 16 au 20 avril prochain, y d\u00e9taillant son approche innovante de la conversion d\u2019\u00e9nergie 800 V et 48 V \u00e0 l\u2019aide de modules d\u2019alimentation \u00e9volutifs et haute densit\u00e9, dot\u00e9s de topologies propri\u00e9taires et de bo\u00eetiers innovants.<\/p>\n<p>Les articles de Vicor sont les suivants\u00a0:<\/p>\n<ul>\n<li><strong><em>Respecter les r\u00e8glementations sur les \u00e9missions EM conduites pour la conversion haute densit\u00e9 avec une fr\u00e9quence de commutation sup\u00e9rieure \u00e0 1,3 MHz <\/em><\/strong>pr\u00e9sent\u00e9 par Nicola Rosano, ing\u00e9nieur syst\u00e8me en chef et consultant strat\u00e9gique (EMEA)<\/li>\n<li><strong><em>Concevoir une architecture zonale 48 V qui conserve la haute tension \u00e0 l\u2019int\u00e9rieur du pack de batterie des VE \u00e0 batterie <\/em><\/strong>pr\u00e9sent\u00e9 par YK Choi, ing\u00e9nieur principal d\u2019application de terrain chez Vicor (Asie-Pacifique), Kang YoungJae, ing\u00e9nieur en chef, INFAC<\/li>\n<li><strong><em>\u00c9liminer la pr\u00e9-charge haute tension gr\u00e2ce au mat\u00e9riel existant dans les VE \u00e0 batterie <\/em><\/strong>pr\u00e9sent\u00e9 par Patrick Kowalyk, ing\u00e9nieur principal d\u2019application de terrain du secteur automobile (Am\u00e9rique du Nord)<\/li>\n<li><strong><em>Migrer vers le 48 V avec une haute efficacit\u00e9, une densit\u00e9 de puissance \u00e9lev\u00e9e et des co\u00fbts syst\u00e8mes efficaces <\/em><\/strong>pr\u00e9sent\u00e9 par Patrick Wadden, vice-pr\u00e9sident mondial, d\u00e9partement automobile<\/li>\n<li><strong><em>Le futur incertain des charges du march\u00e9 des pi\u00e8ces d\u00e9tach\u00e9es dans un monde en 48\u00a0V<\/em><\/strong> pr\u00e9sent\u00e9 par David McChesney, gestionnaire principal de comptes strat\u00e9giques (Am\u00e9rique du Nord)<\/li>\n<\/ul>\n<p><a href=\"https:\/\/www.vicorpower.com\/\">Vicor<\/a><\/p>\n<p><a href=\"https:\/\/news.google.com\/publications\/CAAqBwgKMJbcwQswuPfYAw?hl=fr&amp;gl=BE&amp;ceid=BE:fr\">Suivre ECInews sur Google news<\/a><\/p>\n","protected":false},"excerpt":{"rendered":"<p>Au fur et \u00e0 mesure que le march\u00e9 automobile se dirige vers des architectures zonales 48\u00a0V, les concepteurs de syst\u00e8mes d\u2019alimentation cherchent de nouvelles solutions de conversion d\u2019\u00e9nergie haute tension dot\u00e9es de capacit\u00e9s \u00e9lev\u00e9es en termes de densit\u00e9 de puissance, de poids et d\u2019\u00e9volutivit\u00e9. Vicor pr\u00e9sentera cinq articles lors du congr\u00e8s mondial WCX (World Congress [&hellip;]<\/p>\n","protected":false},"author":39,"featured_media":447956,"comment_status":"closed","ping_status":"closed","sticky":false,"template":"","format":"standard","meta":{"_acf_changed":false,"footnotes":""},"categories":[886],"tags":[1640],"domains":[47],"ppma_author":[6113],"class_list":["post-447955","post","type-post","status-publish","format-standard","has-post-thumbnail","hentry","category-news-fr","tag-automobile","domains-electronique-eci"],"acf":[],"yoast_head":"<title>Solutions de conversion d\u2019alimentation modulaire pour les arc...<\/title>\n<meta name=\"description\" content=\"Au fur et \u00e0 mesure que le march\u00e9 automobile se dirige vers des architectures zonales 48\u00a0V, les concepteurs de syst\u00e8mes d\u2019alimentation cherchent de...\" \/>\n<meta name=\"robots\" content=\"index, follow, max-snippet:-1, max-image-preview:large, max-video-preview:-1\" \/>\n<link rel=\"canonical\" href=\"https:\/\/www.ecinews.fr\/fr\/wp-json\/wp\/v2\/posts\/447955\/\" \/>\n<meta property=\"og:locale\" content=\"fr_FR\" \/>\n<meta property=\"og:type\" content=\"article\" \/>\n<meta property=\"og:title\" content=\"Solutions de conversion d\u2019alimentation modulaire pour les architectures zonales 48 V\" \/>\n<meta property=\"og:description\" content=\"Au fur et \u00e0 mesure que le march\u00e9 automobile se dirige vers des architectures zonales 48\u00a0V, les concepteurs de syst\u00e8mes d\u2019alimentation cherchent de nouvelles solutions de conversion d\u2019\u00e9nergie haute tension dot\u00e9es de capacit\u00e9s \u00e9lev\u00e9es en termes de densit\u00e9 de puissance, de poids et d\u2019\u00e9volutivit\u00e9. Vicor pr\u00e9sentera cinq articles lors du congr\u00e8s mondial WCX (World Congress [&hellip;]\" \/>\n<meta property=\"og:url\" content=\"https:\/\/www.ecinews.fr\/fr\/wp-json\/wp\/v2\/posts\/447955\/\" \/>\n<meta property=\"og:site_name\" content=\"EENewsEurope\" \/>\n<meta property=\"article:published_time\" content=\"2024-04-05T19:52:02+00:00\" \/>\n<meta property=\"article:modified_time\" content=\"2024-04-06T12:32:27+00:00\" \/>\n<meta property=\"og:image\" content=\"https:\/\/www.eenewseurope.com\/wp-content\/uploads\/2024\/04\/ECI4101_Vicor-actu-scaled.jpg\" \/>\n\t<meta property=\"og:image:width\" content=\"1080\" \/>\n\t<meta property=\"og:image:height\" content=\"720\" \/>\n\t<meta property=\"og:image:type\" content=\"image\/jpeg\" \/>\n<meta name=\"author\" content=\"NicolasFeste\" \/>\n<meta name=\"twitter:card\" content=\"summary_large_image\" \/>\n<meta name=\"twitter:label1\" content=\"Written by\" \/>\n\t<meta name=\"twitter:data1\" content=\"NicolasFeste\" \/>\n\t<meta name=\"twitter:label2\" content=\"Est. reading time\" \/>\n\t<meta name=\"twitter:data2\" content=\"2 minutes\" \/>\n<script type=\"application\/ld+json\" class=\"yoast-schema-graph\">{\"@context\":\"https:\/\/schema.org\",\"@graph\":[{\"@type\":\"Article\",\"@id\":\"https:\/\/www.eenewseurope.com\/fr\/vicor-presentera-ses-solutions-de-conversion-dalimentation-modulaire-pour-les-architectures-zonales-48-v-au-salon-wcx-2024\/#article\",\"isPartOf\":{\"@id\":\"https:\/\/www.eenewseurope.com\/fr\/vicor-presentera-ses-solutions-de-conversion-dalimentation-modulaire-pour-les-architectures-zonales-48-v-au-salon-wcx-2024\/\"},\"author\":{\"name\":\"NicolasFeste\",\"@id\":\"https:\/\/www.ecinews.fr\/fr\/#\/schema\/person\/c7104a72b466a801f257e51481de0c43\"},\"headline\":\"Solutions de conversion d\u2019alimentation modulaire pour les architectures zonales 48 V\",\"datePublished\":\"2024-04-05T19:52:02+00:00\",\"dateModified\":\"2024-04-06T12:32:27+00:00\",\"mainEntityOfPage\":{\"@id\":\"https:\/\/www.eenewseurope.com\/fr\/vicor-presentera-ses-solutions-de-conversion-dalimentation-modulaire-pour-les-architectures-zonales-48-v-au-salon-wcx-2024\/\"},\"wordCount\":315,\"publisher\":{\"@id\":\"https:\/\/www.ecinews.fr\/fr\/#organization\"},\"keywords\":[\"Automobile\"],\"articleSection\":[\"Actualit\u00e9 g\u00e9n\u00e9rale\"],\"inLanguage\":\"fr-FR\"},{\"@type\":\"WebPage\",\"@id\":\"https:\/\/www.eenewseurope.com\/fr\/vicor-presentera-ses-solutions-de-conversion-dalimentation-modulaire-pour-les-architectures-zonales-48-v-au-salon-wcx-2024\/\",\"url\":\"https:\/\/www.eenewseurope.com\/fr\/vicor-presentera-ses-solutions-de-conversion-dalimentation-modulaire-pour-les-architectures-zonales-48-v-au-salon-wcx-2024\/\",\"name\":\"Solutions de conversion d\u2019alimentation modulaire pour les architectures zonales 48 V -\",\"isPartOf\":{\"@id\":\"https:\/\/www.ecinews.fr\/fr\/#website\"},\"datePublished\":\"2024-04-05T19:52:02+00:00\",\"dateModified\":\"2024-04-06T12:32:27+00:00\",\"breadcrumb\":{\"@id\":\"https:\/\/www.eenewseurope.com\/fr\/vicor-presentera-ses-solutions-de-conversion-dalimentation-modulaire-pour-les-architectures-zonales-48-v-au-salon-wcx-2024\/#breadcrumb\"},\"inLanguage\":\"fr-FR\",\"potentialAction\":[{\"@type\":\"ReadAction\",\"target\":[\"https:\/\/www.eenewseurope.com\/fr\/vicor-presentera-ses-solutions-de-conversion-dalimentation-modulaire-pour-les-architectures-zonales-48-v-au-salon-wcx-2024\/\"]}]},{\"@type\":\"BreadcrumbList\",\"@id\":\"https:\/\/www.eenewseurope.com\/fr\/vicor-presentera-ses-solutions-de-conversion-dalimentation-modulaire-pour-les-architectures-zonales-48-v-au-salon-wcx-2024\/#breadcrumb\",\"itemListElement\":[{\"@type\":\"ListItem\",\"position\":1,\"name\":\"Home\",\"item\":\"https:\/\/www.ecinews.fr\/fr\/\"},{\"@type\":\"ListItem\",\"position\":2,\"name\":\"Solutions de conversion d\u2019alimentation modulaire pour les architectures zonales 48 V\"}]},{\"@type\":\"WebSite\",\"@id\":\"https:\/\/www.ecinews.fr\/fr\/#website\",\"url\":\"https:\/\/www.ecinews.fr\/fr\/\",\"name\":\"EENewsEurope\",\"description\":\"Just another WordPress site\",\"publisher\":{\"@id\":\"https:\/\/www.ecinews.fr\/fr\/#organization\"},\"potentialAction\":[{\"@type\":\"SearchAction\",\"target\":{\"@type\":\"EntryPoint\",\"urlTemplate\":\"https:\/\/www.ecinews.fr\/fr\/?s={search_term_string}\"},\"query-input\":\"required name=search_term_string\"}],\"inLanguage\":\"fr-FR\"},{\"@type\":\"Organization\",\"@id\":\"https:\/\/www.ecinews.fr\/fr\/#organization\",\"name\":\"EENewsEurope\",\"url\":\"https:\/\/www.ecinews.fr\/fr\/\",\"logo\":{\"@type\":\"ImageObject\",\"inLanguage\":\"fr-FR\",\"@id\":\"https:\/\/www.ecinews.fr\/fr\/#\/schema\/logo\/image\/\",\"url\":\"https:\/\/www.ecinews.fr\/wp-content\/uploads\/2022\/02\/logo-1.jpg\",\"contentUrl\":\"https:\/\/www.ecinews.fr\/wp-content\/uploads\/2022\/02\/logo-1.jpg\",\"width\":283,\"height\":113,\"caption\":\"EENewsEurope\"},\"image\":{\"@id\":\"https:\/\/www.ecinews.fr\/fr\/#\/schema\/logo\/image\/\"}},{\"@type\":\"Person\",\"@id\":\"https:\/\/www.ecinews.fr\/fr\/#\/schema\/person\/c7104a72b466a801f257e51481de0c43\",\"name\":\"NicolasFeste\",\"image\":{\"@type\":\"ImageObject\",\"inLanguage\":\"fr-FR\",\"@id\":\"https:\/\/www.ecinews.fr\/fr\/#\/schema\/person\/image\/1ea421e7d03c1e96a9ea2bcf2705734a\",\"url\":\"https:\/\/secure.gravatar.com\/avatar\/2e187f4d96902933ba445ed6c760e11c?s=96&d=mm&r=g\",\"contentUrl\":\"https:\/\/secure.gravatar.com\/avatar\/2e187f4d96902933ba445ed6c760e11c?s=96&d=mm&r=g\",\"caption\":\"NicolasFeste\"}}]}<\/script>","yoast_head_json":{"title":"Solutions de conversion d\u2019alimentation modulaire pour les arc...","description":"Au fur et \u00e0 mesure que le march\u00e9 automobile se dirige vers des architectures zonales 48\u00a0V, les concepteurs de syst\u00e8mes d\u2019alimentation cherchent de...","robots":{"index":"index","follow":"follow","max-snippet":"max-snippet:-1","max-image-preview":"max-image-preview:large","max-video-preview":"max-video-preview:-1"},"canonical":"https:\/\/www.ecinews.fr\/fr\/wp-json\/wp\/v2\/posts\/447955\/","og_locale":"fr_FR","og_type":"article","og_title":"Solutions de conversion d\u2019alimentation modulaire pour les architectures zonales 48 V","og_description":"Au fur et \u00e0 mesure que le march\u00e9 automobile se dirige vers des architectures zonales 48\u00a0V, les concepteurs de syst\u00e8mes d\u2019alimentation cherchent de nouvelles solutions de conversion d\u2019\u00e9nergie haute tension dot\u00e9es de capacit\u00e9s \u00e9lev\u00e9es en termes de densit\u00e9 de puissance, de poids et d\u2019\u00e9volutivit\u00e9. Vicor pr\u00e9sentera cinq articles lors du congr\u00e8s mondial WCX (World Congress [&hellip;]","og_url":"https:\/\/www.ecinews.fr\/fr\/wp-json\/wp\/v2\/posts\/447955\/","og_site_name":"EENewsEurope","article_published_time":"2024-04-05T19:52:02+00:00","article_modified_time":"2024-04-06T12:32:27+00:00","og_image":[{"width":1080,"height":720,"url":"https:\/\/www.eenewseurope.com\/wp-content\/uploads\/2024\/04\/ECI4101_Vicor-actu-scaled.jpg","type":"image\/jpeg"}],"author":"NicolasFeste","twitter_card":"summary_large_image","twitter_misc":{"Written by":"NicolasFeste","Est. reading time":"2 minutes"},"schema":{"@context":"https:\/\/schema.org","@graph":[{"@type":"Article","@id":"https:\/\/www.eenewseurope.com\/fr\/vicor-presentera-ses-solutions-de-conversion-dalimentation-modulaire-pour-les-architectures-zonales-48-v-au-salon-wcx-2024\/#article","isPartOf":{"@id":"https:\/\/www.eenewseurope.com\/fr\/vicor-presentera-ses-solutions-de-conversion-dalimentation-modulaire-pour-les-architectures-zonales-48-v-au-salon-wcx-2024\/"},"author":{"name":"NicolasFeste","@id":"https:\/\/www.ecinews.fr\/fr\/#\/schema\/person\/c7104a72b466a801f257e51481de0c43"},"headline":"Solutions de conversion d\u2019alimentation modulaire pour les architectures zonales 48 V","datePublished":"2024-04-05T19:52:02+00:00","dateModified":"2024-04-06T12:32:27+00:00","mainEntityOfPage":{"@id":"https:\/\/www.eenewseurope.com\/fr\/vicor-presentera-ses-solutions-de-conversion-dalimentation-modulaire-pour-les-architectures-zonales-48-v-au-salon-wcx-2024\/"},"wordCount":315,"publisher":{"@id":"https:\/\/www.ecinews.fr\/fr\/#organization"},"keywords":["Automobile"],"articleSection":["Actualit\u00e9 g\u00e9n\u00e9rale"],"inLanguage":"fr-FR"},{"@type":"WebPage","@id":"https:\/\/www.eenewseurope.com\/fr\/vicor-presentera-ses-solutions-de-conversion-dalimentation-modulaire-pour-les-architectures-zonales-48-v-au-salon-wcx-2024\/","url":"https:\/\/www.eenewseurope.com\/fr\/vicor-presentera-ses-solutions-de-conversion-dalimentation-modulaire-pour-les-architectures-zonales-48-v-au-salon-wcx-2024\/","name":"Solutions de conversion d\u2019alimentation modulaire pour les architectures zonales 48 V -","isPartOf":{"@id":"https:\/\/www.ecinews.fr\/fr\/#website"},"datePublished":"2024-04-05T19:52:02+00:00","dateModified":"2024-04-06T12:32:27+00:00","breadcrumb":{"@id":"https:\/\/www.eenewseurope.com\/fr\/vicor-presentera-ses-solutions-de-conversion-dalimentation-modulaire-pour-les-architectures-zonales-48-v-au-salon-wcx-2024\/#breadcrumb"},"inLanguage":"fr-FR","potentialAction":[{"@type":"ReadAction","target":["https:\/\/www.eenewseurope.com\/fr\/vicor-presentera-ses-solutions-de-conversion-dalimentation-modulaire-pour-les-architectures-zonales-48-v-au-salon-wcx-2024\/"]}]},{"@type":"BreadcrumbList","@id":"https:\/\/www.eenewseurope.com\/fr\/vicor-presentera-ses-solutions-de-conversion-dalimentation-modulaire-pour-les-architectures-zonales-48-v-au-salon-wcx-2024\/#breadcrumb","itemListElement":[{"@type":"ListItem","position":1,"name":"Home","item":"https:\/\/www.ecinews.fr\/fr\/"},{"@type":"ListItem","position":2,"name":"Solutions de conversion d\u2019alimentation modulaire pour les architectures zonales 48 V"}]},{"@type":"WebSite","@id":"https:\/\/www.ecinews.fr\/fr\/#website","url":"https:\/\/www.ecinews.fr\/fr\/","name":"EENewsEurope","description":"Just another WordPress site","publisher":{"@id":"https:\/\/www.ecinews.fr\/fr\/#organization"},"potentialAction":[{"@type":"SearchAction","target":{"@type":"EntryPoint","urlTemplate":"https:\/\/www.ecinews.fr\/fr\/?s={search_term_string}"},"query-input":"required name=search_term_string"}],"inLanguage":"fr-FR"},{"@type":"Organization","@id":"https:\/\/www.ecinews.fr\/fr\/#organization","name":"EENewsEurope","url":"https:\/\/www.ecinews.fr\/fr\/","logo":{"@type":"ImageObject","inLanguage":"fr-FR","@id":"https:\/\/www.ecinews.fr\/fr\/#\/schema\/logo\/image\/","url":"https:\/\/www.ecinews.fr\/wp-content\/uploads\/2022\/02\/logo-1.jpg","contentUrl":"https:\/\/www.ecinews.fr\/wp-content\/uploads\/2022\/02\/logo-1.jpg","width":283,"height":113,"caption":"EENewsEurope"},"image":{"@id":"https:\/\/www.ecinews.fr\/fr\/#\/schema\/logo\/image\/"}},{"@type":"Person","@id":"https:\/\/www.ecinews.fr\/fr\/#\/schema\/person\/c7104a72b466a801f257e51481de0c43","name":"NicolasFeste","image":{"@type":"ImageObject","inLanguage":"fr-FR","@id":"https:\/\/www.ecinews.fr\/fr\/#\/schema\/person\/image\/1ea421e7d03c1e96a9ea2bcf2705734a","url":"https:\/\/secure.gravatar.com\/avatar\/2e187f4d96902933ba445ed6c760e11c?s=96&d=mm&r=g","contentUrl":"https:\/\/secure.gravatar.com\/avatar\/2e187f4d96902933ba445ed6c760e11c?s=96&d=mm&r=g","caption":"NicolasFeste"}}]}},"authors":[{"term_id":6113,"user_id":39,"is_guest":0,"slug":"nicolasfeste","display_name":"NicolasFeste","avatar_url":"https:\/\/secure.gravatar.com\/avatar\/2e187f4d96902933ba445ed6c760e11c?s=96&d=mm&r=g","0":null,"1":"","2":"","3":"","4":"","5":"","6":"","7":"","8":""}],"_links":{"self":[{"href":"https:\/\/www.ecinews.fr\/fr\/wp-json\/wp\/v2\/posts\/447955"}],"collection":[{"href":"https:\/\/www.ecinews.fr\/fr\/wp-json\/wp\/v2\/posts"}],"about":[{"href":"https:\/\/www.ecinews.fr\/fr\/wp-json\/wp\/v2\/types\/post"}],"author":[{"embeddable":true,"href":"https:\/\/www.ecinews.fr\/fr\/wp-json\/wp\/v2\/users\/39"}],"replies":[{"embeddable":true,"href":"https:\/\/www.ecinews.fr\/fr\/wp-json\/wp\/v2\/comments?post=447955"}],"version-history":[{"count":0,"href":"https:\/\/www.ecinews.fr\/fr\/wp-json\/wp\/v2\/posts\/447955\/revisions"}],"wp:featuredmedia":[{"embeddable":true,"href":"https:\/\/www.ecinews.fr\/fr\/wp-json\/wp\/v2\/media\/447956"}],"wp:attachment":[{"href":"https:\/\/www.ecinews.fr\/fr\/wp-json\/wp\/v2\/media?parent=447955"}],"wp:term":[{"taxonomy":"category","embeddable":true,"href":"https:\/\/www.ecinews.fr\/fr\/wp-json\/wp\/v2\/categories?post=447955"},{"taxonomy":"post_tag","embeddable":true,"href":"https:\/\/www.ecinews.fr\/fr\/wp-json\/wp\/v2\/tags?post=447955"},{"taxonomy":"domains","embeddable":true,"href":"https:\/\/www.ecinews.fr\/fr\/wp-json\/wp\/v2\/domains?post=447955"},{"taxonomy":"author","embeddable":true,"href":"https:\/\/www.ecinews.fr\/fr\/wp-json\/wp\/v2\/ppma_author?post=447955"}],"curies":[{"name":"wp","href":"https:\/\/api.w.org\/{rel}","templated":true}]}}