{"id":447911,"date":"2024-04-05T09:35:53","date_gmt":"2024-04-05T07:35:53","guid":{"rendered":"https:\/\/www.eenewseurope.com\/?p=447911"},"modified":"2024-04-05T09:37:26","modified_gmt":"2024-04-05T07:37:26","slug":"la-croissance-du-marche-des-puces-sest-acceleree-en-fevrier","status":"publish","type":"post","link":"https:\/\/www.ecinews.fr\/fr\/la-croissance-du-marche-des-puces-sest-acceleree-en-fevrier\/","title":{"rendered":"La croissance du march\u00e9 des puces s&rsquo;est acc\u00e9l\u00e9r\u00e9e en f\u00e9vrier"},"content":{"rendered":"<h2>Les chiffres que vient de publier la SIA pour le mois de f\u00e9vrier montrent des signes de fatigue potentielle dans la croissance du march\u00e9 mondial des puces. Toutefois, la croissance annuelle pourrait continuer \u00e0 augmenter tout au long de l&rsquo;ann\u00e9e en raison de la hausse des prix des puces d&rsquo;intelligence artificielle, dont l&rsquo;offre est insuffisante.<\/h2>\n<p>La moyenne mobile sur trois mois de la valeur du march\u00e9 mondial des puces \u00e9tait de 46,17 milliards de dollars en f\u00e9vrier, soit une augmentation de 16,3 % par rapport \u00e0 la m\u00eame p\u00e9riode de l&rsquo;ann\u00e9e pr\u00e9c\u00e9dente. La SIA pr\u00e9sente les chiffres sous la forme d&rsquo;une moyenne mobile sur trois mois bas\u00e9e sur les donn\u00e9es collect\u00e9es par l&rsquo;organisation World Semiconductor Trade Statistics.<\/p>\n<p>Ce bond est \u00e0 comparer \u00e0 la hausse annuelle de 15,2 % enregistr\u00e9e en janvier. Ce chiffre est aussi \u00e0 comparer \u00e0 une augmentation de 11,6 % le mois pr\u00e9c\u00e9dent et de 5,3 % le mois d&rsquo;avant.<\/p>\n<p>La l\u00e9g\u00e8re hausse enregistr\u00e9e en f\u00e9vrier pourrait indiquer que le march\u00e9 est proche d&rsquo;un pic de croissance annuelle.<\/p>\n<p>Ou bien il pourrait s&rsquo;agir d&rsquo;une l\u00e9g\u00e8re pause avant que la croissance du march\u00e9 ne s&rsquo;acc\u00e9l\u00e8re encore. Tout d\u00e9pendra de la capacit\u00e9 de la cha\u00eene d&rsquo;approvisionnement \u00e0 fournir des processeurs et des m\u00e9moires pour l&rsquo;IA et de l&rsquo;\u00e9volution des prix de vente moyens pendant le reste de l&rsquo;ann\u00e9e.<\/p>\n<p>Les pr\u00e9visions actuelles concernant la croissance annuelle du march\u00e9 mondial des puces en 2024 varient entre 13 et 20 %.<\/p>\n<h4>La longue histoire de deux tendances<\/h4>\n<p>Le march\u00e9 continue d&rsquo;\u00eatre fortement bipolaire : les march\u00e9s europ\u00e9en et japonais se contractent (respectivement de 3,4 et 8,5 %), tandis que les Am\u00e9riques, la Chine et l&rsquo;Asie-Pacifique sans la Chine et le Japon affichent une forte croissance.<\/p>\n<p>Le march\u00e9 r\u00e9gional des Am\u00e9riques &#8211; principalement les \u00c9tats-Unis &#8211; a augment\u00e9 de 22 %, ce qui repr\u00e9sente une l\u00e9g\u00e8re am\u00e9lioration par rapport au chiffre de 20,3 % enregistr\u00e9 en janvier. La Chine est le march\u00e9 g\u00e9ographique le plus important et celui qui conna\u00eet la croissance la plus rapide. Le 3MMA de la Chine pour le mois de f\u00e9vrier s&rsquo;\u00e9levait \u00e0 14,13 milliards de dollars, soit pr\u00e8s d&rsquo;un tiers du total mondial et une augmentation de 28,8 %.<\/p>\n<p>Le march\u00e9 de l&rsquo;Asie-Pacifique est \u00e0 peu pr\u00e8s de la m\u00eame taille que celui des Am\u00e9riques, avec une MMA 3 de 12,00 milliards de dollars en f\u00e9vrier, en hausse de 15,4 % sur une base annuelle.<\/p>\n<div id=\"attachment_447882\" style=\"width: 610px\" class=\"wp-caption alignleft\"><img decoding=\"async\" aria-describedby=\"caption-attachment-447882\" class=\"wp-image-447882 size-full lazyload\" data-src=\"https:\/\/www.eenewseurope.com\/wp-content\/uploads\/2024\/04\/SIAfeb600.jpg\" alt=\"\" width=\"600\" height=\"683\" data-srcset=\"https:\/\/www.ecinews.fr\/wp-content\/uploads\/2024\/04\/SIAfeb600.jpg 600w, https:\/\/www.ecinews.fr\/wp-content\/uploads\/2024\/04\/SIAfeb600-264x300.jpg 264w\" data-sizes=\"(max-width: 600px) 100vw, 600px\" src=\"data:image\/svg+xml;base64,PHN2ZyB3aWR0aD0iMSIgaGVpZ2h0PSIxIiB4bWxucz0iaHR0cDovL3d3dy53My5vcmcvMjAwMC9zdmciPjwvc3ZnPg==\" style=\"--smush-placeholder-width: 600px; --smush-placeholder-aspect-ratio: 600\/683;\" \/><p id=\"caption-attachment-447882\" class=\"wp-caption-text\"><em><strong>Moyenne sur trois mois des ventes de puces par r\u00e9gion g\u00e9ographique pour f\u00e9vrier et janvier 2024. Source : SIA\/WSTS SIA\/WSTS<\/strong><\/em><\/p><\/div>\n<p>\u00ab\u00a0Bien que les ventes mensuelles aient l\u00e9g\u00e8rement baiss\u00e9, les ventes mondiales de semi-conducteurs en f\u00e9vrier sont rest\u00e9es bien sup\u00e9rieures au total du m\u00eame mois de l&rsquo;ann\u00e9e derni\u00e8re, poursuivant ainsi la forte croissance annuelle que le march\u00e9 a connue depuis le milieu de l&rsquo;ann\u00e9e derni\u00e8re\u00a0\u00bb, a d\u00e9clar\u00e9 John Neuffer, PDG de la SIA, dans un communiqu\u00e9. \u00ab\u00a0Les ventes en f\u00e9vrier ont augment\u00e9 en glissement annuel du pourcentage le plus \u00e9lev\u00e9 depuis mai 2022, et la croissance du march\u00e9 devrait se poursuivre pendant le reste de l&rsquo;ann\u00e9e.\u00a0\u00bb<\/p>\n<p>Les donn\u00e9es mensuelles sont fournies par la SIA comme une moyenne de trois mois, bien que la source des donn\u00e9es, WSTS, suive les ventes sur une base mensuelle. La SIA et d&rsquo;autres organismes r\u00e9gionaux de l&rsquo;industrie des semi-conducteurs choisissent d&rsquo;utiliser des donn\u00e9es moyennes parce qu&rsquo;elles \u00e9galisent les donn\u00e9es r\u00e9elles qui montrent g\u00e9n\u00e9ralement des creux au d\u00e9but des trimestres et des pics \u00e0 la fin des trimestres.<\/p>\n<h4>Liens et articles connexes :<\/h4>\n<p><a href=\"https:\/\/www.semiconductors.org\">www.semiconductors.org<\/a><\/p>\n<h4>Articles de presse :<\/h4>\n<p><a href=\"https:\/\/www.eenewseurope.com\/en\/us-china-driving-global-chip-market-higher\/\">Les \u00c9tats-Unis et la Chine tirent le march\u00e9 mondial des puces vers le haut<\/a><\/p>\n<p><a href=\"https:\/\/www.eenewseurope.com\/en\/europe-japan-drag-on-decembers-buoyant-global-chip-market\/\">L&rsquo;Europe et le Japon freinent le dynamisme du march\u00e9 mondial des puces en d\u00e9cembre <\/a><\/p>\n<p><a href=\"https:\/\/www.eenewseurope.com\/en\/china-bounce-lifts-global-chip-market-raises-outlook-for-2024\/\">Le rebond de la Chine stimule le march\u00e9 mondial des puces et augmente les perspectives pour 2024<\/a><\/p>\n<p><a href=\"https:\/\/www.eenewseurope.com\/en\/europe-drives-global-chip-market-to-the-brink-of-growth\/\">L&rsquo;Europe fait grimper le march\u00e9 mondial des puces jusqu&rsquo;\u00e0 la limite de la croissance<\/a><\/p>\n<p><a href=\"https:\/\/www.eenewseurope.com\/en\/europe-beats-us-asia-in-chip-market-growth-in-q3\/\">L&rsquo;Europe devance les \u00c9tats-Unis et l&rsquo;Asie dans la croissance du march\u00e9 des puces au troisi\u00e8me trimestre<\/a><\/p>\n","protected":false},"excerpt":{"rendered":"<p>Les chiffres que vient de publier la SIA pour le mois de f\u00e9vrier montrent des signes de fatigue potentielle dans la croissance du march\u00e9 mondial des puces. Toutefois, la croissance annuelle pourrait continuer \u00e0 augmenter tout au long de l&rsquo;ann\u00e9e en raison de la hausse des prix des puces d&rsquo;intelligence artificielle, dont l&rsquo;offre est insuffisante. [&hellip;]<\/p>\n","protected":false},"author":34,"featured_media":447885,"comment_status":"closed","ping_status":"closed","sticky":false,"template":"","format":"standard","meta":{"_acf_changed":false,"footnotes":""},"categories":[4443,888],"tags":[2327,1558],"domains":[47],"ppma_author":[1153,3631],"class_list":["post-447911","post","type-post","status-publish","format-standard","has-post-thumbnail","hentry","category-avis","category-marche","tag-marche","tag-semiconducteurs","domains-electronique-eci"],"acf":[],"yoast_head":"<title>La croissance du march\u00e9 des puces s&#039;est acc\u00e9l\u00e9r\u00e9e en f\u00e9vrier ...<\/title>\n<meta name=\"description\" content=\"Les chiffres publi\u00e9s par la SIA pour f\u00e9vrier ont montr\u00e9 des signes potentiels de fatigue dans la croissance du march\u00e9 mondial des puces.\" \/>\n<meta name=\"robots\" content=\"index, follow, max-snippet:-1, max-image-preview:large, max-video-preview:-1\" \/>\n<link rel=\"canonical\" href=\"https:\/\/www.ecinews.fr\/fr\/wp-json\/wp\/v2\/posts\/447911\/\" \/>\n<meta property=\"og:locale\" content=\"fr_FR\" \/>\n<meta property=\"og:type\" content=\"article\" \/>\n<meta property=\"og:title\" content=\"La croissance du march\u00e9 des puces s&#039;est acc\u00e9l\u00e9r\u00e9e en f\u00e9vrier\" \/>\n<meta property=\"og:description\" content=\"Les chiffres publi\u00e9s par la SIA pour f\u00e9vrier ont montr\u00e9 des signes potentiels de fatigue dans la croissance du march\u00e9 mondial des puces.\" \/>\n<meta property=\"og:url\" content=\"https:\/\/www.ecinews.fr\/fr\/wp-json\/wp\/v2\/posts\/447911\/\" \/>\n<meta property=\"og:site_name\" content=\"EENewsEurope\" \/>\n<meta property=\"article:published_time\" content=\"2024-04-05T07:35:53+00:00\" \/>\n<meta property=\"article:modified_time\" content=\"2024-04-05T07:37:26+00:00\" \/>\n<meta property=\"og:image\" content=\"https:\/\/www.ecinews.fr\/wp-content\/uploads\/2024\/04\/Climbing630.jpg\" \/>\n\t<meta property=\"og:image:width\" content=\"630\" \/>\n\t<meta property=\"og:image:height\" content=\"400\" \/>\n\t<meta property=\"og:image:type\" content=\"image\/jpeg\" \/>\n<meta name=\"author\" content=\"A Delapalisse, Peter Clarke\" \/>\n<meta name=\"twitter:card\" content=\"summary_large_image\" \/>\n<meta name=\"twitter:label1\" content=\"Written by\" \/>\n\t<meta name=\"twitter:data1\" content=\"A Delapalisse\" \/>\n\t<meta name=\"twitter:label2\" content=\"Est. reading time\" \/>\n\t<meta name=\"twitter:data2\" content=\"4 minutes\" \/>\n<script type=\"application\/ld+json\" class=\"yoast-schema-graph\">{\"@context\":\"https:\/\/schema.org\",\"@graph\":[{\"@type\":\"Article\",\"@id\":\"https:\/\/www.ecinews.fr\/fr\/la-croissance-du-marche-des-puces-sest-acceleree-en-fevrier\/#article\",\"isPartOf\":{\"@id\":\"https:\/\/www.ecinews.fr\/fr\/la-croissance-du-marche-des-puces-sest-acceleree-en-fevrier\/\"},\"author\":{\"name\":\"A Delapalisse\",\"@id\":\"https:\/\/www.ecinews.fr\/fr\/#\/schema\/person\/0aa2cfb0bd8949724a68cbac8d8321b4\"},\"headline\":\"La croissance du march\u00e9 des puces s&rsquo;est acc\u00e9l\u00e9r\u00e9e en f\u00e9vrier\",\"datePublished\":\"2024-04-05T07:35:53+00:00\",\"dateModified\":\"2024-04-05T07:37:26+00:00\",\"mainEntityOfPage\":{\"@id\":\"https:\/\/www.ecinews.fr\/fr\/la-croissance-du-marche-des-puces-sest-acceleree-en-fevrier\/\"},\"wordCount\":739,\"publisher\":{\"@id\":\"https:\/\/www.ecinews.fr\/fr\/#organization\"},\"keywords\":[\"March\u00e9\",\"Semiconducteurs\"],\"articleSection\":[\"Avis\",\"March\u00e9\"],\"inLanguage\":\"fr-FR\"},{\"@type\":\"WebPage\",\"@id\":\"https:\/\/www.ecinews.fr\/fr\/la-croissance-du-marche-des-puces-sest-acceleree-en-fevrier\/\",\"url\":\"https:\/\/www.ecinews.fr\/fr\/la-croissance-du-marche-des-puces-sest-acceleree-en-fevrier\/\",\"name\":\"La croissance du march\u00e9 des puces s'est acc\u00e9l\u00e9r\u00e9e en f\u00e9vrier\",\"isPartOf\":{\"@id\":\"https:\/\/www.ecinews.fr\/fr\/#website\"},\"datePublished\":\"2024-04-05T07:35:53+00:00\",\"dateModified\":\"2024-04-05T07:37:26+00:00\",\"description\":\"Les chiffres publi\u00e9s par la SIA pour f\u00e9vrier ont montr\u00e9 des signes potentiels de fatigue dans la croissance du march\u00e9 mondial des puces.\",\"breadcrumb\":{\"@id\":\"https:\/\/www.ecinews.fr\/fr\/la-croissance-du-marche-des-puces-sest-acceleree-en-fevrier\/#breadcrumb\"},\"inLanguage\":\"fr-FR\",\"potentialAction\":[{\"@type\":\"ReadAction\",\"target\":[\"https:\/\/www.ecinews.fr\/fr\/la-croissance-du-marche-des-puces-sest-acceleree-en-fevrier\/\"]}]},{\"@type\":\"BreadcrumbList\",\"@id\":\"https:\/\/www.ecinews.fr\/fr\/la-croissance-du-marche-des-puces-sest-acceleree-en-fevrier\/#breadcrumb\",\"itemListElement\":[{\"@type\":\"ListItem\",\"position\":1,\"name\":\"Home\",\"item\":\"https:\/\/www.ecinews.fr\/fr\/\"},{\"@type\":\"ListItem\",\"position\":2,\"name\":\"La croissance du march\u00e9 des puces s&rsquo;est acc\u00e9l\u00e9r\u00e9e en f\u00e9vrier\"}]},{\"@type\":\"WebSite\",\"@id\":\"https:\/\/www.ecinews.fr\/fr\/#website\",\"url\":\"https:\/\/www.ecinews.fr\/fr\/\",\"name\":\"EENewsEurope\",\"description\":\"Just another WordPress site\",\"publisher\":{\"@id\":\"https:\/\/www.ecinews.fr\/fr\/#organization\"},\"potentialAction\":[{\"@type\":\"SearchAction\",\"target\":{\"@type\":\"EntryPoint\",\"urlTemplate\":\"https:\/\/www.ecinews.fr\/fr\/?s={search_term_string}\"},\"query-input\":\"required name=search_term_string\"}],\"inLanguage\":\"fr-FR\"},{\"@type\":\"Organization\",\"@id\":\"https:\/\/www.ecinews.fr\/fr\/#organization\",\"name\":\"EENewsEurope\",\"url\":\"https:\/\/www.ecinews.fr\/fr\/\",\"logo\":{\"@type\":\"ImageObject\",\"inLanguage\":\"fr-FR\",\"@id\":\"https:\/\/www.ecinews.fr\/fr\/#\/schema\/logo\/image\/\",\"url\":\"https:\/\/www.ecinews.fr\/wp-content\/uploads\/2022\/02\/logo-1.jpg\",\"contentUrl\":\"https:\/\/www.ecinews.fr\/wp-content\/uploads\/2022\/02\/logo-1.jpg\",\"width\":283,\"height\":113,\"caption\":\"EENewsEurope\"},\"image\":{\"@id\":\"https:\/\/www.ecinews.fr\/fr\/#\/schema\/logo\/image\/\"}},{\"@type\":\"Person\",\"@id\":\"https:\/\/www.ecinews.fr\/fr\/#\/schema\/person\/0aa2cfb0bd8949724a68cbac8d8321b4\",\"name\":\"A Delapalisse\",\"image\":{\"@type\":\"ImageObject\",\"inLanguage\":\"fr-FR\",\"@id\":\"https:\/\/www.ecinews.fr\/fr\/#\/schema\/person\/image\/211ac42237c2e9683c0964086c393cb4\",\"url\":\"https:\/\/secure.gravatar.com\/avatar\/ad45a8c5da24bc9c7c4940dd1c48a695?s=96&d=mm&r=g\",\"contentUrl\":\"https:\/\/secure.gravatar.com\/avatar\/ad45a8c5da24bc9c7c4940dd1c48a695?s=96&d=mm&r=g\",\"caption\":\"A Delapalisse\"},\"sameAs\":[\"http:\/\/ECI\"]}]}<\/script>","yoast_head_json":{"title":"La croissance du march\u00e9 des puces s'est acc\u00e9l\u00e9r\u00e9e en f\u00e9vrier ...","description":"Les chiffres publi\u00e9s par la SIA pour f\u00e9vrier ont montr\u00e9 des signes potentiels de fatigue dans la croissance du march\u00e9 mondial des puces.","robots":{"index":"index","follow":"follow","max-snippet":"max-snippet:-1","max-image-preview":"max-image-preview:large","max-video-preview":"max-video-preview:-1"},"canonical":"https:\/\/www.ecinews.fr\/fr\/wp-json\/wp\/v2\/posts\/447911\/","og_locale":"fr_FR","og_type":"article","og_title":"La croissance du march\u00e9 des puces s'est acc\u00e9l\u00e9r\u00e9e en f\u00e9vrier","og_description":"Les chiffres publi\u00e9s par la SIA pour f\u00e9vrier ont montr\u00e9 des signes potentiels de fatigue dans la croissance du march\u00e9 mondial des puces.","og_url":"https:\/\/www.ecinews.fr\/fr\/wp-json\/wp\/v2\/posts\/447911\/","og_site_name":"EENewsEurope","article_published_time":"2024-04-05T07:35:53+00:00","article_modified_time":"2024-04-05T07:37:26+00:00","og_image":[{"width":630,"height":400,"url":"https:\/\/www.ecinews.fr\/wp-content\/uploads\/2024\/04\/Climbing630.jpg","type":"image\/jpeg"}],"author":"A Delapalisse, Peter Clarke","twitter_card":"summary_large_image","twitter_misc":{"Written by":"A Delapalisse","Est. reading time":"4 minutes"},"schema":{"@context":"https:\/\/schema.org","@graph":[{"@type":"Article","@id":"https:\/\/www.ecinews.fr\/fr\/la-croissance-du-marche-des-puces-sest-acceleree-en-fevrier\/#article","isPartOf":{"@id":"https:\/\/www.ecinews.fr\/fr\/la-croissance-du-marche-des-puces-sest-acceleree-en-fevrier\/"},"author":{"name":"A Delapalisse","@id":"https:\/\/www.ecinews.fr\/fr\/#\/schema\/person\/0aa2cfb0bd8949724a68cbac8d8321b4"},"headline":"La croissance du march\u00e9 des puces s&rsquo;est acc\u00e9l\u00e9r\u00e9e en f\u00e9vrier","datePublished":"2024-04-05T07:35:53+00:00","dateModified":"2024-04-05T07:37:26+00:00","mainEntityOfPage":{"@id":"https:\/\/www.ecinews.fr\/fr\/la-croissance-du-marche-des-puces-sest-acceleree-en-fevrier\/"},"wordCount":739,"publisher":{"@id":"https:\/\/www.ecinews.fr\/fr\/#organization"},"keywords":["March\u00e9","Semiconducteurs"],"articleSection":["Avis","March\u00e9"],"inLanguage":"fr-FR"},{"@type":"WebPage","@id":"https:\/\/www.ecinews.fr\/fr\/la-croissance-du-marche-des-puces-sest-acceleree-en-fevrier\/","url":"https:\/\/www.ecinews.fr\/fr\/la-croissance-du-marche-des-puces-sest-acceleree-en-fevrier\/","name":"La croissance du march\u00e9 des puces s'est acc\u00e9l\u00e9r\u00e9e en f\u00e9vrier","isPartOf":{"@id":"https:\/\/www.ecinews.fr\/fr\/#website"},"datePublished":"2024-04-05T07:35:53+00:00","dateModified":"2024-04-05T07:37:26+00:00","description":"Les chiffres publi\u00e9s par la SIA pour f\u00e9vrier ont montr\u00e9 des signes potentiels de fatigue dans la croissance du march\u00e9 mondial des puces.","breadcrumb":{"@id":"https:\/\/www.ecinews.fr\/fr\/la-croissance-du-marche-des-puces-sest-acceleree-en-fevrier\/#breadcrumb"},"inLanguage":"fr-FR","potentialAction":[{"@type":"ReadAction","target":["https:\/\/www.ecinews.fr\/fr\/la-croissance-du-marche-des-puces-sest-acceleree-en-fevrier\/"]}]},{"@type":"BreadcrumbList","@id":"https:\/\/www.ecinews.fr\/fr\/la-croissance-du-marche-des-puces-sest-acceleree-en-fevrier\/#breadcrumb","itemListElement":[{"@type":"ListItem","position":1,"name":"Home","item":"https:\/\/www.ecinews.fr\/fr\/"},{"@type":"ListItem","position":2,"name":"La croissance du march\u00e9 des puces s&rsquo;est acc\u00e9l\u00e9r\u00e9e en f\u00e9vrier"}]},{"@type":"WebSite","@id":"https:\/\/www.ecinews.fr\/fr\/#website","url":"https:\/\/www.ecinews.fr\/fr\/","name":"EENewsEurope","description":"Just another WordPress site","publisher":{"@id":"https:\/\/www.ecinews.fr\/fr\/#organization"},"potentialAction":[{"@type":"SearchAction","target":{"@type":"EntryPoint","urlTemplate":"https:\/\/www.ecinews.fr\/fr\/?s={search_term_string}"},"query-input":"required name=search_term_string"}],"inLanguage":"fr-FR"},{"@type":"Organization","@id":"https:\/\/www.ecinews.fr\/fr\/#organization","name":"EENewsEurope","url":"https:\/\/www.ecinews.fr\/fr\/","logo":{"@type":"ImageObject","inLanguage":"fr-FR","@id":"https:\/\/www.ecinews.fr\/fr\/#\/schema\/logo\/image\/","url":"https:\/\/www.ecinews.fr\/wp-content\/uploads\/2022\/02\/logo-1.jpg","contentUrl":"https:\/\/www.ecinews.fr\/wp-content\/uploads\/2022\/02\/logo-1.jpg","width":283,"height":113,"caption":"EENewsEurope"},"image":{"@id":"https:\/\/www.ecinews.fr\/fr\/#\/schema\/logo\/image\/"}},{"@type":"Person","@id":"https:\/\/www.ecinews.fr\/fr\/#\/schema\/person\/0aa2cfb0bd8949724a68cbac8d8321b4","name":"A Delapalisse","image":{"@type":"ImageObject","inLanguage":"fr-FR","@id":"https:\/\/www.ecinews.fr\/fr\/#\/schema\/person\/image\/211ac42237c2e9683c0964086c393cb4","url":"https:\/\/secure.gravatar.com\/avatar\/ad45a8c5da24bc9c7c4940dd1c48a695?s=96&d=mm&r=g","contentUrl":"https:\/\/secure.gravatar.com\/avatar\/ad45a8c5da24bc9c7c4940dd1c48a695?s=96&d=mm&r=g","caption":"A Delapalisse"},"sameAs":["http:\/\/ECI"]}]}},"authors":[{"term_id":1153,"user_id":34,"is_guest":0,"slug":"adelapalisse","display_name":"A Delapalisse","avatar_url":"https:\/\/secure.gravatar.com\/avatar\/ad45a8c5da24bc9c7c4940dd1c48a695?s=96&d=mm&r=g","0":null,"1":"","2":"","3":"","4":"","5":"","6":"","7":"","8":""},{"term_id":3631,"user_id":0,"is_guest":1,"slug":"peter-clarke","display_name":"Peter Clarke","avatar_url":"https:\/\/secure.gravatar.com\/avatar\/?s=96&d=mm&r=g","0":null,"1":"","2":"","3":"","4":"","5":"","6":"","7":"","8":""}],"_links":{"self":[{"href":"https:\/\/www.ecinews.fr\/fr\/wp-json\/wp\/v2\/posts\/447911"}],"collection":[{"href":"https:\/\/www.ecinews.fr\/fr\/wp-json\/wp\/v2\/posts"}],"about":[{"href":"https:\/\/www.ecinews.fr\/fr\/wp-json\/wp\/v2\/types\/post"}],"author":[{"embeddable":true,"href":"https:\/\/www.ecinews.fr\/fr\/wp-json\/wp\/v2\/users\/34"}],"replies":[{"embeddable":true,"href":"https:\/\/www.ecinews.fr\/fr\/wp-json\/wp\/v2\/comments?post=447911"}],"version-history":[{"count":0,"href":"https:\/\/www.ecinews.fr\/fr\/wp-json\/wp\/v2\/posts\/447911\/revisions"}],"wp:featuredmedia":[{"embeddable":true,"href":"https:\/\/www.ecinews.fr\/fr\/wp-json\/wp\/v2\/media\/447885"}],"wp:attachment":[{"href":"https:\/\/www.ecinews.fr\/fr\/wp-json\/wp\/v2\/media?parent=447911"}],"wp:term":[{"taxonomy":"category","embeddable":true,"href":"https:\/\/www.ecinews.fr\/fr\/wp-json\/wp\/v2\/categories?post=447911"},{"taxonomy":"post_tag","embeddable":true,"href":"https:\/\/www.ecinews.fr\/fr\/wp-json\/wp\/v2\/tags?post=447911"},{"taxonomy":"domains","embeddable":true,"href":"https:\/\/www.ecinews.fr\/fr\/wp-json\/wp\/v2\/domains?post=447911"},{"taxonomy":"author","embeddable":true,"href":"https:\/\/www.ecinews.fr\/fr\/wp-json\/wp\/v2\/ppma_author?post=447911"}],"curies":[{"name":"wp","href":"https:\/\/api.w.org\/{rel}","templated":true}]}}