{"id":447733,"date":"2024-04-04T08:25:56","date_gmt":"2024-04-04T06:25:56","guid":{"rendered":"https:\/\/www.eenewseurope.com\/?p=447733"},"modified":"2024-04-03T17:41:06","modified_gmt":"2024-04-03T15:41:06","slug":"les-usa-veulent-une-heure-lunaire-coordonnee-ltc-basee-sur-lutc","status":"publish","type":"post","link":"https:\/\/www.ecinews.fr\/fr\/les-usa-veulent-une-heure-lunaire-coordonnee-ltc-basee-sur-lutc\/","title":{"rendered":"Les USA veulent une heure lunaire coordonn\u00e9e LTC bas\u00e9e sur l&rsquo;UTC"},"content":{"rendered":"<h3>Les \u00c9tats-Unis cherchent \u00e0 \u00e9tablir une norme de chronom\u00e9trage sur la Lune afin de faciliter le positionnement et la coordination.<\/h3>\n<p>La strat\u00e9gie nationale am\u00e9ricaine en mati\u00e8re de science et de technologie cislunaires vise \u00e0 cr\u00e9er une norme pour le chronom\u00e9trage sur la Lune, appel\u00e9e \u00ab\u00a0temps lunaire coordonn\u00e9\u00a0\u00bb, en rapport avec le temps universel coordonn\u00e9 (UTC) sur Terre.<\/p>\n<p>La diff\u00e9rence de gravit\u00e9 entre la Terre et la Lune entra\u00eene une diff\u00e9rence de 58,7 ms par jour entre les deux syst\u00e8mes de chronom\u00e9trage, en raison de la relativit\u00e9 restreinte et de la relativit\u00e9 g\u00e9n\u00e9rale. Cette diff\u00e9rence de temps peut \u00eatre un probl\u00e8me pour la transmission s\u00e9curis\u00e9e de donn\u00e9es et le positionnement pr\u00e9cis, ainsi que pour la coordination de plusieurs syst\u00e8mes sur la surface lunaire.<\/p>\n<p>Avec des normes \u00e9tablies \u00e0 Paris et en fran\u00e7ais, une norme de temps lunaire coordonn\u00e9 internationalement accept\u00e9e est en passe d&rsquo;\u00eatre appel\u00e9e LTC.<\/p>\n<ul>\n<li><a href=\"https:\/\/www.eenewseurope.com\/en\/calamities-and-recoveries-in-space\/\">Calamit\u00e9s et r\u00e9cup\u00e9rations dans l&rsquo;espace &#8211; mise \u00e0 jour<\/a><\/li>\n<li><a href=\"https:\/\/www.eenewseurope.com\/en\/nokia-to-build-4g-network-for-the-moon\/\">Nokia va construire un r\u00e9seau 4G pour la Lune<\/a><\/li>\n<li><a href=\"https:\/\/www.eenewseurope.com\/en\/satellite-to-test-lunar-satnav\/\">Un satellite pour tester la navigation lunaire<\/a><\/li>\n<\/ul>\n<p>La pr\u00e9cision du positionnement a pos\u00e9 probl\u00e8me lors des deux derniers alunissages de la JAXA et d&rsquo;Intuitive Machines, o\u00f9 les atterrisseurs se sont retrouv\u00e9s au mauvais endroit et ont bascul\u00e9 sur le c\u00f4t\u00e9. Les applications de pr\u00e9cision telles que l&rsquo;amarrage ou l&rsquo;atterrissage des engins spatiaux n\u00e9cessiteront une plus grande pr\u00e9cision que ne le permettent les m\u00e9thodes actuelles, et l&rsquo;utilisation directe de l&rsquo;UTC sur la Lune sans correction en tant qu&rsquo;\u00e9chelle de temps locale aurait des effets en cascade sur les applications qui n\u00e9cessitent une m\u00e9trologie pr\u00e9cise.<\/p>\n<p>L&rsquo;approche visant \u00e0 \u00e9tablir des normes temporelles consiste \u00e0 d\u00e9finir, d\u00e9velopper et mettre en \u0153uvre un temps de r\u00e9f\u00e9rence distinct pour chaque corps c\u00e9leste et l&rsquo;environnement spatial qui l&rsquo;entoure. Chaque nouvel \u00e9talon de temps d\u00e9velopp\u00e9 comprendra les caract\u00e9ristiques suivantes :<\/p>\n<ol>\n<li>Tra\u00e7abilit\u00e9 au temps universel coordonn\u00e9 (UTC) ;<\/li>\n<li>Pr\u00e9cision suffisante pour soutenir la navigation de pr\u00e9cision et la science ;<\/li>\n<li>R\u00e9silience \u00e0 la perte de contact avec la Terre ; et<\/li>\n<li>Extensibilit\u00e9 aux environnements spatiaux au-del\u00e0 du syst\u00e8me Terre-Lune<\/li>\n<\/ol>\n<p>L&rsquo;accent est mis dans un premier temps sur la surface lunaire et les missions op\u00e9rant dans l&rsquo;espace cislunaire, l&rsquo;agence spatiale am\u00e9ricaine NASA pr\u00e9voyant de renvoyer des astronautes sur la Lune.<\/p>\n<ul>\n<li><a href=\"https:\/\/www.eenewseurope.com\/en\/the-strange-payloads-on-the-first-commercial-us-moon-landing\/\">Les \u00e9tranges charges utiles de la premi\u00e8re mission commerciale am\u00e9ricaine sur la Lune <\/a><\/li>\n<li><a href=\"https:\/\/www.eenewseurope.com\/en\/darpa-cites-arpanet-as-its-looks-to-monetise-the-moon\/\">La DARPA cherche \u00e0 rentabiliser la Lune<\/a><\/li>\n<li><a href=\"https:\/\/www.eenewseurope.com\/en\/3d-printed-lunar-outpost-design-unveiled\/\">D\u00e9voilement d&rsquo;un avant-poste lunaire imprim\u00e9 en 3D<\/a><\/li>\n<\/ul>\n<p>La NASA travaillera avec l&rsquo;Institut des normes et de la technologie (NIST), qui fait partie du minist\u00e8re du Commerce, ainsi qu&rsquo;avec les minist\u00e8res am\u00e9ricains de la D\u00e9fense, de l&rsquo;\u00c9tat et des Transports, afin de fournir une strat\u00e9gie finalis\u00e9e au bureau ex\u00e9cutif du pr\u00e9sident pour mettre en \u0153uvre la normalisation du calendrier lunaire au plus tard le 31 d\u00e9cembre 2026.<\/p>\n<p>La NASA inclura \u00e9galement l&rsquo;examen de la LTC dans le cadre de son cycle annuel d&rsquo;examen du concept d&rsquo;architecture de la Lune \u00e0 Mars, \u00e0 la fin de cette ann\u00e9e.<\/p>\n<p>Cependant, des d\u00e9fis importants se posent. Le temps atomique (TAI) est le mode de transmission de l&rsquo;UTC et est produit par une moyenne pond\u00e9r\u00e9e de centaines d&rsquo;horloges atomiques dans le monde. L&rsquo;UTC diff\u00e8re du TAI par un nombre entier de \u00ab\u00a0secondes intercalaires\u00a0\u00bb ins\u00e9r\u00e9es p\u00e9riodiquement pour maintenir l&rsquo;UTC align\u00e9 sur les jours solaires terrestres, malgr\u00e9 les changements dans la vitesse de rotation de la Terre. Un syst\u00e8me similaire pourrait \u00eatre n\u00e9cessaire pour le LTC, en tenant compte des questions relativistes.<\/p>\n<p>La pr\u00e9cision de navigation qu&rsquo;un syst\u00e8me peut atteindre avec des signaux provenant de plusieurs \u00e9quipements spatiaux, comme une personne naviguant sur Terre avec des signaux provenant de satellites du syst\u00e8me de positionnement global, d\u00e9pend de la synchronisation de ces \u00e9quipements les uns avec les autres. Sur la Lune, la synchronisation de chaque actif lunaire avec un \u00e9talon de temps terrestre est difficile en raison des effets relativistes, des \u00e9v\u00e9nements. La s\u00e9curit\u00e9 de la navigation dans l&rsquo;espace cislunaire repose \u00e9galement sur une d\u00e9finition coh\u00e9rente du temps par les utilisateurs.<\/p>\n<p><a href=\"http:\/\/www.wh.gov\">www.wh.gov<\/a><\/p>\n","protected":false},"excerpt":{"rendered":"<p>Les \u00c9tats-Unis cherchent \u00e0 \u00e9tablir une norme de chronom\u00e9trage sur la Lune afin de faciliter le positionnement et la coordination. La strat\u00e9gie nationale am\u00e9ricaine en mati\u00e8re de science et de technologie cislunaires vise \u00e0 cr\u00e9er une norme pour le chronom\u00e9trage sur la Lune, appel\u00e9e \u00ab\u00a0temps lunaire coordonn\u00e9\u00a0\u00bb, en rapport avec le temps universel coordonn\u00e9 (UTC) [&hellip;]<\/p>\n","protected":false},"author":34,"featured_media":447672,"comment_status":"closed","ping_status":"closed","sticky":false,"template":"","format":"standard","meta":{"_acf_changed":false,"footnotes":""},"categories":[883],"tags":[1363,6122,6123],"domains":[47],"ppma_author":[1153,3640],"class_list":["post-447733","post","type-post","status-publish","format-standard","has-post-thumbnail","hentry","category-technologies","tag-espace","tag-ltc","tag-utc-fr","domains-electronique-eci"],"acf":[],"yoast_head":"<title>Les USA veulent une heure lunaire coordonn\u00e9e LTC bas\u00e9e sur l&#039;...<\/title>\n<meta name=\"description\" content=\"Les USAveulent cr\u00e9er une norme de chronom\u00e9trage sur la Lune, appel\u00e9e Coordinated Lunar Time (CLT) sur la base de l&#039;UTC.\" \/>\n<meta name=\"robots\" content=\"index, follow, max-snippet:-1, max-image-preview:large, max-video-preview:-1\" \/>\n<link rel=\"canonical\" href=\"https:\/\/www.ecinews.fr\/fr\/wp-json\/wp\/v2\/posts\/447733\/\" \/>\n<meta property=\"og:locale\" content=\"fr_FR\" \/>\n<meta property=\"og:type\" content=\"article\" \/>\n<meta property=\"og:title\" content=\"Les USA veulent une heure lunaire coordonn\u00e9e LTC bas\u00e9e sur l&#039;UTC\" \/>\n<meta property=\"og:description\" content=\"Les USAveulent cr\u00e9er une norme de chronom\u00e9trage sur la Lune, appel\u00e9e Coordinated Lunar Time (CLT) sur la base de l&#039;UTC.\" \/>\n<meta property=\"og:url\" content=\"https:\/\/www.ecinews.fr\/fr\/wp-json\/wp\/v2\/posts\/447733\/\" \/>\n<meta property=\"og:site_name\" content=\"EENewsEurope\" \/>\n<meta property=\"article:published_time\" content=\"2024-04-04T06:25:56+00:00\" \/>\n<meta property=\"article:modified_time\" content=\"2024-04-03T15:41:06+00:00\" \/>\n<meta property=\"og:image\" content=\"https:\/\/www.ecinews.fr\/wp-content\/uploads\/2024\/04\/SLiM-lunar.jpg\" \/>\n\t<meta property=\"og:image:width\" content=\"545\" \/>\n\t<meta property=\"og:image:height\" content=\"542\" \/>\n\t<meta property=\"og:image:type\" content=\"image\/jpeg\" \/>\n<meta name=\"author\" content=\"A Delapalisse, Nick Flaherty\" \/>\n<meta name=\"twitter:card\" content=\"summary_large_image\" \/>\n<meta name=\"twitter:label1\" content=\"Written by\" \/>\n\t<meta name=\"twitter:data1\" content=\"A Delapalisse\" \/>\n\t<meta name=\"twitter:label2\" content=\"Est. reading time\" \/>\n\t<meta name=\"twitter:data2\" content=\"3 minutes\" \/>\n<script type=\"application\/ld+json\" class=\"yoast-schema-graph\">{\"@context\":\"https:\/\/schema.org\",\"@graph\":[{\"@type\":\"Article\",\"@id\":\"https:\/\/www.ecinews.fr\/fr\/les-usa-veulent-une-heure-lunaire-coordonnee-ltc-basee-sur-lutc\/#article\",\"isPartOf\":{\"@id\":\"https:\/\/www.ecinews.fr\/fr\/les-usa-veulent-une-heure-lunaire-coordonnee-ltc-basee-sur-lutc\/\"},\"author\":{\"name\":\"A Delapalisse\",\"@id\":\"https:\/\/www.eenewseurope.com\/en\/#\/schema\/person\/0aa2cfb0bd8949724a68cbac8d8321b4\"},\"headline\":\"Les USA veulent une heure lunaire coordonn\u00e9e LTC bas\u00e9e sur l&rsquo;UTC\",\"datePublished\":\"2024-04-04T06:25:56+00:00\",\"dateModified\":\"2024-04-03T15:41:06+00:00\",\"mainEntityOfPage\":{\"@id\":\"https:\/\/www.ecinews.fr\/fr\/les-usa-veulent-une-heure-lunaire-coordonnee-ltc-basee-sur-lutc\/\"},\"wordCount\":758,\"publisher\":{\"@id\":\"https:\/\/www.eenewseurope.com\/en\/#organization\"},\"keywords\":[\"Espace\",\"LTC\",\"UTC\"],\"articleSection\":[\"Technologies\"],\"inLanguage\":\"fr-FR\"},{\"@type\":\"WebPage\",\"@id\":\"https:\/\/www.ecinews.fr\/fr\/les-usa-veulent-une-heure-lunaire-coordonnee-ltc-basee-sur-lutc\/\",\"url\":\"https:\/\/www.ecinews.fr\/fr\/les-usa-veulent-une-heure-lunaire-coordonnee-ltc-basee-sur-lutc\/\",\"name\":\"Les USA veulent une heure lunaire coordonn\u00e9e LTC bas\u00e9e sur l'UTC -\",\"isPartOf\":{\"@id\":\"https:\/\/www.eenewseurope.com\/en\/#website\"},\"datePublished\":\"2024-04-04T06:25:56+00:00\",\"dateModified\":\"2024-04-03T15:41:06+00:00\",\"description\":\"Les USAveulent cr\u00e9er une norme de chronom\u00e9trage sur la Lune, appel\u00e9e Coordinated Lunar Time (CLT) sur la base de l'UTC.\",\"breadcrumb\":{\"@id\":\"https:\/\/www.ecinews.fr\/fr\/les-usa-veulent-une-heure-lunaire-coordonnee-ltc-basee-sur-lutc\/#breadcrumb\"},\"inLanguage\":\"fr-FR\",\"potentialAction\":[{\"@type\":\"ReadAction\",\"target\":[\"https:\/\/www.ecinews.fr\/fr\/les-usa-veulent-une-heure-lunaire-coordonnee-ltc-basee-sur-lutc\/\"]}]},{\"@type\":\"BreadcrumbList\",\"@id\":\"https:\/\/www.ecinews.fr\/fr\/les-usa-veulent-une-heure-lunaire-coordonnee-ltc-basee-sur-lutc\/#breadcrumb\",\"itemListElement\":[{\"@type\":\"ListItem\",\"position\":1,\"name\":\"Home\",\"item\":\"https:\/\/www.ecinews.fr\/fr\/\"},{\"@type\":\"ListItem\",\"position\":2,\"name\":\"Les USA veulent une heure lunaire coordonn\u00e9e LTC bas\u00e9e sur l&rsquo;UTC\"}]},{\"@type\":\"WebSite\",\"@id\":\"https:\/\/www.eenewseurope.com\/en\/#website\",\"url\":\"https:\/\/www.eenewseurope.com\/en\/\",\"name\":\"EENewsEurope\",\"description\":\"Just another WordPress site\",\"publisher\":{\"@id\":\"https:\/\/www.eenewseurope.com\/en\/#organization\"},\"potentialAction\":[{\"@type\":\"SearchAction\",\"target\":{\"@type\":\"EntryPoint\",\"urlTemplate\":\"https:\/\/www.eenewseurope.com\/en\/?s={search_term_string}\"},\"query-input\":\"required name=search_term_string\"}],\"inLanguage\":\"fr-FR\"},{\"@type\":\"Organization\",\"@id\":\"https:\/\/www.eenewseurope.com\/en\/#organization\",\"name\":\"EENewsEurope\",\"url\":\"https:\/\/www.eenewseurope.com\/en\/\",\"logo\":{\"@type\":\"ImageObject\",\"inLanguage\":\"fr-FR\",\"@id\":\"https:\/\/www.eenewseurope.com\/en\/#\/schema\/logo\/image\/\",\"url\":\"https:\/\/www.ecinews.fr\/wp-content\/uploads\/2022\/02\/logo-1.jpg\",\"contentUrl\":\"https:\/\/www.ecinews.fr\/wp-content\/uploads\/2022\/02\/logo-1.jpg\",\"width\":283,\"height\":113,\"caption\":\"EENewsEurope\"},\"image\":{\"@id\":\"https:\/\/www.eenewseurope.com\/en\/#\/schema\/logo\/image\/\"}},{\"@type\":\"Person\",\"@id\":\"https:\/\/www.eenewseurope.com\/en\/#\/schema\/person\/0aa2cfb0bd8949724a68cbac8d8321b4\",\"name\":\"A Delapalisse\",\"image\":{\"@type\":\"ImageObject\",\"inLanguage\":\"fr-FR\",\"@id\":\"https:\/\/www.eenewseurope.com\/en\/#\/schema\/person\/image\/211ac42237c2e9683c0964086c393cb4\",\"url\":\"https:\/\/secure.gravatar.com\/avatar\/ad45a8c5da24bc9c7c4940dd1c48a695?s=96&d=mm&r=g\",\"contentUrl\":\"https:\/\/secure.gravatar.com\/avatar\/ad45a8c5da24bc9c7c4940dd1c48a695?s=96&d=mm&r=g\",\"caption\":\"A Delapalisse\"},\"sameAs\":[\"http:\/\/ECI\"]}]}<\/script>","yoast_head_json":{"title":"Les USA veulent une heure lunaire coordonn\u00e9e LTC bas\u00e9e sur l'...","description":"Les USAveulent cr\u00e9er une norme de chronom\u00e9trage sur la Lune, appel\u00e9e Coordinated Lunar Time (CLT) sur la base de l'UTC.","robots":{"index":"index","follow":"follow","max-snippet":"max-snippet:-1","max-image-preview":"max-image-preview:large","max-video-preview":"max-video-preview:-1"},"canonical":"https:\/\/www.ecinews.fr\/fr\/wp-json\/wp\/v2\/posts\/447733\/","og_locale":"fr_FR","og_type":"article","og_title":"Les USA veulent une heure lunaire coordonn\u00e9e LTC bas\u00e9e sur l'UTC","og_description":"Les USAveulent cr\u00e9er une norme de chronom\u00e9trage sur la Lune, appel\u00e9e Coordinated Lunar Time (CLT) sur la base de l'UTC.","og_url":"https:\/\/www.ecinews.fr\/fr\/wp-json\/wp\/v2\/posts\/447733\/","og_site_name":"EENewsEurope","article_published_time":"2024-04-04T06:25:56+00:00","article_modified_time":"2024-04-03T15:41:06+00:00","og_image":[{"width":545,"height":542,"url":"https:\/\/www.ecinews.fr\/wp-content\/uploads\/2024\/04\/SLiM-lunar.jpg","type":"image\/jpeg"}],"author":"A Delapalisse, Nick Flaherty","twitter_card":"summary_large_image","twitter_misc":{"Written by":"A Delapalisse","Est. reading time":"3 minutes"},"schema":{"@context":"https:\/\/schema.org","@graph":[{"@type":"Article","@id":"https:\/\/www.ecinews.fr\/fr\/les-usa-veulent-une-heure-lunaire-coordonnee-ltc-basee-sur-lutc\/#article","isPartOf":{"@id":"https:\/\/www.ecinews.fr\/fr\/les-usa-veulent-une-heure-lunaire-coordonnee-ltc-basee-sur-lutc\/"},"author":{"name":"A Delapalisse","@id":"https:\/\/www.eenewseurope.com\/en\/#\/schema\/person\/0aa2cfb0bd8949724a68cbac8d8321b4"},"headline":"Les USA veulent une heure lunaire coordonn\u00e9e LTC bas\u00e9e sur l&rsquo;UTC","datePublished":"2024-04-04T06:25:56+00:00","dateModified":"2024-04-03T15:41:06+00:00","mainEntityOfPage":{"@id":"https:\/\/www.ecinews.fr\/fr\/les-usa-veulent-une-heure-lunaire-coordonnee-ltc-basee-sur-lutc\/"},"wordCount":758,"publisher":{"@id":"https:\/\/www.eenewseurope.com\/en\/#organization"},"keywords":["Espace","LTC","UTC"],"articleSection":["Technologies"],"inLanguage":"fr-FR"},{"@type":"WebPage","@id":"https:\/\/www.ecinews.fr\/fr\/les-usa-veulent-une-heure-lunaire-coordonnee-ltc-basee-sur-lutc\/","url":"https:\/\/www.ecinews.fr\/fr\/les-usa-veulent-une-heure-lunaire-coordonnee-ltc-basee-sur-lutc\/","name":"Les USA veulent une heure lunaire coordonn\u00e9e LTC bas\u00e9e sur l'UTC -","isPartOf":{"@id":"https:\/\/www.eenewseurope.com\/en\/#website"},"datePublished":"2024-04-04T06:25:56+00:00","dateModified":"2024-04-03T15:41:06+00:00","description":"Les USAveulent cr\u00e9er une norme de chronom\u00e9trage sur la Lune, appel\u00e9e Coordinated Lunar Time (CLT) sur la base de l'UTC.","breadcrumb":{"@id":"https:\/\/www.ecinews.fr\/fr\/les-usa-veulent-une-heure-lunaire-coordonnee-ltc-basee-sur-lutc\/#breadcrumb"},"inLanguage":"fr-FR","potentialAction":[{"@type":"ReadAction","target":["https:\/\/www.ecinews.fr\/fr\/les-usa-veulent-une-heure-lunaire-coordonnee-ltc-basee-sur-lutc\/"]}]},{"@type":"BreadcrumbList","@id":"https:\/\/www.ecinews.fr\/fr\/les-usa-veulent-une-heure-lunaire-coordonnee-ltc-basee-sur-lutc\/#breadcrumb","itemListElement":[{"@type":"ListItem","position":1,"name":"Home","item":"https:\/\/www.ecinews.fr\/fr\/"},{"@type":"ListItem","position":2,"name":"Les USA veulent une heure lunaire coordonn\u00e9e LTC bas\u00e9e sur l&rsquo;UTC"}]},{"@type":"WebSite","@id":"https:\/\/www.eenewseurope.com\/en\/#website","url":"https:\/\/www.eenewseurope.com\/en\/","name":"EENewsEurope","description":"Just another WordPress site","publisher":{"@id":"https:\/\/www.eenewseurope.com\/en\/#organization"},"potentialAction":[{"@type":"SearchAction","target":{"@type":"EntryPoint","urlTemplate":"https:\/\/www.eenewseurope.com\/en\/?s={search_term_string}"},"query-input":"required name=search_term_string"}],"inLanguage":"fr-FR"},{"@type":"Organization","@id":"https:\/\/www.eenewseurope.com\/en\/#organization","name":"EENewsEurope","url":"https:\/\/www.eenewseurope.com\/en\/","logo":{"@type":"ImageObject","inLanguage":"fr-FR","@id":"https:\/\/www.eenewseurope.com\/en\/#\/schema\/logo\/image\/","url":"https:\/\/www.ecinews.fr\/wp-content\/uploads\/2022\/02\/logo-1.jpg","contentUrl":"https:\/\/www.ecinews.fr\/wp-content\/uploads\/2022\/02\/logo-1.jpg","width":283,"height":113,"caption":"EENewsEurope"},"image":{"@id":"https:\/\/www.eenewseurope.com\/en\/#\/schema\/logo\/image\/"}},{"@type":"Person","@id":"https:\/\/www.eenewseurope.com\/en\/#\/schema\/person\/0aa2cfb0bd8949724a68cbac8d8321b4","name":"A Delapalisse","image":{"@type":"ImageObject","inLanguage":"fr-FR","@id":"https:\/\/www.eenewseurope.com\/en\/#\/schema\/person\/image\/211ac42237c2e9683c0964086c393cb4","url":"https:\/\/secure.gravatar.com\/avatar\/ad45a8c5da24bc9c7c4940dd1c48a695?s=96&d=mm&r=g","contentUrl":"https:\/\/secure.gravatar.com\/avatar\/ad45a8c5da24bc9c7c4940dd1c48a695?s=96&d=mm&r=g","caption":"A Delapalisse"},"sameAs":["http:\/\/ECI"]}]}},"authors":[{"term_id":1153,"user_id":34,"is_guest":0,"slug":"adelapalisse","display_name":"A Delapalisse","avatar_url":"https:\/\/secure.gravatar.com\/avatar\/ad45a8c5da24bc9c7c4940dd1c48a695?s=96&d=mm&r=g","0":null,"1":"","2":"","3":"","4":"","5":"","6":"","7":"","8":""},{"term_id":3640,"user_id":0,"is_guest":1,"slug":"nick-flaherty","display_name":"Nick Flaherty","avatar_url":"https:\/\/secure.gravatar.com\/avatar\/?s=96&d=mm&r=g","0":null,"1":"","2":"","3":"","4":"","5":"","6":"","7":"","8":""}],"_links":{"self":[{"href":"https:\/\/www.ecinews.fr\/fr\/wp-json\/wp\/v2\/posts\/447733"}],"collection":[{"href":"https:\/\/www.ecinews.fr\/fr\/wp-json\/wp\/v2\/posts"}],"about":[{"href":"https:\/\/www.ecinews.fr\/fr\/wp-json\/wp\/v2\/types\/post"}],"author":[{"embeddable":true,"href":"https:\/\/www.ecinews.fr\/fr\/wp-json\/wp\/v2\/users\/34"}],"replies":[{"embeddable":true,"href":"https:\/\/www.ecinews.fr\/fr\/wp-json\/wp\/v2\/comments?post=447733"}],"version-history":[{"count":0,"href":"https:\/\/www.ecinews.fr\/fr\/wp-json\/wp\/v2\/posts\/447733\/revisions"}],"wp:featuredmedia":[{"embeddable":true,"href":"https:\/\/www.ecinews.fr\/fr\/wp-json\/wp\/v2\/media\/447672"}],"wp:attachment":[{"href":"https:\/\/www.ecinews.fr\/fr\/wp-json\/wp\/v2\/media?parent=447733"}],"wp:term":[{"taxonomy":"category","embeddable":true,"href":"https:\/\/www.ecinews.fr\/fr\/wp-json\/wp\/v2\/categories?post=447733"},{"taxonomy":"post_tag","embeddable":true,"href":"https:\/\/www.ecinews.fr\/fr\/wp-json\/wp\/v2\/tags?post=447733"},{"taxonomy":"domains","embeddable":true,"href":"https:\/\/www.ecinews.fr\/fr\/wp-json\/wp\/v2\/domains?post=447733"},{"taxonomy":"author","embeddable":true,"href":"https:\/\/www.ecinews.fr\/fr\/wp-json\/wp\/v2\/ppma_author?post=447733"}],"curies":[{"name":"wp","href":"https:\/\/api.w.org\/{rel}","templated":true}]}}