{"id":447491,"date":"2024-04-01T20:12:56","date_gmt":"2024-04-01T18:12:56","guid":{"rendered":"https:\/\/www.ecinews.fr\/?p=447491"},"modified":"2024-04-01T20:12:56","modified_gmt":"2024-04-01T18:12:56","slug":"la-fondation-eclipse-devoile-les-resultats-de-son-enquete-2023-sur-ladoption-commerciale-de-liot-et-de-ledge-computing","status":"publish","type":"post","link":"https:\/\/www.ecinews.fr\/fr\/la-fondation-eclipse-devoile-les-resultats-de-son-enquete-2023-sur-ladoption-commerciale-de-liot-et-de-ledge-computing\/","title":{"rendered":"La Fondation Eclipse d\u00e9voile les r\u00e9sultats de son enqu\u00eate 2023 sur l&rsquo;adoption commerciale de l&rsquo;IoT et de l&rsquo;Edge Computing"},"content":{"rendered":"<h3>Le 5\u00e8me rapport d&rsquo;enqu\u00eate annuel r\u00e9v\u00e8le les principales tendances, d\u00e9fis et strat\u00e9gies \u2013 notamment le recours accru des entreprises aux technologies open source pour acc\u00e9l\u00e9rer l&rsquo;adoption de l&rsquo;IoT et de l&rsquo;informatique de pointe.<\/h3>\n<p>La Fondation Eclipse, l&rsquo;une des plus grandes fondations open source au monde, a annonc\u00e9 aujourd&rsquo;hui la disponibilit\u00e9 de son rapport d&rsquo;enqu\u00eate 2023 sur l&rsquo;adoption commerciale de l&rsquo;IoT et de l&rsquo;Edge Computing, une analyse compl\u00e8te d\u00e9riv\u00e9e des r\u00e9ponses de 1 067 professionnels dans le domaine de l&rsquo;IoT et de l&rsquo;edge computing. Men\u00e9e en ligne du 4 avril au 5 juillet 2023, l&rsquo;enqu\u00eate offre des informations pr\u00e9cieuses sur l&rsquo;\u00e9volution des \u00e9cosyst\u00e8mes de l&rsquo;IoT et de l&rsquo;edge computing en identifiant les exigences, les priorit\u00e9s et les d\u00e9fis auxquels sont confront\u00e9es les organisations qui d\u00e9ploient et utilisent des solutions commerciales, y compris celles bas\u00e9es sur des technologies open source.<\/p>\n<p>\u00ab Conform\u00e9ment \u00e0 nos enqu\u00eates pr\u00e9c\u00e9dentes, la croissance et l&rsquo;adoption continues de l&rsquo;IoT et de l&rsquo;edge computing restent \u00e9videntes. Les donn\u00e9es refl\u00e8tent une augmentation notable du nombre d&rsquo;appareils g\u00e9r\u00e9s et des investissements plus importants, r\u00e9v\u00e9lateurs d&rsquo;une intensification des d\u00e9ploiements \u00bb, a d\u00e9clar\u00e9 Mike Milinkovich, directeur g\u00e9n\u00e9ral de la Fondation Eclipse. \u00ab Il est particuli\u00e8rement remarquable que les dirigeants influencent d\u00e9sormais la prise de d\u00e9cision en mati\u00e8re d\u2019investissements IoT et Edge. Cela souligne la valeur strat\u00e9gique que les entreprises accordent aux solutions bas\u00e9es sur des technologies ouvertes dans des d\u00e9ploiements r\u00e9els. Les composants open source sont reconnus comme des facteurs essentiels de r\u00e9ussite.<\/p>\n<p>Les participants \u00e0 l\u2019enqu\u00eate repr\u00e9sentent un large \u00e9ventail d\u2019industries et de fonctions professionnelles. Six des principaux points \u00e0 retenir des donn\u00e9es de l&rsquo;enqu\u00eate sont les suivants\u00a0:<\/p>\n<p>&nbsp;<\/p>\n<ul>\n<li>L&rsquo;adoption de l&rsquo;IoT a explos\u00e9 en 2023: 64 % des personnes interrog\u00e9es d\u00e9ploient d\u00e9sormais des solutions IoT, contre 53 % en 2022. 23 % suppl\u00e9mentaires pr\u00e9voient en d\u00e9ployer dans un d\u00e9lai de 12 \u00e0 24 mois. Moins de 5\u00a0% n\u2019ont aucun plan de d\u00e9ploiement de l\u2019IoT.<\/li>\n<li>L&rsquo;adoption de l&rsquo;Edge Computing reste stable avec une acc\u00e9l\u00e9ration<br \/>\nattendue : l&rsquo;adoption des solutions Edge Computing reste \u00e0 33 % (comme en 2022), avec 30 % suppl\u00e9mentaires indiquant des plans de d\u00e9ploiement au cours des 24 prochains mois. 27 % \u00e9valuent encore les plateformes Edge, tandis que seulement 10 % n&rsquo;ont pas l&rsquo;intention de d\u00e9ployer des solutions Edge.<\/li>\n<li>La hausse des investissements signale une augmentation des d\u00e9ploiements de production\u00a0: 17\u00a0% des personnes interrog\u00e9es ont d\u00e9pens\u00e9 entre 1 et 10\u00a0millions de dollars en 2023 (plus du double de celui de 2022)\u00a0; cette proportion passera \u00e0 23\u00a0% en 2024. Environ 5\u00a0% pr\u00e9voient des d\u00e9penses sup\u00e9rieures \u00e0 10\u00a0millions de dollars. Cette tendance indique une transition des preuves de concept vers des d\u00e9ploiements ax\u00e9s sur le retour sur investissement..<\/li>\n<\/ul>\n<p>\u25cf Nombre croissant d&rsquo;actifs IoT et Edge par d\u00e9ploiement: les d\u00e9ploiements de moins de 1 000 actifs g\u00e9r\u00e9s resteront stables ou diminueront, tandis que les d\u00e9ploiements plus importants sont en hausse, avec un taux de croissance impressionnant de 10% des projets compos\u00e9s de 50 000 appareils ou plus. En ce qui concerne la mise en \u0153uvre des actifs, le m\u00e9lange entre produits bruns et produits verts est presque \u00e9gal.\u25cf L&rsquo;IoT est de plus en plus strat\u00e9gique avec des d\u00e9cisions d&rsquo;investissement prises par les cadres dirigeants: 49% des organisations r\u00e9v\u00e8lent que l\u2019\u00e9quipe dirigeante est pr\u00e9dominante dans la prise de d\u00e9cisions portant sur l\u2019IoT et l\u2019Edge. Cela marque une augmentation significative par rapport aux 38% rapport\u00e9s en 2022, indiquant une influence croissante des cadres dirigeants dans l&rsquo;\u00e9laboration des choix d&rsquo;investissement dans le domaine des technologies IoT et Edge.\u25cf 75% des organisations interrog\u00e9es adoptent l&rsquo;open source dans l&rsquo;IoT et Edge: 75% des organisations int\u00e8grent activement l&rsquo;open source dans leurs plans de d\u00e9ploiement. L&rsquo;utilisation g\u00e9n\u00e9ralis\u00e9e des solutions IoT et Edge bas\u00e9es sur les technologies open source souligne comment l&rsquo;open source est devenue la cl\u00e9 pour fa\u00e7onner le paysage technologique d&rsquo;aujourd&rsquo;hui.\u00a0Le rapport contient \u00e9galement sur des informations sp\u00e9cifiques \u00e0 l&rsquo;industrie sur l&rsquo;adoption de l&rsquo;IoT et du EDGE, met en \u00e9vidence les principales pr\u00e9occupations et d\u00e9fis rencontr\u00e9s par les adopteurs commerciaux et fournit des recommandations concr\u00e8tes pour naviguer dans un \u00e9cosyst\u00e8me en pleine \u00e9volution. Pour en savoir plus, t\u00e9l\u00e9chargez le <a href=\"https:\/\/outreach.eclipse.foundation\/iot-edge-commercial-adoption-2023\">rapport d&rsquo;enqu\u00eate sur l&rsquo;adoption commerciale de l\u2019 IoT &amp; Edge 2023.<\/a>\u00a0L&rsquo;enqu\u00eate d&rsquo;adoption commerciale IoT et Edge est parrain\u00e9e par les groupes de travail <a href=\"https:\/\/iot.eclipse.org\/\">Eclipse IoT<\/a> et <a href=\"https:\/\/sparkplug.eclipse.org\/\">Sparkplug<\/a>. Il constitue un compl\u00e9ment pr\u00e9cieux <a href=\"https:\/\/outreach.eclipse.foundation\/iot-edge-developer-survey-2023\">\u00e0 l&rsquo;enqu\u00eate annuelle sur les d\u00e9veloppeurs IoT<\/a>, une source vitale d&rsquo;id\u00e9es strat\u00e9giques en provenance de la ligne de front du d\u00e9veloppement. La communaut\u00e9 IoT Eclipse repr\u00e9sente l&rsquo;une des plus grandes collaborations open source ax\u00e9es sur l&rsquo;IoT dans le monde, avec 45 membres et plus de 50 projets. Les projets IoT Eclipse ont \u00e9t\u00e9 largement adopt\u00e9s par des organisations de premier plan dans une vari\u00e9t\u00e9 de secteurs verticaux pour fournir des solutions et services commerciaux bas\u00e9s sur l&rsquo;IoT et l\u2019Edge.<\/p>\n<p>&nbsp;<\/p>\n<p><strong>\u00c0 propos de la Fondation Eclipse\u202f\u00a0<\/strong><\/p>\n<p>La Fondation Eclipse offre \u00e0 notre communaut\u00e9 mondiale d&rsquo;individus et d&rsquo;organisations un environnement convivial pour la collaboration et l&rsquo;innovation en mati\u00e8re de logiciels open source. Nous h\u00e9bergeons l&rsquo;IDE Eclipse, Adoptium, Software Defined Vehicle, Jakarta EE et plus de 425 projets open source, y compris des environnements d&rsquo;ex\u00e9cution, des outils, des sp\u00e9cifications et des frameworks pour les applications cloud et Edge, l&rsquo;IoT, l&rsquo;IA, l&rsquo;automobile, l&rsquo;ing\u00e9nierie des syst\u00e8mes, les conceptions de processeurs ouverts, et plein d&rsquo;autres. Bas\u00e9e \u00e0 Bruxelles, en Belgique, la Fondation Eclipse est une association internationale \u00e0 but non lucratif soutenue par plus de 350 membres.<\/p>\n<p>&nbsp;<\/p>\n<p><a href=\"http:\/\/www.Eclipse.org\">www.Eclipse.org<\/a><\/p>\n<p><a href=\"https:\/\/news.google.com\/publications\/CAAqBwgKMJbcwQswuPfYAw?hl=fr&amp;gl=BE&amp;ceid=BE:fr\">Suivre ECInews sur Google news<\/a><\/p>\n<p>&nbsp;<\/p>\n<p><strong>\u00a0<\/strong><\/p>\n","protected":false},"excerpt":{"rendered":"<p>Le 5\u00e8me rapport d&rsquo;enqu\u00eate annuel r\u00e9v\u00e8le les principales tendances, d\u00e9fis et strat\u00e9gies \u2013 notamment le recours accru des entreprises aux technologies open source pour acc\u00e9l\u00e9rer l&rsquo;adoption de l&rsquo;IoT et de l&rsquo;informatique de pointe. La Fondation Eclipse, l&rsquo;une des plus grandes fondations open source au monde, a annonc\u00e9 aujourd&rsquo;hui la disponibilit\u00e9 de son rapport d&rsquo;enqu\u00eate 2023 [&hellip;]<\/p>\n","protected":false},"author":36,"featured_media":447492,"comment_status":"closed","ping_status":"closed","sticky":false,"template":"","format":"standard","meta":{"_acf_changed":false,"footnotes":""},"categories":[886],"tags":[919],"domains":[47],"ppma_author":[1154],"class_list":["post-447491","post","type-post","status-publish","format-standard","has-post-thumbnail","hentry","category-news-fr","tag-iot-fr","domains-electronique-eci"],"acf":[],"yoast_head":"<title>La Fondation Eclipse d\u00e9voile les r\u00e9sultats de son enqu\u00eate 20...<\/title>\n<meta name=\"description\" content=\"Le 5\u00e8me rapport d&#039;enqu\u00eate annuel r\u00e9v\u00e8le les principales tendances, d\u00e9fis et strat\u00e9gies \u2013 notamment le recours accru des entreprises aux technologies...\" \/>\n<meta name=\"robots\" content=\"index, follow, max-snippet:-1, max-image-preview:large, max-video-preview:-1\" \/>\n<link rel=\"canonical\" href=\"https:\/\/www.ecinews.fr\/fr\/wp-json\/wp\/v2\/posts\/447491\/\" \/>\n<meta property=\"og:locale\" content=\"fr_FR\" \/>\n<meta property=\"og:type\" content=\"article\" \/>\n<meta property=\"og:title\" content=\"La Fondation Eclipse d\u00e9voile les r\u00e9sultats de son enqu\u00eate 2023 sur l&#039;adoption commerciale de l&#039;IoT et de l&#039;Edge Computing\" \/>\n<meta property=\"og:description\" content=\"Le 5\u00e8me rapport d&#039;enqu\u00eate annuel r\u00e9v\u00e8le les principales tendances, d\u00e9fis et strat\u00e9gies \u2013 notamment le recours accru des entreprises aux technologies open source pour acc\u00e9l\u00e9rer l&#039;adoption de l&#039;IoT et de l&#039;informatique de pointe.\" \/>\n<meta property=\"og:url\" content=\"https:\/\/www.ecinews.fr\/fr\/wp-json\/wp\/v2\/posts\/447491\/\" \/>\n<meta property=\"og:site_name\" content=\"EENewsEurope\" \/>\n<meta property=\"article:published_time\" content=\"2024-04-01T18:12:56+00:00\" \/>\n<meta property=\"og:image\" content=\"https:\/\/www.ecinews.fr\/wp-content\/uploads\/2024\/04\/ECI3967_The-Eclipse-Foundation-actu.jpg\" \/>\n\t<meta property=\"og:image:width\" content=\"1054\" \/>\n\t<meta property=\"og:image:height\" content=\"551\" \/>\n\t<meta property=\"og:image:type\" content=\"image\/jpeg\" \/>\n<meta name=\"author\" content=\"Alain Dieul\" \/>\n<meta name=\"twitter:card\" content=\"summary_large_image\" \/>\n<meta name=\"twitter:label1\" content=\"Written by\" \/>\n\t<meta name=\"twitter:data1\" content=\"Alain Dieul\" \/>\n\t<meta name=\"twitter:label2\" content=\"Est. reading time\" \/>\n\t<meta name=\"twitter:data2\" content=\"4 minutes\" \/>\n<script type=\"application\/ld+json\" class=\"yoast-schema-graph\">{\"@context\":\"https:\/\/schema.org\",\"@graph\":[{\"@type\":\"Article\",\"@id\":\"https:\/\/www.ecinews.fr\/fr\/la-fondation-eclipse-devoile-les-resultats-de-son-enquete-2023-sur-ladoption-commerciale-de-liot-et-de-ledge-computing\/#article\",\"isPartOf\":{\"@id\":\"https:\/\/www.ecinews.fr\/fr\/la-fondation-eclipse-devoile-les-resultats-de-son-enquete-2023-sur-ladoption-commerciale-de-liot-et-de-ledge-computing\/\"},\"author\":{\"name\":\"Alain Dieul\",\"@id\":\"https:\/\/www.ecinews.fr\/fr\/#\/schema\/person\/e4387676ad67ce722325c7832f3c3762\"},\"headline\":\"La Fondation Eclipse d\u00e9voile les r\u00e9sultats de son enqu\u00eate 2023 sur l&rsquo;adoption commerciale de l&rsquo;IoT et de l&rsquo;Edge Computing\",\"datePublished\":\"2024-04-01T18:12:56+00:00\",\"dateModified\":\"2024-04-01T18:12:56+00:00\",\"mainEntityOfPage\":{\"@id\":\"https:\/\/www.ecinews.fr\/fr\/la-fondation-eclipse-devoile-les-resultats-de-son-enquete-2023-sur-ladoption-commerciale-de-liot-et-de-ledge-computing\/\"},\"wordCount\":1047,\"publisher\":{\"@id\":\"https:\/\/www.ecinews.fr\/fr\/#organization\"},\"keywords\":[\"IoT\"],\"articleSection\":[\"Actualit\u00e9 g\u00e9n\u00e9rale\"],\"inLanguage\":\"fr-FR\"},{\"@type\":\"WebPage\",\"@id\":\"https:\/\/www.ecinews.fr\/fr\/la-fondation-eclipse-devoile-les-resultats-de-son-enquete-2023-sur-ladoption-commerciale-de-liot-et-de-ledge-computing\/\",\"url\":\"https:\/\/www.ecinews.fr\/fr\/la-fondation-eclipse-devoile-les-resultats-de-son-enquete-2023-sur-ladoption-commerciale-de-liot-et-de-ledge-computing\/\",\"name\":\"La Fondation Eclipse d\u00e9voile les r\u00e9sultats de son enqu\u00eate 2023 sur l'adoption commerciale de l'IoT et de l'Edge Computing -\",\"isPartOf\":{\"@id\":\"https:\/\/www.ecinews.fr\/fr\/#website\"},\"datePublished\":\"2024-04-01T18:12:56+00:00\",\"dateModified\":\"2024-04-01T18:12:56+00:00\",\"description\":\"Le 5\u00e8me rapport d'enqu\u00eate annuel r\u00e9v\u00e8le les principales tendances, d\u00e9fis et strat\u00e9gies \u2013 notamment le recours accru des entreprises aux technologies open source pour acc\u00e9l\u00e9rer l'adoption de l'IoT et de l'informatique de pointe.\",\"breadcrumb\":{\"@id\":\"https:\/\/www.ecinews.fr\/fr\/la-fondation-eclipse-devoile-les-resultats-de-son-enquete-2023-sur-ladoption-commerciale-de-liot-et-de-ledge-computing\/#breadcrumb\"},\"inLanguage\":\"fr-FR\",\"potentialAction\":[{\"@type\":\"ReadAction\",\"target\":[\"https:\/\/www.ecinews.fr\/fr\/la-fondation-eclipse-devoile-les-resultats-de-son-enquete-2023-sur-ladoption-commerciale-de-liot-et-de-ledge-computing\/\"]}]},{\"@type\":\"BreadcrumbList\",\"@id\":\"https:\/\/www.ecinews.fr\/fr\/la-fondation-eclipse-devoile-les-resultats-de-son-enquete-2023-sur-ladoption-commerciale-de-liot-et-de-ledge-computing\/#breadcrumb\",\"itemListElement\":[{\"@type\":\"ListItem\",\"position\":1,\"name\":\"Home\",\"item\":\"https:\/\/www.ecinews.fr\/fr\/\"},{\"@type\":\"ListItem\",\"position\":2,\"name\":\"La Fondation Eclipse d\u00e9voile les r\u00e9sultats de son enqu\u00eate 2023 sur l&rsquo;adoption commerciale de l&rsquo;IoT et de l&rsquo;Edge Computing\"}]},{\"@type\":\"WebSite\",\"@id\":\"https:\/\/www.ecinews.fr\/fr\/#website\",\"url\":\"https:\/\/www.ecinews.fr\/fr\/\",\"name\":\"EENewsEurope\",\"description\":\"Just another WordPress site\",\"publisher\":{\"@id\":\"https:\/\/www.ecinews.fr\/fr\/#organization\"},\"potentialAction\":[{\"@type\":\"SearchAction\",\"target\":{\"@type\":\"EntryPoint\",\"urlTemplate\":\"https:\/\/www.ecinews.fr\/fr\/?s={search_term_string}\"},\"query-input\":\"required name=search_term_string\"}],\"inLanguage\":\"fr-FR\"},{\"@type\":\"Organization\",\"@id\":\"https:\/\/www.ecinews.fr\/fr\/#organization\",\"name\":\"EENewsEurope\",\"url\":\"https:\/\/www.ecinews.fr\/fr\/\",\"logo\":{\"@type\":\"ImageObject\",\"inLanguage\":\"fr-FR\",\"@id\":\"https:\/\/www.ecinews.fr\/fr\/#\/schema\/logo\/image\/\",\"url\":\"https:\/\/www.ecinews.fr\/wp-content\/uploads\/2022\/02\/logo-1.jpg\",\"contentUrl\":\"https:\/\/www.ecinews.fr\/wp-content\/uploads\/2022\/02\/logo-1.jpg\",\"width\":283,\"height\":113,\"caption\":\"EENewsEurope\"},\"image\":{\"@id\":\"https:\/\/www.ecinews.fr\/fr\/#\/schema\/logo\/image\/\"}},{\"@type\":\"Person\",\"@id\":\"https:\/\/www.ecinews.fr\/fr\/#\/schema\/person\/e4387676ad67ce722325c7832f3c3762\",\"name\":\"Alain Dieul\",\"image\":{\"@type\":\"ImageObject\",\"inLanguage\":\"fr-FR\",\"@id\":\"https:\/\/www.ecinews.fr\/fr\/#\/schema\/person\/image\/736120675699dbbf0f0f282b9a9cfb75\",\"url\":\"https:\/\/secure.gravatar.com\/avatar\/bc93b056d07515be5b8eecd4acf49c5c?s=96&d=mm&r=g\",\"contentUrl\":\"https:\/\/secure.gravatar.com\/avatar\/bc93b056d07515be5b8eecd4acf49c5c?s=96&d=mm&r=g\",\"caption\":\"Alain Dieul\"},\"sameAs\":[\"http:\/\/ECINews\"]}]}<\/script>","yoast_head_json":{"title":"La Fondation Eclipse d\u00e9voile les r\u00e9sultats de son enqu\u00eate 20...","description":"Le 5\u00e8me rapport d'enqu\u00eate annuel r\u00e9v\u00e8le les principales tendances, d\u00e9fis et strat\u00e9gies \u2013 notamment le recours accru des entreprises aux technologies...","robots":{"index":"index","follow":"follow","max-snippet":"max-snippet:-1","max-image-preview":"max-image-preview:large","max-video-preview":"max-video-preview:-1"},"canonical":"https:\/\/www.ecinews.fr\/fr\/wp-json\/wp\/v2\/posts\/447491\/","og_locale":"fr_FR","og_type":"article","og_title":"La Fondation Eclipse d\u00e9voile les r\u00e9sultats de son enqu\u00eate 2023 sur l'adoption commerciale de l'IoT et de l'Edge Computing","og_description":"Le 5\u00e8me rapport d'enqu\u00eate annuel r\u00e9v\u00e8le les principales tendances, d\u00e9fis et strat\u00e9gies \u2013 notamment le recours accru des entreprises aux technologies open source pour acc\u00e9l\u00e9rer l'adoption de l'IoT et de l'informatique de pointe.","og_url":"https:\/\/www.ecinews.fr\/fr\/wp-json\/wp\/v2\/posts\/447491\/","og_site_name":"EENewsEurope","article_published_time":"2024-04-01T18:12:56+00:00","og_image":[{"width":1054,"height":551,"url":"https:\/\/www.ecinews.fr\/wp-content\/uploads\/2024\/04\/ECI3967_The-Eclipse-Foundation-actu.jpg","type":"image\/jpeg"}],"author":"Alain Dieul","twitter_card":"summary_large_image","twitter_misc":{"Written by":"Alain Dieul","Est. reading time":"4 minutes"},"schema":{"@context":"https:\/\/schema.org","@graph":[{"@type":"Article","@id":"https:\/\/www.ecinews.fr\/fr\/la-fondation-eclipse-devoile-les-resultats-de-son-enquete-2023-sur-ladoption-commerciale-de-liot-et-de-ledge-computing\/#article","isPartOf":{"@id":"https:\/\/www.ecinews.fr\/fr\/la-fondation-eclipse-devoile-les-resultats-de-son-enquete-2023-sur-ladoption-commerciale-de-liot-et-de-ledge-computing\/"},"author":{"name":"Alain Dieul","@id":"https:\/\/www.ecinews.fr\/fr\/#\/schema\/person\/e4387676ad67ce722325c7832f3c3762"},"headline":"La Fondation Eclipse d\u00e9voile les r\u00e9sultats de son enqu\u00eate 2023 sur l&rsquo;adoption commerciale de l&rsquo;IoT et de l&rsquo;Edge Computing","datePublished":"2024-04-01T18:12:56+00:00","dateModified":"2024-04-01T18:12:56+00:00","mainEntityOfPage":{"@id":"https:\/\/www.ecinews.fr\/fr\/la-fondation-eclipse-devoile-les-resultats-de-son-enquete-2023-sur-ladoption-commerciale-de-liot-et-de-ledge-computing\/"},"wordCount":1047,"publisher":{"@id":"https:\/\/www.ecinews.fr\/fr\/#organization"},"keywords":["IoT"],"articleSection":["Actualit\u00e9 g\u00e9n\u00e9rale"],"inLanguage":"fr-FR"},{"@type":"WebPage","@id":"https:\/\/www.ecinews.fr\/fr\/la-fondation-eclipse-devoile-les-resultats-de-son-enquete-2023-sur-ladoption-commerciale-de-liot-et-de-ledge-computing\/","url":"https:\/\/www.ecinews.fr\/fr\/la-fondation-eclipse-devoile-les-resultats-de-son-enquete-2023-sur-ladoption-commerciale-de-liot-et-de-ledge-computing\/","name":"La Fondation Eclipse d\u00e9voile les r\u00e9sultats de son enqu\u00eate 2023 sur l'adoption commerciale de l'IoT et de l'Edge Computing -","isPartOf":{"@id":"https:\/\/www.ecinews.fr\/fr\/#website"},"datePublished":"2024-04-01T18:12:56+00:00","dateModified":"2024-04-01T18:12:56+00:00","description":"Le 5\u00e8me rapport d'enqu\u00eate annuel r\u00e9v\u00e8le les principales tendances, d\u00e9fis et strat\u00e9gies \u2013 notamment le recours accru des entreprises aux technologies open source pour acc\u00e9l\u00e9rer l'adoption de l'IoT et de l'informatique de pointe.","breadcrumb":{"@id":"https:\/\/www.ecinews.fr\/fr\/la-fondation-eclipse-devoile-les-resultats-de-son-enquete-2023-sur-ladoption-commerciale-de-liot-et-de-ledge-computing\/#breadcrumb"},"inLanguage":"fr-FR","potentialAction":[{"@type":"ReadAction","target":["https:\/\/www.ecinews.fr\/fr\/la-fondation-eclipse-devoile-les-resultats-de-son-enquete-2023-sur-ladoption-commerciale-de-liot-et-de-ledge-computing\/"]}]},{"@type":"BreadcrumbList","@id":"https:\/\/www.ecinews.fr\/fr\/la-fondation-eclipse-devoile-les-resultats-de-son-enquete-2023-sur-ladoption-commerciale-de-liot-et-de-ledge-computing\/#breadcrumb","itemListElement":[{"@type":"ListItem","position":1,"name":"Home","item":"https:\/\/www.ecinews.fr\/fr\/"},{"@type":"ListItem","position":2,"name":"La Fondation Eclipse d\u00e9voile les r\u00e9sultats de son enqu\u00eate 2023 sur l&rsquo;adoption commerciale de l&rsquo;IoT et de l&rsquo;Edge Computing"}]},{"@type":"WebSite","@id":"https:\/\/www.ecinews.fr\/fr\/#website","url":"https:\/\/www.ecinews.fr\/fr\/","name":"EENewsEurope","description":"Just another WordPress site","publisher":{"@id":"https:\/\/www.ecinews.fr\/fr\/#organization"},"potentialAction":[{"@type":"SearchAction","target":{"@type":"EntryPoint","urlTemplate":"https:\/\/www.ecinews.fr\/fr\/?s={search_term_string}"},"query-input":"required name=search_term_string"}],"inLanguage":"fr-FR"},{"@type":"Organization","@id":"https:\/\/www.ecinews.fr\/fr\/#organization","name":"EENewsEurope","url":"https:\/\/www.ecinews.fr\/fr\/","logo":{"@type":"ImageObject","inLanguage":"fr-FR","@id":"https:\/\/www.ecinews.fr\/fr\/#\/schema\/logo\/image\/","url":"https:\/\/www.ecinews.fr\/wp-content\/uploads\/2022\/02\/logo-1.jpg","contentUrl":"https:\/\/www.ecinews.fr\/wp-content\/uploads\/2022\/02\/logo-1.jpg","width":283,"height":113,"caption":"EENewsEurope"},"image":{"@id":"https:\/\/www.ecinews.fr\/fr\/#\/schema\/logo\/image\/"}},{"@type":"Person","@id":"https:\/\/www.ecinews.fr\/fr\/#\/schema\/person\/e4387676ad67ce722325c7832f3c3762","name":"Alain Dieul","image":{"@type":"ImageObject","inLanguage":"fr-FR","@id":"https:\/\/www.ecinews.fr\/fr\/#\/schema\/person\/image\/736120675699dbbf0f0f282b9a9cfb75","url":"https:\/\/secure.gravatar.com\/avatar\/bc93b056d07515be5b8eecd4acf49c5c?s=96&d=mm&r=g","contentUrl":"https:\/\/secure.gravatar.com\/avatar\/bc93b056d07515be5b8eecd4acf49c5c?s=96&d=mm&r=g","caption":"Alain Dieul"},"sameAs":["http:\/\/ECINews"]}]}},"authors":[{"term_id":1154,"user_id":36,"is_guest":0,"slug":"alain-dieul","display_name":"Alain Dieul","avatar_url":"https:\/\/secure.gravatar.com\/avatar\/bc93b056d07515be5b8eecd4acf49c5c?s=96&d=mm&r=g","0":null,"1":"","2":"","3":"","4":"","5":"","6":"","7":"","8":""}],"_links":{"self":[{"href":"https:\/\/www.ecinews.fr\/fr\/wp-json\/wp\/v2\/posts\/447491"}],"collection":[{"href":"https:\/\/www.ecinews.fr\/fr\/wp-json\/wp\/v2\/posts"}],"about":[{"href":"https:\/\/www.ecinews.fr\/fr\/wp-json\/wp\/v2\/types\/post"}],"author":[{"embeddable":true,"href":"https:\/\/www.ecinews.fr\/fr\/wp-json\/wp\/v2\/users\/36"}],"replies":[{"embeddable":true,"href":"https:\/\/www.ecinews.fr\/fr\/wp-json\/wp\/v2\/comments?post=447491"}],"version-history":[{"count":0,"href":"https:\/\/www.ecinews.fr\/fr\/wp-json\/wp\/v2\/posts\/447491\/revisions"}],"wp:featuredmedia":[{"embeddable":true,"href":"https:\/\/www.ecinews.fr\/fr\/wp-json\/wp\/v2\/media\/447492"}],"wp:attachment":[{"href":"https:\/\/www.ecinews.fr\/fr\/wp-json\/wp\/v2\/media?parent=447491"}],"wp:term":[{"taxonomy":"category","embeddable":true,"href":"https:\/\/www.ecinews.fr\/fr\/wp-json\/wp\/v2\/categories?post=447491"},{"taxonomy":"post_tag","embeddable":true,"href":"https:\/\/www.ecinews.fr\/fr\/wp-json\/wp\/v2\/tags?post=447491"},{"taxonomy":"domains","embeddable":true,"href":"https:\/\/www.ecinews.fr\/fr\/wp-json\/wp\/v2\/domains?post=447491"},{"taxonomy":"author","embeddable":true,"href":"https:\/\/www.ecinews.fr\/fr\/wp-json\/wp\/v2\/ppma_author?post=447491"}],"curies":[{"name":"wp","href":"https:\/\/api.w.org\/{rel}","templated":true}]}}