{"id":447399,"date":"2024-03-30T10:27:06","date_gmt":"2024-03-30T09:27:06","guid":{"rendered":"https:\/\/www.eenewseurope.com\/?p=447399"},"modified":"2024-03-29T17:35:01","modified_gmt":"2024-03-29T16:35:01","slug":"renault-cree-une-coentreprise-de-fourgonnettes-electriques","status":"publish","type":"post","link":"https:\/\/www.ecinews.fr\/fr\/renault-cree-une-coentreprise-de-fourgonnettes-electriques\/","title":{"rendered":"Renault cr\u00e9e une coentreprise de fourgonnettes \u00e9lectriques"},"content":{"rendered":"<h3>Dans le cadre de l&rsquo;entreprise commune annonc\u00e9e l&rsquo;ann\u00e9e derni\u00e8re, Renault va construire des fourgonnettes \u00e9lectriques l\u00e9g\u00e8res dans son usine de Sandouville, en France.<\/h3>\n<p>L&rsquo;usine de Sandouville, en Normandie, utilisera la coentreprise Flexis SAS, officiellement cr\u00e9\u00e9e cette semaine avec le groupe Volvo et CMA CGM, pour la production de fourgonnettes \u00e9lectriques. \u00c0 partir de 2026, le site construira une nouvelle g\u00e9n\u00e9ration de camionnettes enti\u00e8rement \u00e9lectriques bas\u00e9es sur une plateforme \u00e9lectronique connect\u00e9e.<\/p>\n<ul>\n<li><a href=\"https:\/\/www.eenewseurope.com\/en\/renault-volvo-in-e750m-software-defined-electric-van-joint-venture\/\">Renault et Volvo cr\u00e9ent une coentreprise de 750 millions d&rsquo;euros pour des fourgonnettes \u00e9lectriques d\u00e9finies par logiciel<\/a><\/li>\n<\/ul>\n<p>Un plan de recrutement a \u00e9t\u00e9 annonc\u00e9 pour soutenir cette nouvelle activit\u00e9, avec 550 nouvelles embauches pr\u00e9vues au cours des quatre prochaines ann\u00e9es. Un investissement total de 300 millions d&rsquo;euros est pr\u00e9vu d&rsquo;ici \u00e0 2026 pour construire cette nouvelle g\u00e9n\u00e9ration de v\u00e9hicules.<\/p>\n<p>L&rsquo;usine acc\u00e9l\u00e8re sa transformation num\u00e9rique et s&rsquo;engage \u00e0 atteindre le z\u00e9ro carbone net d&rsquo;ici 2030 avec 40 hectares de panneaux photovolta\u00efques. Un \u00e9cosyst\u00e8me num\u00e9rique appel\u00e9 Sandouville Plant Connect permet aux ateliers du site d&rsquo;exploiter au maximum les donn\u00e9es op\u00e9rationnelles, mises \u00e0 jour en temps r\u00e9el, afin d&rsquo;optimiser la cha\u00eene de valeur : de la gestion des fournisseurs \u00e0 la production, en passant par la livraison aux clients. Con\u00e7u pour superviser les diff\u00e9rents aspects de performance de l&rsquo;usine (qualit\u00e9, co\u00fbt, d\u00e9lais, consommation d&rsquo;\u00e9nergie, etc.), cet outil contribue \u00e0 un environnement de travail plus proactif tout en favorisant l&rsquo;excellence au quotidien.<\/p>\n<p>\u00ab\u00a0L&rsquo;attribution de ce nouveau projet est la reconnaissance de l&rsquo;expertise et de l&rsquo;engagement des femmes et des hommes de l&rsquo;usine. Une nouvelle \u00e8re s&rsquo;ouvre \u00e0 Sandouville, avec la production d&rsquo;une nouvelle g\u00e9n\u00e9ration de v\u00e9hicules utilitaires \u00e9lectriques qui transformeront la logistique de demain gr\u00e2ce \u00e0 leur design r\u00e9volutionnaire. C&rsquo;est une fiert\u00e9 pour nous, et c&rsquo;est aussi un d\u00e9fi que nous relevons sur ce site historique, o\u00f9 l&rsquo;objectif est de rester une r\u00e9f\u00e9rence industrielle\u00a0\u00bb, a d\u00e9clar\u00e9 Thierry Charvet, Chief Industry &amp; Quality Officer, Groupe Renault. \u00ab\u00a0Avec cette d\u00e9cision, le Groupe Renault renforce sa pr\u00e9sence industrielle en France.<\/p>\n<p>Le groupe produit en France des syst\u00e8mes de fourgonnettes \u00e9lectriques pour v\u00e9hicules utilitaires l\u00e9gers dans trois usines : Maubeuge (Kangoo), Sandouville (Trafic) et Batilly (Master). Le site de Sandouville a construit plus de 1 000 000 de Trafic pour Renault et ses partenaires, dans une gamme compl\u00e8te de versions, de la plate-forme cabine au Trafic SpaceClass.<\/p>\n<p><a href=\"http:\/\/www.renaultgroup.com\">www.renaultgroup.com<\/a><\/p>\n<p>&nbsp;<\/p>\n","protected":false},"excerpt":{"rendered":"<p>Dans le cadre de l&rsquo;entreprise commune annonc\u00e9e l&rsquo;ann\u00e9e derni\u00e8re, Renault va construire des fourgonnettes \u00e9lectriques l\u00e9g\u00e8res dans son usine de Sandouville, en France. L&rsquo;usine de Sandouville, en Normandie, utilisera la coentreprise Flexis SAS, officiellement cr\u00e9\u00e9e cette semaine avec le groupe Volvo et CMA CGM, pour la production de fourgonnettes \u00e9lectriques. \u00c0 partir de 2026, le [&hellip;]<\/p>\n","protected":false},"author":34,"featured_media":447397,"comment_status":"closed","ping_status":"closed","sticky":false,"template":"","format":"standard","meta":{"_acf_changed":false,"footnotes":""},"categories":[880],"tags":[1640,2741],"domains":[47],"ppma_author":[1153,3640],"class_list":["post-447399","post","type-post","status-publish","format-standard","has-post-thumbnail","hentry","category-actualites-economiques","tag-automobile","tag-ve","domains-electronique-eci"],"acf":[],"yoast_head":"<title>Renault cr\u00e9e une coentreprise de fourgonnettes \u00e9lectriques ...<\/title>\n<meta name=\"description\" content=\"Renault va construire des fourgons \u00e9lectriques dans son usine de Sandouville, dans le cadre de la JV Flexis SAS cr\u00e9\u00e9e avec Volvo et CMA CGM.\" \/>\n<meta name=\"robots\" content=\"index, follow, max-snippet:-1, max-image-preview:large, max-video-preview:-1\" \/>\n<link rel=\"canonical\" href=\"https:\/\/www.ecinews.fr\/fr\/wp-json\/wp\/v2\/posts\/447399\/\" \/>\n<meta property=\"og:locale\" content=\"fr_FR\" \/>\n<meta property=\"og:type\" content=\"article\" \/>\n<meta property=\"og:title\" content=\"Renault cr\u00e9e une coentreprise de fourgonnettes \u00e9lectriques\" \/>\n<meta property=\"og:description\" content=\"Renault va construire des fourgons \u00e9lectriques dans son usine de Sandouville, dans le cadre de la JV Flexis SAS cr\u00e9\u00e9e avec Volvo et CMA CGM.\" \/>\n<meta property=\"og:url\" content=\"https:\/\/www.ecinews.fr\/fr\/wp-json\/wp\/v2\/posts\/447399\/\" \/>\n<meta property=\"og:site_name\" content=\"EENewsEurope\" \/>\n<meta property=\"article:published_time\" content=\"2024-03-30T09:27:06+00:00\" \/>\n<meta property=\"article:modified_time\" content=\"2024-03-29T16:35:01+00:00\" \/>\n<meta property=\"og:image\" content=\"https:\/\/www.ecinews.fr\/wp-content\/uploads\/2024\/03\/Renault-Sandville-scaled.jpg\" \/>\n\t<meta property=\"og:image:width\" content=\"1080\" \/>\n\t<meta property=\"og:image:height\" content=\"720\" \/>\n\t<meta property=\"og:image:type\" content=\"image\/jpeg\" \/>\n<meta name=\"author\" content=\"A Delapalisse, Nick Flaherty\" \/>\n<meta name=\"twitter:card\" content=\"summary_large_image\" \/>\n<meta name=\"twitter:label1\" content=\"Written by\" \/>\n\t<meta name=\"twitter:data1\" content=\"A Delapalisse\" \/>\n\t<meta name=\"twitter:label2\" content=\"Est. reading time\" \/>\n\t<meta name=\"twitter:data2\" content=\"2 minutes\" \/>\n<script type=\"application\/ld+json\" class=\"yoast-schema-graph\">{\"@context\":\"https:\/\/schema.org\",\"@graph\":[{\"@type\":\"Article\",\"@id\":\"https:\/\/www.ecinews.fr\/fr\/renault-cree-une-coentreprise-de-fourgonnettes-electriques\/#article\",\"isPartOf\":{\"@id\":\"https:\/\/www.ecinews.fr\/fr\/renault-cree-une-coentreprise-de-fourgonnettes-electriques\/\"},\"author\":{\"name\":\"A Delapalisse\",\"@id\":\"https:\/\/www.ecinews.fr\/fr\/#\/schema\/person\/0aa2cfb0bd8949724a68cbac8d8321b4\"},\"headline\":\"Renault cr\u00e9e une coentreprise de fourgonnettes \u00e9lectriques\",\"datePublished\":\"2024-03-30T09:27:06+00:00\",\"dateModified\":\"2024-03-29T16:35:01+00:00\",\"mainEntityOfPage\":{\"@id\":\"https:\/\/www.ecinews.fr\/fr\/renault-cree-une-coentreprise-de-fourgonnettes-electriques\/\"},\"wordCount\":443,\"publisher\":{\"@id\":\"https:\/\/www.ecinews.fr\/fr\/#organization\"},\"keywords\":[\"Automobile\",\"VE\"],\"articleSection\":[\"Actualit\u00e9s \u00e9conomiques\"],\"inLanguage\":\"fr-FR\"},{\"@type\":\"WebPage\",\"@id\":\"https:\/\/www.ecinews.fr\/fr\/renault-cree-une-coentreprise-de-fourgonnettes-electriques\/\",\"url\":\"https:\/\/www.ecinews.fr\/fr\/renault-cree-une-coentreprise-de-fourgonnettes-electriques\/\",\"name\":\"Renault cr\u00e9e une coentreprise de fourgonnettes \u00e9lectriques -\",\"isPartOf\":{\"@id\":\"https:\/\/www.ecinews.fr\/fr\/#website\"},\"datePublished\":\"2024-03-30T09:27:06+00:00\",\"dateModified\":\"2024-03-29T16:35:01+00:00\",\"description\":\"Renault va construire des fourgons \u00e9lectriques dans son usine de Sandouville, dans le cadre de la JV Flexis SAS cr\u00e9\u00e9e avec Volvo et CMA CGM.\",\"breadcrumb\":{\"@id\":\"https:\/\/www.ecinews.fr\/fr\/renault-cree-une-coentreprise-de-fourgonnettes-electriques\/#breadcrumb\"},\"inLanguage\":\"fr-FR\",\"potentialAction\":[{\"@type\":\"ReadAction\",\"target\":[\"https:\/\/www.ecinews.fr\/fr\/renault-cree-une-coentreprise-de-fourgonnettes-electriques\/\"]}]},{\"@type\":\"BreadcrumbList\",\"@id\":\"https:\/\/www.ecinews.fr\/fr\/renault-cree-une-coentreprise-de-fourgonnettes-electriques\/#breadcrumb\",\"itemListElement\":[{\"@type\":\"ListItem\",\"position\":1,\"name\":\"Home\",\"item\":\"https:\/\/www.ecinews.fr\/fr\/\"},{\"@type\":\"ListItem\",\"position\":2,\"name\":\"Renault cr\u00e9e une coentreprise de fourgonnettes \u00e9lectriques\"}]},{\"@type\":\"WebSite\",\"@id\":\"https:\/\/www.ecinews.fr\/fr\/#website\",\"url\":\"https:\/\/www.ecinews.fr\/fr\/\",\"name\":\"EENewsEurope\",\"description\":\"Just another WordPress site\",\"publisher\":{\"@id\":\"https:\/\/www.ecinews.fr\/fr\/#organization\"},\"potentialAction\":[{\"@type\":\"SearchAction\",\"target\":{\"@type\":\"EntryPoint\",\"urlTemplate\":\"https:\/\/www.ecinews.fr\/fr\/?s={search_term_string}\"},\"query-input\":\"required name=search_term_string\"}],\"inLanguage\":\"fr-FR\"},{\"@type\":\"Organization\",\"@id\":\"https:\/\/www.ecinews.fr\/fr\/#organization\",\"name\":\"EENewsEurope\",\"url\":\"https:\/\/www.ecinews.fr\/fr\/\",\"logo\":{\"@type\":\"ImageObject\",\"inLanguage\":\"fr-FR\",\"@id\":\"https:\/\/www.ecinews.fr\/fr\/#\/schema\/logo\/image\/\",\"url\":\"https:\/\/www.ecinews.fr\/wp-content\/uploads\/2022\/02\/logo-1.jpg\",\"contentUrl\":\"https:\/\/www.ecinews.fr\/wp-content\/uploads\/2022\/02\/logo-1.jpg\",\"width\":283,\"height\":113,\"caption\":\"EENewsEurope\"},\"image\":{\"@id\":\"https:\/\/www.ecinews.fr\/fr\/#\/schema\/logo\/image\/\"}},{\"@type\":\"Person\",\"@id\":\"https:\/\/www.ecinews.fr\/fr\/#\/schema\/person\/0aa2cfb0bd8949724a68cbac8d8321b4\",\"name\":\"A Delapalisse\",\"image\":{\"@type\":\"ImageObject\",\"inLanguage\":\"fr-FR\",\"@id\":\"https:\/\/www.ecinews.fr\/fr\/#\/schema\/person\/image\/211ac42237c2e9683c0964086c393cb4\",\"url\":\"https:\/\/secure.gravatar.com\/avatar\/ad45a8c5da24bc9c7c4940dd1c48a695?s=96&d=mm&r=g\",\"contentUrl\":\"https:\/\/secure.gravatar.com\/avatar\/ad45a8c5da24bc9c7c4940dd1c48a695?s=96&d=mm&r=g\",\"caption\":\"A Delapalisse\"},\"sameAs\":[\"http:\/\/ECI\"]}]}<\/script>","yoast_head_json":{"title":"Renault cr\u00e9e une coentreprise de fourgonnettes \u00e9lectriques ...","description":"Renault va construire des fourgons \u00e9lectriques dans son usine de Sandouville, dans le cadre de la JV Flexis SAS cr\u00e9\u00e9e avec Volvo et CMA CGM.","robots":{"index":"index","follow":"follow","max-snippet":"max-snippet:-1","max-image-preview":"max-image-preview:large","max-video-preview":"max-video-preview:-1"},"canonical":"https:\/\/www.ecinews.fr\/fr\/wp-json\/wp\/v2\/posts\/447399\/","og_locale":"fr_FR","og_type":"article","og_title":"Renault cr\u00e9e une coentreprise de fourgonnettes \u00e9lectriques","og_description":"Renault va construire des fourgons \u00e9lectriques dans son usine de Sandouville, dans le cadre de la JV Flexis SAS cr\u00e9\u00e9e avec Volvo et CMA CGM.","og_url":"https:\/\/www.ecinews.fr\/fr\/wp-json\/wp\/v2\/posts\/447399\/","og_site_name":"EENewsEurope","article_published_time":"2024-03-30T09:27:06+00:00","article_modified_time":"2024-03-29T16:35:01+00:00","og_image":[{"width":1080,"height":720,"url":"https:\/\/www.ecinews.fr\/wp-content\/uploads\/2024\/03\/Renault-Sandville-scaled.jpg","type":"image\/jpeg"}],"author":"A Delapalisse, Nick Flaherty","twitter_card":"summary_large_image","twitter_misc":{"Written by":"A Delapalisse","Est. reading time":"2 minutes"},"schema":{"@context":"https:\/\/schema.org","@graph":[{"@type":"Article","@id":"https:\/\/www.ecinews.fr\/fr\/renault-cree-une-coentreprise-de-fourgonnettes-electriques\/#article","isPartOf":{"@id":"https:\/\/www.ecinews.fr\/fr\/renault-cree-une-coentreprise-de-fourgonnettes-electriques\/"},"author":{"name":"A Delapalisse","@id":"https:\/\/www.ecinews.fr\/fr\/#\/schema\/person\/0aa2cfb0bd8949724a68cbac8d8321b4"},"headline":"Renault cr\u00e9e une coentreprise de fourgonnettes \u00e9lectriques","datePublished":"2024-03-30T09:27:06+00:00","dateModified":"2024-03-29T16:35:01+00:00","mainEntityOfPage":{"@id":"https:\/\/www.ecinews.fr\/fr\/renault-cree-une-coentreprise-de-fourgonnettes-electriques\/"},"wordCount":443,"publisher":{"@id":"https:\/\/www.ecinews.fr\/fr\/#organization"},"keywords":["Automobile","VE"],"articleSection":["Actualit\u00e9s \u00e9conomiques"],"inLanguage":"fr-FR"},{"@type":"WebPage","@id":"https:\/\/www.ecinews.fr\/fr\/renault-cree-une-coentreprise-de-fourgonnettes-electriques\/","url":"https:\/\/www.ecinews.fr\/fr\/renault-cree-une-coentreprise-de-fourgonnettes-electriques\/","name":"Renault cr\u00e9e une coentreprise de fourgonnettes \u00e9lectriques -","isPartOf":{"@id":"https:\/\/www.ecinews.fr\/fr\/#website"},"datePublished":"2024-03-30T09:27:06+00:00","dateModified":"2024-03-29T16:35:01+00:00","description":"Renault va construire des fourgons \u00e9lectriques dans son usine de Sandouville, dans le cadre de la JV Flexis SAS cr\u00e9\u00e9e avec Volvo et CMA CGM.","breadcrumb":{"@id":"https:\/\/www.ecinews.fr\/fr\/renault-cree-une-coentreprise-de-fourgonnettes-electriques\/#breadcrumb"},"inLanguage":"fr-FR","potentialAction":[{"@type":"ReadAction","target":["https:\/\/www.ecinews.fr\/fr\/renault-cree-une-coentreprise-de-fourgonnettes-electriques\/"]}]},{"@type":"BreadcrumbList","@id":"https:\/\/www.ecinews.fr\/fr\/renault-cree-une-coentreprise-de-fourgonnettes-electriques\/#breadcrumb","itemListElement":[{"@type":"ListItem","position":1,"name":"Home","item":"https:\/\/www.ecinews.fr\/fr\/"},{"@type":"ListItem","position":2,"name":"Renault cr\u00e9e une coentreprise de fourgonnettes \u00e9lectriques"}]},{"@type":"WebSite","@id":"https:\/\/www.ecinews.fr\/fr\/#website","url":"https:\/\/www.ecinews.fr\/fr\/","name":"EENewsEurope","description":"Just another WordPress site","publisher":{"@id":"https:\/\/www.ecinews.fr\/fr\/#organization"},"potentialAction":[{"@type":"SearchAction","target":{"@type":"EntryPoint","urlTemplate":"https:\/\/www.ecinews.fr\/fr\/?s={search_term_string}"},"query-input":"required name=search_term_string"}],"inLanguage":"fr-FR"},{"@type":"Organization","@id":"https:\/\/www.ecinews.fr\/fr\/#organization","name":"EENewsEurope","url":"https:\/\/www.ecinews.fr\/fr\/","logo":{"@type":"ImageObject","inLanguage":"fr-FR","@id":"https:\/\/www.ecinews.fr\/fr\/#\/schema\/logo\/image\/","url":"https:\/\/www.ecinews.fr\/wp-content\/uploads\/2022\/02\/logo-1.jpg","contentUrl":"https:\/\/www.ecinews.fr\/wp-content\/uploads\/2022\/02\/logo-1.jpg","width":283,"height":113,"caption":"EENewsEurope"},"image":{"@id":"https:\/\/www.ecinews.fr\/fr\/#\/schema\/logo\/image\/"}},{"@type":"Person","@id":"https:\/\/www.ecinews.fr\/fr\/#\/schema\/person\/0aa2cfb0bd8949724a68cbac8d8321b4","name":"A Delapalisse","image":{"@type":"ImageObject","inLanguage":"fr-FR","@id":"https:\/\/www.ecinews.fr\/fr\/#\/schema\/person\/image\/211ac42237c2e9683c0964086c393cb4","url":"https:\/\/secure.gravatar.com\/avatar\/ad45a8c5da24bc9c7c4940dd1c48a695?s=96&d=mm&r=g","contentUrl":"https:\/\/secure.gravatar.com\/avatar\/ad45a8c5da24bc9c7c4940dd1c48a695?s=96&d=mm&r=g","caption":"A Delapalisse"},"sameAs":["http:\/\/ECI"]}]}},"authors":[{"term_id":1153,"user_id":34,"is_guest":0,"slug":"adelapalisse","display_name":"A Delapalisse","avatar_url":"https:\/\/secure.gravatar.com\/avatar\/ad45a8c5da24bc9c7c4940dd1c48a695?s=96&d=mm&r=g","0":null,"1":"","2":"","3":"","4":"","5":"","6":"","7":"","8":""},{"term_id":3640,"user_id":0,"is_guest":1,"slug":"nick-flaherty","display_name":"Nick Flaherty","avatar_url":"https:\/\/secure.gravatar.com\/avatar\/?s=96&d=mm&r=g","0":null,"1":"","2":"","3":"","4":"","5":"","6":"","7":"","8":""}],"_links":{"self":[{"href":"https:\/\/www.ecinews.fr\/fr\/wp-json\/wp\/v2\/posts\/447399"}],"collection":[{"href":"https:\/\/www.ecinews.fr\/fr\/wp-json\/wp\/v2\/posts"}],"about":[{"href":"https:\/\/www.ecinews.fr\/fr\/wp-json\/wp\/v2\/types\/post"}],"author":[{"embeddable":true,"href":"https:\/\/www.ecinews.fr\/fr\/wp-json\/wp\/v2\/users\/34"}],"replies":[{"embeddable":true,"href":"https:\/\/www.ecinews.fr\/fr\/wp-json\/wp\/v2\/comments?post=447399"}],"version-history":[{"count":0,"href":"https:\/\/www.ecinews.fr\/fr\/wp-json\/wp\/v2\/posts\/447399\/revisions"}],"wp:featuredmedia":[{"embeddable":true,"href":"https:\/\/www.ecinews.fr\/fr\/wp-json\/wp\/v2\/media\/447397"}],"wp:attachment":[{"href":"https:\/\/www.ecinews.fr\/fr\/wp-json\/wp\/v2\/media?parent=447399"}],"wp:term":[{"taxonomy":"category","embeddable":true,"href":"https:\/\/www.ecinews.fr\/fr\/wp-json\/wp\/v2\/categories?post=447399"},{"taxonomy":"post_tag","embeddable":true,"href":"https:\/\/www.ecinews.fr\/fr\/wp-json\/wp\/v2\/tags?post=447399"},{"taxonomy":"domains","embeddable":true,"href":"https:\/\/www.ecinews.fr\/fr\/wp-json\/wp\/v2\/domains?post=447399"},{"taxonomy":"author","embeddable":true,"href":"https:\/\/www.ecinews.fr\/fr\/wp-json\/wp\/v2\/ppma_author?post=447399"}],"curies":[{"name":"wp","href":"https:\/\/api.w.org\/{rel}","templated":true}]}}