{"id":447332,"date":"2024-03-28T18:00:21","date_gmt":"2024-03-28T17:00:21","guid":{"rendered":"https:\/\/www.ecinews.fr\/?p=447332"},"modified":"2024-03-28T18:00:21","modified_gmt":"2024-03-28T17:00:21","slug":"situation-du-marche-francais-des-semiconducteurs-au-quatrieme-trimestre-2023","status":"publish","type":"post","link":"https:\/\/www.ecinews.fr\/fr\/situation-du-marche-francais-des-semiconducteurs-au-quatrieme-trimestre-2023\/","title":{"rendered":"Situation du March\u00e9 Fran\u00e7ais des semiconducteurs au quatri\u00e8me trimestre 2023"},"content":{"rendered":"<h3>Le march\u00e9 fran\u00e7ais des semiconducteurs a renou\u00e9 avec la croissance au 4<sup>\u00e8me<\/sup>\u00a0trimestre apr\u00e8s deux trimestres de contraction. Selon Acsiel Alliance Electronique, le total des ventes France a progress\u00e9 de 3% par rapport au 3<sup>\u00e8me<\/sup>\u00a0trimestre, \u00e0 615 M\u20ac. Cela repr\u00e9sente une contraction de 15% par rapport au\u00a04<sup>\u00e8me<\/sup>\u00a0trimestre\u00a02022.<\/h3>\n<p>La courbe du march\u00e9 en moyenne mobile annuelle s\u2019est l\u00e9g\u00e8rement infl\u00e9chie mais elle se situe seulement 5% en-dessous de son pic historique du 2<sup>\u00e8me<\/sup> trimestre (voir graphique). La croissance trimestrielle a \u00e9t\u00e9 frein\u00e9e par le recul des ventes \u00e0 la distribution (-4%) et, pour le deuxi\u00e8me trimestre cons\u00e9cutif, par le fort repli des ventes directes au client final du vaste segment industriel (-17%). Outre la smart card (+15%), la croissance a \u00e9t\u00e9 due principalement au segment A\u00e9ro\/Spatial\/D\u00e9fense (+26%) et au rebond des ventes directes \u00e0 l\u2019automobile (+13%). En termes de familles de produits, la croissance en venue du rebond des circuits analogiques (+23%) et des MOS Micros (+10%) ainsi que de la logique MOS (+18%).<\/p>\n<p>Sur l\u2019ensemble de l\u2019ann\u00e9e 2023, le march\u00e9 fran\u00e7ais a \u00e9galement enregistr\u00e9 une croissance de 3%, \u00e0 2,6 milliards d\u2019euros. Les ventes \u00e0 la distribution (+6%) ont jou\u00e9 un r\u00f4le majeur dans cette croissance et ont atteint une part record du march\u00e9 fran\u00e7ais avec 39% du total. Dans les 61% vendus en direct au client final, la plus forte contribution \u00e0 la croissance en valeur absolue est venue des segments A\u00e9ro\/Spatial\/D\u00e9fense (+28%) et Industriel (+10% sur l\u2019ann\u00e9e, le volume des ventes ayant \u00e9t\u00e9 tr\u00e8s \u00e9lev\u00e9 au 1<sup>er<\/sup>\u00a0semestre avant un net repli au second). Le segment Smart Card a encore connu une ann\u00e9e favorable (+9%), \u00e0 l\u2019inverse des ventes \u00e0 l\u2019automobile (-9%). La dynamique du march\u00e9 fran\u00e7ais a \u00e9t\u00e9 frein\u00e9e en 2023 en particulier par des corrections de stocks qui ne sont pas totalement termin\u00e9es dans toute la cha\u00eene de valeur et par la baisse de la demande dans certains secteurs de l\u2019industriel, notamment la domotique et les applications de type \u00ab\u00a0machine vision\u00a0\u00bb. Par contre, la demande est forte dans la d\u00e9fense et l\u2019avionique.<\/p>\n<p>Au-del\u00e0 des variations conjoncturelles, les perspectives \u00e0 moyen et long terme sont tr\u00e8s favorables pour l\u2019\u00e9lectronique en France et en Europe, justifiant les mesures de soutien cibl\u00e9 des pouvoirs publics au plan national et le European Chip Act engag\u00e9 par la Commission Europ\u00e9enne. Cependant, outre la n\u00e9cessaire croissance des investissements dans ces secteurs cl\u00e9s de souverainet\u00e9 technologique et \u00e9conomique, un autre d\u00e9fi majeur appara\u00eet pour la croissance de la fili\u00e8re\u00a0: celui de la main d\u2019\u0153uvre. Le d\u00e9ficit de formations aux m\u00e9tiers de l\u2019\u00e9lectronique conjugu\u00e9 avec le prochain d\u00e9part en retraite d\u2019importants effectifs d\u2019une classe d\u2019\u00e2ge embauch\u00e9s dans les ann\u00e9es 90 ne pourront qu\u2019aggraver la p\u00e9nurie de talents d\u2019ores et d\u00e9j\u00e0 perceptible dans la fili\u00e8re micro-\u00e9lectronique au plan mondial. Ce sujet doit recevoir une attention constante de tous les acteurs concern\u00e9s et appelle sans d\u00e9lai des mesures concr\u00e8tes.<\/p>\n<p>\n<a href=\"http:\/\/www.acsiel.fr\">www.acsiel.fr<\/a><\/p>\n<p><a href=\"https:\/\/news.google.com\/publications\/CAAqBwgKMJbcwQswuPfYAw?hl=fr&amp;gl=BE&amp;ceid=BE:fr\">Suivre ECInews sur Google news<\/a><\/p>\n","protected":false},"excerpt":{"rendered":"<p>Le march\u00e9 fran\u00e7ais des semiconducteurs a renou\u00e9 avec la croissance au 4\u00e8me\u00a0trimestre apr\u00e8s deux trimestres de contraction. Selon Acsiel Alliance Electronique, le total des ventes France a progress\u00e9 de 3% par rapport au 3\u00e8me\u00a0trimestre, \u00e0 615 M\u20ac. Cela repr\u00e9sente une contraction de 15% par rapport au\u00a04\u00e8me\u00a0trimestre\u00a02022. La courbe du march\u00e9 en moyenne mobile annuelle s\u2019est [&hellip;]<\/p>\n","protected":false},"author":36,"featured_media":447333,"comment_status":"closed","ping_status":"closed","sticky":false,"template":"","format":"standard","meta":{"_acf_changed":false,"footnotes":""},"categories":[880],"tags":[1558],"domains":[47],"ppma_author":[1154],"class_list":["post-447332","post","type-post","status-publish","format-standard","has-post-thumbnail","hentry","category-actualites-economiques","tag-semiconducteurs","domains-electronique-eci"],"acf":[],"yoast_head":"<title>Situation du March\u00e9 Fran\u00e7ais des semiconducteurs au quatri\u00e8m...<\/title>\n<meta name=\"description\" content=\"Le march\u00e9 fran\u00e7ais des semiconducteurs a renou\u00e9 avec la croissance au 4\u00e8me\u00a0trimestre apr\u00e8s deux trimestres de contraction.\" \/>\n<meta name=\"robots\" content=\"index, follow, max-snippet:-1, max-image-preview:large, max-video-preview:-1\" \/>\n<link rel=\"canonical\" href=\"https:\/\/www.ecinews.fr\/fr\/wp-json\/wp\/v2\/posts\/447332\/\" \/>\n<meta property=\"og:locale\" content=\"fr_FR\" \/>\n<meta property=\"og:type\" content=\"article\" \/>\n<meta property=\"og:title\" content=\"Situation du March\u00e9 Fran\u00e7ais des semiconducteurs au quatri\u00e8me trimestre 2023\" \/>\n<meta property=\"og:description\" content=\"Le march\u00e9 fran\u00e7ais des semiconducteurs a renou\u00e9 avec la croissance au 4\u00e8me\u00a0trimestre apr\u00e8s deux trimestres de contraction.\" \/>\n<meta property=\"og:url\" content=\"https:\/\/www.ecinews.fr\/fr\/wp-json\/wp\/v2\/posts\/447332\/\" \/>\n<meta property=\"og:site_name\" content=\"EENewsEurope\" \/>\n<meta property=\"article:published_time\" content=\"2024-03-28T17:00:21+00:00\" \/>\n<meta property=\"og:image\" content=\"https:\/\/cdn.eenewseurope.com\/wp-content\/uploads\/2024\/03\/ECI3978_Acsiel_actu.png\" \/>\n\t<meta property=\"og:image:width\" content=\"1001\" \/>\n\t<meta property=\"og:image:height\" content=\"483\" \/>\n\t<meta property=\"og:image:type\" content=\"image\/png\" \/>\n<meta name=\"author\" content=\"Alain Dieul\" \/>\n<meta name=\"twitter:card\" content=\"summary_large_image\" \/>\n<meta name=\"twitter:label1\" content=\"Written by\" \/>\n\t<meta name=\"twitter:data1\" content=\"Alain Dieul\" \/>\n\t<meta name=\"twitter:label2\" content=\"Est. reading time\" \/>\n\t<meta name=\"twitter:data2\" content=\"3 minutes\" \/>\n<script type=\"application\/ld+json\" class=\"yoast-schema-graph\">{\"@context\":\"https:\/\/schema.org\",\"@graph\":[{\"@type\":\"Article\",\"@id\":\"https:\/\/cdn.eenewseurope.com\/fr\/situation-du-marche-francais-des-semiconducteurs-au-quatrieme-trimestre-2023\/#article\",\"isPartOf\":{\"@id\":\"https:\/\/cdn.eenewseurope.com\/fr\/situation-du-marche-francais-des-semiconducteurs-au-quatrieme-trimestre-2023\/\"},\"author\":{\"name\":\"Alain Dieul\",\"@id\":\"https:\/\/www.ecinews.fr\/fr\/#\/schema\/person\/e4387676ad67ce722325c7832f3c3762\"},\"headline\":\"Situation du March\u00e9 Fran\u00e7ais des semiconducteurs au quatri\u00e8me trimestre 2023\",\"datePublished\":\"2024-03-28T17:00:21+00:00\",\"dateModified\":\"2024-03-28T17:00:21+00:00\",\"mainEntityOfPage\":{\"@id\":\"https:\/\/cdn.eenewseurope.com\/fr\/situation-du-marche-francais-des-semiconducteurs-au-quatrieme-trimestre-2023\/\"},\"wordCount\":530,\"publisher\":{\"@id\":\"https:\/\/www.ecinews.fr\/fr\/#organization\"},\"keywords\":[\"Semiconducteurs\"],\"articleSection\":[\"Actualit\u00e9s \u00e9conomiques\"],\"inLanguage\":\"fr-FR\"},{\"@type\":\"WebPage\",\"@id\":\"https:\/\/cdn.eenewseurope.com\/fr\/situation-du-marche-francais-des-semiconducteurs-au-quatrieme-trimestre-2023\/\",\"url\":\"https:\/\/cdn.eenewseurope.com\/fr\/situation-du-marche-francais-des-semiconducteurs-au-quatrieme-trimestre-2023\/\",\"name\":\"Situation du March\u00e9 Fran\u00e7ais des semiconducteurs au quatri\u00e8me trimestre 2023 -\",\"isPartOf\":{\"@id\":\"https:\/\/www.ecinews.fr\/fr\/#website\"},\"datePublished\":\"2024-03-28T17:00:21+00:00\",\"dateModified\":\"2024-03-28T17:00:21+00:00\",\"description\":\"Le march\u00e9 fran\u00e7ais des semiconducteurs a renou\u00e9 avec la croissance au 4\u00e8me\u00a0trimestre apr\u00e8s deux trimestres de contraction.\",\"breadcrumb\":{\"@id\":\"https:\/\/cdn.eenewseurope.com\/fr\/situation-du-marche-francais-des-semiconducteurs-au-quatrieme-trimestre-2023\/#breadcrumb\"},\"inLanguage\":\"fr-FR\",\"potentialAction\":[{\"@type\":\"ReadAction\",\"target\":[\"https:\/\/cdn.eenewseurope.com\/fr\/situation-du-marche-francais-des-semiconducteurs-au-quatrieme-trimestre-2023\/\"]}]},{\"@type\":\"BreadcrumbList\",\"@id\":\"https:\/\/cdn.eenewseurope.com\/fr\/situation-du-marche-francais-des-semiconducteurs-au-quatrieme-trimestre-2023\/#breadcrumb\",\"itemListElement\":[{\"@type\":\"ListItem\",\"position\":1,\"name\":\"Home\",\"item\":\"https:\/\/www.ecinews.fr\/fr\/\"},{\"@type\":\"ListItem\",\"position\":2,\"name\":\"Situation du March\u00e9 Fran\u00e7ais des semiconducteurs au quatri\u00e8me trimestre 2023\"}]},{\"@type\":\"WebSite\",\"@id\":\"https:\/\/www.ecinews.fr\/fr\/#website\",\"url\":\"https:\/\/www.ecinews.fr\/fr\/\",\"name\":\"EENewsEurope\",\"description\":\"Just another WordPress site\",\"publisher\":{\"@id\":\"https:\/\/www.ecinews.fr\/fr\/#organization\"},\"potentialAction\":[{\"@type\":\"SearchAction\",\"target\":{\"@type\":\"EntryPoint\",\"urlTemplate\":\"https:\/\/www.ecinews.fr\/fr\/?s={search_term_string}\"},\"query-input\":\"required name=search_term_string\"}],\"inLanguage\":\"fr-FR\"},{\"@type\":\"Organization\",\"@id\":\"https:\/\/www.ecinews.fr\/fr\/#organization\",\"name\":\"EENewsEurope\",\"url\":\"https:\/\/www.ecinews.fr\/fr\/\",\"logo\":{\"@type\":\"ImageObject\",\"inLanguage\":\"fr-FR\",\"@id\":\"https:\/\/www.ecinews.fr\/fr\/#\/schema\/logo\/image\/\",\"url\":\"https:\/\/www.ecinews.fr\/wp-content\/uploads\/2022\/02\/logo-1.jpg\",\"contentUrl\":\"https:\/\/www.ecinews.fr\/wp-content\/uploads\/2022\/02\/logo-1.jpg\",\"width\":283,\"height\":113,\"caption\":\"EENewsEurope\"},\"image\":{\"@id\":\"https:\/\/www.ecinews.fr\/fr\/#\/schema\/logo\/image\/\"}},{\"@type\":\"Person\",\"@id\":\"https:\/\/www.ecinews.fr\/fr\/#\/schema\/person\/e4387676ad67ce722325c7832f3c3762\",\"name\":\"Alain Dieul\",\"image\":{\"@type\":\"ImageObject\",\"inLanguage\":\"fr-FR\",\"@id\":\"https:\/\/www.ecinews.fr\/fr\/#\/schema\/person\/image\/736120675699dbbf0f0f282b9a9cfb75\",\"url\":\"https:\/\/secure.gravatar.com\/avatar\/bc93b056d07515be5b8eecd4acf49c5c?s=96&d=mm&r=g\",\"contentUrl\":\"https:\/\/secure.gravatar.com\/avatar\/bc93b056d07515be5b8eecd4acf49c5c?s=96&d=mm&r=g\",\"caption\":\"Alain Dieul\"},\"sameAs\":[\"http:\/\/ECINews\"]}]}<\/script>","yoast_head_json":{"title":"Situation du March\u00e9 Fran\u00e7ais des semiconducteurs au quatri\u00e8m...","description":"Le march\u00e9 fran\u00e7ais des semiconducteurs a renou\u00e9 avec la croissance au 4\u00e8me\u00a0trimestre apr\u00e8s deux trimestres de contraction.","robots":{"index":"index","follow":"follow","max-snippet":"max-snippet:-1","max-image-preview":"max-image-preview:large","max-video-preview":"max-video-preview:-1"},"canonical":"https:\/\/www.ecinews.fr\/fr\/wp-json\/wp\/v2\/posts\/447332\/","og_locale":"fr_FR","og_type":"article","og_title":"Situation du March\u00e9 Fran\u00e7ais des semiconducteurs au quatri\u00e8me trimestre 2023","og_description":"Le march\u00e9 fran\u00e7ais des semiconducteurs a renou\u00e9 avec la croissance au 4\u00e8me\u00a0trimestre apr\u00e8s deux trimestres de contraction.","og_url":"https:\/\/www.ecinews.fr\/fr\/wp-json\/wp\/v2\/posts\/447332\/","og_site_name":"EENewsEurope","article_published_time":"2024-03-28T17:00:21+00:00","og_image":[{"width":1001,"height":483,"url":"https:\/\/cdn.eenewseurope.com\/wp-content\/uploads\/2024\/03\/ECI3978_Acsiel_actu.png","type":"image\/png"}],"author":"Alain Dieul","twitter_card":"summary_large_image","twitter_misc":{"Written by":"Alain Dieul","Est. reading time":"3 minutes"},"schema":{"@context":"https:\/\/schema.org","@graph":[{"@type":"Article","@id":"https:\/\/cdn.eenewseurope.com\/fr\/situation-du-marche-francais-des-semiconducteurs-au-quatrieme-trimestre-2023\/#article","isPartOf":{"@id":"https:\/\/cdn.eenewseurope.com\/fr\/situation-du-marche-francais-des-semiconducteurs-au-quatrieme-trimestre-2023\/"},"author":{"name":"Alain Dieul","@id":"https:\/\/www.ecinews.fr\/fr\/#\/schema\/person\/e4387676ad67ce722325c7832f3c3762"},"headline":"Situation du March\u00e9 Fran\u00e7ais des semiconducteurs au quatri\u00e8me trimestre 2023","datePublished":"2024-03-28T17:00:21+00:00","dateModified":"2024-03-28T17:00:21+00:00","mainEntityOfPage":{"@id":"https:\/\/cdn.eenewseurope.com\/fr\/situation-du-marche-francais-des-semiconducteurs-au-quatrieme-trimestre-2023\/"},"wordCount":530,"publisher":{"@id":"https:\/\/www.ecinews.fr\/fr\/#organization"},"keywords":["Semiconducteurs"],"articleSection":["Actualit\u00e9s \u00e9conomiques"],"inLanguage":"fr-FR"},{"@type":"WebPage","@id":"https:\/\/cdn.eenewseurope.com\/fr\/situation-du-marche-francais-des-semiconducteurs-au-quatrieme-trimestre-2023\/","url":"https:\/\/cdn.eenewseurope.com\/fr\/situation-du-marche-francais-des-semiconducteurs-au-quatrieme-trimestre-2023\/","name":"Situation du March\u00e9 Fran\u00e7ais des semiconducteurs au quatri\u00e8me trimestre 2023 -","isPartOf":{"@id":"https:\/\/www.ecinews.fr\/fr\/#website"},"datePublished":"2024-03-28T17:00:21+00:00","dateModified":"2024-03-28T17:00:21+00:00","description":"Le march\u00e9 fran\u00e7ais des semiconducteurs a renou\u00e9 avec la croissance au 4\u00e8me\u00a0trimestre apr\u00e8s deux trimestres de contraction.","breadcrumb":{"@id":"https:\/\/cdn.eenewseurope.com\/fr\/situation-du-marche-francais-des-semiconducteurs-au-quatrieme-trimestre-2023\/#breadcrumb"},"inLanguage":"fr-FR","potentialAction":[{"@type":"ReadAction","target":["https:\/\/cdn.eenewseurope.com\/fr\/situation-du-marche-francais-des-semiconducteurs-au-quatrieme-trimestre-2023\/"]}]},{"@type":"BreadcrumbList","@id":"https:\/\/cdn.eenewseurope.com\/fr\/situation-du-marche-francais-des-semiconducteurs-au-quatrieme-trimestre-2023\/#breadcrumb","itemListElement":[{"@type":"ListItem","position":1,"name":"Home","item":"https:\/\/www.ecinews.fr\/fr\/"},{"@type":"ListItem","position":2,"name":"Situation du March\u00e9 Fran\u00e7ais des semiconducteurs au quatri\u00e8me trimestre 2023"}]},{"@type":"WebSite","@id":"https:\/\/www.ecinews.fr\/fr\/#website","url":"https:\/\/www.ecinews.fr\/fr\/","name":"EENewsEurope","description":"Just another WordPress site","publisher":{"@id":"https:\/\/www.ecinews.fr\/fr\/#organization"},"potentialAction":[{"@type":"SearchAction","target":{"@type":"EntryPoint","urlTemplate":"https:\/\/www.ecinews.fr\/fr\/?s={search_term_string}"},"query-input":"required name=search_term_string"}],"inLanguage":"fr-FR"},{"@type":"Organization","@id":"https:\/\/www.ecinews.fr\/fr\/#organization","name":"EENewsEurope","url":"https:\/\/www.ecinews.fr\/fr\/","logo":{"@type":"ImageObject","inLanguage":"fr-FR","@id":"https:\/\/www.ecinews.fr\/fr\/#\/schema\/logo\/image\/","url":"https:\/\/www.ecinews.fr\/wp-content\/uploads\/2022\/02\/logo-1.jpg","contentUrl":"https:\/\/www.ecinews.fr\/wp-content\/uploads\/2022\/02\/logo-1.jpg","width":283,"height":113,"caption":"EENewsEurope"},"image":{"@id":"https:\/\/www.ecinews.fr\/fr\/#\/schema\/logo\/image\/"}},{"@type":"Person","@id":"https:\/\/www.ecinews.fr\/fr\/#\/schema\/person\/e4387676ad67ce722325c7832f3c3762","name":"Alain Dieul","image":{"@type":"ImageObject","inLanguage":"fr-FR","@id":"https:\/\/www.ecinews.fr\/fr\/#\/schema\/person\/image\/736120675699dbbf0f0f282b9a9cfb75","url":"https:\/\/secure.gravatar.com\/avatar\/bc93b056d07515be5b8eecd4acf49c5c?s=96&d=mm&r=g","contentUrl":"https:\/\/secure.gravatar.com\/avatar\/bc93b056d07515be5b8eecd4acf49c5c?s=96&d=mm&r=g","caption":"Alain Dieul"},"sameAs":["http:\/\/ECINews"]}]}},"authors":[{"term_id":1154,"user_id":36,"is_guest":0,"slug":"alain-dieul","display_name":"Alain Dieul","avatar_url":"https:\/\/secure.gravatar.com\/avatar\/bc93b056d07515be5b8eecd4acf49c5c?s=96&d=mm&r=g","0":null,"1":"","2":"","3":"","4":"","5":"","6":"","7":"","8":""}],"_links":{"self":[{"href":"https:\/\/www.ecinews.fr\/fr\/wp-json\/wp\/v2\/posts\/447332"}],"collection":[{"href":"https:\/\/www.ecinews.fr\/fr\/wp-json\/wp\/v2\/posts"}],"about":[{"href":"https:\/\/www.ecinews.fr\/fr\/wp-json\/wp\/v2\/types\/post"}],"author":[{"embeddable":true,"href":"https:\/\/www.ecinews.fr\/fr\/wp-json\/wp\/v2\/users\/36"}],"replies":[{"embeddable":true,"href":"https:\/\/www.ecinews.fr\/fr\/wp-json\/wp\/v2\/comments?post=447332"}],"version-history":[{"count":0,"href":"https:\/\/www.ecinews.fr\/fr\/wp-json\/wp\/v2\/posts\/447332\/revisions"}],"wp:featuredmedia":[{"embeddable":true,"href":"https:\/\/www.ecinews.fr\/fr\/wp-json\/wp\/v2\/media\/447333"}],"wp:attachment":[{"href":"https:\/\/www.ecinews.fr\/fr\/wp-json\/wp\/v2\/media?parent=447332"}],"wp:term":[{"taxonomy":"category","embeddable":true,"href":"https:\/\/www.ecinews.fr\/fr\/wp-json\/wp\/v2\/categories?post=447332"},{"taxonomy":"post_tag","embeddable":true,"href":"https:\/\/www.ecinews.fr\/fr\/wp-json\/wp\/v2\/tags?post=447332"},{"taxonomy":"domains","embeddable":true,"href":"https:\/\/www.ecinews.fr\/fr\/wp-json\/wp\/v2\/domains?post=447332"},{"taxonomy":"author","embeddable":true,"href":"https:\/\/www.ecinews.fr\/fr\/wp-json\/wp\/v2\/ppma_author?post=447332"}],"curies":[{"name":"wp","href":"https:\/\/api.w.org\/{rel}","templated":true}]}}