{"id":447132,"date":"2024-03-26T16:56:45","date_gmt":"2024-03-26T15:56:45","guid":{"rendered":"https:\/\/www.ecinews.fr\/?p=447132"},"modified":"2024-03-26T16:56:45","modified_gmt":"2024-03-26T15:56:45","slug":"analog-devices-annonce-le-lancement-commercial-de-son-systeme-de-gestion-cardiopulmonaire-sensinel","status":"publish","type":"post","link":"https:\/\/www.ecinews.fr\/fr\/analog-devices-annonce-le-lancement-commercial-de-son-systeme-de-gestion-cardiopulmonaire-sensinel\/","title":{"rendered":"Analog Devices annonce le lancement commercial de son syst\u00e8me de gestion cardiopulmonaire Sensinel"},"content":{"rendered":"<h3><a href=\"http:\/\/www.analog.com\/\">Analog\u00a0Devices, Inc<\/a>.\u00a0a\u00a0re\u00e7u\u00a0l\u2019agr\u00e9ment\u00a0510(k) d\u00e9livr\u00e9 par la\u00a0Food and Drug Administration (FDA)\u00a0aux \u00c9tats-Unis\u00a0et annonc\u00e9\u00a0le lancement commercial de son\u00a0syst\u00e8me\u00a0de gestion cardiopulmonaire Sensinel CardioPulmonary\u00a0Management\u00a0(CPM).<\/h3>\n<p>&nbsp;<\/p>\n<p>Compact et non invasif, cet appareil wearable de gestion \u00e0 distance capture les mesures cardiopulmonaires qui permettent de traiter des maladies chroniques telles que l\u2019insuffisance cardiaque. Il s\u2019agit du premier agr\u00e9ment d\u00e9livr\u00e9 \u00e0 la soci\u00e9t\u00e9 par la FDA en 59 ans d\u2019existence. \u00ab\u2009Depuis sa cr\u00e9ation, ADI s\u2019attache \u00e0 acc\u00e9l\u00e9rer les avanc\u00e9es qui enrichissent\u00a0notre quotidien au travers de\u00a0produits innovants\u2009\u00bb, a d\u00e9clar\u00e9 Patrick\u00a0O\u2019Doherty,\u00a0senior\u00a0vice-president\u00a0d\u2019ADI en charge de la sant\u00e9 num\u00e9rique (Digital Healthcare).\u00a0\u00ab\u2009En\u00a0associant nos\u00a0technologies\u00a0wearables\u00a0de d\u00e9tection des signes vitaux et de traitement des signaux\u00a0\u00e0\u00a0des algorithmes inspir\u00e9s des cardiologues pour d\u00e9terminer avec pr\u00e9cision l\u2019\u00e9tat de sant\u00e9 quotidien d\u2019un patient\u00a0atteint\u00a0d\u2019insuffisance cardiaque congestive, nous avons mis au point le syst\u00e8me\u00a0de gestion\u00a0cardiopulmonaire\u00a0Sensinel. Ce produit innovant\u00a0\u00e0\u00a0base\u00a0de services\u00a0peut\u00a0ouvrir\u00a0\u00e0 ADI les portes d\u2019un nouveau\u00a0march\u00e9\u00a0pesant\u00a0plusieurs milliards de dollars tout en am\u00e9liorant les soins\u00a0dispens\u00e9s\u00a0aux patients, en rationalisant les flux de travail\u00a0m\u00e9dicaux\u00a0et en r\u00e9duisant le co\u00fbt des soins de sant\u00e9.\u2009\u00bb<\/p>\n<p>Plus de 6\u00a0millions d\u2019Am\u00e9ricains vivent\u00a0actuellement\u00a0avec une insuffisance cardiaque\u00a0;\u00a0selon les estimations<a href=\"https:\/\/outlook.office.com\/mail\/inbox\/id\/AAQkAGFhM2EzOTg1LTBlODItNDIwOC1iMzZhLTE2MWQ1NzgwMmNjYgAQAOn%2FLGbTrilBvSKATIQdtUA%3D#x_AHA\">\u00b9<\/a>, cette complication devrait concerner pr\u00e8s de 8 millions de personnes d\u2019ici 2030. L\u2019insuffisance cardiaque co\u00fbte actuellement une trentaine de milliards de dollars chaque ann\u00e9e aux contribuables am\u00e9ricains \u2014 un chiffre qui devrait atteindre pr\u00e8s de 70 milliards de dollars d\u2019ici 2030, 80\u00a0 % de ces co\u00fbts environ \u00e9tant dus \u00e0 l\u2019hospitalisation des patients. Si d\u2019autres solutions con\u00e7ues pour mesurer des param\u00e8tres similaires ont pr\u00e9c\u00e9demment montr\u00e9 leur aptitude \u00e0 r\u00e9duire le nombre d\u2019admissions \u00e0 l\u2019h\u00f4pital, il convient de noter qu\u2019elles sont souvent invasives et\/ou ne fournissent pas des donn\u00e9es suffisamment sensibles et sp\u00e9cifiques pour avoir un impact clinique significatif. Or ces donn\u00e9es sont essentielles pour permettre aux \u00e9quipes soignantes de pr\u00e9voir un \u00e9v\u00e9nement de mani\u00e8re suffisamment pr\u00e9coce et \u00e9viter au patient une hospitalisation co\u00fbteuse.<\/p>\n<p>Le syst\u00e8me\u00a0de gestion\u00a0cardiopulmonaire\u00a0Sensinel\u00a0est\u00a0une\u00a0solution\u00a0de nouvelle g\u00e9n\u00e9ration\u00a0de\u00a0gestion des maladies\u00a0cardiopulmonaires\u00a0telles que l\u2019insuffisance cardiaque. Il est \u00e9quip\u00e9 d\u2019un ensemble d\u2019indicateurs physiologiques\u00a0qui\u00a0aident\u00a0les \u00e9quipes soignantes \u00e0 g\u00e9rer les maladies\u00a0chroniques de mani\u00e8re pr\u00e9coce, \u00e0 distance et avec pr\u00e9cision.\u00a0Il suffit au\u00a0patient\u00a0de porter\u00a0l\u2019appareil\u00a0Sensinel CPM d\u2019ADI pendant trois \u00e0 cinq minutes\u00a0et ce, sans quitter\u00a0son\u00a0domicile.<\/p>\n<p>Une fois appliqu\u00e9, l\u2019appareil recueille des donn\u00e9es\u00a0concernant la\u00a0sant\u00e9 cardiopulmonaire\u00a0du patient. Ces donn\u00e9es sont automatiquement t\u00e9l\u00e9vers\u00e9es sur la plateforme cloud Sensinel\u00a0CPM d\u2019ADI par le biais d\u2019une liaison cellulaire (il\u00a0n\u2019est pas\u00a0n\u00e9cessaire\u00a0que le patient\u00a0dispose d\u2019une connexion Internet)\u00a0avant d\u2019\u00eatre\u00a0analys\u00e9es\u00a0sur le cloud\u00a0au moyen\u00a0des algorithmes\u00a0intelligents\u00a0Sensinel CPM\u00a0d\u2019ADI.<\/p>\n<p>\u00ab\u2009La d\u00e9tection pr\u00e9coce des changements physiologiques est essentielle,\u00a0car elle permet\u00a0d\u2019\u00e9viter une hospitalisation pour insuffisance cardiaque\u2009\u00bb,\u00a0explique\u00a0le Dr Sean\u00a0Pinney, chef du service de cardiologie \u00e0\u00a0l\u2019h\u00f4pital\u00a0Mount\u00a0Sinai\u00a0Morningside\u00a0de\u00a0New York.\u00a0\u00ab\u2009Le syst\u00e8me Sensinel d\u2019ADI est une solution extr\u00eamement pr\u00e9cise, fiable\u00a0et r\u00e9utilisable\u00a0qui permet d\u2019am\u00e9liorer les soins pr\u00e9dictifs.\u2009\u00bb<\/p>\n<p>\u00ab\u2009En ce qui concerne\u00a0la gestion de maladies chroniques\u00a0telles que\u00a0l\u2019insuffisance cardiaque, il est\u00a0primordial\u00a0d\u2019ajuster le traitement \u00e0 un stade pr\u00e9coce afin de ma\u00eetriser la maladie sans\u00a0qu\u2019il soit n\u00e9cessaire d\u2019hospitaliser le patient.\u00a0Il existe d\u2019autres solutions non invasives,\u00a0mais elles\u00a0ne sont pas suffisamment\u00a0pr\u00e9cises\u00a0pour fournir les donn\u00e9es dont un clinicien a besoin pour intervenir\u00a0au plus t\u00f4t avec\u00a0efficacit\u00e9\u2009\u00bb,\u00a0pr\u00e9cise\u00a0le Dr Venu Gopinathan,\u00a0ADI\u00a0Fellow\u00a0et directeur g\u00e9n\u00e9ral\u00a0de la division\u00a0Medical\u00a0Products\u00a0d\u2019ADI.\u00a0\u00ab\u2009Notre nouveau syst\u00e8me\u00a0de gestion\u00a0cardiopulmonaire\u00a0est con\u00e7u pour s\u2019int\u00e9grer\u00a0en toute transparence\u00a0au\u00a0flux de soins et effectuer un\u00a0ensemble de\u00a0mesures physiologiques qui permettront aux \u00e9quipes soignantes de prendre\u00a0le plus t\u00f4t possible\u00a0des d\u00e9cisions cliniques sans\u00a0\u00eatre submerg\u00e9es\u00a0d\u2019informations.\u2009\u00bb<\/p>\n<p>R\u00e9f\u00e9rences<\/p>\n<ol>\n<li>American Heart Association.\u00a0<a href=\"https:\/\/www.heart.org\/en\/health-topics\/heart-failure\/causes-and-risks-for-heart-failure\/understand-your-risk-for-heart-failure\">Understand your risk for heart failure<\/a>(9 mai 2017. Mis \u00e0 jour le 13 juin 2023<\/li>\n<\/ol>\n<p>&nbsp;<\/p>\n<p><a href=\"https:\/\/sensinel.analog.com\/\">https:\/\/sensinel.analog.com<\/a><\/p>\n<p>&nbsp;<\/p>\n<p><a href=\"https:\/\/news.google.com\/publications\/CAAqBwgKMJbcwQswuPfYAw?hl=fr&amp;gl=BE&amp;ceid=BE:fr\">Suivre ECInews sur Google news<\/a><\/p>\n","protected":false},"excerpt":{"rendered":"<p>Analog\u00a0Devices, Inc.\u00a0a\u00a0re\u00e7u\u00a0l\u2019agr\u00e9ment\u00a0510(k) d\u00e9livr\u00e9 par la\u00a0Food and Drug Administration (FDA)\u00a0aux \u00c9tats-Unis\u00a0et annonc\u00e9\u00a0le lancement commercial de son\u00a0syst\u00e8me\u00a0de gestion cardiopulmonaire Sensinel CardioPulmonary\u00a0Management\u00a0(CPM). &nbsp; Compact et non invasif, cet appareil wearable de gestion \u00e0 distance capture les mesures cardiopulmonaires qui permettent de traiter des maladies chroniques telles que l\u2019insuffisance cardiaque. Il s\u2019agit du premier agr\u00e9ment d\u00e9livr\u00e9 \u00e0 la soci\u00e9t\u00e9 [&hellip;]<\/p>\n","protected":false},"author":36,"featured_media":447135,"comment_status":"closed","ping_status":"closed","sticky":false,"template":"","format":"standard","meta":{"_acf_changed":false,"footnotes":""},"categories":[886],"tags":[904],"domains":[47],"ppma_author":[1154],"class_list":["post-447132","post","type-post","status-publish","format-standard","has-post-thumbnail","hentry","category-news-fr","tag-medicalelectronics-fr","domains-electronique-eci"],"acf":[],"yoast_head":"<title>Analog Devices annonce le lancement commercial de son syst\u00e8me ...<\/title>\n<meta name=\"description\" content=\"Analog\u00a0Devices, Inc.\u00a0a\u00a0re\u00e7u\u00a0l\u2019agr\u00e9ment\u00a0510(k) d\u00e9livr\u00e9 par la\u00a0Food and Drug Administration (FDA)\u00a0aux \u00c9tats-Unis\u00a0et annonc\u00e9\u00a0le lancement...\" \/>\n<meta name=\"robots\" content=\"index, follow, max-snippet:-1, max-image-preview:large, max-video-preview:-1\" \/>\n<link rel=\"canonical\" href=\"https:\/\/www.ecinews.fr\/fr\/wp-json\/wp\/v2\/posts\/447132\/\" \/>\n<meta property=\"og:locale\" content=\"fr_FR\" \/>\n<meta property=\"og:type\" content=\"article\" \/>\n<meta property=\"og:title\" content=\"Analog Devices annonce le lancement commercial de son syst\u00e8me de gestion cardiopulmonaire Sensinel\" \/>\n<meta property=\"og:description\" content=\"Analog\u00a0Devices, Inc.\u00a0a\u00a0re\u00e7u\u00a0l\u2019agr\u00e9ment\u00a0510(k) d\u00e9livr\u00e9 par la\u00a0Food and Drug Administration (FDA)\u00a0aux \u00c9tats-Unis\u00a0et annonc\u00e9\u00a0le lancement commercial de son\u00a0syst\u00e8me\u00a0de gestion cardiopulmonaire Sensinel CardioPulmonary\u00a0Management\u00a0(CPM).\" \/>\n<meta property=\"og:url\" content=\"https:\/\/www.ecinews.fr\/fr\/wp-json\/wp\/v2\/posts\/447132\/\" \/>\n<meta property=\"og:site_name\" content=\"EENewsEurope\" \/>\n<meta property=\"article:published_time\" content=\"2024-03-26T15:56:45+00:00\" \/>\n<meta property=\"og:image\" content=\"https:\/\/www.ecinews.fr\/wp-content\/uploads\/2024\/03\/ECI3969_ADI_actu.png\" \/>\n\t<meta property=\"og:image:width\" content=\"211\" \/>\n\t<meta property=\"og:image:height\" content=\"211\" \/>\n\t<meta property=\"og:image:type\" content=\"image\/png\" \/>\n<meta name=\"author\" content=\"Alain Dieul\" \/>\n<meta name=\"twitter:card\" content=\"summary_large_image\" \/>\n<meta name=\"twitter:label1\" content=\"Written by\" \/>\n\t<meta name=\"twitter:data1\" content=\"Alain Dieul\" \/>\n\t<meta name=\"twitter:label2\" content=\"Est. reading time\" \/>\n\t<meta name=\"twitter:data2\" content=\"3 minutes\" \/>\n<script type=\"application\/ld+json\" class=\"yoast-schema-graph\">{\"@context\":\"https:\/\/schema.org\",\"@graph\":[{\"@type\":\"Article\",\"@id\":\"https:\/\/www.ecinews.fr\/fr\/analog-devices-annonce-le-lancement-commercial-de-son-systeme-de-gestion-cardiopulmonaire-sensinel\/#article\",\"isPartOf\":{\"@id\":\"https:\/\/www.ecinews.fr\/fr\/analog-devices-annonce-le-lancement-commercial-de-son-systeme-de-gestion-cardiopulmonaire-sensinel\/\"},\"author\":{\"name\":\"Alain Dieul\",\"@id\":\"https:\/\/www.eenewseurope.com\/en\/#\/schema\/person\/e4387676ad67ce722325c7832f3c3762\"},\"headline\":\"Analog Devices annonce le lancement commercial de son syst\u00e8me de gestion cardiopulmonaire Sensinel\",\"datePublished\":\"2024-03-26T15:56:45+00:00\",\"dateModified\":\"2024-03-26T15:56:45+00:00\",\"mainEntityOfPage\":{\"@id\":\"https:\/\/www.ecinews.fr\/fr\/analog-devices-annonce-le-lancement-commercial-de-son-systeme-de-gestion-cardiopulmonaire-sensinel\/\"},\"wordCount\":780,\"publisher\":{\"@id\":\"https:\/\/www.eenewseurope.com\/en\/#organization\"},\"keywords\":[\"MedicalElectronics\"],\"articleSection\":[\"Actualit\u00e9 g\u00e9n\u00e9rale\"],\"inLanguage\":\"fr-FR\"},{\"@type\":\"WebPage\",\"@id\":\"https:\/\/www.ecinews.fr\/fr\/analog-devices-annonce-le-lancement-commercial-de-son-systeme-de-gestion-cardiopulmonaire-sensinel\/\",\"url\":\"https:\/\/www.ecinews.fr\/fr\/analog-devices-annonce-le-lancement-commercial-de-son-systeme-de-gestion-cardiopulmonaire-sensinel\/\",\"name\":\"Analog Devices annonce le lancement commercial de son syst\u00e8me de gestion cardiopulmonaire Sensinel -\",\"isPartOf\":{\"@id\":\"https:\/\/www.eenewseurope.com\/en\/#website\"},\"datePublished\":\"2024-03-26T15:56:45+00:00\",\"dateModified\":\"2024-03-26T15:56:45+00:00\",\"description\":\"Analog\u00a0Devices, Inc.\u00a0a\u00a0re\u00e7u\u00a0l\u2019agr\u00e9ment\u00a0510(k) d\u00e9livr\u00e9 par la\u00a0Food and Drug Administration (FDA)\u00a0aux \u00c9tats-Unis\u00a0et annonc\u00e9\u00a0le lancement commercial de son\u00a0syst\u00e8me\u00a0de gestion cardiopulmonaire Sensinel CardioPulmonary\u00a0Management\u00a0(CPM).\",\"breadcrumb\":{\"@id\":\"https:\/\/www.ecinews.fr\/fr\/analog-devices-annonce-le-lancement-commercial-de-son-systeme-de-gestion-cardiopulmonaire-sensinel\/#breadcrumb\"},\"inLanguage\":\"fr-FR\",\"potentialAction\":[{\"@type\":\"ReadAction\",\"target\":[\"https:\/\/www.ecinews.fr\/fr\/analog-devices-annonce-le-lancement-commercial-de-son-systeme-de-gestion-cardiopulmonaire-sensinel\/\"]}]},{\"@type\":\"BreadcrumbList\",\"@id\":\"https:\/\/www.ecinews.fr\/fr\/analog-devices-annonce-le-lancement-commercial-de-son-systeme-de-gestion-cardiopulmonaire-sensinel\/#breadcrumb\",\"itemListElement\":[{\"@type\":\"ListItem\",\"position\":1,\"name\":\"Home\",\"item\":\"https:\/\/www.ecinews.fr\/fr\/\"},{\"@type\":\"ListItem\",\"position\":2,\"name\":\"Analog Devices annonce le lancement commercial de son syst\u00e8me de gestion cardiopulmonaire Sensinel\"}]},{\"@type\":\"WebSite\",\"@id\":\"https:\/\/www.eenewseurope.com\/en\/#website\",\"url\":\"https:\/\/www.eenewseurope.com\/en\/\",\"name\":\"EENewsEurope\",\"description\":\"Just another WordPress site\",\"publisher\":{\"@id\":\"https:\/\/www.eenewseurope.com\/en\/#organization\"},\"potentialAction\":[{\"@type\":\"SearchAction\",\"target\":{\"@type\":\"EntryPoint\",\"urlTemplate\":\"https:\/\/www.eenewseurope.com\/en\/?s={search_term_string}\"},\"query-input\":\"required name=search_term_string\"}],\"inLanguage\":\"fr-FR\"},{\"@type\":\"Organization\",\"@id\":\"https:\/\/www.eenewseurope.com\/en\/#organization\",\"name\":\"EENewsEurope\",\"url\":\"https:\/\/www.eenewseurope.com\/en\/\",\"logo\":{\"@type\":\"ImageObject\",\"inLanguage\":\"fr-FR\",\"@id\":\"https:\/\/www.eenewseurope.com\/en\/#\/schema\/logo\/image\/\",\"url\":\"https:\/\/www.ecinews.fr\/wp-content\/uploads\/2022\/02\/logo-1.jpg\",\"contentUrl\":\"https:\/\/www.ecinews.fr\/wp-content\/uploads\/2022\/02\/logo-1.jpg\",\"width\":283,\"height\":113,\"caption\":\"EENewsEurope\"},\"image\":{\"@id\":\"https:\/\/www.eenewseurope.com\/en\/#\/schema\/logo\/image\/\"}},{\"@type\":\"Person\",\"@id\":\"https:\/\/www.eenewseurope.com\/en\/#\/schema\/person\/e4387676ad67ce722325c7832f3c3762\",\"name\":\"Alain Dieul\",\"image\":{\"@type\":\"ImageObject\",\"inLanguage\":\"fr-FR\",\"@id\":\"https:\/\/www.eenewseurope.com\/en\/#\/schema\/person\/image\/736120675699dbbf0f0f282b9a9cfb75\",\"url\":\"https:\/\/secure.gravatar.com\/avatar\/bc93b056d07515be5b8eecd4acf49c5c?s=96&d=mm&r=g\",\"contentUrl\":\"https:\/\/secure.gravatar.com\/avatar\/bc93b056d07515be5b8eecd4acf49c5c?s=96&d=mm&r=g\",\"caption\":\"Alain Dieul\"},\"sameAs\":[\"http:\/\/ECINews\"]}]}<\/script>","yoast_head_json":{"title":"Analog Devices annonce le lancement commercial de son syst\u00e8me ...","description":"Analog\u00a0Devices, Inc.\u00a0a\u00a0re\u00e7u\u00a0l\u2019agr\u00e9ment\u00a0510(k) d\u00e9livr\u00e9 par la\u00a0Food and Drug Administration (FDA)\u00a0aux \u00c9tats-Unis\u00a0et annonc\u00e9\u00a0le lancement...","robots":{"index":"index","follow":"follow","max-snippet":"max-snippet:-1","max-image-preview":"max-image-preview:large","max-video-preview":"max-video-preview:-1"},"canonical":"https:\/\/www.ecinews.fr\/fr\/wp-json\/wp\/v2\/posts\/447132\/","og_locale":"fr_FR","og_type":"article","og_title":"Analog Devices annonce le lancement commercial de son syst\u00e8me de gestion cardiopulmonaire Sensinel","og_description":"Analog\u00a0Devices, Inc.\u00a0a\u00a0re\u00e7u\u00a0l\u2019agr\u00e9ment\u00a0510(k) d\u00e9livr\u00e9 par la\u00a0Food and Drug Administration (FDA)\u00a0aux \u00c9tats-Unis\u00a0et annonc\u00e9\u00a0le lancement commercial de son\u00a0syst\u00e8me\u00a0de gestion cardiopulmonaire Sensinel CardioPulmonary\u00a0Management\u00a0(CPM).","og_url":"https:\/\/www.ecinews.fr\/fr\/wp-json\/wp\/v2\/posts\/447132\/","og_site_name":"EENewsEurope","article_published_time":"2024-03-26T15:56:45+00:00","og_image":[{"width":211,"height":211,"url":"https:\/\/www.ecinews.fr\/wp-content\/uploads\/2024\/03\/ECI3969_ADI_actu.png","type":"image\/png"}],"author":"Alain Dieul","twitter_card":"summary_large_image","twitter_misc":{"Written by":"Alain Dieul","Est. reading time":"3 minutes"},"schema":{"@context":"https:\/\/schema.org","@graph":[{"@type":"Article","@id":"https:\/\/www.ecinews.fr\/fr\/analog-devices-annonce-le-lancement-commercial-de-son-systeme-de-gestion-cardiopulmonaire-sensinel\/#article","isPartOf":{"@id":"https:\/\/www.ecinews.fr\/fr\/analog-devices-annonce-le-lancement-commercial-de-son-systeme-de-gestion-cardiopulmonaire-sensinel\/"},"author":{"name":"Alain Dieul","@id":"https:\/\/www.eenewseurope.com\/en\/#\/schema\/person\/e4387676ad67ce722325c7832f3c3762"},"headline":"Analog Devices annonce le lancement commercial de son syst\u00e8me de gestion cardiopulmonaire Sensinel","datePublished":"2024-03-26T15:56:45+00:00","dateModified":"2024-03-26T15:56:45+00:00","mainEntityOfPage":{"@id":"https:\/\/www.ecinews.fr\/fr\/analog-devices-annonce-le-lancement-commercial-de-son-systeme-de-gestion-cardiopulmonaire-sensinel\/"},"wordCount":780,"publisher":{"@id":"https:\/\/www.eenewseurope.com\/en\/#organization"},"keywords":["MedicalElectronics"],"articleSection":["Actualit\u00e9 g\u00e9n\u00e9rale"],"inLanguage":"fr-FR"},{"@type":"WebPage","@id":"https:\/\/www.ecinews.fr\/fr\/analog-devices-annonce-le-lancement-commercial-de-son-systeme-de-gestion-cardiopulmonaire-sensinel\/","url":"https:\/\/www.ecinews.fr\/fr\/analog-devices-annonce-le-lancement-commercial-de-son-systeme-de-gestion-cardiopulmonaire-sensinel\/","name":"Analog Devices annonce le lancement commercial de son syst\u00e8me de gestion cardiopulmonaire Sensinel -","isPartOf":{"@id":"https:\/\/www.eenewseurope.com\/en\/#website"},"datePublished":"2024-03-26T15:56:45+00:00","dateModified":"2024-03-26T15:56:45+00:00","description":"Analog\u00a0Devices, Inc.\u00a0a\u00a0re\u00e7u\u00a0l\u2019agr\u00e9ment\u00a0510(k) d\u00e9livr\u00e9 par la\u00a0Food and Drug Administration (FDA)\u00a0aux \u00c9tats-Unis\u00a0et annonc\u00e9\u00a0le lancement commercial de son\u00a0syst\u00e8me\u00a0de gestion cardiopulmonaire Sensinel CardioPulmonary\u00a0Management\u00a0(CPM).","breadcrumb":{"@id":"https:\/\/www.ecinews.fr\/fr\/analog-devices-annonce-le-lancement-commercial-de-son-systeme-de-gestion-cardiopulmonaire-sensinel\/#breadcrumb"},"inLanguage":"fr-FR","potentialAction":[{"@type":"ReadAction","target":["https:\/\/www.ecinews.fr\/fr\/analog-devices-annonce-le-lancement-commercial-de-son-systeme-de-gestion-cardiopulmonaire-sensinel\/"]}]},{"@type":"BreadcrumbList","@id":"https:\/\/www.ecinews.fr\/fr\/analog-devices-annonce-le-lancement-commercial-de-son-systeme-de-gestion-cardiopulmonaire-sensinel\/#breadcrumb","itemListElement":[{"@type":"ListItem","position":1,"name":"Home","item":"https:\/\/www.ecinews.fr\/fr\/"},{"@type":"ListItem","position":2,"name":"Analog Devices annonce le lancement commercial de son syst\u00e8me de gestion cardiopulmonaire Sensinel"}]},{"@type":"WebSite","@id":"https:\/\/www.eenewseurope.com\/en\/#website","url":"https:\/\/www.eenewseurope.com\/en\/","name":"EENewsEurope","description":"Just another WordPress site","publisher":{"@id":"https:\/\/www.eenewseurope.com\/en\/#organization"},"potentialAction":[{"@type":"SearchAction","target":{"@type":"EntryPoint","urlTemplate":"https:\/\/www.eenewseurope.com\/en\/?s={search_term_string}"},"query-input":"required name=search_term_string"}],"inLanguage":"fr-FR"},{"@type":"Organization","@id":"https:\/\/www.eenewseurope.com\/en\/#organization","name":"EENewsEurope","url":"https:\/\/www.eenewseurope.com\/en\/","logo":{"@type":"ImageObject","inLanguage":"fr-FR","@id":"https:\/\/www.eenewseurope.com\/en\/#\/schema\/logo\/image\/","url":"https:\/\/www.ecinews.fr\/wp-content\/uploads\/2022\/02\/logo-1.jpg","contentUrl":"https:\/\/www.ecinews.fr\/wp-content\/uploads\/2022\/02\/logo-1.jpg","width":283,"height":113,"caption":"EENewsEurope"},"image":{"@id":"https:\/\/www.eenewseurope.com\/en\/#\/schema\/logo\/image\/"}},{"@type":"Person","@id":"https:\/\/www.eenewseurope.com\/en\/#\/schema\/person\/e4387676ad67ce722325c7832f3c3762","name":"Alain Dieul","image":{"@type":"ImageObject","inLanguage":"fr-FR","@id":"https:\/\/www.eenewseurope.com\/en\/#\/schema\/person\/image\/736120675699dbbf0f0f282b9a9cfb75","url":"https:\/\/secure.gravatar.com\/avatar\/bc93b056d07515be5b8eecd4acf49c5c?s=96&d=mm&r=g","contentUrl":"https:\/\/secure.gravatar.com\/avatar\/bc93b056d07515be5b8eecd4acf49c5c?s=96&d=mm&r=g","caption":"Alain Dieul"},"sameAs":["http:\/\/ECINews"]}]}},"authors":[{"term_id":1154,"user_id":36,"is_guest":0,"slug":"alain-dieul","display_name":"Alain Dieul","avatar_url":"https:\/\/secure.gravatar.com\/avatar\/bc93b056d07515be5b8eecd4acf49c5c?s=96&d=mm&r=g","0":null,"1":"","2":"","3":"","4":"","5":"","6":"","7":"","8":""}],"_links":{"self":[{"href":"https:\/\/www.ecinews.fr\/fr\/wp-json\/wp\/v2\/posts\/447132"}],"collection":[{"href":"https:\/\/www.ecinews.fr\/fr\/wp-json\/wp\/v2\/posts"}],"about":[{"href":"https:\/\/www.ecinews.fr\/fr\/wp-json\/wp\/v2\/types\/post"}],"author":[{"embeddable":true,"href":"https:\/\/www.ecinews.fr\/fr\/wp-json\/wp\/v2\/users\/36"}],"replies":[{"embeddable":true,"href":"https:\/\/www.ecinews.fr\/fr\/wp-json\/wp\/v2\/comments?post=447132"}],"version-history":[{"count":0,"href":"https:\/\/www.ecinews.fr\/fr\/wp-json\/wp\/v2\/posts\/447132\/revisions"}],"wp:featuredmedia":[{"embeddable":true,"href":"https:\/\/www.ecinews.fr\/fr\/wp-json\/wp\/v2\/media\/447135"}],"wp:attachment":[{"href":"https:\/\/www.ecinews.fr\/fr\/wp-json\/wp\/v2\/media?parent=447132"}],"wp:term":[{"taxonomy":"category","embeddable":true,"href":"https:\/\/www.ecinews.fr\/fr\/wp-json\/wp\/v2\/categories?post=447132"},{"taxonomy":"post_tag","embeddable":true,"href":"https:\/\/www.ecinews.fr\/fr\/wp-json\/wp\/v2\/tags?post=447132"},{"taxonomy":"domains","embeddable":true,"href":"https:\/\/www.ecinews.fr\/fr\/wp-json\/wp\/v2\/domains?post=447132"},{"taxonomy":"author","embeddable":true,"href":"https:\/\/www.ecinews.fr\/fr\/wp-json\/wp\/v2\/ppma_author?post=447132"}],"curies":[{"name":"wp","href":"https:\/\/api.w.org\/{rel}","templated":true}]}}