{"id":446914,"date":"2024-03-23T16:40:26","date_gmt":"2024-03-23T15:40:26","guid":{"rendered":"https:\/\/www.ecinews.fr\/?p=446914"},"modified":"2024-03-23T16:40:26","modified_gmt":"2024-03-23T15:40:26","slug":"gauthier-connectique-conforte-sa-position-strategique","status":"publish","type":"post","link":"https:\/\/www.ecinews.fr\/fr\/gauthier-connectique-conforte-sa-position-strategique\/","title":{"rendered":"Gauthier Connectique conforte sa position strat\u00e9gique"},"content":{"rendered":"<h3>A la suite de son rachat en janvier dernier par\u00a0Nicomatic Group, un acteur majeur dans le domaine des solutions d\u2019interconnexion pour syst\u00e8mes \u00e9lectroniques, Gauthier Connectique affiche de fortes ambitions\u00a0: renforcer son ind\u00e9pendance technologique par des investissements industriels et doubler ses effectifs dans les prochaines ann\u00e9es.\u00a0<\/h3>\n<p>Gauthier Connectique a termin\u00e9 l\u2019ann\u00e9e 2023 avec un chiffre d\u2019affaires en croissance de 30%, s\u2019\u00e9levant \u00e0 plus de six millions d\u2019euros pour 50 collaborateurs. Cette r\u00e9ussite est le fruit d\u2019une position pr\u00e9pond\u00e9rante sur le march\u00e9 de la connectique en France, un march\u00e9 de plus en plus convoit\u00e9 par les grands industriels qui privil\u00e9gient\u00a0aujourd\u2019hui\u00a0la qualit\u00e9 et la fabrication fran\u00e7aise.<\/p>\n<p><strong>Un positionnement strat\u00e9gique<\/strong><\/p>\n<p>Gauthier Connectique est reconnu pour ses connecteurs de pr\u00e9cision par les acteurs de l\u2019a\u00e9ronautique, du spatial et du militaire terrestre. Comme le souligne Luc Sevestre, CTO de Gauthier Connectique,\u00a0\u00ab\u00a0On sent une app\u00e9tence du march\u00e9 pour les marques fran\u00e7aises. La crise du Covid a r\u00e9v\u00e9l\u00e9 l\u2019importance de maintenir une activit\u00e9 industrielle en France et un actionnariat fran\u00e7ais. Le march\u00e9 de la connectique devient strat\u00e9gique, or Gauthier Connectique est leader sur ce march\u00e9, nos principaux concurrents \u00e9tant am\u00e9ricains\u00a0\u00bb.<\/p>\n<p>Le rachat par Nicomatic Group, entreprise familiale fran\u00e7aise, a donc \u00e9t\u00e9 tr\u00e8s bien accueilli par les industriels, d\u2019autant plus que les deux entreprises font valoir la compl\u00e9mentarit\u00e9 de leurs\u00a0produits et de leurs capacit\u00e9s industrielles. Nicomatic Group dispose de 22 filiales et 7 usines r\u00e9parties \u00e0 travers le monde et p\u00e8se pr\u00e8s de 100 millions d\u2019euros pour 700 collaborateurs.<\/p>\n<p>Ainsi confort\u00e9, Gauthier Connectique a toutes les cartes en main pour asseoir son leadership. L\u2019entreprise capitalise \u00e9galement sur l\u2019internalisation de la fabrication qui lui permet de garantir un certain niveau de qualit\u00e9, une stabilit\u00e9 des prix et d\u2019afficher un des meilleurs OTD du march\u00e9. Ainsi, ses prochains investissements porteront sur l\u2019\u00e9quipement industriel pour renforcer cette ind\u00e9pendance technologique et sur le recrutement, l\u2019objectif \u00e9tant de doubler ses effectifs dans les prochaines ann\u00e9es.<\/p>\n<p>&nbsp;<\/p>\n<p><strong>A propos de NAE\u00a0:<\/strong><\/p>\n<p>NAE est le r\u00e9seau des acteurs de l\u2019a\u00e9ronautique, du spatial, de la d\u00e9fense et de la s\u00e9curit\u00e9 en Normandie. Fond\u00e9e en 1998 et pr\u00e9sid\u00e9e par Philippe EUDELINE, l\u2019association NAE est\u00a0aujourd\u2019hui\u00a0constitu\u00e9e de 175 membres : des grands groupes industriels, plusieurs a\u00e9roports et une base militaire, de nombreuses PME \/ ETI, des start-up, des laboratoires de recherche et des \u00e9tablissements d\u2019enseignement. La fili\u00e8re repr\u00e9sente globalement plus de 21.500 salari\u00e9s pour 4.2 milliards d\u2019Euros de chiffre d\u2019affaires en 2022 en Normandie. NAE est membre du GIFAS, du GICAT et du GICAN.\u00a0<\/p>\n<p><a href=\"http:\/\/www.nae.fr\">www.nae.fr<\/a><\/p>\n<p><a href=\"https:\/\/news.google.com\/publications\/CAAqBwgKMJbcwQswuPfYAw?hl=fr&amp;gl=BE&amp;ceid=BE:fr\">Suivre ECInews sur Google news<\/a><\/p>\n","protected":false},"excerpt":{"rendered":"<p>A la suite de son rachat en janvier dernier par\u00a0Nicomatic Group, un acteur majeur dans le domaine des solutions d\u2019interconnexion pour syst\u00e8mes \u00e9lectroniques, Gauthier Connectique affiche de fortes ambitions\u00a0: renforcer son ind\u00e9pendance technologique par des investissements industriels et doubler ses effectifs dans les prochaines ann\u00e9es.\u00a0 Gauthier Connectique a termin\u00e9 l\u2019ann\u00e9e 2023 avec un chiffre d\u2019affaires [&hellip;]<\/p>\n","protected":false},"author":36,"featured_media":446915,"comment_status":"closed","ping_status":"closed","sticky":false,"template":"","format":"standard","meta":{"_acf_changed":false,"footnotes":""},"categories":[886],"tags":[938],"domains":[47],"ppma_author":[1154],"class_list":["post-446914","post","type-post","status-publish","format-standard","has-post-thumbnail","hentry","category-news-fr","tag-connectique","domains-electronique-eci"],"acf":[],"yoast_head":"<title>Gauthier Connectique conforte sa position strat\u00e9gique ...<\/title>\n<meta name=\"description\" content=\"A la suite de son rachat en janvier dernier par\u00a0Nicomatic Group, un acteur majeur dans le domaine des solutions d\u2019interconnexion pour syst\u00e8mes...\" \/>\n<meta name=\"robots\" content=\"index, follow, max-snippet:-1, max-image-preview:large, max-video-preview:-1\" \/>\n<link rel=\"canonical\" href=\"https:\/\/www.ecinews.fr\/fr\/wp-json\/wp\/v2\/posts\/446914\/\" \/>\n<meta property=\"og:locale\" content=\"fr_FR\" \/>\n<meta property=\"og:type\" content=\"article\" \/>\n<meta property=\"og:title\" content=\"Gauthier Connectique conforte sa position strat\u00e9gique\" \/>\n<meta property=\"og:description\" content=\"A la suite de son rachat en janvier dernier par\u00a0Nicomatic Group, un acteur majeur dans le domaine des solutions d\u2019interconnexion pour syst\u00e8mes \u00e9lectroniques, Gauthier Connectique affiche de fortes ambitions\u00a0: renforcer son ind\u00e9pendance technologique par des investissements industriels et doubler ses effectifs dans les prochaines ann\u00e9es.\u00a0\" \/>\n<meta property=\"og:url\" content=\"https:\/\/www.ecinews.fr\/fr\/wp-json\/wp\/v2\/posts\/446914\/\" \/>\n<meta property=\"og:site_name\" content=\"EENewsEurope\" \/>\n<meta property=\"article:published_time\" content=\"2024-03-23T15:40:26+00:00\" \/>\n<meta property=\"og:image\" content=\"https:\/\/www.ecinews.fr\/wp-content\/uploads\/2024\/03\/ECI3971_Gauthier-Connectique-actu_3-scaled.jpeg\" \/>\n\t<meta property=\"og:image:width\" content=\"1080\" \/>\n\t<meta property=\"og:image:height\" content=\"499\" \/>\n\t<meta property=\"og:image:type\" content=\"image\/jpeg\" \/>\n<meta name=\"author\" content=\"Alain Dieul\" \/>\n<meta name=\"twitter:card\" content=\"summary_large_image\" \/>\n<meta name=\"twitter:label1\" content=\"Written by\" \/>\n\t<meta name=\"twitter:data1\" content=\"Alain Dieul\" \/>\n\t<meta name=\"twitter:label2\" content=\"Est. reading time\" \/>\n\t<meta name=\"twitter:data2\" content=\"2 minutes\" \/>\n<script type=\"application\/ld+json\" class=\"yoast-schema-graph\">{\"@context\":\"https:\/\/schema.org\",\"@graph\":[{\"@type\":\"Article\",\"@id\":\"https:\/\/www.ecinews.fr\/fr\/gauthier-connectique-conforte-sa-position-strategique\/#article\",\"isPartOf\":{\"@id\":\"https:\/\/www.ecinews.fr\/fr\/gauthier-connectique-conforte-sa-position-strategique\/\"},\"author\":{\"name\":\"Alain Dieul\",\"@id\":\"https:\/\/www.eenewseurope.com\/en\/#\/schema\/person\/e4387676ad67ce722325c7832f3c3762\"},\"headline\":\"Gauthier Connectique conforte sa position strat\u00e9gique\",\"datePublished\":\"2024-03-23T15:40:26+00:00\",\"dateModified\":\"2024-03-23T15:40:26+00:00\",\"mainEntityOfPage\":{\"@id\":\"https:\/\/www.ecinews.fr\/fr\/gauthier-connectique-conforte-sa-position-strategique\/\"},\"wordCount\":472,\"publisher\":{\"@id\":\"https:\/\/www.eenewseurope.com\/en\/#organization\"},\"keywords\":[\"Connectique\"],\"articleSection\":[\"Actualit\u00e9 g\u00e9n\u00e9rale\"],\"inLanguage\":\"fr-FR\"},{\"@type\":\"WebPage\",\"@id\":\"https:\/\/www.ecinews.fr\/fr\/gauthier-connectique-conforte-sa-position-strategique\/\",\"url\":\"https:\/\/www.ecinews.fr\/fr\/gauthier-connectique-conforte-sa-position-strategique\/\",\"name\":\"Gauthier Connectique conforte sa position strat\u00e9gique -\",\"isPartOf\":{\"@id\":\"https:\/\/www.eenewseurope.com\/en\/#website\"},\"datePublished\":\"2024-03-23T15:40:26+00:00\",\"dateModified\":\"2024-03-23T15:40:26+00:00\",\"description\":\"A la suite de son rachat en janvier dernier par\u00a0Nicomatic Group, un acteur majeur dans le domaine des solutions d\u2019interconnexion pour syst\u00e8mes \u00e9lectroniques, Gauthier Connectique affiche de fortes ambitions\u00a0: renforcer son ind\u00e9pendance technologique par des investissements industriels et doubler ses effectifs dans les prochaines ann\u00e9es.\u00a0\",\"breadcrumb\":{\"@id\":\"https:\/\/www.ecinews.fr\/fr\/gauthier-connectique-conforte-sa-position-strategique\/#breadcrumb\"},\"inLanguage\":\"fr-FR\",\"potentialAction\":[{\"@type\":\"ReadAction\",\"target\":[\"https:\/\/www.ecinews.fr\/fr\/gauthier-connectique-conforte-sa-position-strategique\/\"]}]},{\"@type\":\"BreadcrumbList\",\"@id\":\"https:\/\/www.ecinews.fr\/fr\/gauthier-connectique-conforte-sa-position-strategique\/#breadcrumb\",\"itemListElement\":[{\"@type\":\"ListItem\",\"position\":1,\"name\":\"Home\",\"item\":\"https:\/\/www.ecinews.fr\/fr\/\"},{\"@type\":\"ListItem\",\"position\":2,\"name\":\"Gauthier Connectique conforte sa position strat\u00e9gique\"}]},{\"@type\":\"WebSite\",\"@id\":\"https:\/\/www.eenewseurope.com\/en\/#website\",\"url\":\"https:\/\/www.eenewseurope.com\/en\/\",\"name\":\"EENewsEurope\",\"description\":\"Just another WordPress site\",\"publisher\":{\"@id\":\"https:\/\/www.eenewseurope.com\/en\/#organization\"},\"potentialAction\":[{\"@type\":\"SearchAction\",\"target\":{\"@type\":\"EntryPoint\",\"urlTemplate\":\"https:\/\/www.eenewseurope.com\/en\/?s={search_term_string}\"},\"query-input\":\"required name=search_term_string\"}],\"inLanguage\":\"fr-FR\"},{\"@type\":\"Organization\",\"@id\":\"https:\/\/www.eenewseurope.com\/en\/#organization\",\"name\":\"EENewsEurope\",\"url\":\"https:\/\/www.eenewseurope.com\/en\/\",\"logo\":{\"@type\":\"ImageObject\",\"inLanguage\":\"fr-FR\",\"@id\":\"https:\/\/www.eenewseurope.com\/en\/#\/schema\/logo\/image\/\",\"url\":\"https:\/\/www.ecinews.fr\/wp-content\/uploads\/2022\/02\/logo-1.jpg\",\"contentUrl\":\"https:\/\/www.ecinews.fr\/wp-content\/uploads\/2022\/02\/logo-1.jpg\",\"width\":283,\"height\":113,\"caption\":\"EENewsEurope\"},\"image\":{\"@id\":\"https:\/\/www.eenewseurope.com\/en\/#\/schema\/logo\/image\/\"}},{\"@type\":\"Person\",\"@id\":\"https:\/\/www.eenewseurope.com\/en\/#\/schema\/person\/e4387676ad67ce722325c7832f3c3762\",\"name\":\"Alain Dieul\",\"image\":{\"@type\":\"ImageObject\",\"inLanguage\":\"fr-FR\",\"@id\":\"https:\/\/www.eenewseurope.com\/en\/#\/schema\/person\/image\/736120675699dbbf0f0f282b9a9cfb75\",\"url\":\"https:\/\/secure.gravatar.com\/avatar\/bc93b056d07515be5b8eecd4acf49c5c?s=96&d=mm&r=g\",\"contentUrl\":\"https:\/\/secure.gravatar.com\/avatar\/bc93b056d07515be5b8eecd4acf49c5c?s=96&d=mm&r=g\",\"caption\":\"Alain Dieul\"},\"sameAs\":[\"http:\/\/ECINews\"]}]}<\/script>","yoast_head_json":{"title":"Gauthier Connectique conforte sa position strat\u00e9gique ...","description":"A la suite de son rachat en janvier dernier par\u00a0Nicomatic Group, un acteur majeur dans le domaine des solutions d\u2019interconnexion pour syst\u00e8mes...","robots":{"index":"index","follow":"follow","max-snippet":"max-snippet:-1","max-image-preview":"max-image-preview:large","max-video-preview":"max-video-preview:-1"},"canonical":"https:\/\/www.ecinews.fr\/fr\/wp-json\/wp\/v2\/posts\/446914\/","og_locale":"fr_FR","og_type":"article","og_title":"Gauthier Connectique conforte sa position strat\u00e9gique","og_description":"A la suite de son rachat en janvier dernier par\u00a0Nicomatic Group, un acteur majeur dans le domaine des solutions d\u2019interconnexion pour syst\u00e8mes \u00e9lectroniques, Gauthier Connectique affiche de fortes ambitions\u00a0: renforcer son ind\u00e9pendance technologique par des investissements industriels et doubler ses effectifs dans les prochaines ann\u00e9es.\u00a0","og_url":"https:\/\/www.ecinews.fr\/fr\/wp-json\/wp\/v2\/posts\/446914\/","og_site_name":"EENewsEurope","article_published_time":"2024-03-23T15:40:26+00:00","og_image":[{"width":1080,"height":499,"url":"https:\/\/www.ecinews.fr\/wp-content\/uploads\/2024\/03\/ECI3971_Gauthier-Connectique-actu_3-scaled.jpeg","type":"image\/jpeg"}],"author":"Alain Dieul","twitter_card":"summary_large_image","twitter_misc":{"Written by":"Alain Dieul","Est. reading time":"2 minutes"},"schema":{"@context":"https:\/\/schema.org","@graph":[{"@type":"Article","@id":"https:\/\/www.ecinews.fr\/fr\/gauthier-connectique-conforte-sa-position-strategique\/#article","isPartOf":{"@id":"https:\/\/www.ecinews.fr\/fr\/gauthier-connectique-conforte-sa-position-strategique\/"},"author":{"name":"Alain Dieul","@id":"https:\/\/www.eenewseurope.com\/en\/#\/schema\/person\/e4387676ad67ce722325c7832f3c3762"},"headline":"Gauthier Connectique conforte sa position strat\u00e9gique","datePublished":"2024-03-23T15:40:26+00:00","dateModified":"2024-03-23T15:40:26+00:00","mainEntityOfPage":{"@id":"https:\/\/www.ecinews.fr\/fr\/gauthier-connectique-conforte-sa-position-strategique\/"},"wordCount":472,"publisher":{"@id":"https:\/\/www.eenewseurope.com\/en\/#organization"},"keywords":["Connectique"],"articleSection":["Actualit\u00e9 g\u00e9n\u00e9rale"],"inLanguage":"fr-FR"},{"@type":"WebPage","@id":"https:\/\/www.ecinews.fr\/fr\/gauthier-connectique-conforte-sa-position-strategique\/","url":"https:\/\/www.ecinews.fr\/fr\/gauthier-connectique-conforte-sa-position-strategique\/","name":"Gauthier Connectique conforte sa position strat\u00e9gique -","isPartOf":{"@id":"https:\/\/www.eenewseurope.com\/en\/#website"},"datePublished":"2024-03-23T15:40:26+00:00","dateModified":"2024-03-23T15:40:26+00:00","description":"A la suite de son rachat en janvier dernier par\u00a0Nicomatic Group, un acteur majeur dans le domaine des solutions d\u2019interconnexion pour syst\u00e8mes \u00e9lectroniques, Gauthier Connectique affiche de fortes ambitions\u00a0: renforcer son ind\u00e9pendance technologique par des investissements industriels et doubler ses effectifs dans les prochaines ann\u00e9es.\u00a0","breadcrumb":{"@id":"https:\/\/www.ecinews.fr\/fr\/gauthier-connectique-conforte-sa-position-strategique\/#breadcrumb"},"inLanguage":"fr-FR","potentialAction":[{"@type":"ReadAction","target":["https:\/\/www.ecinews.fr\/fr\/gauthier-connectique-conforte-sa-position-strategique\/"]}]},{"@type":"BreadcrumbList","@id":"https:\/\/www.ecinews.fr\/fr\/gauthier-connectique-conforte-sa-position-strategique\/#breadcrumb","itemListElement":[{"@type":"ListItem","position":1,"name":"Home","item":"https:\/\/www.ecinews.fr\/fr\/"},{"@type":"ListItem","position":2,"name":"Gauthier Connectique conforte sa position strat\u00e9gique"}]},{"@type":"WebSite","@id":"https:\/\/www.eenewseurope.com\/en\/#website","url":"https:\/\/www.eenewseurope.com\/en\/","name":"EENewsEurope","description":"Just another WordPress site","publisher":{"@id":"https:\/\/www.eenewseurope.com\/en\/#organization"},"potentialAction":[{"@type":"SearchAction","target":{"@type":"EntryPoint","urlTemplate":"https:\/\/www.eenewseurope.com\/en\/?s={search_term_string}"},"query-input":"required name=search_term_string"}],"inLanguage":"fr-FR"},{"@type":"Organization","@id":"https:\/\/www.eenewseurope.com\/en\/#organization","name":"EENewsEurope","url":"https:\/\/www.eenewseurope.com\/en\/","logo":{"@type":"ImageObject","inLanguage":"fr-FR","@id":"https:\/\/www.eenewseurope.com\/en\/#\/schema\/logo\/image\/","url":"https:\/\/www.ecinews.fr\/wp-content\/uploads\/2022\/02\/logo-1.jpg","contentUrl":"https:\/\/www.ecinews.fr\/wp-content\/uploads\/2022\/02\/logo-1.jpg","width":283,"height":113,"caption":"EENewsEurope"},"image":{"@id":"https:\/\/www.eenewseurope.com\/en\/#\/schema\/logo\/image\/"}},{"@type":"Person","@id":"https:\/\/www.eenewseurope.com\/en\/#\/schema\/person\/e4387676ad67ce722325c7832f3c3762","name":"Alain Dieul","image":{"@type":"ImageObject","inLanguage":"fr-FR","@id":"https:\/\/www.eenewseurope.com\/en\/#\/schema\/person\/image\/736120675699dbbf0f0f282b9a9cfb75","url":"https:\/\/secure.gravatar.com\/avatar\/bc93b056d07515be5b8eecd4acf49c5c?s=96&d=mm&r=g","contentUrl":"https:\/\/secure.gravatar.com\/avatar\/bc93b056d07515be5b8eecd4acf49c5c?s=96&d=mm&r=g","caption":"Alain Dieul"},"sameAs":["http:\/\/ECINews"]}]}},"authors":[{"term_id":1154,"user_id":36,"is_guest":0,"slug":"alain-dieul","display_name":"Alain Dieul","avatar_url":"https:\/\/secure.gravatar.com\/avatar\/bc93b056d07515be5b8eecd4acf49c5c?s=96&d=mm&r=g","0":null,"1":"","2":"","3":"","4":"","5":"","6":"","7":"","8":""}],"_links":{"self":[{"href":"https:\/\/www.ecinews.fr\/fr\/wp-json\/wp\/v2\/posts\/446914"}],"collection":[{"href":"https:\/\/www.ecinews.fr\/fr\/wp-json\/wp\/v2\/posts"}],"about":[{"href":"https:\/\/www.ecinews.fr\/fr\/wp-json\/wp\/v2\/types\/post"}],"author":[{"embeddable":true,"href":"https:\/\/www.ecinews.fr\/fr\/wp-json\/wp\/v2\/users\/36"}],"replies":[{"embeddable":true,"href":"https:\/\/www.ecinews.fr\/fr\/wp-json\/wp\/v2\/comments?post=446914"}],"version-history":[{"count":0,"href":"https:\/\/www.ecinews.fr\/fr\/wp-json\/wp\/v2\/posts\/446914\/revisions"}],"wp:featuredmedia":[{"embeddable":true,"href":"https:\/\/www.ecinews.fr\/fr\/wp-json\/wp\/v2\/media\/446915"}],"wp:attachment":[{"href":"https:\/\/www.ecinews.fr\/fr\/wp-json\/wp\/v2\/media?parent=446914"}],"wp:term":[{"taxonomy":"category","embeddable":true,"href":"https:\/\/www.ecinews.fr\/fr\/wp-json\/wp\/v2\/categories?post=446914"},{"taxonomy":"post_tag","embeddable":true,"href":"https:\/\/www.ecinews.fr\/fr\/wp-json\/wp\/v2\/tags?post=446914"},{"taxonomy":"domains","embeddable":true,"href":"https:\/\/www.ecinews.fr\/fr\/wp-json\/wp\/v2\/domains?post=446914"},{"taxonomy":"author","embeddable":true,"href":"https:\/\/www.ecinews.fr\/fr\/wp-json\/wp\/v2\/ppma_author?post=446914"}],"curies":[{"name":"wp","href":"https:\/\/api.w.org\/{rel}","templated":true}]}}