{"id":446221,"date":"2024-03-16T11:50:58","date_gmt":"2024-03-16T10:50:58","guid":{"rendered":"https:\/\/www.eenewseurope.com\/?p=446221"},"modified":"2024-03-16T11:54:01","modified_gmt":"2024-03-16T10:54:01","slug":"lavenir-de-la-fab-espagnole-dimec-depend-du-soutien-du-gouvernement","status":"publish","type":"post","link":"https:\/\/www.ecinews.fr\/fr\/lavenir-de-la-fab-espagnole-dimec-depend-du-soutien-du-gouvernement\/","title":{"rendered":"L&rsquo;avenir de la fab espagnole d&rsquo;IMEC d\u00e9pend du soutien du gouvernement"},"content":{"rendered":"<h2>L&rsquo;institut de recherche IMEC (Louvain, Belgique) a accept\u00e9 de contribuer \u00e0 la mise en place d&rsquo;une installation de recherche et d\u00e9veloppement de 300 mm \u00e0 Malaga, dans la r\u00e9gion espagnole de l&rsquo;Andalousie, mais a indiqu\u00e9 que le projet faisait encore l&rsquo;objet de n\u00e9gociations sur le soutien qu&rsquo;il recevrait.<\/h2>\n<p>Bien qu&rsquo;il ait \u00e9t\u00e9 annonc\u00e9 pr\u00e9c\u00e9demment que le projet IMEC Fab 5 pourrait cr\u00e9er 450 emplois directs \u00e0 Malaga (voir <a href=\"https:\/\/www.eenewseurope.com\/en\/imec-to-site-rd-fab-in-malaga-spain-say-reports\/\">Selon certaines informations, l&rsquo;IMEC va implanter une unit\u00e9 de R&amp;D \u00e0 Malaga, en Espagne<\/a>) IMEC a indiqu\u00e9 que les d\u00e9tails du fonctionnement de l&rsquo;installation, tels que le nombre d&#8217;emplois \u00e0 cr\u00e9er, seront d\u00e9termin\u00e9s au cours des n\u00e9gociations qui viennent de d\u00e9buter.<\/p>\n<p>La nouvelle a \u00e9t\u00e9 annonc\u00e9e le mois dernier lorsque le ministre espagnol de la transformation num\u00e9rique et de la fonction publique, Jos\u00e9 Luis Escriv\u00e1, a d\u00e9clar\u00e9 aux journalistes que Malaga avait \u00e9t\u00e9 choisie pour accueillir l&rsquo;IMEC Fab 5. Les trois parties &#8211; le gouvernement espagnol, le gouvernement r\u00e9gional d&rsquo;Andalousie et l&rsquo;IMEC &#8211; viennent de signer un protocole d&rsquo;accord \u00e0 cet effet et ont publi\u00e9 des photos de la c\u00e9r\u00e9monie de signature.<\/p>\n<p>Parall\u00e8lement \u00e0 l&rsquo;annonce du protocole d&rsquo;accord, IMEC a indiqu\u00e9 que des n\u00e9gociations \u00e9taient en cours sur le mod\u00e8le de coop\u00e9ration public-priv\u00e9. Les autorit\u00e9s espagnoles et r\u00e9gionales ont accept\u00e9 de \u00ab\u00a0soutenir la construction de la nouvelle installation, y compris l&rsquo;\u00e9quipement de pointe\u00a0\u00bb. Il est \u00e9galement pr\u00e9vu un soutien financier \u00e0 long terme pour les op\u00e9rations de la ligne pilote, a d\u00e9clar\u00e9 l&rsquo;IMEC.<\/p>\n<p>\u00ab\u00a0IMEC a l&rsquo;intention de g\u00e9rer les op\u00e9rations, de fournir les connaissances et la technologie n\u00e9cessaires et de garantir l&rsquo;acc\u00e8s \u00e0 son r\u00e9seau mondial de partenaires universitaires et industriels\u00a0\u00bb, a ajout\u00e9 l&rsquo;organisation.<\/p>\n<p>Cela signifie que les contribuables espagnols pourraient \u00eatre invit\u00e9s \u00e0 fournir la majorit\u00e9, voire la totalit\u00e9, des fonds destin\u00e9s \u00e0 l&rsquo;IMEC Fab 5, IMEC fournissant le plan de recherche, le savoir-faire et la gestion.<\/p>\n<h4>Calendrier et co\u00fbt<\/h4>\n<p>Aucun calendrier ni co\u00fbt financier n&rsquo;ont \u00e9t\u00e9 communiqu\u00e9s pour la construction et l&rsquo;\u00e9quipement de l&rsquo;usine, ni pour son budget de fonctionnement annuel.<\/p>\n<p>L&rsquo;IMEC a d\u00e9clar\u00e9 que le centre de recherche et de d\u00e9veloppement de Malaga compl\u00e9tera la salle blanche de l&rsquo;IMEC \u00e0 Louvain. Alors que l&rsquo;installation de Louvain se concentre sur le CMOS et la voie vers la fabrication sub-nanom\u00e9trique et au-del\u00e0, l&rsquo;usine andalouse serait utilis\u00e9e pour le d\u00e9veloppement de process et l&rsquo;introduction de mat\u00e9riaux qui sont difficiles \u00e0 combiner avec les processus CMOS standard. L&rsquo;installation r\u00e9pondra \u00e9galement aux besoins de prototypage de R&amp;D dans des domaines tels que les soins de sant\u00e9, les sciences de la vie, la photonique, la d\u00e9tection de pr\u00e9cision et la r\u00e9alit\u00e9 augment\u00e9e et virtuelle.<\/p>\n<p>Le gouvernement r\u00e9gional, la Junta de Andalucia, a d\u00e9clar\u00e9 que l&rsquo;IMEC Fab 5 devrait cr\u00e9er 450 emplois directs \u00e0 Malaga dans un nouveau b\u00e2timent situ\u00e9 dans le parc technologique de Malaga. La propri\u00e9t\u00e9 comprend environ 32 000 m\u00e8tres carr\u00e9s d&rsquo;espace constructible sur un terrain de 46 000 m\u00e8tres carr\u00e9s.<\/p>\n<h4>Liens et articles connexes :<\/h4>\n<p><a href=\"http:\/\/www.imec-int.com\">www.imec-int.com<\/a><\/p>\n<h4>Articles de presse :<\/h4>\n<p><a href=\"https:\/\/www.eenewseurope.com\/en\/imec-to-site-rd-fab-in-malaga-spain-say-reports\/\">Selon certaines informations, l&rsquo;IMEC va implanter une unit\u00e9 de R&amp;D \u00e0 Malaga, en Espagne<\/a><\/p>\n<p><a href=\"https:\/\/www.eenewseurope.com\/en\/big-four-research-institutes-partner-to-make-european-edge-ai\/\">Quatre grands instituts de recherche s&rsquo;associent pour cr\u00e9er une IA de pointe europ\u00e9enne<\/a><\/p>\n<p><a href=\"https:\/\/www.eenewseurope.com\/en\/broadcom-to-invest-in-spanish-chip-program\/\">Broadcom investit dans le programme espagnol de fabrication de puces <\/a><\/p>\n<p><a href=\"https:\/\/www.eenewseurope.com\/en\/spain-wants-to-develop-5nm-chip-manufacturing-report\/\">L&rsquo;Espagne veut d\u00e9velopper la fabrication de puces \u00e0 5 nm<\/a><\/p>\n","protected":false},"excerpt":{"rendered":"<p>L&rsquo;institut de recherche IMEC (Louvain, Belgique) a accept\u00e9 de contribuer \u00e0 la mise en place d&rsquo;une installation de recherche et d\u00e9veloppement de 300 mm \u00e0 Malaga, dans la r\u00e9gion espagnole de l&rsquo;Andalousie, mais a indiqu\u00e9 que le projet faisait encore l&rsquo;objet de n\u00e9gociations sur le soutien qu&rsquo;il recevrait. Bien qu&rsquo;il ait \u00e9t\u00e9 annonc\u00e9 pr\u00e9c\u00e9demment que [&hellip;]<\/p>\n","protected":false},"author":34,"featured_media":446169,"comment_status":"closed","ping_status":"closed","sticky":false,"template":"","format":"standard","meta":{"_acf_changed":false,"footnotes":""},"categories":[3669,883],"tags":[3251,2421],"domains":[47],"ppma_author":[1153,3631],"class_list":["post-446221","post","type-post","status-publish","format-standard","has-post-thumbnail","hentry","category-nouvelles","category-technologies","tag-imec","tag-wafer-fabs","domains-electronique-eci"],"acf":[],"yoast_head":"<title>L&#039;avenir de la fab espagnole d&#039;IMEC d\u00e9pend des subventions ...<\/title>\n<meta name=\"description\" content=\"IMEC a accept\u00e9 de contribuer \u00e0 la mise en place d&#039;une fab de R&amp;D de 300 mm \u00e0 Malaga, mais le projet est encore en cours de n\u00e9gociation.\" \/>\n<meta name=\"robots\" content=\"index, follow, max-snippet:-1, max-image-preview:large, max-video-preview:-1\" \/>\n<link rel=\"canonical\" href=\"https:\/\/www.ecinews.fr\/fr\/wp-json\/wp\/v2\/posts\/446221\/\" \/>\n<meta property=\"og:locale\" content=\"fr_FR\" \/>\n<meta property=\"og:type\" content=\"article\" \/>\n<meta property=\"og:title\" content=\"L&#039;avenir de la fab espagnole d&#039;IMEC d\u00e9pend du soutien du gouvernement\" \/>\n<meta property=\"og:description\" content=\"IMEC a accept\u00e9 de contribuer \u00e0 la mise en place d&#039;une fab de R&amp;D de 300 mm \u00e0 Malaga, mais le projet est encore en cours de n\u00e9gociation.\" \/>\n<meta property=\"og:url\" content=\"https:\/\/www.ecinews.fr\/fr\/wp-json\/wp\/v2\/posts\/446221\/\" \/>\n<meta property=\"og:site_name\" content=\"EENewsEurope\" \/>\n<meta property=\"article:published_time\" content=\"2024-03-16T10:50:58+00:00\" \/>\n<meta property=\"article:modified_time\" content=\"2024-03-16T10:54:01+00:00\" \/>\n<meta property=\"og:image\" content=\"https:\/\/www.ecinews.fr\/wp-content\/uploads\/2024\/03\/AndalusiaIMEC630.jpg\" \/>\n\t<meta property=\"og:image:width\" content=\"630\" \/>\n\t<meta property=\"og:image:height\" content=\"411\" \/>\n\t<meta property=\"og:image:type\" content=\"image\/jpeg\" \/>\n<meta name=\"author\" content=\"A Delapalisse, Peter Clarke\" \/>\n<meta name=\"twitter:card\" content=\"summary_large_image\" \/>\n<meta name=\"twitter:label1\" content=\"Written by\" \/>\n\t<meta name=\"twitter:data1\" content=\"A Delapalisse\" \/>\n\t<meta name=\"twitter:label2\" content=\"Est. reading time\" \/>\n\t<meta name=\"twitter:data2\" content=\"3 minutes\" \/>\n<script type=\"application\/ld+json\" class=\"yoast-schema-graph\">{\"@context\":\"https:\/\/schema.org\",\"@graph\":[{\"@type\":\"Article\",\"@id\":\"https:\/\/www.ecinews.fr\/fr\/lavenir-de-la-fab-espagnole-dimec-depend-du-soutien-du-gouvernement\/#article\",\"isPartOf\":{\"@id\":\"https:\/\/www.ecinews.fr\/fr\/lavenir-de-la-fab-espagnole-dimec-depend-du-soutien-du-gouvernement\/\"},\"author\":{\"name\":\"A Delapalisse\",\"@id\":\"https:\/\/www.ecinews.fr\/fr\/#\/schema\/person\/0aa2cfb0bd8949724a68cbac8d8321b4\"},\"headline\":\"L&rsquo;avenir de la fab espagnole d&rsquo;IMEC d\u00e9pend du soutien du gouvernement\",\"datePublished\":\"2024-03-16T10:50:58+00:00\",\"dateModified\":\"2024-03-16T10:54:01+00:00\",\"mainEntityOfPage\":{\"@id\":\"https:\/\/www.ecinews.fr\/fr\/lavenir-de-la-fab-espagnole-dimec-depend-du-soutien-du-gouvernement\/\"},\"wordCount\":623,\"publisher\":{\"@id\":\"https:\/\/www.ecinews.fr\/fr\/#organization\"},\"keywords\":[\"IMEC\",\"Wafer fabs\"],\"articleSection\":[\"Nouvelles\",\"Technologies\"],\"inLanguage\":\"fr-FR\"},{\"@type\":\"WebPage\",\"@id\":\"https:\/\/www.ecinews.fr\/fr\/lavenir-de-la-fab-espagnole-dimec-depend-du-soutien-du-gouvernement\/\",\"url\":\"https:\/\/www.ecinews.fr\/fr\/lavenir-de-la-fab-espagnole-dimec-depend-du-soutien-du-gouvernement\/\",\"name\":\"L'avenir de la fab espagnole d'IMEC d\u00e9pend des subventions\",\"isPartOf\":{\"@id\":\"https:\/\/www.ecinews.fr\/fr\/#website\"},\"datePublished\":\"2024-03-16T10:50:58+00:00\",\"dateModified\":\"2024-03-16T10:54:01+00:00\",\"description\":\"IMEC a accept\u00e9 de contribuer \u00e0 la mise en place d'une fab de R&D de 300 mm \u00e0 Malaga, mais le projet est encore en cours de n\u00e9gociation.\",\"breadcrumb\":{\"@id\":\"https:\/\/www.ecinews.fr\/fr\/lavenir-de-la-fab-espagnole-dimec-depend-du-soutien-du-gouvernement\/#breadcrumb\"},\"inLanguage\":\"fr-FR\",\"potentialAction\":[{\"@type\":\"ReadAction\",\"target\":[\"https:\/\/www.ecinews.fr\/fr\/lavenir-de-la-fab-espagnole-dimec-depend-du-soutien-du-gouvernement\/\"]}]},{\"@type\":\"BreadcrumbList\",\"@id\":\"https:\/\/www.ecinews.fr\/fr\/lavenir-de-la-fab-espagnole-dimec-depend-du-soutien-du-gouvernement\/#breadcrumb\",\"itemListElement\":[{\"@type\":\"ListItem\",\"position\":1,\"name\":\"Home\",\"item\":\"https:\/\/www.ecinews.fr\/fr\/\"},{\"@type\":\"ListItem\",\"position\":2,\"name\":\"L&rsquo;avenir de la fab espagnole d&rsquo;IMEC d\u00e9pend du soutien du gouvernement\"}]},{\"@type\":\"WebSite\",\"@id\":\"https:\/\/www.ecinews.fr\/fr\/#website\",\"url\":\"https:\/\/www.ecinews.fr\/fr\/\",\"name\":\"EENewsEurope\",\"description\":\"Just another WordPress site\",\"publisher\":{\"@id\":\"https:\/\/www.ecinews.fr\/fr\/#organization\"},\"potentialAction\":[{\"@type\":\"SearchAction\",\"target\":{\"@type\":\"EntryPoint\",\"urlTemplate\":\"https:\/\/www.ecinews.fr\/fr\/?s={search_term_string}\"},\"query-input\":\"required name=search_term_string\"}],\"inLanguage\":\"fr-FR\"},{\"@type\":\"Organization\",\"@id\":\"https:\/\/www.ecinews.fr\/fr\/#organization\",\"name\":\"EENewsEurope\",\"url\":\"https:\/\/www.ecinews.fr\/fr\/\",\"logo\":{\"@type\":\"ImageObject\",\"inLanguage\":\"fr-FR\",\"@id\":\"https:\/\/www.ecinews.fr\/fr\/#\/schema\/logo\/image\/\",\"url\":\"https:\/\/www.ecinews.fr\/wp-content\/uploads\/2022\/02\/logo-1.jpg\",\"contentUrl\":\"https:\/\/www.ecinews.fr\/wp-content\/uploads\/2022\/02\/logo-1.jpg\",\"width\":283,\"height\":113,\"caption\":\"EENewsEurope\"},\"image\":{\"@id\":\"https:\/\/www.ecinews.fr\/fr\/#\/schema\/logo\/image\/\"}},{\"@type\":\"Person\",\"@id\":\"https:\/\/www.ecinews.fr\/fr\/#\/schema\/person\/0aa2cfb0bd8949724a68cbac8d8321b4\",\"name\":\"A Delapalisse\",\"image\":{\"@type\":\"ImageObject\",\"inLanguage\":\"fr-FR\",\"@id\":\"https:\/\/www.ecinews.fr\/fr\/#\/schema\/person\/image\/211ac42237c2e9683c0964086c393cb4\",\"url\":\"https:\/\/secure.gravatar.com\/avatar\/ad45a8c5da24bc9c7c4940dd1c48a695?s=96&d=mm&r=g\",\"contentUrl\":\"https:\/\/secure.gravatar.com\/avatar\/ad45a8c5da24bc9c7c4940dd1c48a695?s=96&d=mm&r=g\",\"caption\":\"A Delapalisse\"},\"sameAs\":[\"http:\/\/ECI\"]}]}<\/script>","yoast_head_json":{"title":"L'avenir de la fab espagnole d'IMEC d\u00e9pend des subventions ...","description":"IMEC a accept\u00e9 de contribuer \u00e0 la mise en place d'une fab de R&D de 300 mm \u00e0 Malaga, mais le projet est encore en cours de n\u00e9gociation.","robots":{"index":"index","follow":"follow","max-snippet":"max-snippet:-1","max-image-preview":"max-image-preview:large","max-video-preview":"max-video-preview:-1"},"canonical":"https:\/\/www.ecinews.fr\/fr\/wp-json\/wp\/v2\/posts\/446221\/","og_locale":"fr_FR","og_type":"article","og_title":"L'avenir de la fab espagnole d'IMEC d\u00e9pend du soutien du gouvernement","og_description":"IMEC a accept\u00e9 de contribuer \u00e0 la mise en place d'une fab de R&D de 300 mm \u00e0 Malaga, mais le projet est encore en cours de n\u00e9gociation.","og_url":"https:\/\/www.ecinews.fr\/fr\/wp-json\/wp\/v2\/posts\/446221\/","og_site_name":"EENewsEurope","article_published_time":"2024-03-16T10:50:58+00:00","article_modified_time":"2024-03-16T10:54:01+00:00","og_image":[{"width":630,"height":411,"url":"https:\/\/www.ecinews.fr\/wp-content\/uploads\/2024\/03\/AndalusiaIMEC630.jpg","type":"image\/jpeg"}],"author":"A Delapalisse, Peter Clarke","twitter_card":"summary_large_image","twitter_misc":{"Written by":"A Delapalisse","Est. reading time":"3 minutes"},"schema":{"@context":"https:\/\/schema.org","@graph":[{"@type":"Article","@id":"https:\/\/www.ecinews.fr\/fr\/lavenir-de-la-fab-espagnole-dimec-depend-du-soutien-du-gouvernement\/#article","isPartOf":{"@id":"https:\/\/www.ecinews.fr\/fr\/lavenir-de-la-fab-espagnole-dimec-depend-du-soutien-du-gouvernement\/"},"author":{"name":"A Delapalisse","@id":"https:\/\/www.ecinews.fr\/fr\/#\/schema\/person\/0aa2cfb0bd8949724a68cbac8d8321b4"},"headline":"L&rsquo;avenir de la fab espagnole d&rsquo;IMEC d\u00e9pend du soutien du gouvernement","datePublished":"2024-03-16T10:50:58+00:00","dateModified":"2024-03-16T10:54:01+00:00","mainEntityOfPage":{"@id":"https:\/\/www.ecinews.fr\/fr\/lavenir-de-la-fab-espagnole-dimec-depend-du-soutien-du-gouvernement\/"},"wordCount":623,"publisher":{"@id":"https:\/\/www.ecinews.fr\/fr\/#organization"},"keywords":["IMEC","Wafer fabs"],"articleSection":["Nouvelles","Technologies"],"inLanguage":"fr-FR"},{"@type":"WebPage","@id":"https:\/\/www.ecinews.fr\/fr\/lavenir-de-la-fab-espagnole-dimec-depend-du-soutien-du-gouvernement\/","url":"https:\/\/www.ecinews.fr\/fr\/lavenir-de-la-fab-espagnole-dimec-depend-du-soutien-du-gouvernement\/","name":"L'avenir de la fab espagnole d'IMEC d\u00e9pend des subventions","isPartOf":{"@id":"https:\/\/www.ecinews.fr\/fr\/#website"},"datePublished":"2024-03-16T10:50:58+00:00","dateModified":"2024-03-16T10:54:01+00:00","description":"IMEC a accept\u00e9 de contribuer \u00e0 la mise en place d'une fab de R&D de 300 mm \u00e0 Malaga, mais le projet est encore en cours de n\u00e9gociation.","breadcrumb":{"@id":"https:\/\/www.ecinews.fr\/fr\/lavenir-de-la-fab-espagnole-dimec-depend-du-soutien-du-gouvernement\/#breadcrumb"},"inLanguage":"fr-FR","potentialAction":[{"@type":"ReadAction","target":["https:\/\/www.ecinews.fr\/fr\/lavenir-de-la-fab-espagnole-dimec-depend-du-soutien-du-gouvernement\/"]}]},{"@type":"BreadcrumbList","@id":"https:\/\/www.ecinews.fr\/fr\/lavenir-de-la-fab-espagnole-dimec-depend-du-soutien-du-gouvernement\/#breadcrumb","itemListElement":[{"@type":"ListItem","position":1,"name":"Home","item":"https:\/\/www.ecinews.fr\/fr\/"},{"@type":"ListItem","position":2,"name":"L&rsquo;avenir de la fab espagnole d&rsquo;IMEC d\u00e9pend du soutien du gouvernement"}]},{"@type":"WebSite","@id":"https:\/\/www.ecinews.fr\/fr\/#website","url":"https:\/\/www.ecinews.fr\/fr\/","name":"EENewsEurope","description":"Just another WordPress site","publisher":{"@id":"https:\/\/www.ecinews.fr\/fr\/#organization"},"potentialAction":[{"@type":"SearchAction","target":{"@type":"EntryPoint","urlTemplate":"https:\/\/www.ecinews.fr\/fr\/?s={search_term_string}"},"query-input":"required name=search_term_string"}],"inLanguage":"fr-FR"},{"@type":"Organization","@id":"https:\/\/www.ecinews.fr\/fr\/#organization","name":"EENewsEurope","url":"https:\/\/www.ecinews.fr\/fr\/","logo":{"@type":"ImageObject","inLanguage":"fr-FR","@id":"https:\/\/www.ecinews.fr\/fr\/#\/schema\/logo\/image\/","url":"https:\/\/www.ecinews.fr\/wp-content\/uploads\/2022\/02\/logo-1.jpg","contentUrl":"https:\/\/www.ecinews.fr\/wp-content\/uploads\/2022\/02\/logo-1.jpg","width":283,"height":113,"caption":"EENewsEurope"},"image":{"@id":"https:\/\/www.ecinews.fr\/fr\/#\/schema\/logo\/image\/"}},{"@type":"Person","@id":"https:\/\/www.ecinews.fr\/fr\/#\/schema\/person\/0aa2cfb0bd8949724a68cbac8d8321b4","name":"A Delapalisse","image":{"@type":"ImageObject","inLanguage":"fr-FR","@id":"https:\/\/www.ecinews.fr\/fr\/#\/schema\/person\/image\/211ac42237c2e9683c0964086c393cb4","url":"https:\/\/secure.gravatar.com\/avatar\/ad45a8c5da24bc9c7c4940dd1c48a695?s=96&d=mm&r=g","contentUrl":"https:\/\/secure.gravatar.com\/avatar\/ad45a8c5da24bc9c7c4940dd1c48a695?s=96&d=mm&r=g","caption":"A Delapalisse"},"sameAs":["http:\/\/ECI"]}]}},"authors":[{"term_id":1153,"user_id":34,"is_guest":0,"slug":"adelapalisse","display_name":"A Delapalisse","avatar_url":"https:\/\/secure.gravatar.com\/avatar\/ad45a8c5da24bc9c7c4940dd1c48a695?s=96&d=mm&r=g","0":null,"1":"","2":"","3":"","4":"","5":"","6":"","7":"","8":""},{"term_id":3631,"user_id":0,"is_guest":1,"slug":"peter-clarke","display_name":"Peter Clarke","avatar_url":"https:\/\/secure.gravatar.com\/avatar\/?s=96&d=mm&r=g","0":null,"1":"","2":"","3":"","4":"","5":"","6":"","7":"","8":""}],"_links":{"self":[{"href":"https:\/\/www.ecinews.fr\/fr\/wp-json\/wp\/v2\/posts\/446221"}],"collection":[{"href":"https:\/\/www.ecinews.fr\/fr\/wp-json\/wp\/v2\/posts"}],"about":[{"href":"https:\/\/www.ecinews.fr\/fr\/wp-json\/wp\/v2\/types\/post"}],"author":[{"embeddable":true,"href":"https:\/\/www.ecinews.fr\/fr\/wp-json\/wp\/v2\/users\/34"}],"replies":[{"embeddable":true,"href":"https:\/\/www.ecinews.fr\/fr\/wp-json\/wp\/v2\/comments?post=446221"}],"version-history":[{"count":0,"href":"https:\/\/www.ecinews.fr\/fr\/wp-json\/wp\/v2\/posts\/446221\/revisions"}],"wp:featuredmedia":[{"embeddable":true,"href":"https:\/\/www.ecinews.fr\/fr\/wp-json\/wp\/v2\/media\/446169"}],"wp:attachment":[{"href":"https:\/\/www.ecinews.fr\/fr\/wp-json\/wp\/v2\/media?parent=446221"}],"wp:term":[{"taxonomy":"category","embeddable":true,"href":"https:\/\/www.ecinews.fr\/fr\/wp-json\/wp\/v2\/categories?post=446221"},{"taxonomy":"post_tag","embeddable":true,"href":"https:\/\/www.ecinews.fr\/fr\/wp-json\/wp\/v2\/tags?post=446221"},{"taxonomy":"domains","embeddable":true,"href":"https:\/\/www.ecinews.fr\/fr\/wp-json\/wp\/v2\/domains?post=446221"},{"taxonomy":"author","embeddable":true,"href":"https:\/\/www.ecinews.fr\/fr\/wp-json\/wp\/v2\/ppma_author?post=446221"}],"curies":[{"name":"wp","href":"https:\/\/api.w.org\/{rel}","templated":true}]}}