{"id":445890,"date":"2024-03-13T08:07:39","date_gmt":"2024-03-13T07:07:39","guid":{"rendered":"https:\/\/www.eenewseurope.com\/?p=445890"},"modified":"2024-03-12T21:09:38","modified_gmt":"2024-03-12T20:09:38","slug":"micledi-obtient-25-millions-pour-ses-ecrans-microled","status":"publish","type":"post","link":"https:\/\/www.ecinews.fr\/fr\/micledi-obtient-25-millions-pour-ses-ecrans-microled\/","title":{"rendered":"Micledi obtient $25 millions pour ses \u00e9crans microLED"},"content":{"rendered":"<h2>Micledi Microdisplays BV (Louvain, Belgique), une startup de microLED fond\u00e9e en 2019, a lev\u00e9 environ 25 millions de dollars US dans le cadre d&rsquo;un tour de financement de s\u00e9rie A afin de commercialiser des \u00e9crans microLED pour des applications de r\u00e9alit\u00e9 augment\u00e9e (AR).<\/h2>\n<p>Ce tour de table, auquel ont particip\u00e9 l&rsquo;IMEC et l&rsquo;IMEC.xpand, porte le total des fonds lev\u00e9s par l&rsquo;entreprise \u00e0 pr\u00e8s de 30 millions de dollars (voir <a href=\"https:\/\/www.eenewsanalog.com\/en\/microled-startup-raises-eur-45m-to-develop-ar-microdisplays\/\">MicroLED startup raises \u20ac4.5 million to develop AR microdisplays<\/a>, janvier 2020).<\/p>\n<p>Micledi a utilis\u00e9 son financement d&rsquo;amor\u00e7age de 2020 pour valider la fabrication sur des wafezrss de 300 mm de diam\u00e8tre et pour prouver ses r\u00e9seaux de microLEDs bleus et verts bas\u00e9s sur le GaN avec une bonne performance de microLED rouge sur le GaN et une performance de microLED rouge sup\u00e9rieure en utilisant mat\u00e9riau semiconducteur AlInGaP.<\/p>\n<p>\u00ab\u00a0Cette nouvelle lev\u00e9e de fonds servira \u00e0 agrandir l&rsquo;\u00e9quipe, \u00e0 concevoir et \u00e0 construire un ASIC de fond de panier actif, et \u00e0 cr\u00e9er un module d&rsquo;affichage microLED enti\u00e8rement fonctionnel qui pourra \u00eatre utilis\u00e9 dans des lunettes pour des affichages AR (r\u00e9alit\u00e9 augment\u00e9e)\u00a0\u00bb, a d\u00e9clar\u00e9 Sean Lord, PDG de Micledi, dans un communiqu\u00e9. Il a ajout\u00e9 que cet argent permettrait \u00e9galement de soutenir les accords de collaboration avec les clients.<\/p>\n<h4>Client Kopin<\/h4>\n<p>En janvier 2024, Micledi a annonc\u00e9 une telle collaboration avec Kopin Corp. Le programme utilisera le flux de production CMOS de Micledi et les capacit\u00e9s de contr\u00f4le et de pilotage du fond de panier de Kopin, ainsi que son exp\u00e9rience dans la fabrication de syst\u00e8mes d&rsquo;affichage complets, pour cr\u00e9er des \u00e9crans microLED en couleurs. Ces \u00e9crans seront destin\u00e9s \u00e0 des applications de haute performance dans les domaines de la d\u00e9fense, des entreprises, du grand public et des syst\u00e8mes m\u00e9dicaux.<\/p>\n<p>Micledi est un fournisseur de composants d&rsquo;affichage fabless, mais il a conclu des accords avec IQE plc pour la fourniture de wafers et avec Globalfoundries pour le transfert de son flux de fabrication de microLED dans une usine CMOS de GF, parall\u00e8lement \u00e0 la fabrication d&rsquo;ASIC de fond de panier con\u00e7us dans la technologie CMOS de GF.<\/p>\n<p>Micledi a d\u00e9clar\u00e9 que des modules en couleur avec adressage actif du fond de panier seraient disponibles en 2024.<\/p>\n<p>La soci\u00e9t\u00e9 a ajout\u00e9 qu&rsquo;elle d\u00e9veloppait des configurations pour les r\u00e9seaux de couleurs intrins\u00e8ques bas\u00e9es sur le filtrage par points quantiques des r\u00e9seaux verts et bleus et a d\u00e9clar\u00e9 qu&rsquo;elle pr\u00e9senterait ses premi\u00e8res lunettes de d\u00e9monstration au cours du deuxi\u00e8me trimestre de l&rsquo;ann\u00e9e 24.<\/p>\n<h4>Liens et articles connexes :<\/h4>\n<p><a href=\"https:\/\/www.globenewswire.com\/Tracker?data=qETo1iZsJt_1_ilXtZ6OdBGRK0itrPu7xYZn-VoT3elMrdYs54U-Fmtw5PIrFYErjjRi1a6aydNSHAtvNjtDfQ==\">www.micledi.com.<\/a><\/p>\n<h4>Articles de presse :<\/h4>\n<p><a href=\"https:\/\/www.eenewseurope.com\/en\/iqe-micledi-form-microled-partnership\/\">IQE et Micledi forment un partenariat microLED<\/a><\/p>\n<p><a href=\"https:\/\/www.eenewsanalog.com\/en\/globalfoundries-fdsoi-to-support-microled-maker-micledi\/\">Le FDSOI de Globalfoundries au service du fabricant de microLED Micledi<\/a><\/p>\n<p><a href=\"https:\/\/www.eenewseurope.com\/en\/porotech-selects-foundry-psmc-to-make-gan-on-si-microleds\/\">Porotech choisit la fonderie PSMC pour fabriquer des microLEDs GaN-sur-Si <\/a><\/p>\n<p><a href=\"https:\/\/www.eenewsanalog.com\/en\/microled-startup-raises-eur-45m-to-develop-ar-microdisplays\/\">La start-up MicroLED l\u00e8ve 4,5 millions d&rsquo;euros pour d\u00e9velopper des micro-\u00e9crans AR<\/a><\/p>\n","protected":false},"excerpt":{"rendered":"<p>Micledi Microdisplays BV (Louvain, Belgique), une startup de microLED fond\u00e9e en 2019, a lev\u00e9 environ 25 millions de dollars US dans le cadre d&rsquo;un tour de financement de s\u00e9rie A afin de commercialiser des \u00e9crans microLED pour des applications de r\u00e9alit\u00e9 augment\u00e9e (AR). Ce tour de table, auquel ont particip\u00e9 l&rsquo;IMEC et l&rsquo;IMEC.xpand, porte le [&hellip;]<\/p>\n","protected":false},"author":34,"featured_media":445880,"comment_status":"closed","ping_status":"closed","sticky":false,"template":"","format":"standard","meta":{"_acf_changed":false,"footnotes":""},"categories":[880,883],"tags":[4850],"domains":[47],"ppma_author":[1153,3631],"class_list":["post-445890","post","type-post","status-publish","format-standard","has-post-thumbnail","hentry","category-actualites-economiques","category-technologies","tag-microled-fr","domains-electronique-eci"],"acf":[],"yoast_head":"<title>Micledi obtient $25 millions pour ses \u00e9crans microLED ...<\/title>\n<meta name=\"description\" content=\"Micledi Microdisplays a lev\u00e9 environ $25 millions de financement de s\u00e9rie A pour des \u00e9crans microLED pour la r\u00e9alit\u00e9 augment\u00e9e.\" \/>\n<meta name=\"robots\" content=\"index, follow, max-snippet:-1, max-image-preview:large, max-video-preview:-1\" \/>\n<link rel=\"canonical\" href=\"https:\/\/www.ecinews.fr\/fr\/wp-json\/wp\/v2\/posts\/445890\/\" \/>\n<meta property=\"og:locale\" content=\"fr_FR\" \/>\n<meta property=\"og:type\" content=\"article\" \/>\n<meta property=\"og:title\" content=\"Micledi obtient $25 millions pour ses \u00e9crans microLED\" \/>\n<meta property=\"og:description\" content=\"Micledi Microdisplays a lev\u00e9 environ $25 millions de financement de s\u00e9rie A pour des \u00e9crans microLED pour la r\u00e9alit\u00e9 augment\u00e9e.\" \/>\n<meta property=\"og:url\" content=\"https:\/\/www.ecinews.fr\/fr\/wp-json\/wp\/v2\/posts\/445890\/\" \/>\n<meta property=\"og:site_name\" content=\"EENewsEurope\" \/>\n<meta property=\"article:published_time\" content=\"2024-03-13T07:07:39+00:00\" \/>\n<meta property=\"article:modified_time\" content=\"2024-03-12T20:09:38+00:00\" \/>\n<meta property=\"og:image\" content=\"https:\/\/www.eenewseurope.com\/wp-content\/uploads\/2024\/03\/MiclediBlue630.jpg\" \/>\n\t<meta property=\"og:image:width\" content=\"630\" \/>\n\t<meta property=\"og:image:height\" content=\"459\" \/>\n\t<meta property=\"og:image:type\" content=\"image\/jpeg\" \/>\n<meta name=\"author\" content=\"A Delapalisse, Peter Clarke\" \/>\n<meta name=\"twitter:card\" content=\"summary_large_image\" \/>\n<meta name=\"twitter:label1\" content=\"Written by\" \/>\n\t<meta name=\"twitter:data1\" content=\"A Delapalisse\" \/>\n\t<meta name=\"twitter:label2\" content=\"Est. reading time\" \/>\n\t<meta name=\"twitter:data2\" content=\"2 minutes\" \/>\n<script type=\"application\/ld+json\" class=\"yoast-schema-graph\">{\"@context\":\"https:\/\/schema.org\",\"@graph\":[{\"@type\":\"Article\",\"@id\":\"https:\/\/www.eenewseurope.com\/fr\/micledi-obtient-25-millions-pour-ses-ecrans-microled\/#article\",\"isPartOf\":{\"@id\":\"https:\/\/www.eenewseurope.com\/fr\/micledi-obtient-25-millions-pour-ses-ecrans-microled\/\"},\"author\":{\"name\":\"A Delapalisse\",\"@id\":\"https:\/\/www.ecinews.fr\/fr\/#\/schema\/person\/0aa2cfb0bd8949724a68cbac8d8321b4\"},\"headline\":\"Micledi obtient $25 millions pour ses \u00e9crans microLED\",\"datePublished\":\"2024-03-13T07:07:39+00:00\",\"dateModified\":\"2024-03-12T20:09:38+00:00\",\"mainEntityOfPage\":{\"@id\":\"https:\/\/www.eenewseurope.com\/fr\/micledi-obtient-25-millions-pour-ses-ecrans-microled\/\"},\"wordCount\":506,\"publisher\":{\"@id\":\"https:\/\/www.ecinews.fr\/fr\/#organization\"},\"keywords\":[\"microLED\"],\"articleSection\":[\"Actualit\u00e9s \u00e9conomiques\",\"Technologies\"],\"inLanguage\":\"fr-FR\"},{\"@type\":\"WebPage\",\"@id\":\"https:\/\/www.eenewseurope.com\/fr\/micledi-obtient-25-millions-pour-ses-ecrans-microled\/\",\"url\":\"https:\/\/www.eenewseurope.com\/fr\/micledi-obtient-25-millions-pour-ses-ecrans-microled\/\",\"name\":\"Micledi obtient $25 millions pour ses \u00e9crans microLED\",\"isPartOf\":{\"@id\":\"https:\/\/www.ecinews.fr\/fr\/#website\"},\"datePublished\":\"2024-03-13T07:07:39+00:00\",\"dateModified\":\"2024-03-12T20:09:38+00:00\",\"description\":\"Micledi Microdisplays a lev\u00e9 environ $25 millions de financement de s\u00e9rie A pour des \u00e9crans microLED pour la r\u00e9alit\u00e9 augment\u00e9e.\",\"breadcrumb\":{\"@id\":\"https:\/\/www.eenewseurope.com\/fr\/micledi-obtient-25-millions-pour-ses-ecrans-microled\/#breadcrumb\"},\"inLanguage\":\"fr-FR\",\"potentialAction\":[{\"@type\":\"ReadAction\",\"target\":[\"https:\/\/www.eenewseurope.com\/fr\/micledi-obtient-25-millions-pour-ses-ecrans-microled\/\"]}]},{\"@type\":\"BreadcrumbList\",\"@id\":\"https:\/\/www.eenewseurope.com\/fr\/micledi-obtient-25-millions-pour-ses-ecrans-microled\/#breadcrumb\",\"itemListElement\":[{\"@type\":\"ListItem\",\"position\":1,\"name\":\"Home\",\"item\":\"https:\/\/www.ecinews.fr\/fr\/\"},{\"@type\":\"ListItem\",\"position\":2,\"name\":\"Micledi obtient $25 millions pour ses \u00e9crans microLED\"}]},{\"@type\":\"WebSite\",\"@id\":\"https:\/\/www.ecinews.fr\/fr\/#website\",\"url\":\"https:\/\/www.ecinews.fr\/fr\/\",\"name\":\"EENewsEurope\",\"description\":\"Just another WordPress site\",\"publisher\":{\"@id\":\"https:\/\/www.ecinews.fr\/fr\/#organization\"},\"potentialAction\":[{\"@type\":\"SearchAction\",\"target\":{\"@type\":\"EntryPoint\",\"urlTemplate\":\"https:\/\/www.ecinews.fr\/fr\/?s={search_term_string}\"},\"query-input\":\"required name=search_term_string\"}],\"inLanguage\":\"fr-FR\"},{\"@type\":\"Organization\",\"@id\":\"https:\/\/www.ecinews.fr\/fr\/#organization\",\"name\":\"EENewsEurope\",\"url\":\"https:\/\/www.ecinews.fr\/fr\/\",\"logo\":{\"@type\":\"ImageObject\",\"inLanguage\":\"fr-FR\",\"@id\":\"https:\/\/www.ecinews.fr\/fr\/#\/schema\/logo\/image\/\",\"url\":\"https:\/\/www.ecinews.fr\/wp-content\/uploads\/2022\/02\/logo-1.jpg\",\"contentUrl\":\"https:\/\/www.ecinews.fr\/wp-content\/uploads\/2022\/02\/logo-1.jpg\",\"width\":283,\"height\":113,\"caption\":\"EENewsEurope\"},\"image\":{\"@id\":\"https:\/\/www.ecinews.fr\/fr\/#\/schema\/logo\/image\/\"}},{\"@type\":\"Person\",\"@id\":\"https:\/\/www.ecinews.fr\/fr\/#\/schema\/person\/0aa2cfb0bd8949724a68cbac8d8321b4\",\"name\":\"A Delapalisse\",\"image\":{\"@type\":\"ImageObject\",\"inLanguage\":\"fr-FR\",\"@id\":\"https:\/\/www.ecinews.fr\/fr\/#\/schema\/person\/image\/211ac42237c2e9683c0964086c393cb4\",\"url\":\"https:\/\/secure.gravatar.com\/avatar\/ad45a8c5da24bc9c7c4940dd1c48a695?s=96&d=mm&r=g\",\"contentUrl\":\"https:\/\/secure.gravatar.com\/avatar\/ad45a8c5da24bc9c7c4940dd1c48a695?s=96&d=mm&r=g\",\"caption\":\"A Delapalisse\"},\"sameAs\":[\"http:\/\/ECI\"]}]}<\/script>","yoast_head_json":{"title":"Micledi obtient $25 millions pour ses \u00e9crans microLED ...","description":"Micledi Microdisplays a lev\u00e9 environ $25 millions de financement de s\u00e9rie A pour des \u00e9crans microLED pour la r\u00e9alit\u00e9 augment\u00e9e.","robots":{"index":"index","follow":"follow","max-snippet":"max-snippet:-1","max-image-preview":"max-image-preview:large","max-video-preview":"max-video-preview:-1"},"canonical":"https:\/\/www.ecinews.fr\/fr\/wp-json\/wp\/v2\/posts\/445890\/","og_locale":"fr_FR","og_type":"article","og_title":"Micledi obtient $25 millions pour ses \u00e9crans microLED","og_description":"Micledi Microdisplays a lev\u00e9 environ $25 millions de financement de s\u00e9rie A pour des \u00e9crans microLED pour la r\u00e9alit\u00e9 augment\u00e9e.","og_url":"https:\/\/www.ecinews.fr\/fr\/wp-json\/wp\/v2\/posts\/445890\/","og_site_name":"EENewsEurope","article_published_time":"2024-03-13T07:07:39+00:00","article_modified_time":"2024-03-12T20:09:38+00:00","og_image":[{"width":630,"height":459,"url":"https:\/\/www.eenewseurope.com\/wp-content\/uploads\/2024\/03\/MiclediBlue630.jpg","type":"image\/jpeg"}],"author":"A Delapalisse, Peter Clarke","twitter_card":"summary_large_image","twitter_misc":{"Written by":"A Delapalisse","Est. reading time":"2 minutes"},"schema":{"@context":"https:\/\/schema.org","@graph":[{"@type":"Article","@id":"https:\/\/www.eenewseurope.com\/fr\/micledi-obtient-25-millions-pour-ses-ecrans-microled\/#article","isPartOf":{"@id":"https:\/\/www.eenewseurope.com\/fr\/micledi-obtient-25-millions-pour-ses-ecrans-microled\/"},"author":{"name":"A Delapalisse","@id":"https:\/\/www.ecinews.fr\/fr\/#\/schema\/person\/0aa2cfb0bd8949724a68cbac8d8321b4"},"headline":"Micledi obtient $25 millions pour ses \u00e9crans microLED","datePublished":"2024-03-13T07:07:39+00:00","dateModified":"2024-03-12T20:09:38+00:00","mainEntityOfPage":{"@id":"https:\/\/www.eenewseurope.com\/fr\/micledi-obtient-25-millions-pour-ses-ecrans-microled\/"},"wordCount":506,"publisher":{"@id":"https:\/\/www.ecinews.fr\/fr\/#organization"},"keywords":["microLED"],"articleSection":["Actualit\u00e9s \u00e9conomiques","Technologies"],"inLanguage":"fr-FR"},{"@type":"WebPage","@id":"https:\/\/www.eenewseurope.com\/fr\/micledi-obtient-25-millions-pour-ses-ecrans-microled\/","url":"https:\/\/www.eenewseurope.com\/fr\/micledi-obtient-25-millions-pour-ses-ecrans-microled\/","name":"Micledi obtient $25 millions pour ses \u00e9crans microLED","isPartOf":{"@id":"https:\/\/www.ecinews.fr\/fr\/#website"},"datePublished":"2024-03-13T07:07:39+00:00","dateModified":"2024-03-12T20:09:38+00:00","description":"Micledi Microdisplays a lev\u00e9 environ $25 millions de financement de s\u00e9rie A pour des \u00e9crans microLED pour la r\u00e9alit\u00e9 augment\u00e9e.","breadcrumb":{"@id":"https:\/\/www.eenewseurope.com\/fr\/micledi-obtient-25-millions-pour-ses-ecrans-microled\/#breadcrumb"},"inLanguage":"fr-FR","potentialAction":[{"@type":"ReadAction","target":["https:\/\/www.eenewseurope.com\/fr\/micledi-obtient-25-millions-pour-ses-ecrans-microled\/"]}]},{"@type":"BreadcrumbList","@id":"https:\/\/www.eenewseurope.com\/fr\/micledi-obtient-25-millions-pour-ses-ecrans-microled\/#breadcrumb","itemListElement":[{"@type":"ListItem","position":1,"name":"Home","item":"https:\/\/www.ecinews.fr\/fr\/"},{"@type":"ListItem","position":2,"name":"Micledi obtient $25 millions pour ses \u00e9crans microLED"}]},{"@type":"WebSite","@id":"https:\/\/www.ecinews.fr\/fr\/#website","url":"https:\/\/www.ecinews.fr\/fr\/","name":"EENewsEurope","description":"Just another WordPress site","publisher":{"@id":"https:\/\/www.ecinews.fr\/fr\/#organization"},"potentialAction":[{"@type":"SearchAction","target":{"@type":"EntryPoint","urlTemplate":"https:\/\/www.ecinews.fr\/fr\/?s={search_term_string}"},"query-input":"required name=search_term_string"}],"inLanguage":"fr-FR"},{"@type":"Organization","@id":"https:\/\/www.ecinews.fr\/fr\/#organization","name":"EENewsEurope","url":"https:\/\/www.ecinews.fr\/fr\/","logo":{"@type":"ImageObject","inLanguage":"fr-FR","@id":"https:\/\/www.ecinews.fr\/fr\/#\/schema\/logo\/image\/","url":"https:\/\/www.ecinews.fr\/wp-content\/uploads\/2022\/02\/logo-1.jpg","contentUrl":"https:\/\/www.ecinews.fr\/wp-content\/uploads\/2022\/02\/logo-1.jpg","width":283,"height":113,"caption":"EENewsEurope"},"image":{"@id":"https:\/\/www.ecinews.fr\/fr\/#\/schema\/logo\/image\/"}},{"@type":"Person","@id":"https:\/\/www.ecinews.fr\/fr\/#\/schema\/person\/0aa2cfb0bd8949724a68cbac8d8321b4","name":"A Delapalisse","image":{"@type":"ImageObject","inLanguage":"fr-FR","@id":"https:\/\/www.ecinews.fr\/fr\/#\/schema\/person\/image\/211ac42237c2e9683c0964086c393cb4","url":"https:\/\/secure.gravatar.com\/avatar\/ad45a8c5da24bc9c7c4940dd1c48a695?s=96&d=mm&r=g","contentUrl":"https:\/\/secure.gravatar.com\/avatar\/ad45a8c5da24bc9c7c4940dd1c48a695?s=96&d=mm&r=g","caption":"A Delapalisse"},"sameAs":["http:\/\/ECI"]}]}},"authors":[{"term_id":1153,"user_id":34,"is_guest":0,"slug":"adelapalisse","display_name":"A Delapalisse","avatar_url":"https:\/\/secure.gravatar.com\/avatar\/ad45a8c5da24bc9c7c4940dd1c48a695?s=96&d=mm&r=g","0":null,"1":"","2":"","3":"","4":"","5":"","6":"","7":"","8":""},{"term_id":3631,"user_id":0,"is_guest":1,"slug":"peter-clarke","display_name":"Peter Clarke","avatar_url":"https:\/\/secure.gravatar.com\/avatar\/?s=96&d=mm&r=g","0":null,"1":"","2":"","3":"","4":"","5":"","6":"","7":"","8":""}],"_links":{"self":[{"href":"https:\/\/www.ecinews.fr\/fr\/wp-json\/wp\/v2\/posts\/445890"}],"collection":[{"href":"https:\/\/www.ecinews.fr\/fr\/wp-json\/wp\/v2\/posts"}],"about":[{"href":"https:\/\/www.ecinews.fr\/fr\/wp-json\/wp\/v2\/types\/post"}],"author":[{"embeddable":true,"href":"https:\/\/www.ecinews.fr\/fr\/wp-json\/wp\/v2\/users\/34"}],"replies":[{"embeddable":true,"href":"https:\/\/www.ecinews.fr\/fr\/wp-json\/wp\/v2\/comments?post=445890"}],"version-history":[{"count":0,"href":"https:\/\/www.ecinews.fr\/fr\/wp-json\/wp\/v2\/posts\/445890\/revisions"}],"wp:featuredmedia":[{"embeddable":true,"href":"https:\/\/www.ecinews.fr\/fr\/wp-json\/wp\/v2\/media\/445880"}],"wp:attachment":[{"href":"https:\/\/www.ecinews.fr\/fr\/wp-json\/wp\/v2\/media?parent=445890"}],"wp:term":[{"taxonomy":"category","embeddable":true,"href":"https:\/\/www.ecinews.fr\/fr\/wp-json\/wp\/v2\/categories?post=445890"},{"taxonomy":"post_tag","embeddable":true,"href":"https:\/\/www.ecinews.fr\/fr\/wp-json\/wp\/v2\/tags?post=445890"},{"taxonomy":"domains","embeddable":true,"href":"https:\/\/www.ecinews.fr\/fr\/wp-json\/wp\/v2\/domains?post=445890"},{"taxonomy":"author","embeddable":true,"href":"https:\/\/www.ecinews.fr\/fr\/wp-json\/wp\/v2\/ppma_author?post=445890"}],"curies":[{"name":"wp","href":"https:\/\/api.w.org\/{rel}","templated":true}]}}