{"id":445444,"date":"2024-03-06T11:05:57","date_gmt":"2024-03-06T10:05:57","guid":{"rendered":"https:\/\/www.eenewseurope.com\/?p=445444"},"modified":"2024-03-06T11:07:34","modified_gmt":"2024-03-06T10:07:34","slug":"les-usa-et-la-chine-tirent-le-marche-mondial-des-puces","status":"publish","type":"post","link":"https:\/\/www.ecinews.fr\/fr\/les-usa-et-la-chine-tirent-le-marche-mondial-des-puces\/","title":{"rendered":"Les USA et la Chine tirent le march\u00e9 mondial des puces"},"content":{"rendered":"<h2>La valeur du march\u00e9 mondial des puces a continu\u00e9 \u00e0 augmenter en janvier, le march\u00e9 chinois progressant de 26,6 % sur une base annuelle, selon les chiffres de l&rsquo;Association de l&rsquo;industrie des semi-conducteurs (SIA).<\/h2>\n<p>Le march\u00e9 r\u00e9gional des Am\u00e9riques &#8211; principalement les \u00c9tats-Unis &#8211; a \u00e9galement progress\u00e9 sur une base annuelle, de 20,3 %.<\/p>\n<p>La SIA pr\u00e9sente les chiffres sous la forme d&rsquo;une moyenne mobile sur trois mois bas\u00e9e sur les donn\u00e9es collect\u00e9es par l&rsquo;organisation World Semiconductor Trade Statistics. Le march\u00e9 a atteint 47,63 milliards de dollars, soit une augmentation de 15,2 % par rapport \u00e0 41,33 milliards de dollars en janvier 2023. Ce chiffre est \u00e0 comparer \u00e0 une augmentation de 11,6 % le mois pr\u00e9c\u00e9dent et de 5,3 % le mois d&rsquo;avant.<\/p>\n<p>La forte croissance des Am\u00e9riques et de la Chine indique un retour de la demande d&rsquo;\u00e9lectronique grand public, probablement aliment\u00e9e en partie par un cycle de remplacement prolong\u00e9 et en partie par l&rsquo;IA. Le rebond annuel de la Chine refl\u00e8te \u00e9galement l&rsquo;ampleur de la baisse enregistr\u00e9e l&rsquo;ann\u00e9e pr\u00e9c\u00e9dente, due en partie aux restrictions temporaires impos\u00e9es aux importations.<\/p>\n<p>Cependant, alors que les r\u00e9gions d&rsquo;Am\u00e9rique et de Chine enregistrent actuellement une forte croissance des ventes, les r\u00e9gions d&rsquo;Europe et du Japon ont fait marche arri\u00e8re. Le recul en Europe et au Japon indique que des stocks de composants ont pu s&rsquo;accumuler dans les secteurs automobile et industriel qui sont les plus importants dans ces r\u00e9gions.<\/p>\n<p>Les pr\u00e9visions actuelles concernant la croissance du march\u00e9 mondial des puces en 2024 varient entre 13 et 20 %.<\/p>\n<div id=\"attachment_445339\" style=\"width: 610px\" class=\"wp-caption alignleft\"><img decoding=\"async\" aria-describedby=\"caption-attachment-445339\" class=\"wp-image-445339 size-full lazyload\" data-src=\"https:\/\/www.eenewseurope.com\/wp-content\/uploads\/2024\/03\/SIAjan600.jpg\" alt=\"\" width=\"600\" height=\"750\" data-srcset=\"https:\/\/www.ecinews.fr\/wp-content\/uploads\/2024\/03\/SIAjan600.jpg 600w, https:\/\/www.ecinews.fr\/wp-content\/uploads\/2024\/03\/SIAjan600-240x300.jpg 240w\" data-sizes=\"(max-width: 600px) 100vw, 600px\" src=\"data:image\/svg+xml;base64,PHN2ZyB3aWR0aD0iMSIgaGVpZ2h0PSIxIiB4bWxucz0iaHR0cDovL3d3dy53My5vcmcvMjAwMC9zdmciPjwvc3ZnPg==\" style=\"--smush-placeholder-width: 600px; --smush-placeholder-aspect-ratio: 600\/750;\" \/><p id=\"caption-attachment-445339\" class=\"wp-caption-text\"><em><strong>Moyenne sur trois mois des ventes de puces par r\u00e9gion g\u00e9ographique pour janvier 2024 et d\u00e9cembre 2023. Source : SIA\/WSTS : SIA\/WSTS.<\/strong><\/em><\/p><\/div>\n<p>\u00ab\u00a0Le march\u00e9 mondial des semi-conducteurs a commenc\u00e9 la nouvelle ann\u00e9e en force, les ventes mondiales ayant augment\u00e9 d&rsquo;une ann\u00e9e sur l&rsquo;autre du plus fort pourcentage depuis mai 2022\u00a0\u00bb, a d\u00e9clar\u00e9 John Neuffer, PDG de la SIA, dans un communiqu\u00e9.<\/p>\n<p>Les donn\u00e9es mensuelles sont fournies par la SIA comme une moyenne de trois mois, bien que la source des donn\u00e9es, WSTS, suive les ventes sur une base mensuelle. La SIA et d&rsquo;autres organismes r\u00e9gionaux de l&rsquo;industrie des semi-conducteurs choisissent d&rsquo;utiliser des donn\u00e9es moyennes parce qu&rsquo;elles \u00e9galisent les donn\u00e9es r\u00e9elles qui montrent g\u00e9n\u00e9ralement des creux au d\u00e9but des trimestres et des pics \u00e0 la fin des trimestres.<\/p>\n<h4>Liens et articles connexes :<\/h4>\n<p><a href=\"https:\/\/www.semiconductors.org\">www.semiconductors.org<\/a><\/p>\n<h4>Articles de presse :<\/h4>\n<p><a href=\"https:\/\/www.eenewseurope.com\/en\/europe-japan-drag-on-decembers-buoyant-global-chip-market\/\">L&rsquo;Europe et le Japon freinent le dynamisme du march\u00e9 mondial des puces en d\u00e9cembre <\/a><\/p>\n<p><a href=\"https:\/\/www.eenewseurope.com\/en\/china-bounce-lifts-global-chip-market-raises-outlook-for-2024\/\">Le rebond de la Chine stimule le march\u00e9 mondial des puces et augmente les perspectives pour 2024<\/a><\/p>\n<p><a href=\"https:\/\/www.eenewseurope.com\/en\/europe-drives-global-chip-market-to-the-brink-of-growth\/\">L&rsquo;Europe fait grimper le march\u00e9 mondial des puces jusqu&rsquo;\u00e0 la limite de la croissance<\/a><\/p>\n<p><a href=\"https:\/\/www.eenewseurope.com\/en\/europe-beats-us-asia-in-chip-market-growth-in-q3\/\">L&rsquo;Europe devance les \u00c9tats-Unis et l&rsquo;Asie dans la croissance du march\u00e9 des puces au troisi\u00e8me trimestre<\/a><\/p>\n<p><a href=\"https:\/\/www.eenewseurope.com\/en\/european-chip-market-cools-as-americas-returns-to-growth\/\">Le march\u00e9 europ\u00e9en des puces se refroidit alors que le continent am\u00e9ricain renoue avec la croissance<\/a><\/p>\n","protected":false},"excerpt":{"rendered":"<p>La valeur du march\u00e9 mondial des puces a continu\u00e9 \u00e0 augmenter en janvier, le march\u00e9 chinois progressant de 26,6 % sur une base annuelle, selon les chiffres de l&rsquo;Association de l&rsquo;industrie des semi-conducteurs (SIA). Le march\u00e9 r\u00e9gional des Am\u00e9riques &#8211; principalement les \u00c9tats-Unis &#8211; a \u00e9galement progress\u00e9 sur une base annuelle, de 20,3 %. La [&hellip;]<\/p>\n","protected":false},"author":34,"featured_media":445342,"comment_status":"closed","ping_status":"closed","sticky":false,"template":"","format":"standard","meta":{"_acf_changed":false,"footnotes":""},"categories":[4443,888],"tags":[2327,1558],"domains":[47],"ppma_author":[1153,3631],"class_list":["post-445444","post","type-post","status-publish","format-standard","has-post-thumbnail","hentry","category-avis","category-marche","tag-marche","tag-semiconducteurs","domains-electronique-eci"],"acf":[],"yoast_head":"<title>Les USA et la Chine tirent le march\u00e9 mondial des puces ...<\/title>\n<meta name=\"description\" content=\"La valeur du march\u00e9 mondial des puces a continu\u00e9 \u00e0 augmenter en janvier, le march\u00e9 chinois progressant de 26,6 % sur une base annuelle.\" \/>\n<meta name=\"robots\" content=\"index, follow, max-snippet:-1, max-image-preview:large, max-video-preview:-1\" \/>\n<link rel=\"canonical\" href=\"https:\/\/www.ecinews.fr\/fr\/wp-json\/wp\/v2\/posts\/445444\/\" \/>\n<meta property=\"og:locale\" content=\"fr_FR\" \/>\n<meta property=\"og:type\" content=\"article\" \/>\n<meta property=\"og:title\" content=\"Les USA et la Chine tirent le march\u00e9 mondial des puces\" \/>\n<meta property=\"og:description\" content=\"La valeur du march\u00e9 mondial des puces a continu\u00e9 \u00e0 augmenter en janvier, le march\u00e9 chinois progressant de 26,6 % sur une base annuelle.\" \/>\n<meta property=\"og:url\" content=\"https:\/\/www.ecinews.fr\/fr\/wp-json\/wp\/v2\/posts\/445444\/\" \/>\n<meta property=\"og:site_name\" content=\"EENewsEurope\" \/>\n<meta property=\"article:published_time\" content=\"2024-03-06T10:05:57+00:00\" \/>\n<meta property=\"article:modified_time\" content=\"2024-03-06T10:07:34+00:00\" \/>\n<meta property=\"og:image\" content=\"https:\/\/www.ecinews.fr\/wp-content\/uploads\/2024\/03\/SIAjan630.jpg\" \/>\n\t<meta property=\"og:image:width\" content=\"630\" \/>\n\t<meta property=\"og:image:height\" content=\"458\" \/>\n\t<meta property=\"og:image:type\" content=\"image\/jpeg\" \/>\n<meta name=\"author\" content=\"A Delapalisse, Peter Clarke\" \/>\n<meta name=\"twitter:card\" content=\"summary_large_image\" \/>\n<meta name=\"twitter:label1\" content=\"Written by\" \/>\n\t<meta name=\"twitter:data1\" content=\"A Delapalisse\" \/>\n\t<meta name=\"twitter:label2\" content=\"Est. reading time\" \/>\n\t<meta name=\"twitter:data2\" content=\"3 minutes\" \/>\n<script type=\"application\/ld+json\" class=\"yoast-schema-graph\">{\"@context\":\"https:\/\/schema.org\",\"@graph\":[{\"@type\":\"Article\",\"@id\":\"https:\/\/www.ecinews.fr\/fr\/les-usa-et-la-chine-tirent-le-marche-mondial-des-puces\/#article\",\"isPartOf\":{\"@id\":\"https:\/\/www.ecinews.fr\/fr\/les-usa-et-la-chine-tirent-le-marche-mondial-des-puces\/\"},\"author\":{\"name\":\"A Delapalisse\",\"@id\":\"https:\/\/www.ecinews.fr\/fr\/#\/schema\/person\/0aa2cfb0bd8949724a68cbac8d8321b4\"},\"headline\":\"Les USA et la Chine tirent le march\u00e9 mondial des puces\",\"datePublished\":\"2024-03-06T10:05:57+00:00\",\"dateModified\":\"2024-03-06T10:07:34+00:00\",\"mainEntityOfPage\":{\"@id\":\"https:\/\/www.ecinews.fr\/fr\/les-usa-et-la-chine-tirent-le-marche-mondial-des-puces\/\"},\"wordCount\":525,\"publisher\":{\"@id\":\"https:\/\/www.ecinews.fr\/fr\/#organization\"},\"keywords\":[\"March\u00e9\",\"Semiconducteurs\"],\"articleSection\":[\"Avis\",\"March\u00e9\"],\"inLanguage\":\"fr-FR\"},{\"@type\":\"WebPage\",\"@id\":\"https:\/\/www.ecinews.fr\/fr\/les-usa-et-la-chine-tirent-le-marche-mondial-des-puces\/\",\"url\":\"https:\/\/www.ecinews.fr\/fr\/les-usa-et-la-chine-tirent-le-marche-mondial-des-puces\/\",\"name\":\"Les USA et la Chine tirent le march\u00e9 mondial des puces\",\"isPartOf\":{\"@id\":\"https:\/\/www.ecinews.fr\/fr\/#website\"},\"datePublished\":\"2024-03-06T10:05:57+00:00\",\"dateModified\":\"2024-03-06T10:07:34+00:00\",\"description\":\"La valeur du march\u00e9 mondial des puces a continu\u00e9 \u00e0 augmenter en janvier, le march\u00e9 chinois progressant de 26,6 % sur une base annuelle.\",\"breadcrumb\":{\"@id\":\"https:\/\/www.ecinews.fr\/fr\/les-usa-et-la-chine-tirent-le-marche-mondial-des-puces\/#breadcrumb\"},\"inLanguage\":\"fr-FR\",\"potentialAction\":[{\"@type\":\"ReadAction\",\"target\":[\"https:\/\/www.ecinews.fr\/fr\/les-usa-et-la-chine-tirent-le-marche-mondial-des-puces\/\"]}]},{\"@type\":\"BreadcrumbList\",\"@id\":\"https:\/\/www.ecinews.fr\/fr\/les-usa-et-la-chine-tirent-le-marche-mondial-des-puces\/#breadcrumb\",\"itemListElement\":[{\"@type\":\"ListItem\",\"position\":1,\"name\":\"Home\",\"item\":\"https:\/\/www.ecinews.fr\/fr\/\"},{\"@type\":\"ListItem\",\"position\":2,\"name\":\"Les USA et la Chine tirent le march\u00e9 mondial des puces\"}]},{\"@type\":\"WebSite\",\"@id\":\"https:\/\/www.ecinews.fr\/fr\/#website\",\"url\":\"https:\/\/www.ecinews.fr\/fr\/\",\"name\":\"EENewsEurope\",\"description\":\"Just another WordPress site\",\"publisher\":{\"@id\":\"https:\/\/www.ecinews.fr\/fr\/#organization\"},\"potentialAction\":[{\"@type\":\"SearchAction\",\"target\":{\"@type\":\"EntryPoint\",\"urlTemplate\":\"https:\/\/www.ecinews.fr\/fr\/?s={search_term_string}\"},\"query-input\":\"required name=search_term_string\"}],\"inLanguage\":\"fr-FR\"},{\"@type\":\"Organization\",\"@id\":\"https:\/\/www.ecinews.fr\/fr\/#organization\",\"name\":\"EENewsEurope\",\"url\":\"https:\/\/www.ecinews.fr\/fr\/\",\"logo\":{\"@type\":\"ImageObject\",\"inLanguage\":\"fr-FR\",\"@id\":\"https:\/\/www.ecinews.fr\/fr\/#\/schema\/logo\/image\/\",\"url\":\"https:\/\/www.ecinews.fr\/wp-content\/uploads\/2022\/02\/logo-1.jpg\",\"contentUrl\":\"https:\/\/www.ecinews.fr\/wp-content\/uploads\/2022\/02\/logo-1.jpg\",\"width\":283,\"height\":113,\"caption\":\"EENewsEurope\"},\"image\":{\"@id\":\"https:\/\/www.ecinews.fr\/fr\/#\/schema\/logo\/image\/\"}},{\"@type\":\"Person\",\"@id\":\"https:\/\/www.ecinews.fr\/fr\/#\/schema\/person\/0aa2cfb0bd8949724a68cbac8d8321b4\",\"name\":\"A Delapalisse\",\"image\":{\"@type\":\"ImageObject\",\"inLanguage\":\"fr-FR\",\"@id\":\"https:\/\/www.ecinews.fr\/fr\/#\/schema\/person\/image\/211ac42237c2e9683c0964086c393cb4\",\"url\":\"https:\/\/secure.gravatar.com\/avatar\/ad45a8c5da24bc9c7c4940dd1c48a695?s=96&d=mm&r=g\",\"contentUrl\":\"https:\/\/secure.gravatar.com\/avatar\/ad45a8c5da24bc9c7c4940dd1c48a695?s=96&d=mm&r=g\",\"caption\":\"A Delapalisse\"},\"sameAs\":[\"http:\/\/ECI\"]}]}<\/script>","yoast_head_json":{"title":"Les USA et la Chine tirent le march\u00e9 mondial des puces ...","description":"La valeur du march\u00e9 mondial des puces a continu\u00e9 \u00e0 augmenter en janvier, le march\u00e9 chinois progressant de 26,6 % sur une base annuelle.","robots":{"index":"index","follow":"follow","max-snippet":"max-snippet:-1","max-image-preview":"max-image-preview:large","max-video-preview":"max-video-preview:-1"},"canonical":"https:\/\/www.ecinews.fr\/fr\/wp-json\/wp\/v2\/posts\/445444\/","og_locale":"fr_FR","og_type":"article","og_title":"Les USA et la Chine tirent le march\u00e9 mondial des puces","og_description":"La valeur du march\u00e9 mondial des puces a continu\u00e9 \u00e0 augmenter en janvier, le march\u00e9 chinois progressant de 26,6 % sur une base annuelle.","og_url":"https:\/\/www.ecinews.fr\/fr\/wp-json\/wp\/v2\/posts\/445444\/","og_site_name":"EENewsEurope","article_published_time":"2024-03-06T10:05:57+00:00","article_modified_time":"2024-03-06T10:07:34+00:00","og_image":[{"width":630,"height":458,"url":"https:\/\/www.ecinews.fr\/wp-content\/uploads\/2024\/03\/SIAjan630.jpg","type":"image\/jpeg"}],"author":"A Delapalisse, Peter Clarke","twitter_card":"summary_large_image","twitter_misc":{"Written by":"A Delapalisse","Est. reading time":"3 minutes"},"schema":{"@context":"https:\/\/schema.org","@graph":[{"@type":"Article","@id":"https:\/\/www.ecinews.fr\/fr\/les-usa-et-la-chine-tirent-le-marche-mondial-des-puces\/#article","isPartOf":{"@id":"https:\/\/www.ecinews.fr\/fr\/les-usa-et-la-chine-tirent-le-marche-mondial-des-puces\/"},"author":{"name":"A Delapalisse","@id":"https:\/\/www.ecinews.fr\/fr\/#\/schema\/person\/0aa2cfb0bd8949724a68cbac8d8321b4"},"headline":"Les USA et la Chine tirent le march\u00e9 mondial des puces","datePublished":"2024-03-06T10:05:57+00:00","dateModified":"2024-03-06T10:07:34+00:00","mainEntityOfPage":{"@id":"https:\/\/www.ecinews.fr\/fr\/les-usa-et-la-chine-tirent-le-marche-mondial-des-puces\/"},"wordCount":525,"publisher":{"@id":"https:\/\/www.ecinews.fr\/fr\/#organization"},"keywords":["March\u00e9","Semiconducteurs"],"articleSection":["Avis","March\u00e9"],"inLanguage":"fr-FR"},{"@type":"WebPage","@id":"https:\/\/www.ecinews.fr\/fr\/les-usa-et-la-chine-tirent-le-marche-mondial-des-puces\/","url":"https:\/\/www.ecinews.fr\/fr\/les-usa-et-la-chine-tirent-le-marche-mondial-des-puces\/","name":"Les USA et la Chine tirent le march\u00e9 mondial des puces","isPartOf":{"@id":"https:\/\/www.ecinews.fr\/fr\/#website"},"datePublished":"2024-03-06T10:05:57+00:00","dateModified":"2024-03-06T10:07:34+00:00","description":"La valeur du march\u00e9 mondial des puces a continu\u00e9 \u00e0 augmenter en janvier, le march\u00e9 chinois progressant de 26,6 % sur une base annuelle.","breadcrumb":{"@id":"https:\/\/www.ecinews.fr\/fr\/les-usa-et-la-chine-tirent-le-marche-mondial-des-puces\/#breadcrumb"},"inLanguage":"fr-FR","potentialAction":[{"@type":"ReadAction","target":["https:\/\/www.ecinews.fr\/fr\/les-usa-et-la-chine-tirent-le-marche-mondial-des-puces\/"]}]},{"@type":"BreadcrumbList","@id":"https:\/\/www.ecinews.fr\/fr\/les-usa-et-la-chine-tirent-le-marche-mondial-des-puces\/#breadcrumb","itemListElement":[{"@type":"ListItem","position":1,"name":"Home","item":"https:\/\/www.ecinews.fr\/fr\/"},{"@type":"ListItem","position":2,"name":"Les USA et la Chine tirent le march\u00e9 mondial des puces"}]},{"@type":"WebSite","@id":"https:\/\/www.ecinews.fr\/fr\/#website","url":"https:\/\/www.ecinews.fr\/fr\/","name":"EENewsEurope","description":"Just another WordPress site","publisher":{"@id":"https:\/\/www.ecinews.fr\/fr\/#organization"},"potentialAction":[{"@type":"SearchAction","target":{"@type":"EntryPoint","urlTemplate":"https:\/\/www.ecinews.fr\/fr\/?s={search_term_string}"},"query-input":"required name=search_term_string"}],"inLanguage":"fr-FR"},{"@type":"Organization","@id":"https:\/\/www.ecinews.fr\/fr\/#organization","name":"EENewsEurope","url":"https:\/\/www.ecinews.fr\/fr\/","logo":{"@type":"ImageObject","inLanguage":"fr-FR","@id":"https:\/\/www.ecinews.fr\/fr\/#\/schema\/logo\/image\/","url":"https:\/\/www.ecinews.fr\/wp-content\/uploads\/2022\/02\/logo-1.jpg","contentUrl":"https:\/\/www.ecinews.fr\/wp-content\/uploads\/2022\/02\/logo-1.jpg","width":283,"height":113,"caption":"EENewsEurope"},"image":{"@id":"https:\/\/www.ecinews.fr\/fr\/#\/schema\/logo\/image\/"}},{"@type":"Person","@id":"https:\/\/www.ecinews.fr\/fr\/#\/schema\/person\/0aa2cfb0bd8949724a68cbac8d8321b4","name":"A Delapalisse","image":{"@type":"ImageObject","inLanguage":"fr-FR","@id":"https:\/\/www.ecinews.fr\/fr\/#\/schema\/person\/image\/211ac42237c2e9683c0964086c393cb4","url":"https:\/\/secure.gravatar.com\/avatar\/ad45a8c5da24bc9c7c4940dd1c48a695?s=96&d=mm&r=g","contentUrl":"https:\/\/secure.gravatar.com\/avatar\/ad45a8c5da24bc9c7c4940dd1c48a695?s=96&d=mm&r=g","caption":"A Delapalisse"},"sameAs":["http:\/\/ECI"]}]}},"authors":[{"term_id":1153,"user_id":34,"is_guest":0,"slug":"adelapalisse","display_name":"A Delapalisse","avatar_url":"https:\/\/secure.gravatar.com\/avatar\/ad45a8c5da24bc9c7c4940dd1c48a695?s=96&d=mm&r=g","0":null,"1":"","2":"","3":"","4":"","5":"","6":"","7":"","8":""},{"term_id":3631,"user_id":0,"is_guest":1,"slug":"peter-clarke","display_name":"Peter Clarke","avatar_url":"https:\/\/secure.gravatar.com\/avatar\/?s=96&d=mm&r=g","0":null,"1":"","2":"","3":"","4":"","5":"","6":"","7":"","8":""}],"_links":{"self":[{"href":"https:\/\/www.ecinews.fr\/fr\/wp-json\/wp\/v2\/posts\/445444"}],"collection":[{"href":"https:\/\/www.ecinews.fr\/fr\/wp-json\/wp\/v2\/posts"}],"about":[{"href":"https:\/\/www.ecinews.fr\/fr\/wp-json\/wp\/v2\/types\/post"}],"author":[{"embeddable":true,"href":"https:\/\/www.ecinews.fr\/fr\/wp-json\/wp\/v2\/users\/34"}],"replies":[{"embeddable":true,"href":"https:\/\/www.ecinews.fr\/fr\/wp-json\/wp\/v2\/comments?post=445444"}],"version-history":[{"count":0,"href":"https:\/\/www.ecinews.fr\/fr\/wp-json\/wp\/v2\/posts\/445444\/revisions"}],"wp:featuredmedia":[{"embeddable":true,"href":"https:\/\/www.ecinews.fr\/fr\/wp-json\/wp\/v2\/media\/445342"}],"wp:attachment":[{"href":"https:\/\/www.ecinews.fr\/fr\/wp-json\/wp\/v2\/media?parent=445444"}],"wp:term":[{"taxonomy":"category","embeddable":true,"href":"https:\/\/www.ecinews.fr\/fr\/wp-json\/wp\/v2\/categories?post=445444"},{"taxonomy":"post_tag","embeddable":true,"href":"https:\/\/www.ecinews.fr\/fr\/wp-json\/wp\/v2\/tags?post=445444"},{"taxonomy":"domains","embeddable":true,"href":"https:\/\/www.ecinews.fr\/fr\/wp-json\/wp\/v2\/domains?post=445444"},{"taxonomy":"author","embeddable":true,"href":"https:\/\/www.ecinews.fr\/fr\/wp-json\/wp\/v2\/ppma_author?post=445444"}],"curies":[{"name":"wp","href":"https:\/\/api.w.org\/{rel}","templated":true}]}}