{"id":445315,"date":"2024-03-05T09:45:23","date_gmt":"2024-03-05T08:45:23","guid":{"rendered":"https:\/\/www.eenewseurope.com\/?p=445315"},"modified":"2024-03-05T09:48:41","modified_gmt":"2024-03-05T08:48:41","slug":"le-recul-dapple-sur-le-microled-oblige-ams-osram-a-revoir-sa-strategie","status":"publish","type":"post","link":"https:\/\/www.ecinews.fr\/fr\/le-recul-dapple-sur-le-microled-oblige-ams-osram-a-revoir-sa-strategie\/","title":{"rendered":"Le recul d&rsquo;Apple sur le microLED oblige AMS-Osram \u00e0 revoir sa strat\u00e9gie"},"content":{"rendered":"<h2>AMS-Osram a d\u00e9clar\u00e9 avoir d\u00e9cid\u00e9 de r\u00e9\u00e9valuer sa strat\u00e9gie en mati\u00e8re de microLED apr\u00e8s l&rsquo;annulation d&rsquo;un projet cl\u00e9 il y a quelques jours. Le projet aurait \u00e9t\u00e9 destin\u00e9 \u00e0 la smartwatch d&rsquo;Apple.<\/h2>\n<p>On s&rsquo;attendait \u00e0 ce qu&rsquo;Apple adopte un \u00e9cran microLED pour sa prochaine Apple Watch Ultra 3, alors que l&rsquo;Apple Watch Ultra 2 utilise un \u00e9cran micro-OLED. Certains observateurs ont repouss\u00e9 l&rsquo;av\u00e8nement des \u00e9crans microLED de trois ans (voir Les <a href=\"https:\/\/www.eenewseurope.com\/en\/microled-displays-delayed-but-coming-in-two-to-three-years\/\">\u00e9crans MicroLED retard\u00e9s mais \u00e0 venir dans deux ou trois ans<\/a>).<\/p>\n<p>AMS-Osram a d\u00e9clar\u00e9 \u00eatre en pourparlers avec le client, mais a acc\u00e9l\u00e9r\u00e9 son \u00e9cosyst\u00e8me pour la production \u00e0 grande \u00e9chelle d&rsquo;\u00e9crans microLED (voir <a href=\"https:\/\/www.eenewseurope.com\/en\/ams-osram-ready-to-ramp-microled-production-in-2024\/\">AMS-Osram pr\u00eat \u00e0 acc\u00e9l\u00e9rer la production de microLED en 2024<\/a>). Paradoxalement, l&rsquo;annulation de ce projet cl\u00e9 devrait am\u00e9liorer le flux de tr\u00e9sorerie d&rsquo;AMS-Osram au cours des 24 prochains mois, gr\u00e2ce \u00e0 la r\u00e9duction des d\u00e9penses d&rsquo;investissement.<\/p>\n<h4>D\u00e9pr\u00e9ciations \u00e0 venir<\/h4>\n<p>L&rsquo;entreprise a d\u00e9clar\u00e9 qu&rsquo;en raison de l&rsquo;annulation, elle enregistrerait des charges de d\u00e9pr\u00e9ciation sans effet sur la tr\u00e9sorerie comprises entre 600 et 900 millions d&rsquo;euros au cours de l&rsquo;exercice 2024. Le b\u00e9n\u00e9fice avant imp\u00f4t sur le revenu (EBIT) serait probablement inf\u00e9rieur de 30 \u00e0 50 millions d&rsquo;euros au cours de l&rsquo;exercice 2024 en raison d&rsquo;une moindre capitalisation des d\u00e9penses de R&amp;D et d&rsquo;une diminution des subventions provenant des programmes de financement gouvernementaux.<\/p>\n<p>AMS-Osram devrait recevoir une subvention de 300 millions d&rsquo;euros de la part des contribuables europ\u00e9ens pour l&rsquo;aider \u00e0 mettre en place la fabrication d&rsquo;\u00e9crans microLED pour son principal client (voir <a href=\"https:\/\/www.eenewseurope.com\/en\/ams-osram-set-to-get-e300-million-ipcei-subsidy\/\">AMS-Osram devrait recevoir une subvention de 300 millions d&rsquo;euros de l&rsquo;IPCEI<\/a>).<\/p>\n<p>L&rsquo;entreprise a d\u00e9clar\u00e9 qu&rsquo;elle allait reconsid\u00e9rer l&rsquo;utilisation de ses actifs, en particulier une usine de fabrication de wafers de 200 mm pour la production de DEL \u00e0 Kulim, en Malaisie. L&rsquo;entreprise a d\u00e9clar\u00e9 qu&rsquo;elle envisagerait des am\u00e9liorations suppl\u00e9mentaires en termes de co\u00fbts afin d&rsquo;att\u00e9nuer l&rsquo;impact.<\/p>\n<p>L&rsquo;entreprise a d\u00e9clar\u00e9 qu&rsquo;elle pr\u00e9voyait d\u00e9sormais d&rsquo;augmenter ses revenus \u00e0 un taux de croissance annuel compos\u00e9 compris entre 6 et 8 % \u00e0 moyen terme. Elle a \u00e9galement d\u00e9clar\u00e9 qu&rsquo;elle constatait une dynamique inchang\u00e9e dans ses activit\u00e9s principales, \u00e0 savoir l&rsquo;automobile, l&rsquo;industrie et le secteur m\u00e9dical, en ce qui concerne les designs-wins.<\/p>\n<p>Fin 2023, Yole a d\u00e9clar\u00e9 que l&rsquo;adoption du microLED \u00e9tait entrav\u00e9e par un manque de volume qui maintient les prix \u00e0 un niveau \u00e9lev\u00e9 et aide la technologie en place, le micro-OLED, \u00e0 conserver ses cr\u00e9neaux de conception. L&rsquo;adoption de la technologie microLED par Apple en 2024 devait donner le coup d&rsquo;envoi d&rsquo;une course mondiale \u00e0 l&rsquo;utilisation de cette technologie dans les petits \u00e9crans et \u00e0 sa transposition \u00e0 de grands \u00e9crans tels que ceux des tablettes \u00e9lectroniques.<\/p>\n<h4>Liens et articles connexes :<\/h4>\n<p><a href=\"http:\/\/www.ams-osram.com\">www.ams-osram.com<\/a><\/p>\n<h4>Articles de presse :<\/h4>\n<p><a href=\"https:\/\/www.eenewseurope.com\/en\/ams-osram-set-to-get-e300-million-ipcei-subsidy\/\">AMS-Osram devrait b\u00e9n\u00e9ficier d&rsquo;une subvention de 300 millions d&rsquo;euros de l&rsquo;IPCEI<\/a><\/p>\n<p><a href=\"https:\/\/www.eenewseurope.com\/en\/ams-osram-ready-to-ramp-microled-production-in-2024\/\">AMS-Osram pr\u00eat \u00e0 lancer la production de microLED en 2024<\/a><\/p>\n<p><a href=\"https:\/\/www.eenewseurope.com\/en\/microled-displays-delayed-but-coming-in-two-to-three-years\/\">Les \u00e9crans MicroLED sont retard\u00e9s mais arriveront dans deux ou trois ans<\/a><\/p>\n<p><a href=\"https:\/\/www.eenewseurope.com\/en\/apple-set-to-drive-microled-revolution-says-yole\/\">Selon Yole, Apple devrait \u00eatre le moteur de la r\u00e9volution microLED<\/a><\/p>\n<p>&nbsp;<\/p>\n","protected":false},"excerpt":{"rendered":"<p>AMS-Osram a d\u00e9clar\u00e9 avoir d\u00e9cid\u00e9 de r\u00e9\u00e9valuer sa strat\u00e9gie en mati\u00e8re de microLED apr\u00e8s l&rsquo;annulation d&rsquo;un projet cl\u00e9 il y a quelques jours. Le projet aurait \u00e9t\u00e9 destin\u00e9 \u00e0 la smartwatch d&rsquo;Apple. On s&rsquo;attendait \u00e0 ce qu&rsquo;Apple adopte un \u00e9cran microLED pour sa prochaine Apple Watch Ultra 3, alors que l&rsquo;Apple Watch Ultra 2 utilise [&hellip;]<\/p>\n","protected":false},"author":34,"featured_media":330584,"comment_status":"closed","ping_status":"closed","sticky":false,"template":"","format":"standard","meta":{"_acf_changed":false,"footnotes":""},"categories":[880,3669],"tags":[5956,3695,4850],"domains":[47],"ppma_author":[1153,3631],"class_list":["post-445315","post","type-post","status-publish","format-standard","has-post-thumbnail","hentry","category-actualites-economiques","category-nouvelles","tag-ams-osram-fr","tag-apple-fr","tag-microled-fr","domains-electronique-eci"],"acf":[],"yoast_head":"<title>Le recul d&#039;Apple sur le microLED oblige AMS-Osram \u00e0 revoir sa ...<\/title>\n<meta name=\"description\" content=\"AMS-Osram a d\u00e9clar\u00e9 avoir d\u00e9cid\u00e9 de r\u00e9\u00e9valuer sa strat\u00e9gie en mati\u00e8re de microLED apr\u00e8s l&#039;annulation d&#039;un projet cl\u00e9 il y a quelques jours.\" \/>\n<meta name=\"robots\" content=\"index, follow, max-snippet:-1, max-image-preview:large, max-video-preview:-1\" \/>\n<link rel=\"canonical\" href=\"https:\/\/www.ecinews.fr\/fr\/wp-json\/wp\/v2\/posts\/445315\/\" \/>\n<meta property=\"og:locale\" content=\"fr_FR\" \/>\n<meta property=\"og:type\" content=\"article\" \/>\n<meta property=\"og:title\" content=\"Le recul d&#039;Apple sur le microLED oblige AMS-Osram \u00e0 revoir sa strat\u00e9gie\" \/>\n<meta property=\"og:description\" content=\"AMS-Osram a d\u00e9clar\u00e9 avoir d\u00e9cid\u00e9 de r\u00e9\u00e9valuer sa strat\u00e9gie en mati\u00e8re de microLED apr\u00e8s l&#039;annulation d&#039;un projet cl\u00e9 il y a quelques jours.\" \/>\n<meta property=\"og:url\" content=\"https:\/\/www.ecinews.fr\/fr\/wp-json\/wp\/v2\/posts\/445315\/\" \/>\n<meta property=\"og:site_name\" content=\"EENewsEurope\" \/>\n<meta property=\"article:published_time\" content=\"2024-03-05T08:45:23+00:00\" \/>\n<meta property=\"article:modified_time\" content=\"2024-03-05T08:48:41+00:00\" \/>\n<meta property=\"og:image\" content=\"https:\/\/www.ecinews.fr\/wp-content\/uploads\/import\/default\/files\/import\/apple-watch-scaled.jpg\" \/>\n\t<meta property=\"og:image:width\" content=\"911\" \/>\n\t<meta property=\"og:image:height\" content=\"1080\" \/>\n\t<meta property=\"og:image:type\" content=\"image\/jpeg\" \/>\n<meta name=\"author\" content=\"A Delapalisse, Peter Clarke\" \/>\n<meta name=\"twitter:card\" content=\"summary_large_image\" \/>\n<meta name=\"twitter:label1\" content=\"Written by\" \/>\n\t<meta name=\"twitter:data1\" content=\"A Delapalisse\" \/>\n\t<meta name=\"twitter:label2\" content=\"Est. reading time\" \/>\n\t<meta name=\"twitter:data2\" content=\"3 minutes\" \/>\n<script type=\"application\/ld+json\" class=\"yoast-schema-graph\">{\"@context\":\"https:\/\/schema.org\",\"@graph\":[{\"@type\":\"Article\",\"@id\":\"https:\/\/www.ecinews.fr\/fr\/le-recul-dapple-sur-le-microled-oblige-ams-osram-a-revoir-sa-strategie\/#article\",\"isPartOf\":{\"@id\":\"https:\/\/www.ecinews.fr\/fr\/le-recul-dapple-sur-le-microled-oblige-ams-osram-a-revoir-sa-strategie\/\"},\"author\":{\"name\":\"A Delapalisse\",\"@id\":\"https:\/\/www.ecinews.fr\/fr\/#\/schema\/person\/0aa2cfb0bd8949724a68cbac8d8321b4\"},\"headline\":\"Le recul d&rsquo;Apple sur le microLED oblige AMS-Osram \u00e0 revoir sa strat\u00e9gie\",\"datePublished\":\"2024-03-05T08:45:23+00:00\",\"dateModified\":\"2024-03-05T08:48:41+00:00\",\"mainEntityOfPage\":{\"@id\":\"https:\/\/www.ecinews.fr\/fr\/le-recul-dapple-sur-le-microled-oblige-ams-osram-a-revoir-sa-strategie\/\"},\"wordCount\":563,\"publisher\":{\"@id\":\"https:\/\/www.ecinews.fr\/fr\/#organization\"},\"keywords\":[\"AMS-Osram\",\"Apple\",\"microLED\"],\"articleSection\":[\"Actualit\u00e9s \u00e9conomiques\",\"Nouvelles\"],\"inLanguage\":\"fr-FR\"},{\"@type\":\"WebPage\",\"@id\":\"https:\/\/www.ecinews.fr\/fr\/le-recul-dapple-sur-le-microled-oblige-ams-osram-a-revoir-sa-strategie\/\",\"url\":\"https:\/\/www.ecinews.fr\/fr\/le-recul-dapple-sur-le-microled-oblige-ams-osram-a-revoir-sa-strategie\/\",\"name\":\"Le recul d'Apple sur le microLED oblige AMS-Osram \u00e0 revoir sa strat\u00e9gie\",\"isPartOf\":{\"@id\":\"https:\/\/www.ecinews.fr\/fr\/#website\"},\"datePublished\":\"2024-03-05T08:45:23+00:00\",\"dateModified\":\"2024-03-05T08:48:41+00:00\",\"description\":\"AMS-Osram a d\u00e9clar\u00e9 avoir d\u00e9cid\u00e9 de r\u00e9\u00e9valuer sa strat\u00e9gie en mati\u00e8re de microLED apr\u00e8s l'annulation d'un projet cl\u00e9 il y a quelques jours.\",\"breadcrumb\":{\"@id\":\"https:\/\/www.ecinews.fr\/fr\/le-recul-dapple-sur-le-microled-oblige-ams-osram-a-revoir-sa-strategie\/#breadcrumb\"},\"inLanguage\":\"fr-FR\",\"potentialAction\":[{\"@type\":\"ReadAction\",\"target\":[\"https:\/\/www.ecinews.fr\/fr\/le-recul-dapple-sur-le-microled-oblige-ams-osram-a-revoir-sa-strategie\/\"]}]},{\"@type\":\"BreadcrumbList\",\"@id\":\"https:\/\/www.ecinews.fr\/fr\/le-recul-dapple-sur-le-microled-oblige-ams-osram-a-revoir-sa-strategie\/#breadcrumb\",\"itemListElement\":[{\"@type\":\"ListItem\",\"position\":1,\"name\":\"Home\",\"item\":\"https:\/\/www.ecinews.fr\/fr\/\"},{\"@type\":\"ListItem\",\"position\":2,\"name\":\"Le recul d&rsquo;Apple sur le microLED oblige AMS-Osram \u00e0 revoir sa strat\u00e9gie\"}]},{\"@type\":\"WebSite\",\"@id\":\"https:\/\/www.ecinews.fr\/fr\/#website\",\"url\":\"https:\/\/www.ecinews.fr\/fr\/\",\"name\":\"EENewsEurope\",\"description\":\"Just another WordPress site\",\"publisher\":{\"@id\":\"https:\/\/www.ecinews.fr\/fr\/#organization\"},\"potentialAction\":[{\"@type\":\"SearchAction\",\"target\":{\"@type\":\"EntryPoint\",\"urlTemplate\":\"https:\/\/www.ecinews.fr\/fr\/?s={search_term_string}\"},\"query-input\":\"required name=search_term_string\"}],\"inLanguage\":\"fr-FR\"},{\"@type\":\"Organization\",\"@id\":\"https:\/\/www.ecinews.fr\/fr\/#organization\",\"name\":\"EENewsEurope\",\"url\":\"https:\/\/www.ecinews.fr\/fr\/\",\"logo\":{\"@type\":\"ImageObject\",\"inLanguage\":\"fr-FR\",\"@id\":\"https:\/\/www.ecinews.fr\/fr\/#\/schema\/logo\/image\/\",\"url\":\"https:\/\/www.ecinews.fr\/wp-content\/uploads\/2022\/02\/logo-1.jpg\",\"contentUrl\":\"https:\/\/www.ecinews.fr\/wp-content\/uploads\/2022\/02\/logo-1.jpg\",\"width\":283,\"height\":113,\"caption\":\"EENewsEurope\"},\"image\":{\"@id\":\"https:\/\/www.ecinews.fr\/fr\/#\/schema\/logo\/image\/\"}},{\"@type\":\"Person\",\"@id\":\"https:\/\/www.ecinews.fr\/fr\/#\/schema\/person\/0aa2cfb0bd8949724a68cbac8d8321b4\",\"name\":\"A Delapalisse\",\"image\":{\"@type\":\"ImageObject\",\"inLanguage\":\"fr-FR\",\"@id\":\"https:\/\/www.ecinews.fr\/fr\/#\/schema\/person\/image\/211ac42237c2e9683c0964086c393cb4\",\"url\":\"https:\/\/secure.gravatar.com\/avatar\/ad45a8c5da24bc9c7c4940dd1c48a695?s=96&d=mm&r=g\",\"contentUrl\":\"https:\/\/secure.gravatar.com\/avatar\/ad45a8c5da24bc9c7c4940dd1c48a695?s=96&d=mm&r=g\",\"caption\":\"A Delapalisse\"},\"sameAs\":[\"http:\/\/ECI\"]}]}<\/script>","yoast_head_json":{"title":"Le recul d'Apple sur le microLED oblige AMS-Osram \u00e0 revoir sa ...","description":"AMS-Osram a d\u00e9clar\u00e9 avoir d\u00e9cid\u00e9 de r\u00e9\u00e9valuer sa strat\u00e9gie en mati\u00e8re de microLED apr\u00e8s l'annulation d'un projet cl\u00e9 il y a quelques jours.","robots":{"index":"index","follow":"follow","max-snippet":"max-snippet:-1","max-image-preview":"max-image-preview:large","max-video-preview":"max-video-preview:-1"},"canonical":"https:\/\/www.ecinews.fr\/fr\/wp-json\/wp\/v2\/posts\/445315\/","og_locale":"fr_FR","og_type":"article","og_title":"Le recul d'Apple sur le microLED oblige AMS-Osram \u00e0 revoir sa strat\u00e9gie","og_description":"AMS-Osram a d\u00e9clar\u00e9 avoir d\u00e9cid\u00e9 de r\u00e9\u00e9valuer sa strat\u00e9gie en mati\u00e8re de microLED apr\u00e8s l'annulation d'un projet cl\u00e9 il y a quelques jours.","og_url":"https:\/\/www.ecinews.fr\/fr\/wp-json\/wp\/v2\/posts\/445315\/","og_site_name":"EENewsEurope","article_published_time":"2024-03-05T08:45:23+00:00","article_modified_time":"2024-03-05T08:48:41+00:00","og_image":[{"width":911,"height":1080,"url":"https:\/\/www.ecinews.fr\/wp-content\/uploads\/import\/default\/files\/import\/apple-watch-scaled.jpg","type":"image\/jpeg"}],"author":"A Delapalisse, Peter Clarke","twitter_card":"summary_large_image","twitter_misc":{"Written by":"A Delapalisse","Est. reading time":"3 minutes"},"schema":{"@context":"https:\/\/schema.org","@graph":[{"@type":"Article","@id":"https:\/\/www.ecinews.fr\/fr\/le-recul-dapple-sur-le-microled-oblige-ams-osram-a-revoir-sa-strategie\/#article","isPartOf":{"@id":"https:\/\/www.ecinews.fr\/fr\/le-recul-dapple-sur-le-microled-oblige-ams-osram-a-revoir-sa-strategie\/"},"author":{"name":"A Delapalisse","@id":"https:\/\/www.ecinews.fr\/fr\/#\/schema\/person\/0aa2cfb0bd8949724a68cbac8d8321b4"},"headline":"Le recul d&rsquo;Apple sur le microLED oblige AMS-Osram \u00e0 revoir sa strat\u00e9gie","datePublished":"2024-03-05T08:45:23+00:00","dateModified":"2024-03-05T08:48:41+00:00","mainEntityOfPage":{"@id":"https:\/\/www.ecinews.fr\/fr\/le-recul-dapple-sur-le-microled-oblige-ams-osram-a-revoir-sa-strategie\/"},"wordCount":563,"publisher":{"@id":"https:\/\/www.ecinews.fr\/fr\/#organization"},"keywords":["AMS-Osram","Apple","microLED"],"articleSection":["Actualit\u00e9s \u00e9conomiques","Nouvelles"],"inLanguage":"fr-FR"},{"@type":"WebPage","@id":"https:\/\/www.ecinews.fr\/fr\/le-recul-dapple-sur-le-microled-oblige-ams-osram-a-revoir-sa-strategie\/","url":"https:\/\/www.ecinews.fr\/fr\/le-recul-dapple-sur-le-microled-oblige-ams-osram-a-revoir-sa-strategie\/","name":"Le recul d'Apple sur le microLED oblige AMS-Osram \u00e0 revoir sa strat\u00e9gie","isPartOf":{"@id":"https:\/\/www.ecinews.fr\/fr\/#website"},"datePublished":"2024-03-05T08:45:23+00:00","dateModified":"2024-03-05T08:48:41+00:00","description":"AMS-Osram a d\u00e9clar\u00e9 avoir d\u00e9cid\u00e9 de r\u00e9\u00e9valuer sa strat\u00e9gie en mati\u00e8re de microLED apr\u00e8s l'annulation d'un projet cl\u00e9 il y a quelques jours.","breadcrumb":{"@id":"https:\/\/www.ecinews.fr\/fr\/le-recul-dapple-sur-le-microled-oblige-ams-osram-a-revoir-sa-strategie\/#breadcrumb"},"inLanguage":"fr-FR","potentialAction":[{"@type":"ReadAction","target":["https:\/\/www.ecinews.fr\/fr\/le-recul-dapple-sur-le-microled-oblige-ams-osram-a-revoir-sa-strategie\/"]}]},{"@type":"BreadcrumbList","@id":"https:\/\/www.ecinews.fr\/fr\/le-recul-dapple-sur-le-microled-oblige-ams-osram-a-revoir-sa-strategie\/#breadcrumb","itemListElement":[{"@type":"ListItem","position":1,"name":"Home","item":"https:\/\/www.ecinews.fr\/fr\/"},{"@type":"ListItem","position":2,"name":"Le recul d&rsquo;Apple sur le microLED oblige AMS-Osram \u00e0 revoir sa strat\u00e9gie"}]},{"@type":"WebSite","@id":"https:\/\/www.ecinews.fr\/fr\/#website","url":"https:\/\/www.ecinews.fr\/fr\/","name":"EENewsEurope","description":"Just another WordPress site","publisher":{"@id":"https:\/\/www.ecinews.fr\/fr\/#organization"},"potentialAction":[{"@type":"SearchAction","target":{"@type":"EntryPoint","urlTemplate":"https:\/\/www.ecinews.fr\/fr\/?s={search_term_string}"},"query-input":"required name=search_term_string"}],"inLanguage":"fr-FR"},{"@type":"Organization","@id":"https:\/\/www.ecinews.fr\/fr\/#organization","name":"EENewsEurope","url":"https:\/\/www.ecinews.fr\/fr\/","logo":{"@type":"ImageObject","inLanguage":"fr-FR","@id":"https:\/\/www.ecinews.fr\/fr\/#\/schema\/logo\/image\/","url":"https:\/\/www.ecinews.fr\/wp-content\/uploads\/2022\/02\/logo-1.jpg","contentUrl":"https:\/\/www.ecinews.fr\/wp-content\/uploads\/2022\/02\/logo-1.jpg","width":283,"height":113,"caption":"EENewsEurope"},"image":{"@id":"https:\/\/www.ecinews.fr\/fr\/#\/schema\/logo\/image\/"}},{"@type":"Person","@id":"https:\/\/www.ecinews.fr\/fr\/#\/schema\/person\/0aa2cfb0bd8949724a68cbac8d8321b4","name":"A Delapalisse","image":{"@type":"ImageObject","inLanguage":"fr-FR","@id":"https:\/\/www.ecinews.fr\/fr\/#\/schema\/person\/image\/211ac42237c2e9683c0964086c393cb4","url":"https:\/\/secure.gravatar.com\/avatar\/ad45a8c5da24bc9c7c4940dd1c48a695?s=96&d=mm&r=g","contentUrl":"https:\/\/secure.gravatar.com\/avatar\/ad45a8c5da24bc9c7c4940dd1c48a695?s=96&d=mm&r=g","caption":"A Delapalisse"},"sameAs":["http:\/\/ECI"]}]}},"authors":[{"term_id":1153,"user_id":34,"is_guest":0,"slug":"adelapalisse","display_name":"A Delapalisse","avatar_url":"https:\/\/secure.gravatar.com\/avatar\/ad45a8c5da24bc9c7c4940dd1c48a695?s=96&d=mm&r=g","0":null,"1":"","2":"","3":"","4":"","5":"","6":"","7":"","8":""},{"term_id":3631,"user_id":0,"is_guest":1,"slug":"peter-clarke","display_name":"Peter Clarke","avatar_url":"https:\/\/secure.gravatar.com\/avatar\/?s=96&d=mm&r=g","0":null,"1":"","2":"","3":"","4":"","5":"","6":"","7":"","8":""}],"_links":{"self":[{"href":"https:\/\/www.ecinews.fr\/fr\/wp-json\/wp\/v2\/posts\/445315"}],"collection":[{"href":"https:\/\/www.ecinews.fr\/fr\/wp-json\/wp\/v2\/posts"}],"about":[{"href":"https:\/\/www.ecinews.fr\/fr\/wp-json\/wp\/v2\/types\/post"}],"author":[{"embeddable":true,"href":"https:\/\/www.ecinews.fr\/fr\/wp-json\/wp\/v2\/users\/34"}],"replies":[{"embeddable":true,"href":"https:\/\/www.ecinews.fr\/fr\/wp-json\/wp\/v2\/comments?post=445315"}],"version-history":[{"count":0,"href":"https:\/\/www.ecinews.fr\/fr\/wp-json\/wp\/v2\/posts\/445315\/revisions"}],"wp:featuredmedia":[{"embeddable":true,"href":"https:\/\/www.ecinews.fr\/fr\/wp-json\/wp\/v2\/media\/330584"}],"wp:attachment":[{"href":"https:\/\/www.ecinews.fr\/fr\/wp-json\/wp\/v2\/media?parent=445315"}],"wp:term":[{"taxonomy":"category","embeddable":true,"href":"https:\/\/www.ecinews.fr\/fr\/wp-json\/wp\/v2\/categories?post=445315"},{"taxonomy":"post_tag","embeddable":true,"href":"https:\/\/www.ecinews.fr\/fr\/wp-json\/wp\/v2\/tags?post=445315"},{"taxonomy":"domains","embeddable":true,"href":"https:\/\/www.ecinews.fr\/fr\/wp-json\/wp\/v2\/domains?post=445315"},{"taxonomy":"author","embeddable":true,"href":"https:\/\/www.ecinews.fr\/fr\/wp-json\/wp\/v2\/ppma_author?post=445315"}],"curies":[{"name":"wp","href":"https:\/\/api.w.org\/{rel}","templated":true}]}}