{"id":445179,"date":"2024-03-02T18:46:54","date_gmt":"2024-03-02T17:46:54","guid":{"rendered":"https:\/\/www.eenewseurope.com\/?p=445179"},"modified":"2024-03-02T18:48:46","modified_gmt":"2024-03-02T17:48:46","slug":"le-leti-et-3-autres-instituts-sassocient-pour-une-ia-europeenne","status":"publish","type":"post","link":"https:\/\/www.ecinews.fr\/fr\/le-leti-et-3-autres-instituts-sassocient-pour-une-ia-europeenne\/","title":{"rendered":"Le Leti et 3 autres instituts s&rsquo;associent pour une IA europ\u00e9enne"},"content":{"rendered":"<h2>Les quatre principaux instituts europ\u00e9ens de recherche sur les technologies profondes &#8211; IMEC, Leti, Fraunhofer et VTT &#8211; acceptent les propositions de conception de prototypes de technologies d&rsquo;IA de pointe utilisant leurs installations.<\/h2>\n<p>Les quatre organisations europ\u00e9ennes de recherche et de technologie (RTO) ont cr\u00e9\u00e9 un consortium dot\u00e9 d&rsquo;un financement de 156 millions d&rsquo;euros afin d&rsquo;exploiter leurs installations de fabrication, de conception et d&rsquo;essai \u00e0 300 mm de mani\u00e8re coordonn\u00e9e et compl\u00e9mentaire. Le projet porte le nom de PREVAIL (Partnership for Realization and Validation of AI hardware Leadership).<\/p>\n<h2>Installation de l&rsquo;\u00e9quipement<\/h2>\n<p>Le consortium a indiqu\u00e9 qu&rsquo;il installait actuellement des outils de salle blanche et se pr\u00e9parait \u00e0 concevoir, \u00e9valuer, tester et fabriquer des circuits provenant de toute l&rsquo;Europe. Dans la plupart des cas, l&rsquo;offre technologique sera bas\u00e9e sur des proc\u00e9d\u00e9s commerciaux de fonderie, et les modules technologiques avanc\u00e9s seront am\u00e9lior\u00e9s dans les salles blanches des partenaires du projet.<\/p>\n<p>Pour contribuer \u00e0 une conception de pointe, le consortium PREVAIL propose une m\u00e9moire non volatile int\u00e9gr\u00e9e, un conditionnement 3D de type chiplet pour des conceptions h\u00e9t\u00e9rog\u00e8nes et une connectivit\u00e9 photonique. Les options de m\u00e9moire comprennent la MRAM, l&rsquo;OxRAM et la RAM ferro\u00e9lectrique.<\/p>\n<p>\u00ab\u00a0Tout en amenant leurs technologies de pointe \u00e0 un niveau de maturit\u00e9 plus \u00e9lev\u00e9 et en donnant aux utilisateurs la possibilit\u00e9 de fabriquer et de tester des prototypes d&rsquo;IA bas\u00e9s sur ces technologies, les RTO r\u00e9coltent les b\u00e9n\u00e9fices de la fertilisation crois\u00e9e des technologies\u00a0\u00bb, a d\u00e9clar\u00e9 Sergio Nicoletti, directeur du d\u00e9veloppement commercial du CEA-Leti et directeur du projet PREVAIL, dans un communiqu\u00e9.<\/p>\n<h4>L&rsquo;argent des contribuables<\/h4>\n<p>Le projet a \u00e9t\u00e9 lanc\u00e9 fin 2022 pour une dur\u00e9e de 42 mois et un budget de 156 millions d&rsquo;euros. La moiti\u00e9 du budget est fournie par l&rsquo;Union europ\u00e9enne et l&rsquo;autre moiti\u00e9 provient des quatre \u00c9tats membres : la France, la Belgique, l&rsquo;Allemagne et la Finlande.<\/p>\n<p>Il est int\u00e9ressant de noter que 86 % du budget est allou\u00e9 aux d\u00e9penses en capital et 6 % \u00e0 la fabrication de circuits de d\u00e9monstration. Il reste donc environ 8 % des fonds pour l&rsquo;administration et le marketing.<\/p>\n<p>M. Nicoletti a indiqu\u00e9 que le consortium travaillait avec des petites entreprises s\u00e9lectionn\u00e9es, des partenaires industriels des RTO et des laboratoires universitaires pour pr\u00e9parer les premiers mod\u00e8les qui seront utilis\u00e9s pour tester l&rsquo;\u00e9quipement de fabrication dans les installations des RTO.<\/p>\n<p>Les noms des PME (petites et moyennes entreprises) s\u00e9lectionn\u00e9es jusqu&rsquo;\u00e0 pr\u00e9sent n&rsquo;ont pas \u00e9t\u00e9 divulgu\u00e9s, mais le projet pr\u00e9voit d&rsquo;ouvrir largement l&rsquo;acc\u00e8s aux concepteurs de l&rsquo;UE d&rsquo;ici mai 2026.<\/p>\n<h4>Liens et articles connexes :<\/h4>\n<p><a href=\"https:\/\/prevail-project.eu\/\">https:\/\/prevail-project.eu\/<\/a><\/p>\n<p><a href=\"http:\/\/www.imec-int.com\">www.imec-int.com<\/a><\/p>\n<p><a href=\"http:\/\/www.leti-cea.fr\">www.leti-cea.fr<\/a><\/p>\n<p><a href=\"http:\/\/www.fraunhofer.de\">www.fraunhofer.de<\/a><\/p>\n<p><a href=\"http:\/\/www.vttresearch.com\">www.vttresearch.com<\/a><\/p>\n<h4>Articles de presse :<\/h4>\n<p><a href=\"https:\/\/www.eenewseurope.com\/en\/tenstorrent-to-help-design-2nm-edge-ai-accelerator-in-japan\/\">Tenstorrent participe \u00e0 la conception d&rsquo;un acc\u00e9l\u00e9rateur d&rsquo;IA \u00e0 2 nm au Japon<\/a><\/p>\n<p><a href=\"https:\/\/www.eenewseurope.com\/en\/ai-processors-for-the-edge-to-nearly-double-by-2028\/\">Les processeurs d&rsquo;IA pour la p\u00e9riph\u00e9rie devraient presque doubler d&rsquo;ici 2028<\/a><\/p>\n<p><a href=\"https:\/\/www.eenewseurope.com\/en\/how-transformers-impact-edge-ai-chip-design\/\">L&rsquo;impact des transformateurs sur la conception des puces d&rsquo;intelligence artificielle<\/a><\/p>\n","protected":false},"excerpt":{"rendered":"<p>Les quatre principaux instituts europ\u00e9ens de recherche sur les technologies profondes &#8211; IMEC, Leti, Fraunhofer et VTT &#8211; acceptent les propositions de conception de prototypes de technologies d&rsquo;IA de pointe utilisant leurs installations. Les quatre organisations europ\u00e9ennes de recherche et de technologie (RTO) ont cr\u00e9\u00e9 un consortium dot\u00e9 d&rsquo;un financement de 156 millions d&rsquo;euros afin [&hellip;]<\/p>\n","protected":false},"author":34,"featured_media":444861,"comment_status":"closed","ping_status":"closed","sticky":false,"template":"","format":"standard","meta":{"_acf_changed":false,"footnotes":""},"categories":[887,883],"tags":[3946,2198,3251],"domains":[47],"ppma_author":[3631,1153],"class_list":["post-445179","post","type-post","status-publish","format-standard","has-post-thumbnail","hentry","category-applications","category-technologies","tag-cea-leti","tag-ia","tag-imec","domains-electronique-eci"],"acf":[],"yoast_head":"<title>Le Leti et 3 autres instituts s&#039;associent pour une IA europ\u00e9enne ...<\/title>\n<meta name=\"description\" content=\"Quatre instituts europ\u00e9ens de recherche acceptent les propositions de prototypes de technologies d&#039;IA de pointe utilisant leurs installations.\" \/>\n<meta name=\"robots\" content=\"index, follow, max-snippet:-1, max-image-preview:large, max-video-preview:-1\" \/>\n<link rel=\"canonical\" href=\"https:\/\/www.ecinews.fr\/fr\/wp-json\/wp\/v2\/posts\/445179\/\" \/>\n<meta property=\"og:locale\" content=\"fr_FR\" \/>\n<meta property=\"og:type\" content=\"article\" \/>\n<meta property=\"og:title\" content=\"Le Leti et 3 autres instituts s&#039;associent pour une IA europ\u00e9enne\" \/>\n<meta property=\"og:description\" content=\"Quatre instituts europ\u00e9ens de recherche acceptent les propositions de prototypes de technologies d&#039;IA de pointe utilisant leurs installations.\" \/>\n<meta property=\"og:url\" content=\"https:\/\/www.ecinews.fr\/fr\/wp-json\/wp\/v2\/posts\/445179\/\" \/>\n<meta property=\"og:site_name\" content=\"EENewsEurope\" \/>\n<meta property=\"article:published_time\" content=\"2024-03-02T17:46:54+00:00\" \/>\n<meta property=\"article:modified_time\" content=\"2024-03-02T17:48:46+00:00\" \/>\n<meta property=\"og:image\" content=\"https:\/\/www.ecinews.fr\/wp-content\/uploads\/2024\/02\/Prevail630.jpg\" \/>\n\t<meta property=\"og:image:width\" content=\"630\" \/>\n\t<meta property=\"og:image:height\" content=\"370\" \/>\n\t<meta property=\"og:image:type\" content=\"image\/jpeg\" \/>\n<meta name=\"author\" content=\"Peter Clarke, A Delapalisse\" \/>\n<meta name=\"twitter:card\" content=\"summary_large_image\" \/>\n<meta name=\"twitter:label1\" content=\"Written by\" \/>\n\t<meta name=\"twitter:data1\" content=\"A Delapalisse\" \/>\n\t<meta name=\"twitter:label2\" content=\"Est. reading time\" \/>\n\t<meta name=\"twitter:data2\" content=\"2 minutes\" \/>\n<script type=\"application\/ld+json\" class=\"yoast-schema-graph\">{\"@context\":\"https:\/\/schema.org\",\"@graph\":[{\"@type\":\"Article\",\"@id\":\"https:\/\/www.ecinews.fr\/fr\/le-leti-et-3-autres-instituts-sassocient-pour-une-ia-europeenne\/#article\",\"isPartOf\":{\"@id\":\"https:\/\/www.ecinews.fr\/fr\/le-leti-et-3-autres-instituts-sassocient-pour-une-ia-europeenne\/\"},\"author\":{\"name\":\"A Delapalisse\",\"@id\":\"https:\/\/www.ecinews.fr\/fr\/#\/schema\/person\/0aa2cfb0bd8949724a68cbac8d8321b4\"},\"headline\":\"Le Leti et 3 autres instituts s&rsquo;associent pour une IA europ\u00e9enne\",\"datePublished\":\"2024-03-02T17:46:54+00:00\",\"dateModified\":\"2024-03-02T17:48:46+00:00\",\"mainEntityOfPage\":{\"@id\":\"https:\/\/www.ecinews.fr\/fr\/le-leti-et-3-autres-instituts-sassocient-pour-une-ia-europeenne\/\"},\"wordCount\":531,\"publisher\":{\"@id\":\"https:\/\/www.ecinews.fr\/fr\/#organization\"},\"keywords\":[\"CEA-Leti\",\"IA\",\"IMEC\"],\"articleSection\":[\"Applications\",\"Technologies\"],\"inLanguage\":\"fr-FR\"},{\"@type\":\"WebPage\",\"@id\":\"https:\/\/www.ecinews.fr\/fr\/le-leti-et-3-autres-instituts-sassocient-pour-une-ia-europeenne\/\",\"url\":\"https:\/\/www.ecinews.fr\/fr\/le-leti-et-3-autres-instituts-sassocient-pour-une-ia-europeenne\/\",\"name\":\"Le Leti et 3 autres instituts s'associent pour une IA europ\u00e9enne\",\"isPartOf\":{\"@id\":\"https:\/\/www.ecinews.fr\/fr\/#website\"},\"datePublished\":\"2024-03-02T17:46:54+00:00\",\"dateModified\":\"2024-03-02T17:48:46+00:00\",\"description\":\"Quatre instituts europ\u00e9ens de recherche acceptent les propositions de prototypes de technologies d'IA de pointe utilisant leurs installations.\",\"breadcrumb\":{\"@id\":\"https:\/\/www.ecinews.fr\/fr\/le-leti-et-3-autres-instituts-sassocient-pour-une-ia-europeenne\/#breadcrumb\"},\"inLanguage\":\"fr-FR\",\"potentialAction\":[{\"@type\":\"ReadAction\",\"target\":[\"https:\/\/www.ecinews.fr\/fr\/le-leti-et-3-autres-instituts-sassocient-pour-une-ia-europeenne\/\"]}]},{\"@type\":\"BreadcrumbList\",\"@id\":\"https:\/\/www.ecinews.fr\/fr\/le-leti-et-3-autres-instituts-sassocient-pour-une-ia-europeenne\/#breadcrumb\",\"itemListElement\":[{\"@type\":\"ListItem\",\"position\":1,\"name\":\"Home\",\"item\":\"https:\/\/www.ecinews.fr\/fr\/\"},{\"@type\":\"ListItem\",\"position\":2,\"name\":\"Le Leti et 3 autres instituts s&rsquo;associent pour une IA europ\u00e9enne\"}]},{\"@type\":\"WebSite\",\"@id\":\"https:\/\/www.ecinews.fr\/fr\/#website\",\"url\":\"https:\/\/www.ecinews.fr\/fr\/\",\"name\":\"EENewsEurope\",\"description\":\"Just another WordPress site\",\"publisher\":{\"@id\":\"https:\/\/www.ecinews.fr\/fr\/#organization\"},\"potentialAction\":[{\"@type\":\"SearchAction\",\"target\":{\"@type\":\"EntryPoint\",\"urlTemplate\":\"https:\/\/www.ecinews.fr\/fr\/?s={search_term_string}\"},\"query-input\":\"required name=search_term_string\"}],\"inLanguage\":\"fr-FR\"},{\"@type\":\"Organization\",\"@id\":\"https:\/\/www.ecinews.fr\/fr\/#organization\",\"name\":\"EENewsEurope\",\"url\":\"https:\/\/www.ecinews.fr\/fr\/\",\"logo\":{\"@type\":\"ImageObject\",\"inLanguage\":\"fr-FR\",\"@id\":\"https:\/\/www.ecinews.fr\/fr\/#\/schema\/logo\/image\/\",\"url\":\"https:\/\/www.ecinews.fr\/wp-content\/uploads\/2022\/02\/logo-1.jpg\",\"contentUrl\":\"https:\/\/www.ecinews.fr\/wp-content\/uploads\/2022\/02\/logo-1.jpg\",\"width\":283,\"height\":113,\"caption\":\"EENewsEurope\"},\"image\":{\"@id\":\"https:\/\/www.ecinews.fr\/fr\/#\/schema\/logo\/image\/\"}},{\"@type\":\"Person\",\"@id\":\"https:\/\/www.ecinews.fr\/fr\/#\/schema\/person\/0aa2cfb0bd8949724a68cbac8d8321b4\",\"name\":\"A Delapalisse\",\"image\":{\"@type\":\"ImageObject\",\"inLanguage\":\"fr-FR\",\"@id\":\"https:\/\/www.ecinews.fr\/fr\/#\/schema\/person\/image\/211ac42237c2e9683c0964086c393cb4\",\"url\":\"https:\/\/secure.gravatar.com\/avatar\/ad45a8c5da24bc9c7c4940dd1c48a695?s=96&d=mm&r=g\",\"contentUrl\":\"https:\/\/secure.gravatar.com\/avatar\/ad45a8c5da24bc9c7c4940dd1c48a695?s=96&d=mm&r=g\",\"caption\":\"A Delapalisse\"},\"sameAs\":[\"http:\/\/ECI\"]}]}<\/script>","yoast_head_json":{"title":"Le Leti et 3 autres instituts s'associent pour une IA europ\u00e9enne ...","description":"Quatre instituts europ\u00e9ens de recherche acceptent les propositions de prototypes de technologies d'IA de pointe utilisant leurs installations.","robots":{"index":"index","follow":"follow","max-snippet":"max-snippet:-1","max-image-preview":"max-image-preview:large","max-video-preview":"max-video-preview:-1"},"canonical":"https:\/\/www.ecinews.fr\/fr\/wp-json\/wp\/v2\/posts\/445179\/","og_locale":"fr_FR","og_type":"article","og_title":"Le Leti et 3 autres instituts s'associent pour une IA europ\u00e9enne","og_description":"Quatre instituts europ\u00e9ens de recherche acceptent les propositions de prototypes de technologies d'IA de pointe utilisant leurs installations.","og_url":"https:\/\/www.ecinews.fr\/fr\/wp-json\/wp\/v2\/posts\/445179\/","og_site_name":"EENewsEurope","article_published_time":"2024-03-02T17:46:54+00:00","article_modified_time":"2024-03-02T17:48:46+00:00","og_image":[{"width":630,"height":370,"url":"https:\/\/www.ecinews.fr\/wp-content\/uploads\/2024\/02\/Prevail630.jpg","type":"image\/jpeg"}],"author":"Peter Clarke, A Delapalisse","twitter_card":"summary_large_image","twitter_misc":{"Written by":"A Delapalisse","Est. reading time":"2 minutes"},"schema":{"@context":"https:\/\/schema.org","@graph":[{"@type":"Article","@id":"https:\/\/www.ecinews.fr\/fr\/le-leti-et-3-autres-instituts-sassocient-pour-une-ia-europeenne\/#article","isPartOf":{"@id":"https:\/\/www.ecinews.fr\/fr\/le-leti-et-3-autres-instituts-sassocient-pour-une-ia-europeenne\/"},"author":{"name":"A Delapalisse","@id":"https:\/\/www.ecinews.fr\/fr\/#\/schema\/person\/0aa2cfb0bd8949724a68cbac8d8321b4"},"headline":"Le Leti et 3 autres instituts s&rsquo;associent pour une IA europ\u00e9enne","datePublished":"2024-03-02T17:46:54+00:00","dateModified":"2024-03-02T17:48:46+00:00","mainEntityOfPage":{"@id":"https:\/\/www.ecinews.fr\/fr\/le-leti-et-3-autres-instituts-sassocient-pour-une-ia-europeenne\/"},"wordCount":531,"publisher":{"@id":"https:\/\/www.ecinews.fr\/fr\/#organization"},"keywords":["CEA-Leti","IA","IMEC"],"articleSection":["Applications","Technologies"],"inLanguage":"fr-FR"},{"@type":"WebPage","@id":"https:\/\/www.ecinews.fr\/fr\/le-leti-et-3-autres-instituts-sassocient-pour-une-ia-europeenne\/","url":"https:\/\/www.ecinews.fr\/fr\/le-leti-et-3-autres-instituts-sassocient-pour-une-ia-europeenne\/","name":"Le Leti et 3 autres instituts s'associent pour une IA europ\u00e9enne","isPartOf":{"@id":"https:\/\/www.ecinews.fr\/fr\/#website"},"datePublished":"2024-03-02T17:46:54+00:00","dateModified":"2024-03-02T17:48:46+00:00","description":"Quatre instituts europ\u00e9ens de recherche acceptent les propositions de prototypes de technologies d'IA de pointe utilisant leurs installations.","breadcrumb":{"@id":"https:\/\/www.ecinews.fr\/fr\/le-leti-et-3-autres-instituts-sassocient-pour-une-ia-europeenne\/#breadcrumb"},"inLanguage":"fr-FR","potentialAction":[{"@type":"ReadAction","target":["https:\/\/www.ecinews.fr\/fr\/le-leti-et-3-autres-instituts-sassocient-pour-une-ia-europeenne\/"]}]},{"@type":"BreadcrumbList","@id":"https:\/\/www.ecinews.fr\/fr\/le-leti-et-3-autres-instituts-sassocient-pour-une-ia-europeenne\/#breadcrumb","itemListElement":[{"@type":"ListItem","position":1,"name":"Home","item":"https:\/\/www.ecinews.fr\/fr\/"},{"@type":"ListItem","position":2,"name":"Le Leti et 3 autres instituts s&rsquo;associent pour une IA europ\u00e9enne"}]},{"@type":"WebSite","@id":"https:\/\/www.ecinews.fr\/fr\/#website","url":"https:\/\/www.ecinews.fr\/fr\/","name":"EENewsEurope","description":"Just another WordPress site","publisher":{"@id":"https:\/\/www.ecinews.fr\/fr\/#organization"},"potentialAction":[{"@type":"SearchAction","target":{"@type":"EntryPoint","urlTemplate":"https:\/\/www.ecinews.fr\/fr\/?s={search_term_string}"},"query-input":"required name=search_term_string"}],"inLanguage":"fr-FR"},{"@type":"Organization","@id":"https:\/\/www.ecinews.fr\/fr\/#organization","name":"EENewsEurope","url":"https:\/\/www.ecinews.fr\/fr\/","logo":{"@type":"ImageObject","inLanguage":"fr-FR","@id":"https:\/\/www.ecinews.fr\/fr\/#\/schema\/logo\/image\/","url":"https:\/\/www.ecinews.fr\/wp-content\/uploads\/2022\/02\/logo-1.jpg","contentUrl":"https:\/\/www.ecinews.fr\/wp-content\/uploads\/2022\/02\/logo-1.jpg","width":283,"height":113,"caption":"EENewsEurope"},"image":{"@id":"https:\/\/www.ecinews.fr\/fr\/#\/schema\/logo\/image\/"}},{"@type":"Person","@id":"https:\/\/www.ecinews.fr\/fr\/#\/schema\/person\/0aa2cfb0bd8949724a68cbac8d8321b4","name":"A Delapalisse","image":{"@type":"ImageObject","inLanguage":"fr-FR","@id":"https:\/\/www.ecinews.fr\/fr\/#\/schema\/person\/image\/211ac42237c2e9683c0964086c393cb4","url":"https:\/\/secure.gravatar.com\/avatar\/ad45a8c5da24bc9c7c4940dd1c48a695?s=96&d=mm&r=g","contentUrl":"https:\/\/secure.gravatar.com\/avatar\/ad45a8c5da24bc9c7c4940dd1c48a695?s=96&d=mm&r=g","caption":"A Delapalisse"},"sameAs":["http:\/\/ECI"]}]}},"authors":[{"term_id":3631,"user_id":0,"is_guest":1,"slug":"peter-clarke","display_name":"Peter Clarke","avatar_url":"https:\/\/secure.gravatar.com\/avatar\/?s=96&d=mm&r=g","0":null,"1":"","2":"","3":"","4":"","5":"","6":"","7":"","8":""},{"term_id":1153,"user_id":34,"is_guest":0,"slug":"adelapalisse","display_name":"A Delapalisse","avatar_url":"https:\/\/secure.gravatar.com\/avatar\/ad45a8c5da24bc9c7c4940dd1c48a695?s=96&d=mm&r=g","0":null,"1":"","2":"","3":"","4":"","5":"","6":"","7":"","8":""}],"_links":{"self":[{"href":"https:\/\/www.ecinews.fr\/fr\/wp-json\/wp\/v2\/posts\/445179"}],"collection":[{"href":"https:\/\/www.ecinews.fr\/fr\/wp-json\/wp\/v2\/posts"}],"about":[{"href":"https:\/\/www.ecinews.fr\/fr\/wp-json\/wp\/v2\/types\/post"}],"author":[{"embeddable":true,"href":"https:\/\/www.ecinews.fr\/fr\/wp-json\/wp\/v2\/users\/34"}],"replies":[{"embeddable":true,"href":"https:\/\/www.ecinews.fr\/fr\/wp-json\/wp\/v2\/comments?post=445179"}],"version-history":[{"count":0,"href":"https:\/\/www.ecinews.fr\/fr\/wp-json\/wp\/v2\/posts\/445179\/revisions"}],"wp:featuredmedia":[{"embeddable":true,"href":"https:\/\/www.ecinews.fr\/fr\/wp-json\/wp\/v2\/media\/444861"}],"wp:attachment":[{"href":"https:\/\/www.ecinews.fr\/fr\/wp-json\/wp\/v2\/media?parent=445179"}],"wp:term":[{"taxonomy":"category","embeddable":true,"href":"https:\/\/www.ecinews.fr\/fr\/wp-json\/wp\/v2\/categories?post=445179"},{"taxonomy":"post_tag","embeddable":true,"href":"https:\/\/www.ecinews.fr\/fr\/wp-json\/wp\/v2\/tags?post=445179"},{"taxonomy":"domains","embeddable":true,"href":"https:\/\/www.ecinews.fr\/fr\/wp-json\/wp\/v2\/domains?post=445179"},{"taxonomy":"author","embeddable":true,"href":"https:\/\/www.ecinews.fr\/fr\/wp-json\/wp\/v2\/ppma_author?post=445179"}],"curies":[{"name":"wp","href":"https:\/\/api.w.org\/{rel}","templated":true}]}}