{"id":444638,"date":"2024-02-26T09:55:19","date_gmt":"2024-02-26T08:55:19","guid":{"rendered":"https:\/\/www.eenewseurope.com\/?p=444638"},"modified":"2024-02-26T09:55:19","modified_gmt":"2024-02-26T08:55:19","slug":"intel-lance-une-plateforme-modulaire-pour-applications-edge-et-ia","status":"publish","type":"post","link":"https:\/\/www.ecinews.fr\/fr\/intel-lance-une-plateforme-modulaire-pour-applications-edge-et-ia\/","title":{"rendered":"Intel lance une plateforme modulaire pour applications Edge et IA"},"content":{"rendered":"<h2>Intel a annonc\u00e9 sa nouvelle plateforme Edge, une plateforme logicielle modulaire et ouverte permettant aux entreprises de d\u00e9velopper, d\u00e9ployer, ex\u00e9cuter, s\u00e9curiser et g\u00e9rer des applications edge et AI \u00e0 l&rsquo;\u00e9chelle avec une simplicit\u00e9 comparable \u00e0 celle du cloud.<\/h2>\n<p>Ensemble, ces capacit\u00e9s acc\u00e9l\u00e9reront le d\u00e9ploiement \u00e0 grande \u00e9chelle pour les entreprises, contribuant ainsi \u00e0 am\u00e9liorer le co\u00fbt total de possession (TCO).<\/p>\n<p>\u00a0\u00bb Edge est la prochaine fronti\u00e8re de la transformation num\u00e9rique aliment\u00e9e par l&rsquo;IA. Nous nous appuyons sur notre solide base de clients sur le march\u00e9 et consolidons nos ann\u00e9es d&rsquo;initiatives logicielles pour passer au niveau sup\u00e9rieur en proposant une plateforme edge-native compl\u00e8te, n\u00e9cessaire pour permettre des d\u00e9ploiements d&rsquo;infrastructure, d&rsquo;applications et d&rsquo;IA efficaces \u00e0 l&rsquo;\u00e9chelle\u00a0\u00bb, commente Pallavi Mahajan, vice-pr\u00e9sidente d&rsquo;entreprise d&rsquo;Intel et directrice g\u00e9n\u00e9rale de Network and Edge Group Software. \u00ab\u00a0Notre plateforme modulaire est exactement cela : elle permet d&rsquo;optimiser les performances de l&rsquo;infrastructure de pointe et de rationaliser la gestion des applications pour les entreprises, ce qui leur permet d&rsquo;am\u00e9liorer \u00e0 la fois leur comp\u00e9titivit\u00e9 et leur co\u00fbt total de possession\u00a0\u00bb.<\/p>\n<p>La quantit\u00e9 de calculs effectu\u00e9s au niveau Edge augmente rapidement, car c&rsquo;est l\u00e0 que les donn\u00e9es sont g\u00e9n\u00e9r\u00e9es. En outre, de nombreux d\u00e9ploiements d&rsquo;informatique Edge int\u00e8grent l&rsquo;IA. Au niveau Edge les entreprises ont besoin d&rsquo;automatiser pour de nombreuses raisons : pour \u00eatre comp\u00e9titives en mati\u00e8re de prix, pour att\u00e9nuer les effets des p\u00e9nuries de main-d&rsquo;\u0153uvre, pour d\u00e9velopper l&rsquo;innovation, pour accro\u00eetre l&rsquo;efficacit\u00e9, pour am\u00e9liorer les d\u00e9lais de mise sur le march\u00e9 et pour fournir de nouveaux services.<\/p>\n<h2>Simplifier Edge<\/h2>\n<p>Cependant, le travail au niveau Edge est souvent complexe et difficile pour toute une s\u00e9rie de raisons :<\/p>\n<ul>\n<li>Difficult\u00e9 \u00e0 mettre en place des syst\u00e8mes d&rsquo;IA performants avec un retour sur investissement (ROI) \u00e9lev\u00e9 pour toute une s\u00e9rie de cas d&rsquo;utilisation dans un secteur sp\u00e9cifique.<\/li>\n<li>La diversit\u00e9 des exigences en mati\u00e8re de mat\u00e9riel, de logiciel et m\u00eame d&rsquo;alimentation \u00e0 la p\u00e9riph\u00e9rie.<\/li>\n<li>Manque de m\u00e9thodes s\u00e9curis\u00e9es et rentables pour d\u00e9placer et utiliser les gros volumes de donn\u00e9es requis par l&rsquo;IA au niveau Edge, tout en maintenant une faible latence.<\/li>\n<li>Gestion d&rsquo;op\u00e9rations de plus en plus complexes d&rsquo;appareils et d&rsquo;applications distribu\u00e9s \u00e0 l&rsquo;\u00e9chelle.<\/li>\n<\/ul>\n<p>Les cas d&rsquo;utilisation &#8211; dont les exemples incluent la d\u00e9tection des d\u00e9fauts et la maintenance pr\u00e9ventive dans les installations industrielles, les caisses sans friction et la gestion des stocks dans le commerce de d\u00e9tail, ainsi que la gestion du trafic et la s\u00e9curit\u00e9 en cas d&rsquo;urgence dans les villes\/transports intelligents &#8211; n\u00e9cessitent g\u00e9n\u00e9ralement une mise en r\u00e9seau avanc\u00e9e et une analyse de l&rsquo;IA \u00e0 la Edge avec de faibles exigences en mati\u00e8re de latence, de localit\u00e9 et de co\u00fbt pour r\u00e9pondre aux besoins rigoureux du monde r\u00e9el. En outre, il est courant de combiner l&rsquo;analyse sur site avec l&rsquo;agr\u00e9gation et le placement d&rsquo;une partie du traitement de l&rsquo;IA dans le cloud pour g\u00e9rer les lieux de d\u00e9ploiement \u00e0 l&rsquo;\u00e9chelle mondiale. Ces sc\u00e9narios d&rsquo;IA hybride n\u00e9cessitent une plateforme logicielle con\u00e7ue pour les g\u00e9rer.<\/p>\n<p>Bien que des solutions personnalis\u00e9es soient disponibles aujourd&rsquo;hui, elles sont souvent bas\u00e9es sur des syst\u00e8mes ferm\u00e9s et du mat\u00e9riel sp\u00e9cialis\u00e9. Cela rend l&rsquo;int\u00e9gration des syst\u00e8mes existants et l&rsquo;ajout de nouveaux cas d&rsquo;utilisation \u00e0 la fois co\u00fbteux et fastidieux.<\/p>\n<p>&nbsp;<\/p>\n<h3>La plate-forme Edge d&rsquo;Intel<\/h3>\n<p>La plate-forme Edge ouverte et modulaire d&rsquo;Intel permettra d&rsquo;\u00e9laborer des solutions pr\u00eates \u00e0 l&#8217;emploi dans tous les secteurs d&rsquo;activit\u00e9. En tirant parti de l&rsquo;exp\u00e9rience d&rsquo;Intel dans le domaine Edge et de son vaste \u00e9cosyst\u00e8me pour mettre \u00e0 disposition les cas d&rsquo;utilisation Edge les plus demand\u00e9s, les entreprises peuvent acheter un syst\u00e8me complet ou construire leur propre syst\u00e8me dans des environnements existants. Les d\u00e9veloppeurs d&rsquo;entreprise peuvent cr\u00e9er des applications d&rsquo;IA edge-native sur une infrastructure nouvelle ou existante, et ils peuvent g\u00e9rer les solutions edge de bout en bout pour leurs cas d&rsquo;utilisation sp\u00e9cifiques.<\/p>\n<p>La plateforme offre des capacit\u00e9s de gestion de l&rsquo;infrastructure et de d\u00e9veloppement d&rsquo;applications d&rsquo;IA qui peuvent s&rsquo;int\u00e9grer dans les piles logicielles existantes via des normes ouvertes.<\/p>\n<p>L&rsquo;infrastructure p\u00e9riph\u00e9rique de la plateforme int\u00e8gre un runtime d&rsquo;inf\u00e9rence OpenVINO\u2122 AI pour l&rsquo;IA edge, ainsi qu&rsquo;une automatisation s\u00e9curis\u00e9e et bas\u00e9e sur des politiques des t\u00e2ches de gestion de l&rsquo;IT et de l&rsquo;OT. OpenVINO d&rsquo;Intel a \u00e9volu\u00e9 au cours des cinq derni\u00e8res ann\u00e9es pour aider les d\u00e9veloppeurs \u00e0 optimiser les applications pour une faible latence, une faible consommation et un d\u00e9ploiement sur du mat\u00e9riel existant, en particulier au niveau edge, permettant au mat\u00e9riel standard d\u00e9j\u00e0 d\u00e9ploy\u00e9 d&rsquo;ex\u00e9cuter des applications d&rsquo;IA efficacement sans mises \u00e0 niveau ou refactoring co\u00fbteux.<\/p>\n<p>La plateforme dispose d&rsquo;un tableau de bord unique qui permet au personnel informatique et DevOps de provisionner, d&#8217;embarquer et de g\u00e9rer une flotte de n\u0153uds Edge, y compris des serveurs de p\u00e9riph\u00e9rie, des contr\u00f4les industriels, des dispositifs IHM et autres. Cela se fait en toute s\u00e9curit\u00e9 et \u00e0 distance, sans aucune intervention, pendant les op\u00e9rations des jours 0\/1\/2.<\/p>\n<p>En outre, l&rsquo;automatisation en boucle ferm\u00e9e permet aux op\u00e9rateurs d&rsquo;exploiter les politiques et l&rsquo;observabilit\u00e9 pour d\u00e9clencher une logique commerciale \u00e0 partir d&rsquo;alertes op\u00e9rationnelles edge, optimisant ainsi les op\u00e9rations sur l&rsquo;ensemble du r\u00e9seau et am\u00e9liorant le co\u00fbt total de possession.<\/p>\n<p>La connaissance approfondie du mat\u00e9riel h\u00e9t\u00e9rog\u00e8ne offre les meilleures capacit\u00e9s d&rsquo;allocation des ressources pour une efficacit\u00e9 optimale, ainsi que des fonctions de s\u00e9curit\u00e9 z\u00e9ro-trust co-d\u00e9velopp\u00e9es pour l&rsquo;architecture Intel.<\/p>\n<p>&nbsp;<\/p>\n<h3>IA et applications<\/h3>\n<p>La plateforme permettra aux d\u00e9veloppeurs d&rsquo;entreprise d&rsquo;acc\u00e9der \u00e0 de puissantes capacit\u00e9s et outils d&rsquo;IA, notamment :<\/p>\n<ul>\n<li>Orchestration d&rsquo;application finement ajustable pour placer \u00e0 distance les charges de travail sensibles \u00e0 la latence sur l&rsquo;appareil ad\u00e9quat afin d&rsquo;optimiser les performances de l&rsquo;application.<\/li>\n<li>D\u00e9veloppement puissant de mod\u00e8les\/applications d&rsquo;IA, du low-code au high-code, avec des capacit\u00e9s d&rsquo;IA hybrides, du niveau edge au cloud.<\/li>\n<li>Une gamme de services edge horizontaux comme les services d&rsquo;annotation de donn\u00e9es qui exploitent Intel\u00ae Geti\u2122 pour construire des mod\u00e8les d&rsquo;IA, ainsi que des services edge verticaux sp\u00e9cifiques \u00e0 l&rsquo;industrie pour am\u00e9liorer les r\u00e9sultats dans les cas d&rsquo;utilisation industriels courants en utilisant des informations vid\u00e9o et de s\u00e9ries temporelles et des capacit\u00e9s de jumeau num\u00e9rique pour suivre et g\u00e9rer les environnements.<\/li>\n<\/ul>\n<p>La plate-forme Edge d&rsquo;Intel sera commercialis\u00e9e avec les leaders de l&rsquo;industrie et un large soutien de l&rsquo;\u00e9cosyst\u00e8me qui comprend Amazon Web Services, Lenovo, L&amp;T Technology Services, Red Hat, SAP, Vericast, Verizon Business et Wipro.<\/p>\n<p><a href=\"http:\/\/www.intel.com\">www.intel.com<\/a><\/p>\n","protected":false},"excerpt":{"rendered":"<p>La plateforme logicielle edge-native simplifie le d\u00e9veloppement, le d\u00e9ploiement et la gestion des applications edge AI.  <\/p>\n","protected":false},"author":34,"featured_media":444631,"comment_status":"closed","ping_status":"closed","sticky":false,"template":"","format":"standard","meta":{"_acf_changed":false,"footnotes":""},"categories":[883],"tags":[2770,2198,2721],"domains":[47],"ppma_author":[1153,3682],"class_list":["post-444638","post","type-post","status-publish","format-standard","has-post-thumbnail","hentry","category-technologies","tag-edge-fr","tag-ia","tag-intel-fr","domains-electronique-eci"],"acf":[],"yoast_head":"<title>Intel lance une plateforme modulaire pour applications Edge et IA ...<\/title>\n<meta name=\"description\" content=\"La plateforme logicielle edge-native simplifie le d\u00e9veloppement, le d\u00e9ploiement et la gestion des applications edge AI.\" \/>\n<meta name=\"robots\" content=\"index, follow, max-snippet:-1, max-image-preview:large, max-video-preview:-1\" \/>\n<link rel=\"canonical\" href=\"https:\/\/www.ecinews.fr\/fr\/wp-json\/wp\/v2\/posts\/444638\/\" \/>\n<meta property=\"og:locale\" content=\"fr_FR\" \/>\n<meta property=\"og:type\" content=\"article\" \/>\n<meta property=\"og:title\" content=\"Intel lance une plateforme modulaire pour applications Edge et IA\" \/>\n<meta property=\"og:description\" content=\"La plateforme logicielle edge-native simplifie le d\u00e9veloppement, le d\u00e9ploiement et la gestion des applications edge AI.\" \/>\n<meta property=\"og:url\" content=\"https:\/\/www.ecinews.fr\/fr\/wp-json\/wp\/v2\/posts\/444638\/\" \/>\n<meta property=\"og:site_name\" content=\"EENewsEurope\" \/>\n<meta property=\"article:published_time\" content=\"2024-02-26T08:55:19+00:00\" \/>\n<meta property=\"og:image\" content=\"https:\/\/www.ecinews.fr\/wp-content\/uploads\/2024\/02\/2024-02-26-Intel-Edge-Platform-scaled.jpg\" \/>\n\t<meta property=\"og:image:width\" content=\"1080\" \/>\n\t<meta property=\"og:image:height\" content=\"608\" \/>\n\t<meta property=\"og:image:type\" content=\"image\/jpeg\" \/>\n<meta name=\"author\" content=\"A Delapalisse, Jean-Pierre Joosting\" \/>\n<meta name=\"twitter:card\" content=\"summary_large_image\" \/>\n<meta name=\"twitter:label1\" content=\"Written by\" \/>\n\t<meta name=\"twitter:data1\" content=\"A Delapalisse\" \/>\n\t<meta name=\"twitter:label2\" content=\"Est. reading time\" \/>\n\t<meta name=\"twitter:data2\" content=\"5 minutes\" \/>\n<script type=\"application\/ld+json\" class=\"yoast-schema-graph\">{\"@context\":\"https:\/\/schema.org\",\"@graph\":[{\"@type\":\"Article\",\"@id\":\"https:\/\/www.ecinews.fr\/fr\/intel-lance-une-plateforme-modulaire-pour-applications-edge-et-ia\/#article\",\"isPartOf\":{\"@id\":\"https:\/\/www.ecinews.fr\/fr\/intel-lance-une-plateforme-modulaire-pour-applications-edge-et-ia\/\"},\"author\":{\"name\":\"A Delapalisse\",\"@id\":\"https:\/\/www.ecinews.fr\/fr\/#\/schema\/person\/0aa2cfb0bd8949724a68cbac8d8321b4\"},\"headline\":\"Intel lance une plateforme modulaire pour applications Edge et IA\",\"datePublished\":\"2024-02-26T08:55:19+00:00\",\"dateModified\":\"2024-02-26T08:55:19+00:00\",\"mainEntityOfPage\":{\"@id\":\"https:\/\/www.ecinews.fr\/fr\/intel-lance-une-plateforme-modulaire-pour-applications-edge-et-ia\/\"},\"wordCount\":1252,\"publisher\":{\"@id\":\"https:\/\/www.ecinews.fr\/fr\/#organization\"},\"keywords\":[\"Edge\",\"IA\",\"Intel\"],\"articleSection\":[\"Technologies\"],\"inLanguage\":\"fr-FR\"},{\"@type\":\"WebPage\",\"@id\":\"https:\/\/www.ecinews.fr\/fr\/intel-lance-une-plateforme-modulaire-pour-applications-edge-et-ia\/\",\"url\":\"https:\/\/www.ecinews.fr\/fr\/intel-lance-une-plateforme-modulaire-pour-applications-edge-et-ia\/\",\"name\":\"Intel lance une plateforme modulaire pour applications Edge et IA -\",\"isPartOf\":{\"@id\":\"https:\/\/www.ecinews.fr\/fr\/#website\"},\"datePublished\":\"2024-02-26T08:55:19+00:00\",\"dateModified\":\"2024-02-26T08:55:19+00:00\",\"description\":\"La plateforme logicielle edge-native simplifie le d\u00e9veloppement, le d\u00e9ploiement et la gestion des applications edge AI.\",\"breadcrumb\":{\"@id\":\"https:\/\/www.ecinews.fr\/fr\/intel-lance-une-plateforme-modulaire-pour-applications-edge-et-ia\/#breadcrumb\"},\"inLanguage\":\"fr-FR\",\"potentialAction\":[{\"@type\":\"ReadAction\",\"target\":[\"https:\/\/www.ecinews.fr\/fr\/intel-lance-une-plateforme-modulaire-pour-applications-edge-et-ia\/\"]}]},{\"@type\":\"BreadcrumbList\",\"@id\":\"https:\/\/www.ecinews.fr\/fr\/intel-lance-une-plateforme-modulaire-pour-applications-edge-et-ia\/#breadcrumb\",\"itemListElement\":[{\"@type\":\"ListItem\",\"position\":1,\"name\":\"Home\",\"item\":\"https:\/\/www.ecinews.fr\/fr\/\"},{\"@type\":\"ListItem\",\"position\":2,\"name\":\"Intel lance une plateforme modulaire pour applications Edge et IA\"}]},{\"@type\":\"WebSite\",\"@id\":\"https:\/\/www.ecinews.fr\/fr\/#website\",\"url\":\"https:\/\/www.ecinews.fr\/fr\/\",\"name\":\"EENewsEurope\",\"description\":\"Just another WordPress site\",\"publisher\":{\"@id\":\"https:\/\/www.ecinews.fr\/fr\/#organization\"},\"potentialAction\":[{\"@type\":\"SearchAction\",\"target\":{\"@type\":\"EntryPoint\",\"urlTemplate\":\"https:\/\/www.ecinews.fr\/fr\/?s={search_term_string}\"},\"query-input\":\"required name=search_term_string\"}],\"inLanguage\":\"fr-FR\"},{\"@type\":\"Organization\",\"@id\":\"https:\/\/www.ecinews.fr\/fr\/#organization\",\"name\":\"EENewsEurope\",\"url\":\"https:\/\/www.ecinews.fr\/fr\/\",\"logo\":{\"@type\":\"ImageObject\",\"inLanguage\":\"fr-FR\",\"@id\":\"https:\/\/www.ecinews.fr\/fr\/#\/schema\/logo\/image\/\",\"url\":\"https:\/\/www.ecinews.fr\/wp-content\/uploads\/2022\/02\/logo-1.jpg\",\"contentUrl\":\"https:\/\/www.ecinews.fr\/wp-content\/uploads\/2022\/02\/logo-1.jpg\",\"width\":283,\"height\":113,\"caption\":\"EENewsEurope\"},\"image\":{\"@id\":\"https:\/\/www.ecinews.fr\/fr\/#\/schema\/logo\/image\/\"}},{\"@type\":\"Person\",\"@id\":\"https:\/\/www.ecinews.fr\/fr\/#\/schema\/person\/0aa2cfb0bd8949724a68cbac8d8321b4\",\"name\":\"A Delapalisse\",\"image\":{\"@type\":\"ImageObject\",\"inLanguage\":\"fr-FR\",\"@id\":\"https:\/\/www.ecinews.fr\/fr\/#\/schema\/person\/image\/211ac42237c2e9683c0964086c393cb4\",\"url\":\"https:\/\/secure.gravatar.com\/avatar\/ad45a8c5da24bc9c7c4940dd1c48a695?s=96&d=mm&r=g\",\"contentUrl\":\"https:\/\/secure.gravatar.com\/avatar\/ad45a8c5da24bc9c7c4940dd1c48a695?s=96&d=mm&r=g\",\"caption\":\"A Delapalisse\"},\"sameAs\":[\"http:\/\/ECI\"]}]}<\/script>","yoast_head_json":{"title":"Intel lance une plateforme modulaire pour applications Edge et IA ...","description":"La plateforme logicielle edge-native simplifie le d\u00e9veloppement, le d\u00e9ploiement et la gestion des applications edge AI.","robots":{"index":"index","follow":"follow","max-snippet":"max-snippet:-1","max-image-preview":"max-image-preview:large","max-video-preview":"max-video-preview:-1"},"canonical":"https:\/\/www.ecinews.fr\/fr\/wp-json\/wp\/v2\/posts\/444638\/","og_locale":"fr_FR","og_type":"article","og_title":"Intel lance une plateforme modulaire pour applications Edge et IA","og_description":"La plateforme logicielle edge-native simplifie le d\u00e9veloppement, le d\u00e9ploiement et la gestion des applications edge AI.","og_url":"https:\/\/www.ecinews.fr\/fr\/wp-json\/wp\/v2\/posts\/444638\/","og_site_name":"EENewsEurope","article_published_time":"2024-02-26T08:55:19+00:00","og_image":[{"width":1080,"height":608,"url":"https:\/\/www.ecinews.fr\/wp-content\/uploads\/2024\/02\/2024-02-26-Intel-Edge-Platform-scaled.jpg","type":"image\/jpeg"}],"author":"A Delapalisse, Jean-Pierre Joosting","twitter_card":"summary_large_image","twitter_misc":{"Written by":"A Delapalisse","Est. reading time":"5 minutes"},"schema":{"@context":"https:\/\/schema.org","@graph":[{"@type":"Article","@id":"https:\/\/www.ecinews.fr\/fr\/intel-lance-une-plateforme-modulaire-pour-applications-edge-et-ia\/#article","isPartOf":{"@id":"https:\/\/www.ecinews.fr\/fr\/intel-lance-une-plateforme-modulaire-pour-applications-edge-et-ia\/"},"author":{"name":"A Delapalisse","@id":"https:\/\/www.ecinews.fr\/fr\/#\/schema\/person\/0aa2cfb0bd8949724a68cbac8d8321b4"},"headline":"Intel lance une plateforme modulaire pour applications Edge et IA","datePublished":"2024-02-26T08:55:19+00:00","dateModified":"2024-02-26T08:55:19+00:00","mainEntityOfPage":{"@id":"https:\/\/www.ecinews.fr\/fr\/intel-lance-une-plateforme-modulaire-pour-applications-edge-et-ia\/"},"wordCount":1252,"publisher":{"@id":"https:\/\/www.ecinews.fr\/fr\/#organization"},"keywords":["Edge","IA","Intel"],"articleSection":["Technologies"],"inLanguage":"fr-FR"},{"@type":"WebPage","@id":"https:\/\/www.ecinews.fr\/fr\/intel-lance-une-plateforme-modulaire-pour-applications-edge-et-ia\/","url":"https:\/\/www.ecinews.fr\/fr\/intel-lance-une-plateforme-modulaire-pour-applications-edge-et-ia\/","name":"Intel lance une plateforme modulaire pour applications Edge et IA -","isPartOf":{"@id":"https:\/\/www.ecinews.fr\/fr\/#website"},"datePublished":"2024-02-26T08:55:19+00:00","dateModified":"2024-02-26T08:55:19+00:00","description":"La plateforme logicielle edge-native simplifie le d\u00e9veloppement, le d\u00e9ploiement et la gestion des applications edge AI.","breadcrumb":{"@id":"https:\/\/www.ecinews.fr\/fr\/intel-lance-une-plateforme-modulaire-pour-applications-edge-et-ia\/#breadcrumb"},"inLanguage":"fr-FR","potentialAction":[{"@type":"ReadAction","target":["https:\/\/www.ecinews.fr\/fr\/intel-lance-une-plateforme-modulaire-pour-applications-edge-et-ia\/"]}]},{"@type":"BreadcrumbList","@id":"https:\/\/www.ecinews.fr\/fr\/intel-lance-une-plateforme-modulaire-pour-applications-edge-et-ia\/#breadcrumb","itemListElement":[{"@type":"ListItem","position":1,"name":"Home","item":"https:\/\/www.ecinews.fr\/fr\/"},{"@type":"ListItem","position":2,"name":"Intel lance une plateforme modulaire pour applications Edge et IA"}]},{"@type":"WebSite","@id":"https:\/\/www.ecinews.fr\/fr\/#website","url":"https:\/\/www.ecinews.fr\/fr\/","name":"EENewsEurope","description":"Just another WordPress site","publisher":{"@id":"https:\/\/www.ecinews.fr\/fr\/#organization"},"potentialAction":[{"@type":"SearchAction","target":{"@type":"EntryPoint","urlTemplate":"https:\/\/www.ecinews.fr\/fr\/?s={search_term_string}"},"query-input":"required name=search_term_string"}],"inLanguage":"fr-FR"},{"@type":"Organization","@id":"https:\/\/www.ecinews.fr\/fr\/#organization","name":"EENewsEurope","url":"https:\/\/www.ecinews.fr\/fr\/","logo":{"@type":"ImageObject","inLanguage":"fr-FR","@id":"https:\/\/www.ecinews.fr\/fr\/#\/schema\/logo\/image\/","url":"https:\/\/www.ecinews.fr\/wp-content\/uploads\/2022\/02\/logo-1.jpg","contentUrl":"https:\/\/www.ecinews.fr\/wp-content\/uploads\/2022\/02\/logo-1.jpg","width":283,"height":113,"caption":"EENewsEurope"},"image":{"@id":"https:\/\/www.ecinews.fr\/fr\/#\/schema\/logo\/image\/"}},{"@type":"Person","@id":"https:\/\/www.ecinews.fr\/fr\/#\/schema\/person\/0aa2cfb0bd8949724a68cbac8d8321b4","name":"A Delapalisse","image":{"@type":"ImageObject","inLanguage":"fr-FR","@id":"https:\/\/www.ecinews.fr\/fr\/#\/schema\/person\/image\/211ac42237c2e9683c0964086c393cb4","url":"https:\/\/secure.gravatar.com\/avatar\/ad45a8c5da24bc9c7c4940dd1c48a695?s=96&d=mm&r=g","contentUrl":"https:\/\/secure.gravatar.com\/avatar\/ad45a8c5da24bc9c7c4940dd1c48a695?s=96&d=mm&r=g","caption":"A Delapalisse"},"sameAs":["http:\/\/ECI"]}]}},"authors":[{"term_id":1153,"user_id":34,"is_guest":0,"slug":"adelapalisse","display_name":"A Delapalisse","avatar_url":"https:\/\/secure.gravatar.com\/avatar\/ad45a8c5da24bc9c7c4940dd1c48a695?s=96&d=mm&r=g","0":null,"1":"","2":"","3":"","4":"","5":"","6":"","7":"","8":""},{"term_id":3682,"user_id":0,"is_guest":1,"slug":"jean-pierre-joosting","display_name":"Jean-Pierre Joosting","avatar_url":"https:\/\/secure.gravatar.com\/avatar\/?s=96&d=mm&r=g","0":null,"1":"","2":"","3":"","4":"","5":"","6":"","7":"","8":""}],"_links":{"self":[{"href":"https:\/\/www.ecinews.fr\/fr\/wp-json\/wp\/v2\/posts\/444638"}],"collection":[{"href":"https:\/\/www.ecinews.fr\/fr\/wp-json\/wp\/v2\/posts"}],"about":[{"href":"https:\/\/www.ecinews.fr\/fr\/wp-json\/wp\/v2\/types\/post"}],"author":[{"embeddable":true,"href":"https:\/\/www.ecinews.fr\/fr\/wp-json\/wp\/v2\/users\/34"}],"replies":[{"embeddable":true,"href":"https:\/\/www.ecinews.fr\/fr\/wp-json\/wp\/v2\/comments?post=444638"}],"version-history":[{"count":0,"href":"https:\/\/www.ecinews.fr\/fr\/wp-json\/wp\/v2\/posts\/444638\/revisions"}],"wp:featuredmedia":[{"embeddable":true,"href":"https:\/\/www.ecinews.fr\/fr\/wp-json\/wp\/v2\/media\/444631"}],"wp:attachment":[{"href":"https:\/\/www.ecinews.fr\/fr\/wp-json\/wp\/v2\/media?parent=444638"}],"wp:term":[{"taxonomy":"category","embeddable":true,"href":"https:\/\/www.ecinews.fr\/fr\/wp-json\/wp\/v2\/categories?post=444638"},{"taxonomy":"post_tag","embeddable":true,"href":"https:\/\/www.ecinews.fr\/fr\/wp-json\/wp\/v2\/tags?post=444638"},{"taxonomy":"domains","embeddable":true,"href":"https:\/\/www.ecinews.fr\/fr\/wp-json\/wp\/v2\/domains?post=444638"},{"taxonomy":"author","embeddable":true,"href":"https:\/\/www.ecinews.fr\/fr\/wp-json\/wp\/v2\/ppma_author?post=444638"}],"curies":[{"name":"wp","href":"https:\/\/api.w.org\/{rel}","templated":true}]}}