{"id":44442,"date":"2020-09-24T09:59:18","date_gmt":"2020-09-24T09:59:18","guid":{"rendered":"https:\/\/\/bientot-un-avion-daffaire-supersonique-pour-8-a-10-passagers\/"},"modified":"2020-09-24T09:59:18","modified_gmt":"2020-09-24T09:59:18","slug":"bientot-un-avion-daffaire-supersonique-pour-8-a-10-passagers","status":"publish","type":"post","link":"https:\/\/www.ecinews.fr\/fr\/bientot-un-avion-daffaire-supersonique-pour-8-a-10-passagers\/","title":{"rendered":"Bient\u00f4t un avion d&rsquo;affaire supersonique pour 8 \u00e0 10 passagers"},"content":{"rendered":"<p>La soci\u00e9t\u00e9 am\u00e9ricaine Aerion dont le si\u00e8ge social est situ\u00e9 \u00e0 Reno dans le Nevada, fait la promesse d&rsquo;un avion supersonique d&rsquo;affaire pour 8 \u00e0 10 passagers permettant de gagner par exemple 1h55 sur un vol New York Londres, avec le premier nouveau moteur supersonique civil d\u00e9velopp\u00e9 depuis 50 ans. La technologie \u00ab\u00a0Boomless Cruise\u00a0\u00bb garantira qu&rsquo;un boom sonique n&rsquo;atteindra jamais le sol. De plus, l&rsquo;AS2, fonctionnera enti\u00e8rement avec des carburants synth\u00e9tiques.<\/p>\n<p>Aerion a choisi le fran\u00e7ais Lat\u00e9co\u00e8re pour d\u00e9velopper le syst\u00e8me de surveillance vid\u00e9o de l\u2019AS2., dont la fabrication d\u00e9butera en 2023 \u00e0 Aerion Park, en Floride.&nbsp;Le syst\u00e8me de vid\u00e9osurveillance d\u00e9velopp\u00e9 par Lat\u00e9co\u00e8re utilisera une technologie avanc\u00e9e de cam\u00e9ra haute d\u00e9finition, coupl\u00e9e \u00e0 une intelligence artificielle int\u00e9gr\u00e9e, fournissant \u00e0 l&rsquo;AS2 des capacit\u00e9s de pointe pour surveiller l&rsquo;environnement de l\u2019avion pendant le stationnement, le roulage et le vol.<\/p>\n<p>Ecologiquement responsable d\u00e8s le premier vol, l\u2019AS2 est con\u00e7u pour \u00eatre propuls\u00e9 avec un carburant 100% synth\u00e9tique, atteignant des vitesses supersoniques dans un tr\u00e8s grand confort.<\/p>\n<p><a href=\"https:\/\/aerionsupersonic.com\/\">https:\/\/aerionsupersonic.com\/<\/a><\/p>\n<p><a href=\"https:\/\/www.latecoere.aero\/\">https:\/\/www.latecoere.aero\/<\/a><\/p>\n<p>&nbsp;<\/p>\n","protected":false},"excerpt":{"rendered":"<p>Aerion et Lat\u00e9co\u00e8re d\u00e9veloppent le syst\u00e8me de surveillance vid\u00e9o surround de nouvelle g\u00e9n\u00e9ration.<\/p>\n","protected":false},"author":11,"featured_media":44443,"comment_status":"closed","ping_status":"closed","sticky":false,"template":"","format":"standard","meta":{"_acf_changed":false,"footnotes":""},"categories":[883],"tags":[],"domains":[47],"ppma_author":[1143],"class_list":["post-44442","post","type-post","status-publish","format-standard","has-post-thumbnail","hentry","category-technologies","domains-electronique-eci"],"acf":[],"yoast_head":"<title>Bient\u00f4t un avion d&#039;affaire supersonique pour 8 \u00e0 10 passagers ...<\/title>\n<meta name=\"description\" content=\"Aerion et Lat\u00e9co\u00e8re d\u00e9veloppent le syst\u00e8me de surveillance vid\u00e9o surround de nouvelle g\u00e9n\u00e9ration.\" \/>\n<meta name=\"robots\" content=\"index, follow, max-snippet:-1, max-image-preview:large, max-video-preview:-1\" \/>\n<link rel=\"canonical\" href=\"https:\/\/www.ecinews.fr\/fr\/wp-json\/wp\/v2\/posts\/44442\/\" \/>\n<meta property=\"og:locale\" content=\"fr_FR\" \/>\n<meta property=\"og:type\" content=\"article\" \/>\n<meta property=\"og:title\" content=\"Bient\u00f4t un avion d&#039;affaire supersonique pour 8 \u00e0 10 passagers\" \/>\n<meta property=\"og:description\" content=\"Aerion et Lat\u00e9co\u00e8re d\u00e9veloppent le syst\u00e8me de surveillance vid\u00e9o surround de nouvelle g\u00e9n\u00e9ration.\" \/>\n<meta property=\"og:url\" content=\"https:\/\/www.ecinews.fr\/fr\/wp-json\/wp\/v2\/posts\/44442\/\" \/>\n<meta property=\"og:site_name\" content=\"EENewsEurope\" \/>\n<meta property=\"article:published_time\" content=\"2020-09-24T09:59:18+00:00\" \/>\n<meta property=\"og:image\" content=\"https:\/\/www.ecinews.fr\/wp-content\/uploads\/import\/default\/files\/sites\/default\/files\/images\/aerion_avion_supersonique.jpg\" \/>\n\t<meta property=\"og:image:width\" content=\"426\" \/>\n\t<meta property=\"og:image:height\" content=\"340\" \/>\n\t<meta property=\"og:image:type\" content=\"image\/jpeg\" \/>\n<meta name=\"author\" content=\"Daniel Cardon\" \/>\n<meta name=\"twitter:card\" content=\"summary_large_image\" \/>\n<meta name=\"twitter:label1\" content=\"Written by\" \/>\n\t<meta name=\"twitter:data1\" content=\"Daniel Cardon\" \/>\n\t<meta name=\"twitter:label2\" content=\"Est. reading time\" \/>\n\t<meta name=\"twitter:data2\" content=\"1 minute\" \/>\n<script type=\"application\/ld+json\" class=\"yoast-schema-graph\">{\"@context\":\"https:\/\/schema.org\",\"@graph\":[{\"@type\":\"Article\",\"@id\":\"https:\/\/www.ecinews.fr\/fr\/bientot-un-avion-daffaire-supersonique-pour-8-a-10-passagers\/#article\",\"isPartOf\":{\"@id\":\"https:\/\/www.ecinews.fr\/fr\/bientot-un-avion-daffaire-supersonique-pour-8-a-10-passagers\/\"},\"author\":{\"name\":\"Daniel Cardon\",\"@id\":\"https:\/\/www.eenewseurope.com\/en\/#\/schema\/person\/93c44cde463762f40a8236eaa44c1c17\"},\"headline\":\"Bient\u00f4t un avion d&rsquo;affaire supersonique pour 8 \u00e0 10 passagers\",\"datePublished\":\"2020-09-24T09:59:18+00:00\",\"dateModified\":\"2020-09-24T09:59:18+00:00\",\"mainEntityOfPage\":{\"@id\":\"https:\/\/www.ecinews.fr\/fr\/bientot-un-avion-daffaire-supersonique-pour-8-a-10-passagers\/\"},\"wordCount\":211,\"publisher\":{\"@id\":\"https:\/\/www.eenewseurope.com\/en\/#organization\"},\"articleSection\":[\"Technologies\"],\"inLanguage\":\"fr-FR\"},{\"@type\":\"WebPage\",\"@id\":\"https:\/\/www.ecinews.fr\/fr\/bientot-un-avion-daffaire-supersonique-pour-8-a-10-passagers\/\",\"url\":\"https:\/\/www.ecinews.fr\/fr\/bientot-un-avion-daffaire-supersonique-pour-8-a-10-passagers\/\",\"name\":\"Bient\u00f4t un avion d'affaire supersonique pour 8 \u00e0 10 passagers -\",\"isPartOf\":{\"@id\":\"https:\/\/www.eenewseurope.com\/en\/#website\"},\"datePublished\":\"2020-09-24T09:59:18+00:00\",\"dateModified\":\"2020-09-24T09:59:18+00:00\",\"breadcrumb\":{\"@id\":\"https:\/\/www.ecinews.fr\/fr\/bientot-un-avion-daffaire-supersonique-pour-8-a-10-passagers\/#breadcrumb\"},\"inLanguage\":\"fr-FR\",\"potentialAction\":[{\"@type\":\"ReadAction\",\"target\":[\"https:\/\/www.ecinews.fr\/fr\/bientot-un-avion-daffaire-supersonique-pour-8-a-10-passagers\/\"]}]},{\"@type\":\"BreadcrumbList\",\"@id\":\"https:\/\/www.ecinews.fr\/fr\/bientot-un-avion-daffaire-supersonique-pour-8-a-10-passagers\/#breadcrumb\",\"itemListElement\":[{\"@type\":\"ListItem\",\"position\":1,\"name\":\"Home\",\"item\":\"https:\/\/www.ecinews.fr\/fr\/\"},{\"@type\":\"ListItem\",\"position\":2,\"name\":\"Bient\u00f4t un avion d&rsquo;affaire supersonique pour 8 \u00e0 10 passagers\"}]},{\"@type\":\"WebSite\",\"@id\":\"https:\/\/www.eenewseurope.com\/en\/#website\",\"url\":\"https:\/\/www.eenewseurope.com\/en\/\",\"name\":\"EENewsEurope\",\"description\":\"Just another WordPress site\",\"publisher\":{\"@id\":\"https:\/\/www.eenewseurope.com\/en\/#organization\"},\"potentialAction\":[{\"@type\":\"SearchAction\",\"target\":{\"@type\":\"EntryPoint\",\"urlTemplate\":\"https:\/\/www.eenewseurope.com\/en\/?s={search_term_string}\"},\"query-input\":\"required name=search_term_string\"}],\"inLanguage\":\"fr-FR\"},{\"@type\":\"Organization\",\"@id\":\"https:\/\/www.eenewseurope.com\/en\/#organization\",\"name\":\"EENewsEurope\",\"url\":\"https:\/\/www.eenewseurope.com\/en\/\",\"logo\":{\"@type\":\"ImageObject\",\"inLanguage\":\"fr-FR\",\"@id\":\"https:\/\/www.eenewseurope.com\/en\/#\/schema\/logo\/image\/\",\"url\":\"https:\/\/www.ecinews.fr\/wp-content\/uploads\/2022\/02\/logo-1.jpg\",\"contentUrl\":\"https:\/\/www.ecinews.fr\/wp-content\/uploads\/2022\/02\/logo-1.jpg\",\"width\":283,\"height\":113,\"caption\":\"EENewsEurope\"},\"image\":{\"@id\":\"https:\/\/www.eenewseurope.com\/en\/#\/schema\/logo\/image\/\"}},{\"@type\":\"Person\",\"@id\":\"https:\/\/www.eenewseurope.com\/en\/#\/schema\/person\/93c44cde463762f40a8236eaa44c1c17\",\"name\":\"Daniel Cardon\",\"image\":{\"@type\":\"ImageObject\",\"inLanguage\":\"fr-FR\",\"@id\":\"https:\/\/www.eenewseurope.com\/en\/#\/schema\/person\/image\/2b243f6bcc1cff7d86aadfb2cd0bd870\",\"url\":\"https:\/\/secure.gravatar.com\/avatar\/de9edc136dfc061ad4778e04635baefa?s=96&d=mm&r=g\",\"contentUrl\":\"https:\/\/secure.gravatar.com\/avatar\/de9edc136dfc061ad4778e04635baefa?s=96&d=mm&r=g\",\"caption\":\"Daniel Cardon\"}}]}<\/script>","yoast_head_json":{"title":"Bient\u00f4t un avion d'affaire supersonique pour 8 \u00e0 10 passagers ...","description":"Aerion et Lat\u00e9co\u00e8re d\u00e9veloppent le syst\u00e8me de surveillance vid\u00e9o surround de nouvelle g\u00e9n\u00e9ration.","robots":{"index":"index","follow":"follow","max-snippet":"max-snippet:-1","max-image-preview":"max-image-preview:large","max-video-preview":"max-video-preview:-1"},"canonical":"https:\/\/www.ecinews.fr\/fr\/wp-json\/wp\/v2\/posts\/44442\/","og_locale":"fr_FR","og_type":"article","og_title":"Bient\u00f4t un avion d'affaire supersonique pour 8 \u00e0 10 passagers","og_description":"Aerion et Lat\u00e9co\u00e8re d\u00e9veloppent le syst\u00e8me de surveillance vid\u00e9o surround de nouvelle g\u00e9n\u00e9ration.","og_url":"https:\/\/www.ecinews.fr\/fr\/wp-json\/wp\/v2\/posts\/44442\/","og_site_name":"EENewsEurope","article_published_time":"2020-09-24T09:59:18+00:00","og_image":[{"width":426,"height":340,"url":"https:\/\/www.ecinews.fr\/wp-content\/uploads\/import\/default\/files\/sites\/default\/files\/images\/aerion_avion_supersonique.jpg","type":"image\/jpeg"}],"author":"Daniel Cardon","twitter_card":"summary_large_image","twitter_misc":{"Written by":"Daniel Cardon","Est. reading time":"1 minute"},"schema":{"@context":"https:\/\/schema.org","@graph":[{"@type":"Article","@id":"https:\/\/www.ecinews.fr\/fr\/bientot-un-avion-daffaire-supersonique-pour-8-a-10-passagers\/#article","isPartOf":{"@id":"https:\/\/www.ecinews.fr\/fr\/bientot-un-avion-daffaire-supersonique-pour-8-a-10-passagers\/"},"author":{"name":"Daniel Cardon","@id":"https:\/\/www.eenewseurope.com\/en\/#\/schema\/person\/93c44cde463762f40a8236eaa44c1c17"},"headline":"Bient\u00f4t un avion d&rsquo;affaire supersonique pour 8 \u00e0 10 passagers","datePublished":"2020-09-24T09:59:18+00:00","dateModified":"2020-09-24T09:59:18+00:00","mainEntityOfPage":{"@id":"https:\/\/www.ecinews.fr\/fr\/bientot-un-avion-daffaire-supersonique-pour-8-a-10-passagers\/"},"wordCount":211,"publisher":{"@id":"https:\/\/www.eenewseurope.com\/en\/#organization"},"articleSection":["Technologies"],"inLanguage":"fr-FR"},{"@type":"WebPage","@id":"https:\/\/www.ecinews.fr\/fr\/bientot-un-avion-daffaire-supersonique-pour-8-a-10-passagers\/","url":"https:\/\/www.ecinews.fr\/fr\/bientot-un-avion-daffaire-supersonique-pour-8-a-10-passagers\/","name":"Bient\u00f4t un avion d'affaire supersonique pour 8 \u00e0 10 passagers -","isPartOf":{"@id":"https:\/\/www.eenewseurope.com\/en\/#website"},"datePublished":"2020-09-24T09:59:18+00:00","dateModified":"2020-09-24T09:59:18+00:00","breadcrumb":{"@id":"https:\/\/www.ecinews.fr\/fr\/bientot-un-avion-daffaire-supersonique-pour-8-a-10-passagers\/#breadcrumb"},"inLanguage":"fr-FR","potentialAction":[{"@type":"ReadAction","target":["https:\/\/www.ecinews.fr\/fr\/bientot-un-avion-daffaire-supersonique-pour-8-a-10-passagers\/"]}]},{"@type":"BreadcrumbList","@id":"https:\/\/www.ecinews.fr\/fr\/bientot-un-avion-daffaire-supersonique-pour-8-a-10-passagers\/#breadcrumb","itemListElement":[{"@type":"ListItem","position":1,"name":"Home","item":"https:\/\/www.ecinews.fr\/fr\/"},{"@type":"ListItem","position":2,"name":"Bient\u00f4t un avion d&rsquo;affaire supersonique pour 8 \u00e0 10 passagers"}]},{"@type":"WebSite","@id":"https:\/\/www.eenewseurope.com\/en\/#website","url":"https:\/\/www.eenewseurope.com\/en\/","name":"EENewsEurope","description":"Just another WordPress site","publisher":{"@id":"https:\/\/www.eenewseurope.com\/en\/#organization"},"potentialAction":[{"@type":"SearchAction","target":{"@type":"EntryPoint","urlTemplate":"https:\/\/www.eenewseurope.com\/en\/?s={search_term_string}"},"query-input":"required name=search_term_string"}],"inLanguage":"fr-FR"},{"@type":"Organization","@id":"https:\/\/www.eenewseurope.com\/en\/#organization","name":"EENewsEurope","url":"https:\/\/www.eenewseurope.com\/en\/","logo":{"@type":"ImageObject","inLanguage":"fr-FR","@id":"https:\/\/www.eenewseurope.com\/en\/#\/schema\/logo\/image\/","url":"https:\/\/www.ecinews.fr\/wp-content\/uploads\/2022\/02\/logo-1.jpg","contentUrl":"https:\/\/www.ecinews.fr\/wp-content\/uploads\/2022\/02\/logo-1.jpg","width":283,"height":113,"caption":"EENewsEurope"},"image":{"@id":"https:\/\/www.eenewseurope.com\/en\/#\/schema\/logo\/image\/"}},{"@type":"Person","@id":"https:\/\/www.eenewseurope.com\/en\/#\/schema\/person\/93c44cde463762f40a8236eaa44c1c17","name":"Daniel Cardon","image":{"@type":"ImageObject","inLanguage":"fr-FR","@id":"https:\/\/www.eenewseurope.com\/en\/#\/schema\/person\/image\/2b243f6bcc1cff7d86aadfb2cd0bd870","url":"https:\/\/secure.gravatar.com\/avatar\/de9edc136dfc061ad4778e04635baefa?s=96&d=mm&r=g","contentUrl":"https:\/\/secure.gravatar.com\/avatar\/de9edc136dfc061ad4778e04635baefa?s=96&d=mm&r=g","caption":"Daniel Cardon"}}]}},"authors":[{"term_id":1143,"user_id":11,"is_guest":0,"slug":"danielcardon","display_name":"Daniel Cardon","avatar_url":"https:\/\/secure.gravatar.com\/avatar\/de9edc136dfc061ad4778e04635baefa?s=96&d=mm&r=g","0":null,"1":"","2":"","3":"","4":"","5":"","6":"","7":"","8":""}],"_links":{"self":[{"href":"https:\/\/www.ecinews.fr\/fr\/wp-json\/wp\/v2\/posts\/44442"}],"collection":[{"href":"https:\/\/www.ecinews.fr\/fr\/wp-json\/wp\/v2\/posts"}],"about":[{"href":"https:\/\/www.ecinews.fr\/fr\/wp-json\/wp\/v2\/types\/post"}],"author":[{"embeddable":true,"href":"https:\/\/www.ecinews.fr\/fr\/wp-json\/wp\/v2\/users\/11"}],"replies":[{"embeddable":true,"href":"https:\/\/www.ecinews.fr\/fr\/wp-json\/wp\/v2\/comments?post=44442"}],"version-history":[{"count":0,"href":"https:\/\/www.ecinews.fr\/fr\/wp-json\/wp\/v2\/posts\/44442\/revisions"}],"wp:featuredmedia":[{"embeddable":true,"href":"https:\/\/www.ecinews.fr\/fr\/wp-json\/wp\/v2\/media\/44443"}],"wp:attachment":[{"href":"https:\/\/www.ecinews.fr\/fr\/wp-json\/wp\/v2\/media?parent=44442"}],"wp:term":[{"taxonomy":"category","embeddable":true,"href":"https:\/\/www.ecinews.fr\/fr\/wp-json\/wp\/v2\/categories?post=44442"},{"taxonomy":"post_tag","embeddable":true,"href":"https:\/\/www.ecinews.fr\/fr\/wp-json\/wp\/v2\/tags?post=44442"},{"taxonomy":"domains","embeddable":true,"href":"https:\/\/www.ecinews.fr\/fr\/wp-json\/wp\/v2\/domains?post=44442"},{"taxonomy":"author","embeddable":true,"href":"https:\/\/www.ecinews.fr\/fr\/wp-json\/wp\/v2\/ppma_author?post=44442"}],"curies":[{"name":"wp","href":"https:\/\/api.w.org\/{rel}","templated":true}]}}