{"id":444360,"date":"2024-02-22T08:39:51","date_gmt":"2024-02-22T07:39:51","guid":{"rendered":"https:\/\/www.eenewseurope.com\/?p=444360"},"modified":"2024-02-22T11:14:27","modified_gmt":"2024-02-22T10:14:27","slug":"intel-rechercherait-des-capitaux-pour-sa-fab-irlandaise","status":"publish","type":"post","link":"https:\/\/www.ecinews.fr\/fr\/intel-rechercherait-des-capitaux-pour-sa-fab-irlandaise\/","title":{"rendered":"Intel rechercherait des capitaux pour sa fab irlandaise"},"content":{"rendered":"<h2>Le fabricant de puces Intel Corp. recherche au moins 2 milliards de dollars de fonds propres pour financer une usine de fabrication de plaquettes en Irlande, selon un rapport de <em>Bloomberg<\/em>.<\/h2>\n<p>Le vendeur de puces CPU travaille avec un conseiller financier et tente de susciter l&rsquo;int\u00e9r\u00eat, indique le rapport en se r\u00e9f\u00e9rant \u00e0 des sources anonymes. Si c&rsquo;est le cas, il semble qu&rsquo;Intel veuille suivre un mod\u00e8le similaire \u00e0 celui adopt\u00e9 aux \u00c9tats-Unis en 2022 (voir <a href=\"https:\/\/www.eenewseurope.com\/en\/intel-unveils-semiconductor-co-investment-program\/\">Intel unveils Brookfield semiconductor co-investment program<\/a>).<\/p>\n<p>En 2022, Intel a lanc\u00e9 son programme de co-investissement dans les semiconducteurs (SCIP) et a persuad\u00e9 la filiale de Brookfield Asset Management sp\u00e9cialis\u00e9e dans les infrastructures de financer pr\u00e8s de la moiti\u00e9 des d\u00e9penses d&rsquo;investissement pour une expansion de la production en Arizona.<\/p>\n<p>Les entreprises ont convenu d&rsquo;investir conjointement jusqu&rsquo;\u00e0 30 milliards de dollars sur le campus Ocotillo d&rsquo;Intel \u00e0 Chandler, en Arizona, Intel finan\u00e7ant 51 % et Brookfield 49 % du co\u00fbt total du projet. Dans le cadre de cet accord, Intel a conserv\u00e9 la propri\u00e9t\u00e9 majoritaire et le contr\u00f4le op\u00e9rationnel de deux fabs de wafers de silicium \u00e0 Chandler, construites pour r\u00e9pondre \u00e0 la demande \u00e0 long terme pour ses propres puces et pour fournir des capacit\u00e9s aux clients d&rsquo;Intel Foundry Services (IFS).<\/p>\n<p>Intel emploie d\u00e9j\u00e0 pr\u00e8s de 5 000 personnes sur un campus de fabrication de wafers \u00e0 Leixlip, en Irlande. Il n&rsquo;est pas clair si Brookfield fait partie de ceux qui ont \u00e9t\u00e9 sollicit\u00e9s pour contribuer \u00e0 l&rsquo;expansion propos\u00e9e par Intel sur ce site ou si celle-ci a refus\u00e9 l&rsquo;opportunit\u00e9.<\/p>\n<h4>Liens et articles connexes :<\/h4>\n<p><a href=\"http:\/\/www.intel.com\">www.intel.com<\/a><\/p>\n<h4>Articles de presse :<\/h4>\n<p><a href=\"https:\/\/www.eenewseurope.com\/en\/intel-unveils-semiconductor-co-investment-program\/\">Intel d\u00e9voile le programme de co-investissement Brookfield dans le domaine des semi-conducteurs<\/a><\/p>\n<p><a href=\"https:\/\/www.eenewseurope.com\/en\/r2-semi-claims-many-intel-processors-could-be-banned-in-europe\/\">R2 Semi affirme que de nombreux processeurs Intel pourraient \u00eatre interdits en Europe<\/a><\/p>\n<p><a href=\"https:\/\/www.eenewseurope.com\/en\/intel-begins-euv-lithography-of-intel-4-process-in-ireland\/\">Intel commence la lithographie EUV du processus \u00ab\u00a0Intel 4\u00a0\u00bb en Irlande<\/a><\/p>\n<p><a href=\"https:\/\/www.eenewseurope.com\/en\/intel-plans-to-ipo-its-fpga-business\/\">Intel envisage d&rsquo;introduire en bourse son activit\u00e9 FPGA<\/a><\/p>\n","protected":false},"excerpt":{"rendered":"<p>Le fabricant de puces Intel Corp. recherche au moins 2 milliards de dollars de fonds propres pour financer une usine de fabrication de plaquettes en Irlande, selon un rapport de Bloomberg. Le vendeur de puces CPU travaille avec un conseiller financier et tente de susciter l&rsquo;int\u00e9r\u00eat, indique le rapport en se r\u00e9f\u00e9rant \u00e0 des sources [&hellip;]<\/p>\n","protected":false},"author":34,"featured_media":189890,"comment_status":"closed","ping_status":"closed","sticky":false,"template":"","format":"standard","meta":{"_acf_changed":false,"footnotes":""},"categories":[880],"tags":[2158,1795,2721],"domains":[47],"ppma_author":[1153,3631],"class_list":["post-444360","post","type-post","status-publish","format-standard","has-post-thumbnail","hentry","category-actualites-economiques","tag-fab","tag-fonderies","tag-intel-fr","domains-electronique-eci"],"acf":[],"yoast_head":"<title>Selon un rapport, Intel recherche des capitaux pour construire ...<\/title>\n<meta name=\"description\" content=\"Le fabricant de puces Intel Corp. est \u00e0 la recherche d&#039;au moins 2 milliards de dollars de fonds propres pour financer une usine de fabrication de plaquettes...\" \/>\n<meta name=\"robots\" content=\"index, follow, max-snippet:-1, max-image-preview:large, max-video-preview:-1\" \/>\n<link rel=\"canonical\" href=\"https:\/\/www.ecinews.fr\/fr\/wp-json\/wp\/v2\/posts\/444360\/\" \/>\n<meta property=\"og:locale\" content=\"fr_FR\" \/>\n<meta property=\"og:type\" content=\"article\" \/>\n<meta property=\"og:title\" content=\"Intel rechercherait des capitaux pour sa fab irlandaise\" \/>\n<meta property=\"og:description\" content=\"Le fabricant de puces Intel Corp. est \u00e0 la recherche d&#039;au moins 2 milliards de dollars de fonds propres pour financer une usine de fabrication de plaquettes de silicium en Irlande, selon un rapport.\" \/>\n<meta property=\"og:url\" content=\"https:\/\/www.ecinews.fr\/fr\/wp-json\/wp\/v2\/posts\/444360\/\" \/>\n<meta property=\"og:site_name\" content=\"EENewsEurope\" \/>\n<meta property=\"article:published_time\" content=\"2024-02-22T07:39:51+00:00\" \/>\n<meta property=\"article:modified_time\" content=\"2024-02-22T10:14:27+00:00\" \/>\n<meta property=\"og:image\" content=\"https:\/\/www.eenewseurope.com\/wp-content\/uploads\/import\/default\/files\/sites\/default\/files\/images\/leixlip700.jpg\" \/>\n\t<meta property=\"og:image:width\" content=\"700\" \/>\n\t<meta property=\"og:image:height\" content=\"400\" \/>\n\t<meta property=\"og:image:type\" content=\"image\/jpeg\" \/>\n<meta name=\"author\" content=\"A Delapalisse, Peter Clarke\" \/>\n<meta name=\"twitter:card\" content=\"summary_large_image\" \/>\n<meta name=\"twitter:label1\" content=\"Written by\" \/>\n\t<meta name=\"twitter:data1\" content=\"A Delapalisse\" \/>\n\t<meta name=\"twitter:label2\" content=\"Est. reading time\" \/>\n\t<meta name=\"twitter:data2\" content=\"2 minutes\" \/>\n<script type=\"application\/ld+json\" class=\"yoast-schema-graph\">{\"@context\":\"https:\/\/schema.org\",\"@graph\":[{\"@type\":\"Article\",\"@id\":\"https:\/\/www.eenewseurope.com\/fr\/intel-rechercherait-des-capitaux-pour-sa-fab-irlandaise\/#article\",\"isPartOf\":{\"@id\":\"https:\/\/www.eenewseurope.com\/fr\/intel-rechercherait-des-capitaux-pour-sa-fab-irlandaise\/\"},\"author\":{\"name\":\"A Delapalisse\",\"@id\":\"https:\/\/www.ecinews.fr\/fr\/#\/schema\/person\/0aa2cfb0bd8949724a68cbac8d8321b4\"},\"headline\":\"Intel rechercherait des capitaux pour sa fab irlandaise\",\"datePublished\":\"2024-02-22T07:39:51+00:00\",\"dateModified\":\"2024-02-22T10:14:27+00:00\",\"mainEntityOfPage\":{\"@id\":\"https:\/\/www.eenewseurope.com\/fr\/intel-rechercherait-des-capitaux-pour-sa-fab-irlandaise\/\"},\"wordCount\":331,\"publisher\":{\"@id\":\"https:\/\/www.ecinews.fr\/fr\/#organization\"},\"keywords\":[\"Fab\",\"Fonderies\",\"Intel\"],\"articleSection\":[\"Actualit\u00e9s \u00e9conomiques\"],\"inLanguage\":\"fr-FR\"},{\"@type\":\"WebPage\",\"@id\":\"https:\/\/www.eenewseurope.com\/fr\/intel-rechercherait-des-capitaux-pour-sa-fab-irlandaise\/\",\"url\":\"https:\/\/www.eenewseurope.com\/fr\/intel-rechercherait-des-capitaux-pour-sa-fab-irlandaise\/\",\"name\":\"Selon un rapport, Intel recherche des capitaux pour construire la prochaine usine irlandaise de fabrication de plaquettes de silicium\",\"isPartOf\":{\"@id\":\"https:\/\/www.ecinews.fr\/fr\/#website\"},\"datePublished\":\"2024-02-22T07:39:51+00:00\",\"dateModified\":\"2024-02-22T10:14:27+00:00\",\"description\":\"Le fabricant de puces Intel Corp. est \u00e0 la recherche d'au moins 2 milliards de dollars de fonds propres pour financer une usine de fabrication de plaquettes de silicium en Irlande, selon un rapport.\",\"breadcrumb\":{\"@id\":\"https:\/\/www.eenewseurope.com\/fr\/intel-rechercherait-des-capitaux-pour-sa-fab-irlandaise\/#breadcrumb\"},\"inLanguage\":\"fr-FR\",\"potentialAction\":[{\"@type\":\"ReadAction\",\"target\":[\"https:\/\/www.eenewseurope.com\/fr\/intel-rechercherait-des-capitaux-pour-sa-fab-irlandaise\/\"]}]},{\"@type\":\"BreadcrumbList\",\"@id\":\"https:\/\/www.eenewseurope.com\/fr\/intel-rechercherait-des-capitaux-pour-sa-fab-irlandaise\/#breadcrumb\",\"itemListElement\":[{\"@type\":\"ListItem\",\"position\":1,\"name\":\"Home\",\"item\":\"https:\/\/www.ecinews.fr\/fr\/\"},{\"@type\":\"ListItem\",\"position\":2,\"name\":\"Intel rechercherait des capitaux pour sa fab irlandaise\"}]},{\"@type\":\"WebSite\",\"@id\":\"https:\/\/www.ecinews.fr\/fr\/#website\",\"url\":\"https:\/\/www.ecinews.fr\/fr\/\",\"name\":\"EENewsEurope\",\"description\":\"Just another WordPress site\",\"publisher\":{\"@id\":\"https:\/\/www.ecinews.fr\/fr\/#organization\"},\"potentialAction\":[{\"@type\":\"SearchAction\",\"target\":{\"@type\":\"EntryPoint\",\"urlTemplate\":\"https:\/\/www.ecinews.fr\/fr\/?s={search_term_string}\"},\"query-input\":\"required name=search_term_string\"}],\"inLanguage\":\"fr-FR\"},{\"@type\":\"Organization\",\"@id\":\"https:\/\/www.ecinews.fr\/fr\/#organization\",\"name\":\"EENewsEurope\",\"url\":\"https:\/\/www.ecinews.fr\/fr\/\",\"logo\":{\"@type\":\"ImageObject\",\"inLanguage\":\"fr-FR\",\"@id\":\"https:\/\/www.ecinews.fr\/fr\/#\/schema\/logo\/image\/\",\"url\":\"https:\/\/www.ecinews.fr\/wp-content\/uploads\/2022\/02\/logo-1.jpg\",\"contentUrl\":\"https:\/\/www.ecinews.fr\/wp-content\/uploads\/2022\/02\/logo-1.jpg\",\"width\":283,\"height\":113,\"caption\":\"EENewsEurope\"},\"image\":{\"@id\":\"https:\/\/www.ecinews.fr\/fr\/#\/schema\/logo\/image\/\"}},{\"@type\":\"Person\",\"@id\":\"https:\/\/www.ecinews.fr\/fr\/#\/schema\/person\/0aa2cfb0bd8949724a68cbac8d8321b4\",\"name\":\"A Delapalisse\",\"image\":{\"@type\":\"ImageObject\",\"inLanguage\":\"fr-FR\",\"@id\":\"https:\/\/www.ecinews.fr\/fr\/#\/schema\/person\/image\/211ac42237c2e9683c0964086c393cb4\",\"url\":\"https:\/\/secure.gravatar.com\/avatar\/ad45a8c5da24bc9c7c4940dd1c48a695?s=96&d=mm&r=g\",\"contentUrl\":\"https:\/\/secure.gravatar.com\/avatar\/ad45a8c5da24bc9c7c4940dd1c48a695?s=96&d=mm&r=g\",\"caption\":\"A Delapalisse\"},\"sameAs\":[\"http:\/\/ECI\"]}]}<\/script>","yoast_head_json":{"title":"Selon un rapport, Intel recherche des capitaux pour construire ...","description":"Le fabricant de puces Intel Corp. est \u00e0 la recherche d'au moins 2 milliards de dollars de fonds propres pour financer une usine de fabrication de plaquettes...","robots":{"index":"index","follow":"follow","max-snippet":"max-snippet:-1","max-image-preview":"max-image-preview:large","max-video-preview":"max-video-preview:-1"},"canonical":"https:\/\/www.ecinews.fr\/fr\/wp-json\/wp\/v2\/posts\/444360\/","og_locale":"fr_FR","og_type":"article","og_title":"Intel rechercherait des capitaux pour sa fab irlandaise","og_description":"Le fabricant de puces Intel Corp. est \u00e0 la recherche d'au moins 2 milliards de dollars de fonds propres pour financer une usine de fabrication de plaquettes de silicium en Irlande, selon un rapport.","og_url":"https:\/\/www.ecinews.fr\/fr\/wp-json\/wp\/v2\/posts\/444360\/","og_site_name":"EENewsEurope","article_published_time":"2024-02-22T07:39:51+00:00","article_modified_time":"2024-02-22T10:14:27+00:00","og_image":[{"width":700,"height":400,"url":"https:\/\/www.eenewseurope.com\/wp-content\/uploads\/import\/default\/files\/sites\/default\/files\/images\/leixlip700.jpg","type":"image\/jpeg"}],"author":"A Delapalisse, Peter Clarke","twitter_card":"summary_large_image","twitter_misc":{"Written by":"A Delapalisse","Est. reading time":"2 minutes"},"schema":{"@context":"https:\/\/schema.org","@graph":[{"@type":"Article","@id":"https:\/\/www.eenewseurope.com\/fr\/intel-rechercherait-des-capitaux-pour-sa-fab-irlandaise\/#article","isPartOf":{"@id":"https:\/\/www.eenewseurope.com\/fr\/intel-rechercherait-des-capitaux-pour-sa-fab-irlandaise\/"},"author":{"name":"A Delapalisse","@id":"https:\/\/www.ecinews.fr\/fr\/#\/schema\/person\/0aa2cfb0bd8949724a68cbac8d8321b4"},"headline":"Intel rechercherait des capitaux pour sa fab irlandaise","datePublished":"2024-02-22T07:39:51+00:00","dateModified":"2024-02-22T10:14:27+00:00","mainEntityOfPage":{"@id":"https:\/\/www.eenewseurope.com\/fr\/intel-rechercherait-des-capitaux-pour-sa-fab-irlandaise\/"},"wordCount":331,"publisher":{"@id":"https:\/\/www.ecinews.fr\/fr\/#organization"},"keywords":["Fab","Fonderies","Intel"],"articleSection":["Actualit\u00e9s \u00e9conomiques"],"inLanguage":"fr-FR"},{"@type":"WebPage","@id":"https:\/\/www.eenewseurope.com\/fr\/intel-rechercherait-des-capitaux-pour-sa-fab-irlandaise\/","url":"https:\/\/www.eenewseurope.com\/fr\/intel-rechercherait-des-capitaux-pour-sa-fab-irlandaise\/","name":"Selon un rapport, Intel recherche des capitaux pour construire la prochaine usine irlandaise de fabrication de plaquettes de silicium","isPartOf":{"@id":"https:\/\/www.ecinews.fr\/fr\/#website"},"datePublished":"2024-02-22T07:39:51+00:00","dateModified":"2024-02-22T10:14:27+00:00","description":"Le fabricant de puces Intel Corp. est \u00e0 la recherche d'au moins 2 milliards de dollars de fonds propres pour financer une usine de fabrication de plaquettes de silicium en Irlande, selon un rapport.","breadcrumb":{"@id":"https:\/\/www.eenewseurope.com\/fr\/intel-rechercherait-des-capitaux-pour-sa-fab-irlandaise\/#breadcrumb"},"inLanguage":"fr-FR","potentialAction":[{"@type":"ReadAction","target":["https:\/\/www.eenewseurope.com\/fr\/intel-rechercherait-des-capitaux-pour-sa-fab-irlandaise\/"]}]},{"@type":"BreadcrumbList","@id":"https:\/\/www.eenewseurope.com\/fr\/intel-rechercherait-des-capitaux-pour-sa-fab-irlandaise\/#breadcrumb","itemListElement":[{"@type":"ListItem","position":1,"name":"Home","item":"https:\/\/www.ecinews.fr\/fr\/"},{"@type":"ListItem","position":2,"name":"Intel rechercherait des capitaux pour sa fab irlandaise"}]},{"@type":"WebSite","@id":"https:\/\/www.ecinews.fr\/fr\/#website","url":"https:\/\/www.ecinews.fr\/fr\/","name":"EENewsEurope","description":"Just another WordPress site","publisher":{"@id":"https:\/\/www.ecinews.fr\/fr\/#organization"},"potentialAction":[{"@type":"SearchAction","target":{"@type":"EntryPoint","urlTemplate":"https:\/\/www.ecinews.fr\/fr\/?s={search_term_string}"},"query-input":"required name=search_term_string"}],"inLanguage":"fr-FR"},{"@type":"Organization","@id":"https:\/\/www.ecinews.fr\/fr\/#organization","name":"EENewsEurope","url":"https:\/\/www.ecinews.fr\/fr\/","logo":{"@type":"ImageObject","inLanguage":"fr-FR","@id":"https:\/\/www.ecinews.fr\/fr\/#\/schema\/logo\/image\/","url":"https:\/\/www.ecinews.fr\/wp-content\/uploads\/2022\/02\/logo-1.jpg","contentUrl":"https:\/\/www.ecinews.fr\/wp-content\/uploads\/2022\/02\/logo-1.jpg","width":283,"height":113,"caption":"EENewsEurope"},"image":{"@id":"https:\/\/www.ecinews.fr\/fr\/#\/schema\/logo\/image\/"}},{"@type":"Person","@id":"https:\/\/www.ecinews.fr\/fr\/#\/schema\/person\/0aa2cfb0bd8949724a68cbac8d8321b4","name":"A Delapalisse","image":{"@type":"ImageObject","inLanguage":"fr-FR","@id":"https:\/\/www.ecinews.fr\/fr\/#\/schema\/person\/image\/211ac42237c2e9683c0964086c393cb4","url":"https:\/\/secure.gravatar.com\/avatar\/ad45a8c5da24bc9c7c4940dd1c48a695?s=96&d=mm&r=g","contentUrl":"https:\/\/secure.gravatar.com\/avatar\/ad45a8c5da24bc9c7c4940dd1c48a695?s=96&d=mm&r=g","caption":"A Delapalisse"},"sameAs":["http:\/\/ECI"]}]}},"authors":[{"term_id":1153,"user_id":34,"is_guest":0,"slug":"adelapalisse","display_name":"A Delapalisse","avatar_url":"https:\/\/secure.gravatar.com\/avatar\/ad45a8c5da24bc9c7c4940dd1c48a695?s=96&d=mm&r=g","0":null,"1":"","2":"","3":"","4":"","5":"","6":"","7":"","8":""},{"term_id":3631,"user_id":0,"is_guest":1,"slug":"peter-clarke","display_name":"Peter Clarke","avatar_url":"https:\/\/secure.gravatar.com\/avatar\/?s=96&d=mm&r=g","0":null,"1":"","2":"","3":"","4":"","5":"","6":"","7":"","8":""}],"_links":{"self":[{"href":"https:\/\/www.ecinews.fr\/fr\/wp-json\/wp\/v2\/posts\/444360"}],"collection":[{"href":"https:\/\/www.ecinews.fr\/fr\/wp-json\/wp\/v2\/posts"}],"about":[{"href":"https:\/\/www.ecinews.fr\/fr\/wp-json\/wp\/v2\/types\/post"}],"author":[{"embeddable":true,"href":"https:\/\/www.ecinews.fr\/fr\/wp-json\/wp\/v2\/users\/34"}],"replies":[{"embeddable":true,"href":"https:\/\/www.ecinews.fr\/fr\/wp-json\/wp\/v2\/comments?post=444360"}],"version-history":[{"count":0,"href":"https:\/\/www.ecinews.fr\/fr\/wp-json\/wp\/v2\/posts\/444360\/revisions"}],"wp:featuredmedia":[{"embeddable":true,"href":"https:\/\/www.ecinews.fr\/fr\/wp-json\/wp\/v2\/media\/189890"}],"wp:attachment":[{"href":"https:\/\/www.ecinews.fr\/fr\/wp-json\/wp\/v2\/media?parent=444360"}],"wp:term":[{"taxonomy":"category","embeddable":true,"href":"https:\/\/www.ecinews.fr\/fr\/wp-json\/wp\/v2\/categories?post=444360"},{"taxonomy":"post_tag","embeddable":true,"href":"https:\/\/www.ecinews.fr\/fr\/wp-json\/wp\/v2\/tags?post=444360"},{"taxonomy":"domains","embeddable":true,"href":"https:\/\/www.ecinews.fr\/fr\/wp-json\/wp\/v2\/domains?post=444360"},{"taxonomy":"author","embeddable":true,"href":"https:\/\/www.ecinews.fr\/fr\/wp-json\/wp\/v2\/ppma_author?post=444360"}],"curies":[{"name":"wp","href":"https:\/\/api.w.org\/{rel}","templated":true}]}}