{"id":443770,"date":"2024-02-14T10:53:15","date_gmt":"2024-02-14T09:53:15","guid":{"rendered":"https:\/\/www.eenewseurope.com\/?p=443770"},"modified":"2024-02-14T10:55:28","modified_gmt":"2024-02-14T09:55:28","slug":"r2-semi-affirme-que-de-nombreux-cpu-intel-pourraient-etre-interdits-en-europe","status":"publish","type":"post","link":"https:\/\/www.ecinews.fr\/fr\/r2-semi-affirme-que-de-nombreux-cpu-intel-pourraient-etre-interdits-en-europe\/","title":{"rendered":"R2 Semi affirme que de nombreux CPU Intel pourraient \u00eatre interdits en Europe"},"content":{"rendered":"<p>R2 Semiconductor Inc. (Palo Alto, Calif.) a d\u00e9clar\u00e9 que de nombreux processeurs pour serveurs d&rsquo;Intel pourraient \u00eatre interdits de vente en Europe \u00e0 la suite d&rsquo;une r\u00e9cente d\u00e9cision en mati\u00e8re de propri\u00e9t\u00e9 intellectuelle rendue par un tribunal allemand.<\/p>\n<p>La soci\u00e9t\u00e9 de licences de propri\u00e9t\u00e9 intellectuelle a ajout\u00e9 que le projet d&rsquo;Intel d&rsquo;investir plus de 30 milliards d&rsquo;euros dans des usines de fabrication de wafers de silicium dans la ville allemande de Magdebourg pourrait \u00eatre affect\u00e9 par l&rsquo;injonction (voir <a href=\"https:\/\/www.eenewseurope.com\/en\/intel-increases-its-bid-for-german-fabs\/\">Intel augmente son offre pour des usines allemandes<\/a>).<\/p>\n<p>Le tribunal r\u00e9gional de D\u00fcsseldorf a jug\u00e9 qu&rsquo;Intel avait enfreint le brevet europ\u00e9en de R2 concernant la technologie int\u00e9gr\u00e9e de r\u00e9gulation de tension. On pense qu&rsquo;il s&rsquo;agit d&rsquo;un moyen de mettre en \u0153uvre la mise \u00e0 l&rsquo;\u00e9chelle dynamique de la tension et de la fr\u00e9quence (DVFS). Le tribunal a \u00e9mis une injonction interdisant \u00e0 Intel en Allemagne de vendre, d&rsquo;importer ou de fabriquer des puces contenant la technologie \u00ab\u00a0contrefaite\u00a0\u00bb, qui est particuli\u00e8rement importante dans le secteur des serveurs d&rsquo;Intel. L&rsquo;injonction s&rsquo;applique \u00e9galement aux clients d&rsquo;Intel, Dell, HP et HPE, puisqu&rsquo;ils utilisent c ette technologie .<\/p>\n<p>Selon R2 Semiconductor, Intel aurait fait appel de la d\u00e9cision et chercherait \u00e9galement \u00e0 faire invalider le brevet europ\u00e9en. Intel aurait \u00e9galement d\u00e9clar\u00e9 que l&rsquo;injonction ne s&rsquo;appliquerait qu&rsquo;\u00e0 certains processeurs plus anciens &#8211; Ice Lake, Tiger Lake et Alder Lake &#8211; dont deux ont d\u00e9j\u00e0 \u00e9t\u00e9 abandonn\u00e9s.<\/p>\n<p>Cependant, R2 a d\u00e9clar\u00e9 que la nature progressive du d\u00e9veloppement des processeurs d&rsquo;Intel signifiait qu&rsquo;il \u00e9tait probable que de nombreux processeurs introduits apr\u00e8s ceux-ci pourraient utiliser les m\u00eames techniques de r\u00e9gulation de la tension et devraient \u00e9galement \u00eatre soumis \u00e0 l&rsquo;injonction. R2 a ajout\u00e9 qu&rsquo;Intel, Dell, HP et HPE doivent lui fournir une liste de tous les processeurs qui utilisent les m\u00eames techniques de r\u00e9gulation de la tension. Il a ajout\u00e9 que les puces plus r\u00e9centes, telles que celles des 13e et 14e g\u00e9n\u00e9rations (par exemple, Raptor Lake), pourraient tr\u00e8s bien entrer dans le champ d&rsquo;application de l&rsquo;injonction.<\/p>\n<p>Un brevet am\u00e9ricain sur la gestion de l&rsquo;\u00e9nergie d\u00e9tenu par R2 Semiconductor a \u00e9t\u00e9 invalid\u00e9 en novembre 2019 \u00e0 l&rsquo;issue d&rsquo;une bataille juridique similaire entre R2 Semiconductor et Intel.<\/p>\n<p>R2 Semiconductor a d\u00e9clar\u00e9 dans un communiqu\u00e9 que, bien qu&rsquo;il semble qu&rsquo;Intel ait fait appel de la derni\u00e8re d\u00e9cision, les tribunaux allemands ne suspendent g\u00e9n\u00e9ralement pas une injonction en cas d&rsquo;appel &#8211; ce qui signifie que l&rsquo;injonction resterait en place jusqu&rsquo;en 2025, au minimum.<\/p>\n<p>R2 Semiconductor a \u00e9galement intent\u00e9 une action en justice contre Intel au Royaume-Uni, o\u00f9 une injonction est \u00e9galement demand\u00e9e. R2 a d\u00e9clar\u00e9 que le brevet europ\u00e9en est diff\u00e9rent du brevet am\u00e9ricain qu&rsquo;Intel a contest\u00e9 il y a plusieurs ann\u00e9es, de sorte que l&rsquo;historique des litiges n&rsquo;a rien \u00e0 voir avec la situation actuelle d&rsquo;Intel.<\/p>\n<h4>Liens et articles connexes :<\/h4>\n<p><a href=\"http:\/\/www.r2semi.com\">www.r2semi.com<\/a><\/p>\n<p><a href=\"http:\/\/www.intel.com\">www.intel.com<\/a><\/p>\n<h4>Articles de presse :<\/h4>\n<p><a href=\"https:\/\/www.eenewseurope.com\/en\/intel-increases-its-bid-for-german-fabs\/\">Intel revoit \u00e0 la hausse son offre pour les usines allemandes<\/a><\/p>\n<p><a href=\"https:\/\/www.eenewseurope.com\/en\/intel-puts-on-a-brave-face-as-data-centre-revenue-plummets\/\">Intel fait bonne figure face \u00e0 la chute du chiffre d&rsquo;affaires des centres de donn\u00e9es<\/a><\/p>\n<p><a href=\"https:\/\/www.eenewseurope.com\/en\/us-funds-intel-samsung-ibm-to-research-next-generation-chips\/\">Les \u00c9tats-Unis financent Intel, Samsung et IBM pour la recherche sur les puces de nouvelle g\u00e9n\u00e9ration<\/a><\/p>\n<p><a href=\"https:\/\/www.eenewseurope.com\/en\/intel-pushes-back-tsmc-order-for-3nm-chiplet-tiles-to-2024\/\">Intel repousse \u00e0 2024 la commande de TSMC pour des tuiles chiplet de 3 nm<\/a><\/p>\n","protected":false},"excerpt":{"rendered":"<p>R2 Semiconductor Inc. (Palo Alto, Calif.) a d\u00e9clar\u00e9 que de nombreux processeurs pour serveurs d&rsquo;Intel pourraient \u00eatre interdits de vente en Europe \u00e0 la suite d&rsquo;une r\u00e9cente d\u00e9cision en mati\u00e8re de propri\u00e9t\u00e9 intellectuelle rendue par un tribunal allemand. La soci\u00e9t\u00e9 de licences de propri\u00e9t\u00e9 intellectuelle a ajout\u00e9 que le projet d&rsquo;Intel d&rsquo;investir plus de 30 [&hellip;]<\/p>\n","protected":false},"author":2,"featured_media":336774,"comment_status":"closed","ping_status":"closed","sticky":false,"template":"","format":"standard","meta":{"_acf_changed":false,"footnotes":""},"categories":[880,3669],"tags":[5849,3302,913,906,3701],"domains":[47],"ppma_author":[3631],"class_list":["post-443770","post","type-post","status-publish","format-standard","has-post-thumbnail","hentry","category-actualites-economiques","category-nouvelles","tag-brevets","tag-ip-fr","tag-materials-processes-fr","tag-mpus-mcus-fr","tag-silicium","domains-electronique-eci"],"acf":[],"yoast_head":"<title>R2 Semi affirme que de nombreux CPU Intel pourraient \u00eatre inte...<\/title>\n<meta name=\"description\" content=\"R2 Semiconductor a d\u00e9clar\u00e9 que desprocesseurs pour serveurs d&#039;Intel pourraient \u00eatre interdits en Europe suite \u00e0 une d\u00e9cision judiciaire.\" \/>\n<meta name=\"robots\" content=\"index, follow, max-snippet:-1, max-image-preview:large, max-video-preview:-1\" \/>\n<link rel=\"canonical\" href=\"https:\/\/www.ecinews.fr\/fr\/wp-json\/wp\/v2\/posts\/443770\/\" \/>\n<meta property=\"og:locale\" content=\"fr_FR\" \/>\n<meta property=\"og:type\" content=\"article\" \/>\n<meta property=\"og:title\" content=\"R2 Semi affirme que de nombreux CPU Intel pourraient \u00eatre interdits en Europe\" \/>\n<meta property=\"og:description\" content=\"R2 Semiconductor a d\u00e9clar\u00e9 que desprocesseurs pour serveurs d&#039;Intel pourraient \u00eatre interdits en Europe suite \u00e0 une d\u00e9cision judiciaire.\" \/>\n<meta property=\"og:url\" content=\"https:\/\/www.ecinews.fr\/fr\/wp-json\/wp\/v2\/posts\/443770\/\" \/>\n<meta property=\"og:site_name\" content=\"EENewsEurope\" \/>\n<meta property=\"article:published_time\" content=\"2024-02-14T09:53:15+00:00\" \/>\n<meta property=\"article:modified_time\" content=\"2024-02-14T09:55:28+00:00\" \/>\n<meta property=\"og:image\" content=\"https:\/\/www.ecinews.fr\/wp-content\/uploads\/import\/default\/files\/import\/justice440.jpg\" \/>\n\t<meta property=\"og:image:width\" content=\"440\" \/>\n\t<meta property=\"og:image:height\" content=\"320\" \/>\n\t<meta property=\"og:image:type\" content=\"image\/jpeg\" \/>\n<meta name=\"author\" content=\"Peter Clarke\" \/>\n<meta name=\"twitter:card\" content=\"summary_large_image\" \/>\n<meta name=\"twitter:label1\" content=\"Written by\" \/>\n\t<meta name=\"twitter:data1\" content=\"NicolasR\" \/>\n\t<meta name=\"twitter:label2\" content=\"Est. reading time\" \/>\n\t<meta name=\"twitter:data2\" content=\"3 minutes\" \/>\n<script type=\"application\/ld+json\" class=\"yoast-schema-graph\">{\"@context\":\"https:\/\/schema.org\",\"@graph\":[{\"@type\":\"Article\",\"@id\":\"https:\/\/www.ecinews.fr\/fr\/r2-semi-affirme-que-de-nombreux-cpu-intel-pourraient-etre-interdits-en-europe\/#article\",\"isPartOf\":{\"@id\":\"https:\/\/www.ecinews.fr\/fr\/r2-semi-affirme-que-de-nombreux-cpu-intel-pourraient-etre-interdits-en-europe\/\"},\"author\":{\"name\":\"NicolasR\",\"@id\":\"https:\/\/www.ecinews.fr\/fr\/#\/schema\/person\/78961bf5e4a331d3b8b2d58fdfef976c\"},\"headline\":\"R2 Semi affirme que de nombreux CPU Intel pourraient \u00eatre interdits en Europe\",\"datePublished\":\"2024-02-14T09:53:15+00:00\",\"dateModified\":\"2024-02-14T09:55:28+00:00\",\"mainEntityOfPage\":{\"@id\":\"https:\/\/www.ecinews.fr\/fr\/r2-semi-affirme-que-de-nombreux-cpu-intel-pourraient-etre-interdits-en-europe\/\"},\"wordCount\":606,\"publisher\":{\"@id\":\"https:\/\/www.ecinews.fr\/fr\/#organization\"},\"keywords\":[\"brevets\",\"IP\",\"Materials &amp; processes\",\"MPUs\/MCUs\",\"silicium\"],\"articleSection\":[\"Actualit\u00e9s \u00e9conomiques\",\"Nouvelles\"],\"inLanguage\":\"fr-FR\"},{\"@type\":\"WebPage\",\"@id\":\"https:\/\/www.ecinews.fr\/fr\/r2-semi-affirme-que-de-nombreux-cpu-intel-pourraient-etre-interdits-en-europe\/\",\"url\":\"https:\/\/www.ecinews.fr\/fr\/r2-semi-affirme-que-de-nombreux-cpu-intel-pourraient-etre-interdits-en-europe\/\",\"name\":\"R2 Semi affirme que de nombreux CPU Intel pourraient \u00eatre interdits en Europe\",\"isPartOf\":{\"@id\":\"https:\/\/www.ecinews.fr\/fr\/#website\"},\"datePublished\":\"2024-02-14T09:53:15+00:00\",\"dateModified\":\"2024-02-14T09:55:28+00:00\",\"description\":\"R2 Semiconductor a d\u00e9clar\u00e9 que desprocesseurs pour serveurs d'Intel pourraient \u00eatre interdits en Europe suite \u00e0 une d\u00e9cision judiciaire.\",\"breadcrumb\":{\"@id\":\"https:\/\/www.ecinews.fr\/fr\/r2-semi-affirme-que-de-nombreux-cpu-intel-pourraient-etre-interdits-en-europe\/#breadcrumb\"},\"inLanguage\":\"fr-FR\",\"potentialAction\":[{\"@type\":\"ReadAction\",\"target\":[\"https:\/\/www.ecinews.fr\/fr\/r2-semi-affirme-que-de-nombreux-cpu-intel-pourraient-etre-interdits-en-europe\/\"]}]},{\"@type\":\"BreadcrumbList\",\"@id\":\"https:\/\/www.ecinews.fr\/fr\/r2-semi-affirme-que-de-nombreux-cpu-intel-pourraient-etre-interdits-en-europe\/#breadcrumb\",\"itemListElement\":[{\"@type\":\"ListItem\",\"position\":1,\"name\":\"Home\",\"item\":\"https:\/\/www.ecinews.fr\/fr\/\"},{\"@type\":\"ListItem\",\"position\":2,\"name\":\"R2 Semi affirme que de nombreux CPU Intel pourraient \u00eatre interdits en Europe\"}]},{\"@type\":\"WebSite\",\"@id\":\"https:\/\/www.ecinews.fr\/fr\/#website\",\"url\":\"https:\/\/www.ecinews.fr\/fr\/\",\"name\":\"EENewsEurope\",\"description\":\"Just another WordPress site\",\"publisher\":{\"@id\":\"https:\/\/www.ecinews.fr\/fr\/#organization\"},\"potentialAction\":[{\"@type\":\"SearchAction\",\"target\":{\"@type\":\"EntryPoint\",\"urlTemplate\":\"https:\/\/www.ecinews.fr\/fr\/?s={search_term_string}\"},\"query-input\":\"required name=search_term_string\"}],\"inLanguage\":\"fr-FR\"},{\"@type\":\"Organization\",\"@id\":\"https:\/\/www.ecinews.fr\/fr\/#organization\",\"name\":\"EENewsEurope\",\"url\":\"https:\/\/www.ecinews.fr\/fr\/\",\"logo\":{\"@type\":\"ImageObject\",\"inLanguage\":\"fr-FR\",\"@id\":\"https:\/\/www.ecinews.fr\/fr\/#\/schema\/logo\/image\/\",\"url\":\"https:\/\/www.ecinews.fr\/wp-content\/uploads\/2022\/02\/logo-1.jpg\",\"contentUrl\":\"https:\/\/www.ecinews.fr\/wp-content\/uploads\/2022\/02\/logo-1.jpg\",\"width\":283,\"height\":113,\"caption\":\"EENewsEurope\"},\"image\":{\"@id\":\"https:\/\/www.ecinews.fr\/fr\/#\/schema\/logo\/image\/\"}},{\"@type\":\"Person\",\"@id\":\"https:\/\/www.ecinews.fr\/fr\/#\/schema\/person\/78961bf5e4a331d3b8b2d58fdfef976c\",\"name\":\"NicolasR\",\"image\":{\"@type\":\"ImageObject\",\"inLanguage\":\"fr-FR\",\"@id\":\"https:\/\/www.ecinews.fr\/fr\/#\/schema\/person\/image\/1113513d73c6c997fc7ac1ecedfff8d9\",\"url\":\"https:\/\/secure.gravatar.com\/avatar\/8c46107760468ab8a00c814c26c19ab4?s=96&d=mm&r=g\",\"contentUrl\":\"https:\/\/secure.gravatar.com\/avatar\/8c46107760468ab8a00c814c26c19ab4?s=96&d=mm&r=g\",\"caption\":\"NicolasR\"}}]}<\/script>","yoast_head_json":{"title":"R2 Semi affirme que de nombreux CPU Intel pourraient \u00eatre inte...","description":"R2 Semiconductor a d\u00e9clar\u00e9 que desprocesseurs pour serveurs d'Intel pourraient \u00eatre interdits en Europe suite \u00e0 une d\u00e9cision judiciaire.","robots":{"index":"index","follow":"follow","max-snippet":"max-snippet:-1","max-image-preview":"max-image-preview:large","max-video-preview":"max-video-preview:-1"},"canonical":"https:\/\/www.ecinews.fr\/fr\/wp-json\/wp\/v2\/posts\/443770\/","og_locale":"fr_FR","og_type":"article","og_title":"R2 Semi affirme que de nombreux CPU Intel pourraient \u00eatre interdits en Europe","og_description":"R2 Semiconductor a d\u00e9clar\u00e9 que desprocesseurs pour serveurs d'Intel pourraient \u00eatre interdits en Europe suite \u00e0 une d\u00e9cision judiciaire.","og_url":"https:\/\/www.ecinews.fr\/fr\/wp-json\/wp\/v2\/posts\/443770\/","og_site_name":"EENewsEurope","article_published_time":"2024-02-14T09:53:15+00:00","article_modified_time":"2024-02-14T09:55:28+00:00","og_image":[{"width":440,"height":320,"url":"https:\/\/www.ecinews.fr\/wp-content\/uploads\/import\/default\/files\/import\/justice440.jpg","type":"image\/jpeg"}],"author":"Peter Clarke","twitter_card":"summary_large_image","twitter_misc":{"Written by":"NicolasR","Est. reading time":"3 minutes"},"schema":{"@context":"https:\/\/schema.org","@graph":[{"@type":"Article","@id":"https:\/\/www.ecinews.fr\/fr\/r2-semi-affirme-que-de-nombreux-cpu-intel-pourraient-etre-interdits-en-europe\/#article","isPartOf":{"@id":"https:\/\/www.ecinews.fr\/fr\/r2-semi-affirme-que-de-nombreux-cpu-intel-pourraient-etre-interdits-en-europe\/"},"author":{"name":"NicolasR","@id":"https:\/\/www.ecinews.fr\/fr\/#\/schema\/person\/78961bf5e4a331d3b8b2d58fdfef976c"},"headline":"R2 Semi affirme que de nombreux CPU Intel pourraient \u00eatre interdits en Europe","datePublished":"2024-02-14T09:53:15+00:00","dateModified":"2024-02-14T09:55:28+00:00","mainEntityOfPage":{"@id":"https:\/\/www.ecinews.fr\/fr\/r2-semi-affirme-que-de-nombreux-cpu-intel-pourraient-etre-interdits-en-europe\/"},"wordCount":606,"publisher":{"@id":"https:\/\/www.ecinews.fr\/fr\/#organization"},"keywords":["brevets","IP","Materials &amp; processes","MPUs\/MCUs","silicium"],"articleSection":["Actualit\u00e9s \u00e9conomiques","Nouvelles"],"inLanguage":"fr-FR"},{"@type":"WebPage","@id":"https:\/\/www.ecinews.fr\/fr\/r2-semi-affirme-que-de-nombreux-cpu-intel-pourraient-etre-interdits-en-europe\/","url":"https:\/\/www.ecinews.fr\/fr\/r2-semi-affirme-que-de-nombreux-cpu-intel-pourraient-etre-interdits-en-europe\/","name":"R2 Semi affirme que de nombreux CPU Intel pourraient \u00eatre interdits en Europe","isPartOf":{"@id":"https:\/\/www.ecinews.fr\/fr\/#website"},"datePublished":"2024-02-14T09:53:15+00:00","dateModified":"2024-02-14T09:55:28+00:00","description":"R2 Semiconductor a d\u00e9clar\u00e9 que desprocesseurs pour serveurs d'Intel pourraient \u00eatre interdits en Europe suite \u00e0 une d\u00e9cision judiciaire.","breadcrumb":{"@id":"https:\/\/www.ecinews.fr\/fr\/r2-semi-affirme-que-de-nombreux-cpu-intel-pourraient-etre-interdits-en-europe\/#breadcrumb"},"inLanguage":"fr-FR","potentialAction":[{"@type":"ReadAction","target":["https:\/\/www.ecinews.fr\/fr\/r2-semi-affirme-que-de-nombreux-cpu-intel-pourraient-etre-interdits-en-europe\/"]}]},{"@type":"BreadcrumbList","@id":"https:\/\/www.ecinews.fr\/fr\/r2-semi-affirme-que-de-nombreux-cpu-intel-pourraient-etre-interdits-en-europe\/#breadcrumb","itemListElement":[{"@type":"ListItem","position":1,"name":"Home","item":"https:\/\/www.ecinews.fr\/fr\/"},{"@type":"ListItem","position":2,"name":"R2 Semi affirme que de nombreux CPU Intel pourraient \u00eatre interdits en Europe"}]},{"@type":"WebSite","@id":"https:\/\/www.ecinews.fr\/fr\/#website","url":"https:\/\/www.ecinews.fr\/fr\/","name":"EENewsEurope","description":"Just another WordPress site","publisher":{"@id":"https:\/\/www.ecinews.fr\/fr\/#organization"},"potentialAction":[{"@type":"SearchAction","target":{"@type":"EntryPoint","urlTemplate":"https:\/\/www.ecinews.fr\/fr\/?s={search_term_string}"},"query-input":"required name=search_term_string"}],"inLanguage":"fr-FR"},{"@type":"Organization","@id":"https:\/\/www.ecinews.fr\/fr\/#organization","name":"EENewsEurope","url":"https:\/\/www.ecinews.fr\/fr\/","logo":{"@type":"ImageObject","inLanguage":"fr-FR","@id":"https:\/\/www.ecinews.fr\/fr\/#\/schema\/logo\/image\/","url":"https:\/\/www.ecinews.fr\/wp-content\/uploads\/2022\/02\/logo-1.jpg","contentUrl":"https:\/\/www.ecinews.fr\/wp-content\/uploads\/2022\/02\/logo-1.jpg","width":283,"height":113,"caption":"EENewsEurope"},"image":{"@id":"https:\/\/www.ecinews.fr\/fr\/#\/schema\/logo\/image\/"}},{"@type":"Person","@id":"https:\/\/www.ecinews.fr\/fr\/#\/schema\/person\/78961bf5e4a331d3b8b2d58fdfef976c","name":"NicolasR","image":{"@type":"ImageObject","inLanguage":"fr-FR","@id":"https:\/\/www.ecinews.fr\/fr\/#\/schema\/person\/image\/1113513d73c6c997fc7ac1ecedfff8d9","url":"https:\/\/secure.gravatar.com\/avatar\/8c46107760468ab8a00c814c26c19ab4?s=96&d=mm&r=g","contentUrl":"https:\/\/secure.gravatar.com\/avatar\/8c46107760468ab8a00c814c26c19ab4?s=96&d=mm&r=g","caption":"NicolasR"}}]}},"authors":[{"term_id":3631,"user_id":0,"is_guest":1,"slug":"peter-clarke","display_name":"Peter Clarke","avatar_url":"https:\/\/secure.gravatar.com\/avatar\/?s=96&d=mm&r=g","0":null,"1":"","2":"","3":"","4":"","5":"","6":"","7":"","8":""}],"_links":{"self":[{"href":"https:\/\/www.ecinews.fr\/fr\/wp-json\/wp\/v2\/posts\/443770"}],"collection":[{"href":"https:\/\/www.ecinews.fr\/fr\/wp-json\/wp\/v2\/posts"}],"about":[{"href":"https:\/\/www.ecinews.fr\/fr\/wp-json\/wp\/v2\/types\/post"}],"author":[{"embeddable":true,"href":"https:\/\/www.ecinews.fr\/fr\/wp-json\/wp\/v2\/users\/2"}],"replies":[{"embeddable":true,"href":"https:\/\/www.ecinews.fr\/fr\/wp-json\/wp\/v2\/comments?post=443770"}],"version-history":[{"count":0,"href":"https:\/\/www.ecinews.fr\/fr\/wp-json\/wp\/v2\/posts\/443770\/revisions"}],"wp:featuredmedia":[{"embeddable":true,"href":"https:\/\/www.ecinews.fr\/fr\/wp-json\/wp\/v2\/media\/336774"}],"wp:attachment":[{"href":"https:\/\/www.ecinews.fr\/fr\/wp-json\/wp\/v2\/media?parent=443770"}],"wp:term":[{"taxonomy":"category","embeddable":true,"href":"https:\/\/www.ecinews.fr\/fr\/wp-json\/wp\/v2\/categories?post=443770"},{"taxonomy":"post_tag","embeddable":true,"href":"https:\/\/www.ecinews.fr\/fr\/wp-json\/wp\/v2\/tags?post=443770"},{"taxonomy":"domains","embeddable":true,"href":"https:\/\/www.ecinews.fr\/fr\/wp-json\/wp\/v2\/domains?post=443770"},{"taxonomy":"author","embeddable":true,"href":"https:\/\/www.ecinews.fr\/fr\/wp-json\/wp\/v2\/ppma_author?post=443770"}],"curies":[{"name":"wp","href":"https:\/\/api.w.org\/{rel}","templated":true}]}}