{"id":443767,"date":"2024-02-14T10:54:44","date_gmt":"2024-02-14T09:54:44","guid":{"rendered":"https:\/\/www.eenewseurope.com\/?p=443767"},"modified":"2024-02-14T10:56:08","modified_gmt":"2024-02-14T09:56:08","slug":"un-avatar-anime-par-la-technologie-de-realite-augmentee-de-la-5g-se-tourne-vers-le-metavers","status":"publish","type":"post","link":"https:\/\/www.ecinews.fr\/fr\/un-avatar-anime-par-la-technologie-de-realite-augmentee-de-la-5g-se-tourne-vers-le-metavers\/","title":{"rendered":"Un avatar anim\u00e9 par la technologie de R\u00e9alit\u00e9 Augment\u00e9e de la 5G se tourne vers le m\u00e9tavers"},"content":{"rendered":"<h3><span style=\"font-size: 16px;\">Rohde &amp; Schwarz et Slalom collaborent \u00e0 la r\u00e9alisation de syst\u00e8mes d&rsquo;appel d&rsquo;avatars anim\u00e9s de R\u00e9alit\u00e9 Augment\u00e9e pour les applications de m\u00e9tavers et de r\u00e9alit\u00e9 \u00e9tendue (XR), consid\u00e9r\u00e9es comme essentielles pour lib\u00e9rer tout le potentiel de la technologie 5G pour les consommateurs.<\/span><\/h3>\n<p>Le duo d\u00e9veloppe des outils essentiels pour tester en profondeur les cas d&rsquo;utilisation XR avant le lancement sur le march\u00e9 et d\u00e9montrera comment permettre la r\u00e9alit\u00e9 augment\u00e9e de demain lors du MWC 2024. Des tests rigoureux sont essentiels pour garantir la performance et l&rsquo;acceptation par le march\u00e9 de ces exp\u00e9riences immersives 5G.<\/p>\n<p>L&rsquo;un des domaines cl\u00e9s de la 5G-Advanc\u00e9e, qui sera abord\u00e9 dans la version 18 du 3GPP, est le d\u00e9veloppement d&rsquo;appels d&rsquo;avatars anim\u00e9s utilisant la r\u00e9alit\u00e9 augment\u00e9e. Ce projet est consid\u00e9r\u00e9 comme un tremplin vers une int\u00e9gration plus large du m\u00e9tavers.<\/p>\n<p>Rohde &amp; Schwarz s&rsquo;est associ\u00e9 \u00e0 Slalom, une soci\u00e9t\u00e9 de services professionnels, cr\u00e9atrice de valeur \u00e0 l&rsquo;intersection des affaires, de la technologie et de l&rsquo;humain, pour cr\u00e9er un environnement de laboratoire de pointe. Cette collaboration a d\u00e9bouch\u00e9 sur un banc d&rsquo;essai pour les cas d&rsquo;utilisation bas\u00e9s sur la technologie XR. Au c\u0153ur du banc d&rsquo;essai se trouve le testeur de signalisation CMX500 5G de Rohde &amp; Schwarz. Cette configuration innovante permet aux op\u00e9rateurs de r\u00e9seaux d&rsquo;\u00e9valuer les applications et les services bas\u00e9s sur XR dans un environnement contr\u00f4l\u00e9, garantissant des performances optimales et une qualit\u00e9 d&rsquo;exp\u00e9rience (QoE) pour leurs abonn\u00e9s avant m\u00eame le d\u00e9ploiement g\u00e9n\u00e9ral.<\/p>\n<p>L&rsquo;avatar anim\u00e9, d\u00e9velopp\u00e9 par Slalom, est rendu sur une architecture informatique en nuage (cloud computing), qui est int\u00e9gr\u00e9e de mani\u00e8re transparente au CMX500. Le CMX500 \u00e9mule un r\u00e9seau 5G pour \u00e9tablir une connexion VoNR (Voice over New Radio) avec l&rsquo;appareil de l&rsquo;utilisateur final. L&rsquo;exp\u00e9rience de l&rsquo;utilisateur final prend vie \u00e0 l&rsquo;aide d&rsquo;un smartphone motorola edge 40 pro 5G connect\u00e9 aux lunettes intelligentes Lenovo ThinkReality A3, o\u00f9 l&rsquo;avatar est affich\u00e9. Le syst\u00e8me comporte \u00e9galement un bouclage d&rsquo;\u00e9chantillons audio, qui jette les bases de futures \u00e9valuations de la qualit\u00e9 audio bas\u00e9es sur l&rsquo;algorithme POLQA. Un aspect essentiel de l&rsquo;animation de l&rsquo;avatar est l&rsquo;\u00e9mulation des mouvements de la t\u00eate, qui est con\u00e7ue pour donner l&rsquo;impression d&rsquo;\u00eatre attentif pendant les appels. Le rendu pr\u00e9cis et l&rsquo;affichage en temps voulu de ces d\u00e9tails sur l&rsquo;appareil de l&rsquo;utilisateur final font partie des indicateurs de performance cl\u00e9s qui font l&rsquo;objet d&rsquo;une \u00e9tude plus approfondie de la part des deux entreprises.<\/p>\n<p>Christoph Pointner, vice-pr\u00e9sident senior pour les testeurs de radio mobile chez Rohde &amp; Schwarz, d\u00e9clare : \u00ab\u00a0Nous am\u00e9liorons nos capacit\u00e9s de test d&rsquo;applications gr\u00e2ce \u00e0 notre collaboration avec Slalom. Ce partenariat jette des bases solides pour l&rsquo;\u00e9cosyst\u00e8me sans fil, en acc\u00e9l\u00e9rant l&rsquo;introduction sur le march\u00e9 d&rsquo;applications et de services bas\u00e9s sur le XR pour ouvrir la voie au m\u00e9tavers.\u00a0\u00bb<\/p>\n<p>Sam Andrews, directeur g\u00e9n\u00e9ral de Slalom, d\u00e9clare : \u00ab\u00a0En partenariat avec Rohde &amp; Schwarz, nous avons d\u00e9velopp\u00e9 un concept innovant qui permet d&rsquo;\u00e9valuer et de mesurer la qualit\u00e9 de bout en bout des exp\u00e9riences XR en tenant compte du r\u00e9seau, de l&rsquo;appareil et de l&rsquo;application afin de cr\u00e9er des r\u00e9sultats transparents pour les utilisateurs finaux et de d\u00e9bloquer de nouvelles opportunit\u00e9s pour les entreprises.\u00a0\u00bb<\/p>\n<p>Cette collaboration entre Rohde &amp; Schwarz et Slalom ouvre la voie \u00e0 des interactions virtuelles plus immersives et plus personnelles. Pour les consommateurs, cette innovation promet une meilleure sensation de pr\u00e9sence et d&rsquo;engagement lors des appels vocaux.<\/p>\n<p><a href=\"http:\/\/www.rohde-schwarz.com\">www.rohde-schwarz.com<\/a><\/p>\n<p><u><a href=\"https:\/\/news.google.com\/publications\/CAAqBwgKMJbcwQswuPfYAw?hl=fr&amp;gl=BE&amp;ceid=BE:fr\" target=\"news.google.com\" rel=\"noopener\">Suivre ECInews sur Google news<\/a><\/u><\/p>\n","protected":false},"excerpt":{"rendered":"<p>Les appels d&rsquo;avatars anim\u00e9s en AR pour les applications m\u00e9taverses et XR sont consid\u00e9r\u00e9s comme essentiels pour lib\u00e9rer tout le potentiel de la 5G pour les consommateurs.<\/p>\n","protected":false},"author":11,"featured_media":443403,"comment_status":"closed","ping_status":"closed","sticky":false,"template":"","format":"standard","meta":{"_acf_changed":false,"footnotes":""},"categories":[883],"tags":[5845,5847,5843,5846,5842,5844],"domains":[47],"ppma_author":[1143,3682],"class_list":["post-443767","post","type-post","status-publish","format-standard","has-post-thumbnail","hentry","category-technologies","tag-5g-avancee","tag-animation-fr","tag-ar-fr","tag-avatar-fr","tag-metavers","tag-xr-fr","domains-electronique-eci"],"acf":[],"yoast_head":"<title>Un avatar anim\u00e9 par la technologie de R\u00e9alit\u00e9 Augment\u00e9e de ...<\/title>\n<meta name=\"description\" content=\"Les appels d&#039;avatars anim\u00e9s en AR pour les applications m\u00e9tavers et XR sont consid\u00e9r\u00e9s comme essentiels de la 5G pour les consommateurs.\" \/>\n<meta name=\"robots\" content=\"index, follow, max-snippet:-1, max-image-preview:large, max-video-preview:-1\" \/>\n<link rel=\"canonical\" href=\"https:\/\/www.ecinews.fr\/fr\/wp-json\/wp\/v2\/posts\/443767\/\" \/>\n<meta property=\"og:locale\" content=\"fr_FR\" \/>\n<meta property=\"og:type\" content=\"article\" \/>\n<meta property=\"og:title\" content=\"Un avatar anim\u00e9 par la technologie de R\u00e9alit\u00e9 Augment\u00e9e de la 5G se tourne vers le m\u00e9tavers\" \/>\n<meta property=\"og:description\" content=\"Les appels d&#039;avatars anim\u00e9s en AR pour les applications m\u00e9tavers et XR sont consid\u00e9r\u00e9s comme essentiels de la 5G pour les consommateurs.\" \/>\n<meta property=\"og:url\" content=\"https:\/\/www.ecinews.fr\/fr\/wp-json\/wp\/v2\/posts\/443767\/\" \/>\n<meta property=\"og:site_name\" content=\"EENewsEurope\" \/>\n<meta property=\"article:published_time\" content=\"2024-02-14T09:54:44+00:00\" \/>\n<meta property=\"article:modified_time\" content=\"2024-02-14T09:56:08+00:00\" \/>\n<meta property=\"og:image\" content=\"https:\/\/www.ecinews.fr\/wp-content\/uploads\/2024\/02\/2024-02-08-Rohde-Schwarz-Slalom-5G-AR-Animated-Avatar.jpg\" \/>\n\t<meta property=\"og:image:width\" content=\"945\" \/>\n\t<meta property=\"og:image:height\" content=\"532\" \/>\n\t<meta property=\"og:image:type\" content=\"image\/jpeg\" \/>\n<meta name=\"author\" content=\"Daniel Cardon, Jean-Pierre Joosting\" \/>\n<meta name=\"twitter:card\" content=\"summary_large_image\" \/>\n<meta name=\"twitter:label1\" content=\"Written by\" \/>\n\t<meta name=\"twitter:data1\" content=\"Daniel Cardon\" \/>\n\t<meta name=\"twitter:label2\" content=\"Est. reading time\" \/>\n\t<meta name=\"twitter:data2\" content=\"3 minutes\" \/>\n<script type=\"application\/ld+json\" class=\"yoast-schema-graph\">{\"@context\":\"https:\/\/schema.org\",\"@graph\":[{\"@type\":\"Article\",\"@id\":\"https:\/\/www.ecinews.fr\/fr\/un-avatar-anime-par-la-technologie-de-realite-augmentee-de-la-5g-se-tourne-vers-le-metavers\/#article\",\"isPartOf\":{\"@id\":\"https:\/\/www.ecinews.fr\/fr\/un-avatar-anime-par-la-technologie-de-realite-augmentee-de-la-5g-se-tourne-vers-le-metavers\/\"},\"author\":{\"name\":\"Daniel Cardon\",\"@id\":\"https:\/\/www.eenewseurope.com\/en\/#\/schema\/person\/93c44cde463762f40a8236eaa44c1c17\"},\"headline\":\"Un avatar anim\u00e9 par la technologie de R\u00e9alit\u00e9 Augment\u00e9e de la 5G se tourne vers le m\u00e9tavers\",\"datePublished\":\"2024-02-14T09:54:44+00:00\",\"dateModified\":\"2024-02-14T09:56:08+00:00\",\"mainEntityOfPage\":{\"@id\":\"https:\/\/www.ecinews.fr\/fr\/un-avatar-anime-par-la-technologie-de-realite-augmentee-de-la-5g-se-tourne-vers-le-metavers\/\"},\"wordCount\":686,\"publisher\":{\"@id\":\"https:\/\/www.eenewseurope.com\/en\/#organization\"},\"keywords\":[\"5G-avanc\u00e9e\",\"Animation\",\"AR\",\"Avatar\",\"M\u00e9tavers\",\"XR\"],\"articleSection\":[\"Technologies\"],\"inLanguage\":\"fr-FR\"},{\"@type\":\"WebPage\",\"@id\":\"https:\/\/www.ecinews.fr\/fr\/un-avatar-anime-par-la-technologie-de-realite-augmentee-de-la-5g-se-tourne-vers-le-metavers\/\",\"url\":\"https:\/\/www.ecinews.fr\/fr\/un-avatar-anime-par-la-technologie-de-realite-augmentee-de-la-5g-se-tourne-vers-le-metavers\/\",\"name\":\"Un avatar anim\u00e9 par la technologie de R\u00e9alit\u00e9 Augment\u00e9e de la 5G se tourne vers le m\u00e9tavers -\",\"isPartOf\":{\"@id\":\"https:\/\/www.eenewseurope.com\/en\/#website\"},\"datePublished\":\"2024-02-14T09:54:44+00:00\",\"dateModified\":\"2024-02-14T09:56:08+00:00\",\"description\":\"Les appels d'avatars anim\u00e9s en AR pour les applications m\u00e9tavers et XR sont consid\u00e9r\u00e9s comme essentiels de la 5G pour les consommateurs.\",\"breadcrumb\":{\"@id\":\"https:\/\/www.ecinews.fr\/fr\/un-avatar-anime-par-la-technologie-de-realite-augmentee-de-la-5g-se-tourne-vers-le-metavers\/#breadcrumb\"},\"inLanguage\":\"fr-FR\",\"potentialAction\":[{\"@type\":\"ReadAction\",\"target\":[\"https:\/\/www.ecinews.fr\/fr\/un-avatar-anime-par-la-technologie-de-realite-augmentee-de-la-5g-se-tourne-vers-le-metavers\/\"]}]},{\"@type\":\"BreadcrumbList\",\"@id\":\"https:\/\/www.ecinews.fr\/fr\/un-avatar-anime-par-la-technologie-de-realite-augmentee-de-la-5g-se-tourne-vers-le-metavers\/#breadcrumb\",\"itemListElement\":[{\"@type\":\"ListItem\",\"position\":1,\"name\":\"Home\",\"item\":\"https:\/\/www.ecinews.fr\/fr\/\"},{\"@type\":\"ListItem\",\"position\":2,\"name\":\"Un avatar anim\u00e9 par la technologie de R\u00e9alit\u00e9 Augment\u00e9e de la 5G se tourne vers le m\u00e9tavers\"}]},{\"@type\":\"WebSite\",\"@id\":\"https:\/\/www.eenewseurope.com\/en\/#website\",\"url\":\"https:\/\/www.eenewseurope.com\/en\/\",\"name\":\"EENewsEurope\",\"description\":\"Just another WordPress site\",\"publisher\":{\"@id\":\"https:\/\/www.eenewseurope.com\/en\/#organization\"},\"potentialAction\":[{\"@type\":\"SearchAction\",\"target\":{\"@type\":\"EntryPoint\",\"urlTemplate\":\"https:\/\/www.eenewseurope.com\/en\/?s={search_term_string}\"},\"query-input\":\"required name=search_term_string\"}],\"inLanguage\":\"fr-FR\"},{\"@type\":\"Organization\",\"@id\":\"https:\/\/www.eenewseurope.com\/en\/#organization\",\"name\":\"EENewsEurope\",\"url\":\"https:\/\/www.eenewseurope.com\/en\/\",\"logo\":{\"@type\":\"ImageObject\",\"inLanguage\":\"fr-FR\",\"@id\":\"https:\/\/www.eenewseurope.com\/en\/#\/schema\/logo\/image\/\",\"url\":\"https:\/\/www.ecinews.fr\/wp-content\/uploads\/2022\/02\/logo-1.jpg\",\"contentUrl\":\"https:\/\/www.ecinews.fr\/wp-content\/uploads\/2022\/02\/logo-1.jpg\",\"width\":283,\"height\":113,\"caption\":\"EENewsEurope\"},\"image\":{\"@id\":\"https:\/\/www.eenewseurope.com\/en\/#\/schema\/logo\/image\/\"}},{\"@type\":\"Person\",\"@id\":\"https:\/\/www.eenewseurope.com\/en\/#\/schema\/person\/93c44cde463762f40a8236eaa44c1c17\",\"name\":\"Daniel Cardon\",\"image\":{\"@type\":\"ImageObject\",\"inLanguage\":\"fr-FR\",\"@id\":\"https:\/\/www.eenewseurope.com\/en\/#\/schema\/person\/image\/2b243f6bcc1cff7d86aadfb2cd0bd870\",\"url\":\"https:\/\/secure.gravatar.com\/avatar\/de9edc136dfc061ad4778e04635baefa?s=96&d=mm&r=g\",\"contentUrl\":\"https:\/\/secure.gravatar.com\/avatar\/de9edc136dfc061ad4778e04635baefa?s=96&d=mm&r=g\",\"caption\":\"Daniel Cardon\"}}]}<\/script>","yoast_head_json":{"title":"Un avatar anim\u00e9 par la technologie de R\u00e9alit\u00e9 Augment\u00e9e de ...","description":"Les appels d'avatars anim\u00e9s en AR pour les applications m\u00e9tavers et XR sont consid\u00e9r\u00e9s comme essentiels de la 5G pour les consommateurs.","robots":{"index":"index","follow":"follow","max-snippet":"max-snippet:-1","max-image-preview":"max-image-preview:large","max-video-preview":"max-video-preview:-1"},"canonical":"https:\/\/www.ecinews.fr\/fr\/wp-json\/wp\/v2\/posts\/443767\/","og_locale":"fr_FR","og_type":"article","og_title":"Un avatar anim\u00e9 par la technologie de R\u00e9alit\u00e9 Augment\u00e9e de la 5G se tourne vers le m\u00e9tavers","og_description":"Les appels d'avatars anim\u00e9s en AR pour les applications m\u00e9tavers et XR sont consid\u00e9r\u00e9s comme essentiels de la 5G pour les consommateurs.","og_url":"https:\/\/www.ecinews.fr\/fr\/wp-json\/wp\/v2\/posts\/443767\/","og_site_name":"EENewsEurope","article_published_time":"2024-02-14T09:54:44+00:00","article_modified_time":"2024-02-14T09:56:08+00:00","og_image":[{"width":945,"height":532,"url":"https:\/\/www.ecinews.fr\/wp-content\/uploads\/2024\/02\/2024-02-08-Rohde-Schwarz-Slalom-5G-AR-Animated-Avatar.jpg","type":"image\/jpeg"}],"author":"Daniel Cardon, Jean-Pierre Joosting","twitter_card":"summary_large_image","twitter_misc":{"Written by":"Daniel Cardon","Est. reading time":"3 minutes"},"schema":{"@context":"https:\/\/schema.org","@graph":[{"@type":"Article","@id":"https:\/\/www.ecinews.fr\/fr\/un-avatar-anime-par-la-technologie-de-realite-augmentee-de-la-5g-se-tourne-vers-le-metavers\/#article","isPartOf":{"@id":"https:\/\/www.ecinews.fr\/fr\/un-avatar-anime-par-la-technologie-de-realite-augmentee-de-la-5g-se-tourne-vers-le-metavers\/"},"author":{"name":"Daniel Cardon","@id":"https:\/\/www.eenewseurope.com\/en\/#\/schema\/person\/93c44cde463762f40a8236eaa44c1c17"},"headline":"Un avatar anim\u00e9 par la technologie de R\u00e9alit\u00e9 Augment\u00e9e de la 5G se tourne vers le m\u00e9tavers","datePublished":"2024-02-14T09:54:44+00:00","dateModified":"2024-02-14T09:56:08+00:00","mainEntityOfPage":{"@id":"https:\/\/www.ecinews.fr\/fr\/un-avatar-anime-par-la-technologie-de-realite-augmentee-de-la-5g-se-tourne-vers-le-metavers\/"},"wordCount":686,"publisher":{"@id":"https:\/\/www.eenewseurope.com\/en\/#organization"},"keywords":["5G-avanc\u00e9e","Animation","AR","Avatar","M\u00e9tavers","XR"],"articleSection":["Technologies"],"inLanguage":"fr-FR"},{"@type":"WebPage","@id":"https:\/\/www.ecinews.fr\/fr\/un-avatar-anime-par-la-technologie-de-realite-augmentee-de-la-5g-se-tourne-vers-le-metavers\/","url":"https:\/\/www.ecinews.fr\/fr\/un-avatar-anime-par-la-technologie-de-realite-augmentee-de-la-5g-se-tourne-vers-le-metavers\/","name":"Un avatar anim\u00e9 par la technologie de R\u00e9alit\u00e9 Augment\u00e9e de la 5G se tourne vers le m\u00e9tavers -","isPartOf":{"@id":"https:\/\/www.eenewseurope.com\/en\/#website"},"datePublished":"2024-02-14T09:54:44+00:00","dateModified":"2024-02-14T09:56:08+00:00","description":"Les appels d'avatars anim\u00e9s en AR pour les applications m\u00e9tavers et XR sont consid\u00e9r\u00e9s comme essentiels de la 5G pour les consommateurs.","breadcrumb":{"@id":"https:\/\/www.ecinews.fr\/fr\/un-avatar-anime-par-la-technologie-de-realite-augmentee-de-la-5g-se-tourne-vers-le-metavers\/#breadcrumb"},"inLanguage":"fr-FR","potentialAction":[{"@type":"ReadAction","target":["https:\/\/www.ecinews.fr\/fr\/un-avatar-anime-par-la-technologie-de-realite-augmentee-de-la-5g-se-tourne-vers-le-metavers\/"]}]},{"@type":"BreadcrumbList","@id":"https:\/\/www.ecinews.fr\/fr\/un-avatar-anime-par-la-technologie-de-realite-augmentee-de-la-5g-se-tourne-vers-le-metavers\/#breadcrumb","itemListElement":[{"@type":"ListItem","position":1,"name":"Home","item":"https:\/\/www.ecinews.fr\/fr\/"},{"@type":"ListItem","position":2,"name":"Un avatar anim\u00e9 par la technologie de R\u00e9alit\u00e9 Augment\u00e9e de la 5G se tourne vers le m\u00e9tavers"}]},{"@type":"WebSite","@id":"https:\/\/www.eenewseurope.com\/en\/#website","url":"https:\/\/www.eenewseurope.com\/en\/","name":"EENewsEurope","description":"Just another WordPress site","publisher":{"@id":"https:\/\/www.eenewseurope.com\/en\/#organization"},"potentialAction":[{"@type":"SearchAction","target":{"@type":"EntryPoint","urlTemplate":"https:\/\/www.eenewseurope.com\/en\/?s={search_term_string}"},"query-input":"required name=search_term_string"}],"inLanguage":"fr-FR"},{"@type":"Organization","@id":"https:\/\/www.eenewseurope.com\/en\/#organization","name":"EENewsEurope","url":"https:\/\/www.eenewseurope.com\/en\/","logo":{"@type":"ImageObject","inLanguage":"fr-FR","@id":"https:\/\/www.eenewseurope.com\/en\/#\/schema\/logo\/image\/","url":"https:\/\/www.ecinews.fr\/wp-content\/uploads\/2022\/02\/logo-1.jpg","contentUrl":"https:\/\/www.ecinews.fr\/wp-content\/uploads\/2022\/02\/logo-1.jpg","width":283,"height":113,"caption":"EENewsEurope"},"image":{"@id":"https:\/\/www.eenewseurope.com\/en\/#\/schema\/logo\/image\/"}},{"@type":"Person","@id":"https:\/\/www.eenewseurope.com\/en\/#\/schema\/person\/93c44cde463762f40a8236eaa44c1c17","name":"Daniel Cardon","image":{"@type":"ImageObject","inLanguage":"fr-FR","@id":"https:\/\/www.eenewseurope.com\/en\/#\/schema\/person\/image\/2b243f6bcc1cff7d86aadfb2cd0bd870","url":"https:\/\/secure.gravatar.com\/avatar\/de9edc136dfc061ad4778e04635baefa?s=96&d=mm&r=g","contentUrl":"https:\/\/secure.gravatar.com\/avatar\/de9edc136dfc061ad4778e04635baefa?s=96&d=mm&r=g","caption":"Daniel Cardon"}}]}},"authors":[{"term_id":1143,"user_id":11,"is_guest":0,"slug":"danielcardon","display_name":"Daniel Cardon","avatar_url":"https:\/\/secure.gravatar.com\/avatar\/de9edc136dfc061ad4778e04635baefa?s=96&d=mm&r=g","0":null,"1":"","2":"","3":"","4":"","5":"","6":"","7":"","8":""},{"term_id":3682,"user_id":0,"is_guest":1,"slug":"jean-pierre-joosting","display_name":"Jean-Pierre Joosting","avatar_url":"https:\/\/secure.gravatar.com\/avatar\/?s=96&d=mm&r=g","0":null,"1":"","2":"","3":"","4":"","5":"","6":"","7":"","8":""}],"_links":{"self":[{"href":"https:\/\/www.ecinews.fr\/fr\/wp-json\/wp\/v2\/posts\/443767"}],"collection":[{"href":"https:\/\/www.ecinews.fr\/fr\/wp-json\/wp\/v2\/posts"}],"about":[{"href":"https:\/\/www.ecinews.fr\/fr\/wp-json\/wp\/v2\/types\/post"}],"author":[{"embeddable":true,"href":"https:\/\/www.ecinews.fr\/fr\/wp-json\/wp\/v2\/users\/11"}],"replies":[{"embeddable":true,"href":"https:\/\/www.ecinews.fr\/fr\/wp-json\/wp\/v2\/comments?post=443767"}],"version-history":[{"count":0,"href":"https:\/\/www.ecinews.fr\/fr\/wp-json\/wp\/v2\/posts\/443767\/revisions"}],"wp:featuredmedia":[{"embeddable":true,"href":"https:\/\/www.ecinews.fr\/fr\/wp-json\/wp\/v2\/media\/443403"}],"wp:attachment":[{"href":"https:\/\/www.ecinews.fr\/fr\/wp-json\/wp\/v2\/media?parent=443767"}],"wp:term":[{"taxonomy":"category","embeddable":true,"href":"https:\/\/www.ecinews.fr\/fr\/wp-json\/wp\/v2\/categories?post=443767"},{"taxonomy":"post_tag","embeddable":true,"href":"https:\/\/www.ecinews.fr\/fr\/wp-json\/wp\/v2\/tags?post=443767"},{"taxonomy":"domains","embeddable":true,"href":"https:\/\/www.ecinews.fr\/fr\/wp-json\/wp\/v2\/domains?post=443767"},{"taxonomy":"author","embeddable":true,"href":"https:\/\/www.ecinews.fr\/fr\/wp-json\/wp\/v2\/ppma_author?post=443767"}],"curies":[{"name":"wp","href":"https:\/\/api.w.org\/{rel}","templated":true}]}}