{"id":443241,"date":"2024-02-07T13:54:42","date_gmt":"2024-02-07T12:54:42","guid":{"rendered":"https:\/\/www.eenewseurope.com\/?p=443241"},"modified":"2024-02-07T13:54:42","modified_gmt":"2024-02-07T12:54:42","slug":"leurope-et-le-japon-freinent-le-dynamisme-du-marche-des-puces","status":"publish","type":"post","link":"https:\/\/www.ecinews.fr\/fr\/leurope-et-le-japon-freinent-le-dynamisme-du-marche-des-puces\/","title":{"rendered":"L&rsquo;Europe et le Japon freinent le dynamisme du march\u00e9 des puces"},"content":{"rendered":"<h2>Les ventes mondiales de l&rsquo;industrie ont totalis\u00e9 526,8 milliards de dollars en 2023 ; le march\u00e9 a progress\u00e9 au cours du second semestre et les ventes devraient augmenter de 13,1 % en 2024, selon l&rsquo;Association de l&rsquo;industrie des semiconducteurs (Semiconductor Industry Association).<\/h2>\n<p>Les march\u00e9s europ\u00e9en et japonais des puces ont ralenti en d\u00e9cembre, mais ce ralentissement a \u00e9t\u00e9 plus que compens\u00e9 par une fr\u00e9n\u00e9sie de d\u00e9penses en Chine et une forte hausse dans la r\u00e9gion des Am\u00e9riques, selon les chiffres de la SIA.<\/p>\n<p>La SIA publie des moyennes mobiles sur trois mois, de sorte que les chiffres de d\u00e9cembre 2023 servent \u00e9galement d&rsquo;approximation pour le quatri\u00e8me trimestre 23. Au quatri\u00e8me trimestre, les ventes se sont \u00e9lev\u00e9es \u00e0 146,0 milliards de dollars, soit 11,6 % de plus qu&rsquo;au quatri\u00e8me trimestre 22 et 8,4 % de plus qu&rsquo;au troisi\u00e8me trimestre 23. Ces pourcentages \u00e9lev\u00e9s sont le r\u00e9sultat d&rsquo;une faible base en 2022 et certains signes indiquent que cet avantage se dissipera au cours de l&rsquo;ann\u00e9e 2024.<\/p>\n<p>L&rsquo;ann\u00e9e 2023 a commenc\u00e9 par une r\u00e9cession et a \u00e9t\u00e9 une ann\u00e9e de contraction, bien qu&rsquo;elle n&rsquo;ait pas \u00e9t\u00e9 aussi grave que ce qui avait \u00e9t\u00e9 initialement pr\u00e9vu. Les ventes mondiales de l&rsquo;industrie des semiconducteurs se sont \u00e9lev\u00e9es \u00e0 526,8 milliards de dollars, soit une baisse de 8,2 % par rapport au total de 574,1 milliards de dollars enregistr\u00e9 en 2022, qui \u00e9tait le total annuel le plus \u00e9lev\u00e9 jamais atteint par l&rsquo;industrie.<\/p>\n<p>La vigueur du quatri\u00e8me trimestre s&rsquo;explique par le dynamisme de la Chine et de la r\u00e9gion Am\u00e9riques. La croissance europ\u00e9enne a ralenti et le march\u00e9 japonais en perte de vitesse s&rsquo;est acc\u00e9l\u00e9r\u00e9 lors de la 3MMA de d\u00e9cembre.<\/p>\n<p>La croissance annuelle de 19,4 % de la Chine en d\u00e9cembre a constitu\u00e9 un revirement ph\u00e9nom\u00e9nal par rapport \u00e0 la contraction de 2,4 % enregistr\u00e9e en octobre. Le march\u00e9 chinois du 3MMA s&rsquo;\u00e9levait \u00e0 15,14 milliards de dollars.<\/p>\n<p>La r\u00e9gion Asie-Pacifique a progress\u00e9 plus lentement pour atteindre un march\u00e9 mensuel moyen de 12,32 milliards de dollars, soit une croissance annuelle de 11,3% en d\u00e9cembre, contre 7,1% en novembre et 5,3% en octobre. La r\u00e9gion des Am\u00e9riques a connu une augmentation s\u00e9quentielle de 1,8 %, ce qui a port\u00e9 ses ventes 3MMA de d\u00e9cembre \u00e0 12,83 milliards de dollars, soit une augmentation de 12,5 % sur une base annuelle.<\/p>\n<div id=\"attachment_443112\" style=\"width: 610px\" class=\"wp-caption alignleft\"><img decoding=\"async\" aria-describedby=\"caption-attachment-443112\" class=\"wp-image-443112 size-full lazyload\" data-src=\"https:\/\/www.eenewseurope.com\/wp-content\/uploads\/2024\/02\/SIAdec23_600.jpg\" alt=\"\" width=\"600\" height=\"696\" data-srcset=\"https:\/\/www.ecinews.fr\/wp-content\/uploads\/2024\/02\/SIAdec23_600.jpg 600w, https:\/\/www.ecinews.fr\/wp-content\/uploads\/2024\/02\/SIAdec23_600-259x300.jpg 259w\" data-sizes=\"(max-width: 600px) 100vw, 600px\" src=\"data:image\/svg+xml;base64,PHN2ZyB3aWR0aD0iMSIgaGVpZ2h0PSIxIiB4bWxucz0iaHR0cDovL3d3dy53My5vcmcvMjAwMC9zdmciPjwvc3ZnPg==\" style=\"--smush-placeholder-width: 600px; --smush-placeholder-aspect-ratio: 600\/696;\" \/><p id=\"caption-attachment-443112\" class=\"wp-caption-text\"><em><strong>Moyenne sur trois mois des ventes de puces par r\u00e9gion g\u00e9ographique pour d\u00e9cembre et novembre 2023. Source : SIA\/WSTS : SIA\/WSTS.<\/strong><\/em><\/p><\/div>\n<p>Bien que le march\u00e9 europ\u00e9en des puces ait \u00e9t\u00e9 d\u00e9cevant en d\u00e9cembre il a \u00e9t\u00e9 le seul march\u00e9 r\u00e9gional \u00e0 conna\u00eetre une croissance annuelle en 2023, avec une augmentation des ventes de 4,0 %. Les ventes annuelles sur tous les autres march\u00e9s r\u00e9gionaux ont diminu\u00e9 en 2023 : Japon (-3,1 %), Am\u00e9riques (-5,2 %), Asie-Pacifique\/Tous les autres march\u00e9s (-10,1 %) et Chine (-14,0 %).<\/p>\n<p>Les donn\u00e9es mensuelles sont fournies par la SIA comme une moyenne de trois mois, bien que la source des donn\u00e9es, WSTS, suive les ventes sur une base mensuelle. La SIA et d&rsquo;autres organismes r\u00e9gionaux de l&rsquo;industrie des semiconducteurs choisissent d&rsquo;utiliser des donn\u00e9es moyennes parce qu&rsquo;elles \u00e9galisent les donn\u00e9es r\u00e9elles qui montrent g\u00e9n\u00e9ralement des creux au d\u00e9but des trimestres et des pics \u00e0 la fin des trimestres.<\/p>\n<h4>Liens et articles connexes :<\/h4>\n<p><a href=\"http:\/\/www.semiconductors.org\">www.semiconductors.org<\/a><\/p>\n<h4>Articles de presse :<\/h4>\n<p><a href=\"https:\/\/www.eenewseurope.com\/en\/china-bounce-lifts-global-chip-market-raises-outlook-for-2024\/\">Le rebond de la Chine stimule le march\u00e9 mondial des puces et augmente les perspectives pour 2024<\/a><\/p>\n<p><a href=\"https:\/\/www.eenewseurope.com\/en\/europe-drives-global-chip-market-to-the-brink-of-growth\/\">L&rsquo;Europe fait grimper le march\u00e9 mondial des puces jusqu&rsquo;\u00e0 la limite de la croissance<\/a><\/p>\n<p><a href=\"https:\/\/www.eenewseurope.com\/en\/europe-beats-us-asia-in-chip-market-growth-in-q3\/\">L&rsquo;Europe devance les \u00c9tats-Unis et l&rsquo;Asie dans la croissance du march\u00e9 des puces au troisi\u00e8me trimestre<\/a><\/p>\n<p><a href=\"https:\/\/www.eenewseurope.com\/en\/european-chip-market-cools-as-americas-returns-to-growth\/\">Le march\u00e9 europ\u00e9en des puces se refroidit alors que le continent am\u00e9ricain renoue avec la croissance<\/a><\/p>\n","protected":false},"excerpt":{"rendered":"<p>Les ventes mondiales de l&rsquo;industrie ont totalis\u00e9 526,8 milliards de dollars en 2023 ; le march\u00e9 a progress\u00e9 au cours du second semestre et les ventes devraient augmenter de 13,1 % en 2024, selon l&rsquo;Association de l&rsquo;industrie des semiconducteurs (Semiconductor Industry Association). Les march\u00e9s europ\u00e9en et japonais des puces ont ralenti en d\u00e9cembre, mais ce [&hellip;]<\/p>\n","protected":false},"author":34,"featured_media":443115,"comment_status":"closed","ping_status":"closed","sticky":false,"template":"","format":"standard","meta":{"_acf_changed":false,"footnotes":""},"categories":[4443,888],"tags":[2327,1558],"domains":[47],"ppma_author":[1153,3631],"class_list":["post-443241","post","type-post","status-publish","format-standard","has-post-thumbnail","hentry","category-avis","category-marche","tag-marche","tag-semiconducteurs","domains-electronique-eci"],"acf":[],"yoast_head":"<title>L&#039;Europe et le Japon freinent le dynamisme du march\u00e9 mondial d...<\/title>\n<meta name=\"description\" content=\"Les ventes mondiales de l&#039;industrie ont totalis\u00e9 526,8 milliards de dollars en 2023 ; le march\u00e9 a progress\u00e9 au cours du deuxi\u00e8me semestre de l&#039;ann\u00e9e 23...\" \/>\n<meta name=\"robots\" content=\"index, follow, max-snippet:-1, max-image-preview:large, max-video-preview:-1\" \/>\n<link rel=\"canonical\" href=\"https:\/\/www.ecinews.fr\/fr\/wp-json\/wp\/v2\/posts\/443241\/\" \/>\n<meta property=\"og:locale\" content=\"fr_FR\" \/>\n<meta property=\"og:type\" content=\"article\" \/>\n<meta property=\"og:title\" content=\"L&#039;Europe et le Japon freinent le dynamisme du march\u00e9 des puces\" \/>\n<meta property=\"og:description\" content=\"Les ventes mondiales de l&#039;industrie ont totalis\u00e9 526,8 milliards de dollars en 2023 ; le march\u00e9 a progress\u00e9 au cours du deuxi\u00e8me semestre de l&#039;ann\u00e9e 23 et les ventes devraient augmenter de 13,1 % en 2024.\" \/>\n<meta property=\"og:url\" content=\"https:\/\/www.ecinews.fr\/fr\/wp-json\/wp\/v2\/posts\/443241\/\" \/>\n<meta property=\"og:site_name\" content=\"EENewsEurope\" \/>\n<meta property=\"article:published_time\" content=\"2024-02-07T12:54:42+00:00\" \/>\n<meta property=\"og:image\" content=\"https:\/\/www.ecinews.fr\/wp-content\/uploads\/2024\/02\/Screenshot-2024-02-06-at-11.28.02.png\" \/>\n\t<meta property=\"og:image:width\" content=\"693\" \/>\n\t<meta property=\"og:image:height\" content=\"343\" \/>\n\t<meta property=\"og:image:type\" content=\"image\/png\" \/>\n<meta name=\"author\" content=\"A Delapalisse, Peter Clarke\" \/>\n<meta name=\"twitter:card\" content=\"summary_large_image\" \/>\n<meta name=\"twitter:label1\" content=\"Written by\" \/>\n\t<meta name=\"twitter:data1\" content=\"A Delapalisse\" \/>\n\t<meta name=\"twitter:label2\" content=\"Est. reading time\" \/>\n\t<meta name=\"twitter:data2\" content=\"3 minutes\" \/>\n<script type=\"application\/ld+json\" class=\"yoast-schema-graph\">{\"@context\":\"https:\/\/schema.org\",\"@graph\":[{\"@type\":\"Article\",\"@id\":\"https:\/\/www.ecinews.fr\/fr\/leurope-et-le-japon-freinent-le-dynamisme-du-marche-des-puces\/#article\",\"isPartOf\":{\"@id\":\"https:\/\/www.ecinews.fr\/fr\/leurope-et-le-japon-freinent-le-dynamisme-du-marche-des-puces\/\"},\"author\":{\"name\":\"A Delapalisse\",\"@id\":\"https:\/\/www.ecinews.fr\/fr\/#\/schema\/person\/0aa2cfb0bd8949724a68cbac8d8321b4\"},\"headline\":\"L&rsquo;Europe et le Japon freinent le dynamisme du march\u00e9 des puces\",\"datePublished\":\"2024-02-07T12:54:42+00:00\",\"dateModified\":\"2024-02-07T12:54:42+00:00\",\"mainEntityOfPage\":{\"@id\":\"https:\/\/www.ecinews.fr\/fr\/leurope-et-le-japon-freinent-le-dynamisme-du-marche-des-puces\/\"},\"wordCount\":658,\"publisher\":{\"@id\":\"https:\/\/www.ecinews.fr\/fr\/#organization\"},\"keywords\":[\"March\u00e9\",\"Semiconducteurs\"],\"articleSection\":[\"Avis\",\"March\u00e9\"],\"inLanguage\":\"fr-FR\"},{\"@type\":\"WebPage\",\"@id\":\"https:\/\/www.ecinews.fr\/fr\/leurope-et-le-japon-freinent-le-dynamisme-du-marche-des-puces\/\",\"url\":\"https:\/\/www.ecinews.fr\/fr\/leurope-et-le-japon-freinent-le-dynamisme-du-marche-des-puces\/\",\"name\":\"L'Europe et le Japon freinent le dynamisme du march\u00e9 mondial des puces en d\u00e9cembre\",\"isPartOf\":{\"@id\":\"https:\/\/www.ecinews.fr\/fr\/#website\"},\"datePublished\":\"2024-02-07T12:54:42+00:00\",\"dateModified\":\"2024-02-07T12:54:42+00:00\",\"description\":\"Les ventes mondiales de l'industrie ont totalis\u00e9 526,8 milliards de dollars en 2023 ; le march\u00e9 a progress\u00e9 au cours du deuxi\u00e8me semestre de l'ann\u00e9e 23 et les ventes devraient augmenter de 13,1 % en 2024.\",\"breadcrumb\":{\"@id\":\"https:\/\/www.ecinews.fr\/fr\/leurope-et-le-japon-freinent-le-dynamisme-du-marche-des-puces\/#breadcrumb\"},\"inLanguage\":\"fr-FR\",\"potentialAction\":[{\"@type\":\"ReadAction\",\"target\":[\"https:\/\/www.ecinews.fr\/fr\/leurope-et-le-japon-freinent-le-dynamisme-du-marche-des-puces\/\"]}]},{\"@type\":\"BreadcrumbList\",\"@id\":\"https:\/\/www.ecinews.fr\/fr\/leurope-et-le-japon-freinent-le-dynamisme-du-marche-des-puces\/#breadcrumb\",\"itemListElement\":[{\"@type\":\"ListItem\",\"position\":1,\"name\":\"Home\",\"item\":\"https:\/\/www.ecinews.fr\/fr\/\"},{\"@type\":\"ListItem\",\"position\":2,\"name\":\"L&rsquo;Europe et le Japon freinent le dynamisme du march\u00e9 des puces\"}]},{\"@type\":\"WebSite\",\"@id\":\"https:\/\/www.ecinews.fr\/fr\/#website\",\"url\":\"https:\/\/www.ecinews.fr\/fr\/\",\"name\":\"EENewsEurope\",\"description\":\"Just another WordPress site\",\"publisher\":{\"@id\":\"https:\/\/www.ecinews.fr\/fr\/#organization\"},\"potentialAction\":[{\"@type\":\"SearchAction\",\"target\":{\"@type\":\"EntryPoint\",\"urlTemplate\":\"https:\/\/www.ecinews.fr\/fr\/?s={search_term_string}\"},\"query-input\":\"required name=search_term_string\"}],\"inLanguage\":\"fr-FR\"},{\"@type\":\"Organization\",\"@id\":\"https:\/\/www.ecinews.fr\/fr\/#organization\",\"name\":\"EENewsEurope\",\"url\":\"https:\/\/www.ecinews.fr\/fr\/\",\"logo\":{\"@type\":\"ImageObject\",\"inLanguage\":\"fr-FR\",\"@id\":\"https:\/\/www.ecinews.fr\/fr\/#\/schema\/logo\/image\/\",\"url\":\"https:\/\/www.ecinews.fr\/wp-content\/uploads\/2022\/02\/logo-1.jpg\",\"contentUrl\":\"https:\/\/www.ecinews.fr\/wp-content\/uploads\/2022\/02\/logo-1.jpg\",\"width\":283,\"height\":113,\"caption\":\"EENewsEurope\"},\"image\":{\"@id\":\"https:\/\/www.ecinews.fr\/fr\/#\/schema\/logo\/image\/\"}},{\"@type\":\"Person\",\"@id\":\"https:\/\/www.ecinews.fr\/fr\/#\/schema\/person\/0aa2cfb0bd8949724a68cbac8d8321b4\",\"name\":\"A Delapalisse\",\"image\":{\"@type\":\"ImageObject\",\"inLanguage\":\"fr-FR\",\"@id\":\"https:\/\/www.ecinews.fr\/fr\/#\/schema\/person\/image\/211ac42237c2e9683c0964086c393cb4\",\"url\":\"https:\/\/secure.gravatar.com\/avatar\/ad45a8c5da24bc9c7c4940dd1c48a695?s=96&d=mm&r=g\",\"contentUrl\":\"https:\/\/secure.gravatar.com\/avatar\/ad45a8c5da24bc9c7c4940dd1c48a695?s=96&d=mm&r=g\",\"caption\":\"A Delapalisse\"},\"sameAs\":[\"http:\/\/ECI\"]}]}<\/script>","yoast_head_json":{"title":"L'Europe et le Japon freinent le dynamisme du march\u00e9 mondial d...","description":"Les ventes mondiales de l'industrie ont totalis\u00e9 526,8 milliards de dollars en 2023 ; le march\u00e9 a progress\u00e9 au cours du deuxi\u00e8me semestre de l'ann\u00e9e 23...","robots":{"index":"index","follow":"follow","max-snippet":"max-snippet:-1","max-image-preview":"max-image-preview:large","max-video-preview":"max-video-preview:-1"},"canonical":"https:\/\/www.ecinews.fr\/fr\/wp-json\/wp\/v2\/posts\/443241\/","og_locale":"fr_FR","og_type":"article","og_title":"L'Europe et le Japon freinent le dynamisme du march\u00e9 des puces","og_description":"Les ventes mondiales de l'industrie ont totalis\u00e9 526,8 milliards de dollars en 2023 ; le march\u00e9 a progress\u00e9 au cours du deuxi\u00e8me semestre de l'ann\u00e9e 23 et les ventes devraient augmenter de 13,1 % en 2024.","og_url":"https:\/\/www.ecinews.fr\/fr\/wp-json\/wp\/v2\/posts\/443241\/","og_site_name":"EENewsEurope","article_published_time":"2024-02-07T12:54:42+00:00","og_image":[{"width":693,"height":343,"url":"https:\/\/www.ecinews.fr\/wp-content\/uploads\/2024\/02\/Screenshot-2024-02-06-at-11.28.02.png","type":"image\/png"}],"author":"A Delapalisse, Peter Clarke","twitter_card":"summary_large_image","twitter_misc":{"Written by":"A Delapalisse","Est. reading time":"3 minutes"},"schema":{"@context":"https:\/\/schema.org","@graph":[{"@type":"Article","@id":"https:\/\/www.ecinews.fr\/fr\/leurope-et-le-japon-freinent-le-dynamisme-du-marche-des-puces\/#article","isPartOf":{"@id":"https:\/\/www.ecinews.fr\/fr\/leurope-et-le-japon-freinent-le-dynamisme-du-marche-des-puces\/"},"author":{"name":"A Delapalisse","@id":"https:\/\/www.ecinews.fr\/fr\/#\/schema\/person\/0aa2cfb0bd8949724a68cbac8d8321b4"},"headline":"L&rsquo;Europe et le Japon freinent le dynamisme du march\u00e9 des puces","datePublished":"2024-02-07T12:54:42+00:00","dateModified":"2024-02-07T12:54:42+00:00","mainEntityOfPage":{"@id":"https:\/\/www.ecinews.fr\/fr\/leurope-et-le-japon-freinent-le-dynamisme-du-marche-des-puces\/"},"wordCount":658,"publisher":{"@id":"https:\/\/www.ecinews.fr\/fr\/#organization"},"keywords":["March\u00e9","Semiconducteurs"],"articleSection":["Avis","March\u00e9"],"inLanguage":"fr-FR"},{"@type":"WebPage","@id":"https:\/\/www.ecinews.fr\/fr\/leurope-et-le-japon-freinent-le-dynamisme-du-marche-des-puces\/","url":"https:\/\/www.ecinews.fr\/fr\/leurope-et-le-japon-freinent-le-dynamisme-du-marche-des-puces\/","name":"L'Europe et le Japon freinent le dynamisme du march\u00e9 mondial des puces en d\u00e9cembre","isPartOf":{"@id":"https:\/\/www.ecinews.fr\/fr\/#website"},"datePublished":"2024-02-07T12:54:42+00:00","dateModified":"2024-02-07T12:54:42+00:00","description":"Les ventes mondiales de l'industrie ont totalis\u00e9 526,8 milliards de dollars en 2023 ; le march\u00e9 a progress\u00e9 au cours du deuxi\u00e8me semestre de l'ann\u00e9e 23 et les ventes devraient augmenter de 13,1 % en 2024.","breadcrumb":{"@id":"https:\/\/www.ecinews.fr\/fr\/leurope-et-le-japon-freinent-le-dynamisme-du-marche-des-puces\/#breadcrumb"},"inLanguage":"fr-FR","potentialAction":[{"@type":"ReadAction","target":["https:\/\/www.ecinews.fr\/fr\/leurope-et-le-japon-freinent-le-dynamisme-du-marche-des-puces\/"]}]},{"@type":"BreadcrumbList","@id":"https:\/\/www.ecinews.fr\/fr\/leurope-et-le-japon-freinent-le-dynamisme-du-marche-des-puces\/#breadcrumb","itemListElement":[{"@type":"ListItem","position":1,"name":"Home","item":"https:\/\/www.ecinews.fr\/fr\/"},{"@type":"ListItem","position":2,"name":"L&rsquo;Europe et le Japon freinent le dynamisme du march\u00e9 des puces"}]},{"@type":"WebSite","@id":"https:\/\/www.ecinews.fr\/fr\/#website","url":"https:\/\/www.ecinews.fr\/fr\/","name":"EENewsEurope","description":"Just another WordPress site","publisher":{"@id":"https:\/\/www.ecinews.fr\/fr\/#organization"},"potentialAction":[{"@type":"SearchAction","target":{"@type":"EntryPoint","urlTemplate":"https:\/\/www.ecinews.fr\/fr\/?s={search_term_string}"},"query-input":"required name=search_term_string"}],"inLanguage":"fr-FR"},{"@type":"Organization","@id":"https:\/\/www.ecinews.fr\/fr\/#organization","name":"EENewsEurope","url":"https:\/\/www.ecinews.fr\/fr\/","logo":{"@type":"ImageObject","inLanguage":"fr-FR","@id":"https:\/\/www.ecinews.fr\/fr\/#\/schema\/logo\/image\/","url":"https:\/\/www.ecinews.fr\/wp-content\/uploads\/2022\/02\/logo-1.jpg","contentUrl":"https:\/\/www.ecinews.fr\/wp-content\/uploads\/2022\/02\/logo-1.jpg","width":283,"height":113,"caption":"EENewsEurope"},"image":{"@id":"https:\/\/www.ecinews.fr\/fr\/#\/schema\/logo\/image\/"}},{"@type":"Person","@id":"https:\/\/www.ecinews.fr\/fr\/#\/schema\/person\/0aa2cfb0bd8949724a68cbac8d8321b4","name":"A Delapalisse","image":{"@type":"ImageObject","inLanguage":"fr-FR","@id":"https:\/\/www.ecinews.fr\/fr\/#\/schema\/person\/image\/211ac42237c2e9683c0964086c393cb4","url":"https:\/\/secure.gravatar.com\/avatar\/ad45a8c5da24bc9c7c4940dd1c48a695?s=96&d=mm&r=g","contentUrl":"https:\/\/secure.gravatar.com\/avatar\/ad45a8c5da24bc9c7c4940dd1c48a695?s=96&d=mm&r=g","caption":"A Delapalisse"},"sameAs":["http:\/\/ECI"]}]}},"authors":[{"term_id":1153,"user_id":34,"is_guest":0,"slug":"adelapalisse","display_name":"A Delapalisse","avatar_url":"https:\/\/secure.gravatar.com\/avatar\/ad45a8c5da24bc9c7c4940dd1c48a695?s=96&d=mm&r=g","0":null,"1":"","2":"","3":"","4":"","5":"","6":"","7":"","8":""},{"term_id":3631,"user_id":0,"is_guest":1,"slug":"peter-clarke","display_name":"Peter Clarke","avatar_url":"https:\/\/secure.gravatar.com\/avatar\/?s=96&d=mm&r=g","0":null,"1":"","2":"","3":"","4":"","5":"","6":"","7":"","8":""}],"_links":{"self":[{"href":"https:\/\/www.ecinews.fr\/fr\/wp-json\/wp\/v2\/posts\/443241"}],"collection":[{"href":"https:\/\/www.ecinews.fr\/fr\/wp-json\/wp\/v2\/posts"}],"about":[{"href":"https:\/\/www.ecinews.fr\/fr\/wp-json\/wp\/v2\/types\/post"}],"author":[{"embeddable":true,"href":"https:\/\/www.ecinews.fr\/fr\/wp-json\/wp\/v2\/users\/34"}],"replies":[{"embeddable":true,"href":"https:\/\/www.ecinews.fr\/fr\/wp-json\/wp\/v2\/comments?post=443241"}],"version-history":[{"count":0,"href":"https:\/\/www.ecinews.fr\/fr\/wp-json\/wp\/v2\/posts\/443241\/revisions"}],"wp:featuredmedia":[{"embeddable":true,"href":"https:\/\/www.ecinews.fr\/fr\/wp-json\/wp\/v2\/media\/443115"}],"wp:attachment":[{"href":"https:\/\/www.ecinews.fr\/fr\/wp-json\/wp\/v2\/media?parent=443241"}],"wp:term":[{"taxonomy":"category","embeddable":true,"href":"https:\/\/www.ecinews.fr\/fr\/wp-json\/wp\/v2\/categories?post=443241"},{"taxonomy":"post_tag","embeddable":true,"href":"https:\/\/www.ecinews.fr\/fr\/wp-json\/wp\/v2\/tags?post=443241"},{"taxonomy":"domains","embeddable":true,"href":"https:\/\/www.ecinews.fr\/fr\/wp-json\/wp\/v2\/domains?post=443241"},{"taxonomy":"author","embeddable":true,"href":"https:\/\/www.ecinews.fr\/fr\/wp-json\/wp\/v2\/ppma_author?post=443241"}],"curies":[{"name":"wp","href":"https:\/\/api.w.org\/{rel}","templated":true}]}}