{"id":443199,"date":"2024-02-06T19:25:30","date_gmt":"2024-02-06T18:25:30","guid":{"rendered":"https:\/\/www.eenewseurope.com\/?p=443199"},"modified":"2024-02-06T19:29:09","modified_gmt":"2024-02-06T18:29:09","slug":"realite-augmentee-microoled-devient-membre-de-lar-alliance","status":"publish","type":"post","link":"https:\/\/www.ecinews.fr\/fr\/realite-augmentee-microoled-devient-membre-de-lar-alliance\/","title":{"rendered":"R\u00e9alit\u00e9 augment\u00e9e, Microoled devient membre de l&rsquo;AR Alliance"},"content":{"rendered":"<h3 style=\"margin: 0cm; line-height: 115%;\"><span style=\"font-family: Arial, sans-serif; color: #444444; font-size: 16px;\">En rejoignant l&rsquo;AR Alliance comme membre fondateur, Microoled rejoint un consortium de leaders de l\u2019industrie comme ST, Corning ou encore EssilorLuxotica d\u00e9di\u00e9s \u00e0 l&rsquo;acc\u00e9l\u00e9ration de l&rsquo;innovation et de la standardisation dans l&rsquo;\u00e9cosyst\u00e8me de la r\u00e9alit\u00e9 augment\u00e9e<\/span><\/h3>\n<p style=\"margin: 0cm; line-height: 115%;\"><span style=\"font-family: 'Arial',sans-serif; color: #444444;\">\u00a0<\/span><\/p>\n<p style=\"margin: 0cm; line-height: 115%;\"><span style=\"font-family: 'Arial',sans-serif; color: #444444;\">Microoled, fabrique des\u00a0micro-\u00e9crans OLED \u00e0 haute r\u00e9solution et faible consommation et d\u00e9veloppe la plateforme innovante ActiveLook \u00ab\u00a0Light AR\u201d pour les lunettes intelligentes.\u00a0La soci\u00e9t\u00e9 a \u00e9largi les capacit\u00e9s de sa plateforme pour s\u2019adapter \u00e0 une plus large gamme d&rsquo;\u00e9crans, de moteurs de lumi\u00e8re et de lentilles. <\/span><\/p>\n<p style=\"margin: 0cm; line-height: 115%;\"><span style=\"font-family: 'Arial',sans-serif; color: #444444;\">\u00a0<\/span><\/p>\n<p style=\"margin: 0cm; line-height: 115%;\"><span style=\"font-family: 'Arial',sans-serif; color: #444444;\">L\u2019objectif de collaboration de Microoled avec les membres de l\u2019AR Alliance vise \u00e0 \u00e9tablir un protocole unifi\u00e9 pour les dispositifs Light AR, permettant une communication transparente et une compatibilit\u00e9 entre les plateformes. Cette collaboration favorisera le d\u00e9veloppement d&rsquo;un \u00e9cosyst\u00e8me d&rsquo;applications qui tirent parti des avantages de Light AR, notamment une grande autonomie de\u00a0batterie, une conception l\u00e9g\u00e8re et une grande facilit\u00e9 d&rsquo;utilisation.<\/span><\/p>\n<p style=\"margin: 0cm; line-height: 115%;\"><span style=\"font-family: 'Arial',sans-serif; color: #444444;\">\u00a0<\/span><\/p>\n<p style=\"margin: 0cm; line-height: 115%;\"><span style=\"font-family: 'Arial',sans-serif; color: #444444;\">D<\/span>ans le cadre de son adh\u00e9sion \u00e0 l&rsquo;AR Alliance, Microoled \u00e9largit la compatibilit\u00e9 de sa plateforme ActiveLook pour prendre en compte diverses technologies d&rsquo;affichage, telles que LCoS, LBS et microLED, ainsi qu&rsquo;une gamme de solutions optiques, y compris les guides d&rsquo;ondes. Cette ouverture permettra aux d\u00e9veloppeurs de cr\u00e9er des applications qui s&rsquo;int\u00e8grent de mani\u00e8re transparente \u00e0 une plus grande vari\u00e9t\u00e9 de dispositifs Light AR, simplifiant ainsi le processus de d\u00e9veloppement et acc\u00e9l\u00e9rant l&rsquo;adoption par le march\u00e9 de ces solutions innovantes.<\/p>\n<p>Eric Marcellin-Dibon, PDG de Microoled d\u00e9clare \u00ab\u00a0<em>En rejoignant l&rsquo;AR Alliance et en \u00e9largissant les capacit\u00e9s de notre plateforme ActiveLook, nous ouvrons la porte \u00e0 un \u00e9cosyst\u00e8me de r\u00e9alit\u00e9 augment\u00e9e plus diversifi\u00e9 et interop\u00e9rable.<\/em>\u00ab\u00a0<\/p>\n<p style=\"margin: 0cm; text-align: justify; line-height: 115%;\"><span style=\"font-family: 'Arial',sans-serif; color: #444444;\">\u00a0<\/span><span style=\"font-family: 'Arial',sans-serif; color: #444444;\">\u00ab\u00a0<i>L&rsquo;AR Alliance souhaite la bienvenue \u00e0 Microoled et se r\u00e9jouit des contributions de son \u00e9quipe de classe mondiale pour faire progresser l&rsquo;\u00e9tat de l&rsquo;art en r\u00e9alit\u00e9 augment\u00e9e <\/i>\u00ab\u00a0, d\u00e9clare le Dr. Bharath Rajagopalan, pr\u00e9sident de l&rsquo;AR Alliance et directeur marketing strat\u00e9gique chez STMicroelectronics.<\/span><\/p>\n<p><a href=\"https:\/\/microoled.net\/\">Microoled<\/a>\u00a0 &#8211;\u00a0 <a href=\"https:\/\/thearalliance.org\/\"><span style=\"font-family: 'Arial',sans-serif; color: #444444;\">AR Alliance<\/span><\/a><\/p>\n<p><a href=\"https:\/\/news.google.com\/publications\/CAAqBwgKMJbcwQswuPfYAw?hl=fr&amp;gl=BE&amp;ceid=BE:fr\" target=\"news.google.com\" rel=\"noopener\">Suivre ECInews sur Google news<\/a><\/p>\n<p style=\"margin: 0cm; text-align: justify; line-height: 115%;\"><span style=\"font-family: 'Arial',sans-serif; color: #444444;\">\u00a0<\/span><\/p>\n<p style=\"margin: 0cm; text-align: justify; line-height: 115%;\">\u00a0<\/p>\n","protected":false},"excerpt":{"rendered":"<p>En rejoignant l&rsquo;AR Alliance comme membre fondateur, Microoled rejoint un consortium de leaders de l\u2019industrie comme ST, Corning ou encore EssilorLuxotica d\u00e9di\u00e9s \u00e0 l&rsquo;acc\u00e9l\u00e9ration de l&rsquo;innovation et de la standardisation dans l&rsquo;\u00e9cosyst\u00e8me de la r\u00e9alit\u00e9 augment\u00e9e \u00a0 Microoled, fabrique des\u00a0micro-\u00e9crans OLED \u00e0 haute r\u00e9solution et faible consommation et d\u00e9veloppe la plateforme innovante ActiveLook \u00ab\u00a0Light AR\u201d [&hellip;]<\/p>\n","protected":false},"author":11,"featured_media":443201,"comment_status":"closed","ping_status":"closed","sticky":true,"template":"","format":"standard","meta":{"_acf_changed":false,"footnotes":""},"categories":[886],"tags":[5783,2261],"domains":[47],"ppma_author":[1143],"class_list":["post-443199","post","type-post","status-publish","format-standard","has-post-thumbnail","hentry","category-news-fr","tag-micro-ecran","tag-oled-fr","domains-electronique-eci"],"acf":[],"yoast_head":"<title>R\u00e9alit\u00e9 augment\u00e9e, Microoled devient membre de l&#039;AR Alliance ...<\/title>\n<meta name=\"description\" content=\"ActiveLook pour prendre en compte diverses technologies d&#039;affichage, telles que LCoS, LBS et microLED\" \/>\n<meta name=\"robots\" content=\"index, follow, max-snippet:-1, max-image-preview:large, max-video-preview:-1\" \/>\n<link rel=\"canonical\" href=\"https:\/\/www.ecinews.fr\/fr\/wp-json\/wp\/v2\/posts\/443199\/\" \/>\n<meta property=\"og:locale\" content=\"fr_FR\" \/>\n<meta property=\"og:type\" content=\"article\" \/>\n<meta property=\"og:title\" content=\"R\u00e9alit\u00e9 augment\u00e9e, Microoled devient membre de l&#039;AR Alliance\" \/>\n<meta property=\"og:description\" content=\"ActiveLook pour prendre en compte diverses technologies d&#039;affichage, telles que LCoS, LBS et microLED\" \/>\n<meta property=\"og:url\" content=\"https:\/\/www.ecinews.fr\/fr\/wp-json\/wp\/v2\/posts\/443199\/\" \/>\n<meta property=\"og:site_name\" content=\"EENewsEurope\" \/>\n<meta property=\"article:published_time\" content=\"2024-02-06T18:25:30+00:00\" \/>\n<meta property=\"article:modified_time\" content=\"2024-02-06T18:29:09+00:00\" \/>\n<meta property=\"og:image\" content=\"https:\/\/www.ecinews.fr\/wp-content\/uploads\/2024\/02\/AE-Alliance.jpg\" \/>\n\t<meta property=\"og:image:width\" content=\"600\" \/>\n\t<meta property=\"og:image:height\" content=\"480\" \/>\n\t<meta property=\"og:image:type\" content=\"image\/jpeg\" \/>\n<meta name=\"author\" content=\"Daniel Cardon\" \/>\n<meta name=\"twitter:card\" content=\"summary_large_image\" \/>\n<meta name=\"twitter:label1\" content=\"Written by\" \/>\n\t<meta name=\"twitter:data1\" content=\"Daniel Cardon\" \/>\n\t<meta name=\"twitter:label2\" content=\"Est. reading time\" \/>\n\t<meta name=\"twitter:data2\" content=\"2 minutes\" \/>\n<script type=\"application\/ld+json\" class=\"yoast-schema-graph\">{\"@context\":\"https:\/\/schema.org\",\"@graph\":[{\"@type\":\"Article\",\"@id\":\"https:\/\/www.ecinews.fr\/fr\/realite-augmentee-microoled-devient-membre-de-lar-alliance\/#article\",\"isPartOf\":{\"@id\":\"https:\/\/www.ecinews.fr\/fr\/realite-augmentee-microoled-devient-membre-de-lar-alliance\/\"},\"author\":{\"name\":\"Daniel Cardon\",\"@id\":\"https:\/\/www.eenewseurope.com\/en\/#\/schema\/person\/93c44cde463762f40a8236eaa44c1c17\"},\"headline\":\"R\u00e9alit\u00e9 augment\u00e9e, Microoled devient membre de l&rsquo;AR Alliance\",\"datePublished\":\"2024-02-06T18:25:30+00:00\",\"dateModified\":\"2024-02-06T18:29:09+00:00\",\"mainEntityOfPage\":{\"@id\":\"https:\/\/www.ecinews.fr\/fr\/realite-augmentee-microoled-devient-membre-de-lar-alliance\/\"},\"wordCount\":373,\"publisher\":{\"@id\":\"https:\/\/www.eenewseurope.com\/en\/#organization\"},\"keywords\":[\"Micro-\u00e9cran\",\"OLED\"],\"articleSection\":[\"Actualit\u00e9 g\u00e9n\u00e9rale\"],\"inLanguage\":\"fr-FR\"},{\"@type\":\"WebPage\",\"@id\":\"https:\/\/www.ecinews.fr\/fr\/realite-augmentee-microoled-devient-membre-de-lar-alliance\/\",\"url\":\"https:\/\/www.ecinews.fr\/fr\/realite-augmentee-microoled-devient-membre-de-lar-alliance\/\",\"name\":\"R\u00e9alit\u00e9 augment\u00e9e, Microoled devient membre de l'AR Alliance -\",\"isPartOf\":{\"@id\":\"https:\/\/www.eenewseurope.com\/en\/#website\"},\"datePublished\":\"2024-02-06T18:25:30+00:00\",\"dateModified\":\"2024-02-06T18:29:09+00:00\",\"description\":\"ActiveLook pour prendre en compte diverses technologies d'affichage, telles que LCoS, LBS et microLED\",\"breadcrumb\":{\"@id\":\"https:\/\/www.ecinews.fr\/fr\/realite-augmentee-microoled-devient-membre-de-lar-alliance\/#breadcrumb\"},\"inLanguage\":\"fr-FR\",\"potentialAction\":[{\"@type\":\"ReadAction\",\"target\":[\"https:\/\/www.ecinews.fr\/fr\/realite-augmentee-microoled-devient-membre-de-lar-alliance\/\"]}]},{\"@type\":\"BreadcrumbList\",\"@id\":\"https:\/\/www.ecinews.fr\/fr\/realite-augmentee-microoled-devient-membre-de-lar-alliance\/#breadcrumb\",\"itemListElement\":[{\"@type\":\"ListItem\",\"position\":1,\"name\":\"Home\",\"item\":\"https:\/\/www.ecinews.fr\/fr\/\"},{\"@type\":\"ListItem\",\"position\":2,\"name\":\"R\u00e9alit\u00e9 augment\u00e9e, Microoled devient membre de l&rsquo;AR Alliance\"}]},{\"@type\":\"WebSite\",\"@id\":\"https:\/\/www.eenewseurope.com\/en\/#website\",\"url\":\"https:\/\/www.eenewseurope.com\/en\/\",\"name\":\"EENewsEurope\",\"description\":\"Just another WordPress site\",\"publisher\":{\"@id\":\"https:\/\/www.eenewseurope.com\/en\/#organization\"},\"potentialAction\":[{\"@type\":\"SearchAction\",\"target\":{\"@type\":\"EntryPoint\",\"urlTemplate\":\"https:\/\/www.eenewseurope.com\/en\/?s={search_term_string}\"},\"query-input\":\"required name=search_term_string\"}],\"inLanguage\":\"fr-FR\"},{\"@type\":\"Organization\",\"@id\":\"https:\/\/www.eenewseurope.com\/en\/#organization\",\"name\":\"EENewsEurope\",\"url\":\"https:\/\/www.eenewseurope.com\/en\/\",\"logo\":{\"@type\":\"ImageObject\",\"inLanguage\":\"fr-FR\",\"@id\":\"https:\/\/www.eenewseurope.com\/en\/#\/schema\/logo\/image\/\",\"url\":\"https:\/\/www.ecinews.fr\/wp-content\/uploads\/2022\/02\/logo-1.jpg\",\"contentUrl\":\"https:\/\/www.ecinews.fr\/wp-content\/uploads\/2022\/02\/logo-1.jpg\",\"width\":283,\"height\":113,\"caption\":\"EENewsEurope\"},\"image\":{\"@id\":\"https:\/\/www.eenewseurope.com\/en\/#\/schema\/logo\/image\/\"}},{\"@type\":\"Person\",\"@id\":\"https:\/\/www.eenewseurope.com\/en\/#\/schema\/person\/93c44cde463762f40a8236eaa44c1c17\",\"name\":\"Daniel Cardon\",\"image\":{\"@type\":\"ImageObject\",\"inLanguage\":\"fr-FR\",\"@id\":\"https:\/\/www.eenewseurope.com\/en\/#\/schema\/person\/image\/2b243f6bcc1cff7d86aadfb2cd0bd870\",\"url\":\"https:\/\/secure.gravatar.com\/avatar\/de9edc136dfc061ad4778e04635baefa?s=96&d=mm&r=g\",\"contentUrl\":\"https:\/\/secure.gravatar.com\/avatar\/de9edc136dfc061ad4778e04635baefa?s=96&d=mm&r=g\",\"caption\":\"Daniel Cardon\"}}]}<\/script>","yoast_head_json":{"title":"R\u00e9alit\u00e9 augment\u00e9e, Microoled devient membre de l'AR Alliance ...","description":"ActiveLook pour prendre en compte diverses technologies d'affichage, telles que LCoS, LBS et microLED","robots":{"index":"index","follow":"follow","max-snippet":"max-snippet:-1","max-image-preview":"max-image-preview:large","max-video-preview":"max-video-preview:-1"},"canonical":"https:\/\/www.ecinews.fr\/fr\/wp-json\/wp\/v2\/posts\/443199\/","og_locale":"fr_FR","og_type":"article","og_title":"R\u00e9alit\u00e9 augment\u00e9e, Microoled devient membre de l'AR Alliance","og_description":"ActiveLook pour prendre en compte diverses technologies d'affichage, telles que LCoS, LBS et microLED","og_url":"https:\/\/www.ecinews.fr\/fr\/wp-json\/wp\/v2\/posts\/443199\/","og_site_name":"EENewsEurope","article_published_time":"2024-02-06T18:25:30+00:00","article_modified_time":"2024-02-06T18:29:09+00:00","og_image":[{"width":600,"height":480,"url":"https:\/\/www.ecinews.fr\/wp-content\/uploads\/2024\/02\/AE-Alliance.jpg","type":"image\/jpeg"}],"author":"Daniel Cardon","twitter_card":"summary_large_image","twitter_misc":{"Written by":"Daniel Cardon","Est. reading time":"2 minutes"},"schema":{"@context":"https:\/\/schema.org","@graph":[{"@type":"Article","@id":"https:\/\/www.ecinews.fr\/fr\/realite-augmentee-microoled-devient-membre-de-lar-alliance\/#article","isPartOf":{"@id":"https:\/\/www.ecinews.fr\/fr\/realite-augmentee-microoled-devient-membre-de-lar-alliance\/"},"author":{"name":"Daniel Cardon","@id":"https:\/\/www.eenewseurope.com\/en\/#\/schema\/person\/93c44cde463762f40a8236eaa44c1c17"},"headline":"R\u00e9alit\u00e9 augment\u00e9e, Microoled devient membre de l&rsquo;AR Alliance","datePublished":"2024-02-06T18:25:30+00:00","dateModified":"2024-02-06T18:29:09+00:00","mainEntityOfPage":{"@id":"https:\/\/www.ecinews.fr\/fr\/realite-augmentee-microoled-devient-membre-de-lar-alliance\/"},"wordCount":373,"publisher":{"@id":"https:\/\/www.eenewseurope.com\/en\/#organization"},"keywords":["Micro-\u00e9cran","OLED"],"articleSection":["Actualit\u00e9 g\u00e9n\u00e9rale"],"inLanguage":"fr-FR"},{"@type":"WebPage","@id":"https:\/\/www.ecinews.fr\/fr\/realite-augmentee-microoled-devient-membre-de-lar-alliance\/","url":"https:\/\/www.ecinews.fr\/fr\/realite-augmentee-microoled-devient-membre-de-lar-alliance\/","name":"R\u00e9alit\u00e9 augment\u00e9e, Microoled devient membre de l'AR Alliance -","isPartOf":{"@id":"https:\/\/www.eenewseurope.com\/en\/#website"},"datePublished":"2024-02-06T18:25:30+00:00","dateModified":"2024-02-06T18:29:09+00:00","description":"ActiveLook pour prendre en compte diverses technologies d'affichage, telles que LCoS, LBS et microLED","breadcrumb":{"@id":"https:\/\/www.ecinews.fr\/fr\/realite-augmentee-microoled-devient-membre-de-lar-alliance\/#breadcrumb"},"inLanguage":"fr-FR","potentialAction":[{"@type":"ReadAction","target":["https:\/\/www.ecinews.fr\/fr\/realite-augmentee-microoled-devient-membre-de-lar-alliance\/"]}]},{"@type":"BreadcrumbList","@id":"https:\/\/www.ecinews.fr\/fr\/realite-augmentee-microoled-devient-membre-de-lar-alliance\/#breadcrumb","itemListElement":[{"@type":"ListItem","position":1,"name":"Home","item":"https:\/\/www.ecinews.fr\/fr\/"},{"@type":"ListItem","position":2,"name":"R\u00e9alit\u00e9 augment\u00e9e, Microoled devient membre de l&rsquo;AR Alliance"}]},{"@type":"WebSite","@id":"https:\/\/www.eenewseurope.com\/en\/#website","url":"https:\/\/www.eenewseurope.com\/en\/","name":"EENewsEurope","description":"Just another WordPress site","publisher":{"@id":"https:\/\/www.eenewseurope.com\/en\/#organization"},"potentialAction":[{"@type":"SearchAction","target":{"@type":"EntryPoint","urlTemplate":"https:\/\/www.eenewseurope.com\/en\/?s={search_term_string}"},"query-input":"required name=search_term_string"}],"inLanguage":"fr-FR"},{"@type":"Organization","@id":"https:\/\/www.eenewseurope.com\/en\/#organization","name":"EENewsEurope","url":"https:\/\/www.eenewseurope.com\/en\/","logo":{"@type":"ImageObject","inLanguage":"fr-FR","@id":"https:\/\/www.eenewseurope.com\/en\/#\/schema\/logo\/image\/","url":"https:\/\/www.ecinews.fr\/wp-content\/uploads\/2022\/02\/logo-1.jpg","contentUrl":"https:\/\/www.ecinews.fr\/wp-content\/uploads\/2022\/02\/logo-1.jpg","width":283,"height":113,"caption":"EENewsEurope"},"image":{"@id":"https:\/\/www.eenewseurope.com\/en\/#\/schema\/logo\/image\/"}},{"@type":"Person","@id":"https:\/\/www.eenewseurope.com\/en\/#\/schema\/person\/93c44cde463762f40a8236eaa44c1c17","name":"Daniel Cardon","image":{"@type":"ImageObject","inLanguage":"fr-FR","@id":"https:\/\/www.eenewseurope.com\/en\/#\/schema\/person\/image\/2b243f6bcc1cff7d86aadfb2cd0bd870","url":"https:\/\/secure.gravatar.com\/avatar\/de9edc136dfc061ad4778e04635baefa?s=96&d=mm&r=g","contentUrl":"https:\/\/secure.gravatar.com\/avatar\/de9edc136dfc061ad4778e04635baefa?s=96&d=mm&r=g","caption":"Daniel Cardon"}}]}},"authors":[{"term_id":1143,"user_id":11,"is_guest":0,"slug":"danielcardon","display_name":"Daniel Cardon","avatar_url":"https:\/\/secure.gravatar.com\/avatar\/de9edc136dfc061ad4778e04635baefa?s=96&d=mm&r=g","0":null,"1":"","2":"","3":"","4":"","5":"","6":"","7":"","8":""}],"_links":{"self":[{"href":"https:\/\/www.ecinews.fr\/fr\/wp-json\/wp\/v2\/posts\/443199"}],"collection":[{"href":"https:\/\/www.ecinews.fr\/fr\/wp-json\/wp\/v2\/posts"}],"about":[{"href":"https:\/\/www.ecinews.fr\/fr\/wp-json\/wp\/v2\/types\/post"}],"author":[{"embeddable":true,"href":"https:\/\/www.ecinews.fr\/fr\/wp-json\/wp\/v2\/users\/11"}],"replies":[{"embeddable":true,"href":"https:\/\/www.ecinews.fr\/fr\/wp-json\/wp\/v2\/comments?post=443199"}],"version-history":[{"count":0,"href":"https:\/\/www.ecinews.fr\/fr\/wp-json\/wp\/v2\/posts\/443199\/revisions"}],"wp:featuredmedia":[{"embeddable":true,"href":"https:\/\/www.ecinews.fr\/fr\/wp-json\/wp\/v2\/media\/443201"}],"wp:attachment":[{"href":"https:\/\/www.ecinews.fr\/fr\/wp-json\/wp\/v2\/media?parent=443199"}],"wp:term":[{"taxonomy":"category","embeddable":true,"href":"https:\/\/www.ecinews.fr\/fr\/wp-json\/wp\/v2\/categories?post=443199"},{"taxonomy":"post_tag","embeddable":true,"href":"https:\/\/www.ecinews.fr\/fr\/wp-json\/wp\/v2\/tags?post=443199"},{"taxonomy":"domains","embeddable":true,"href":"https:\/\/www.ecinews.fr\/fr\/wp-json\/wp\/v2\/domains?post=443199"},{"taxonomy":"author","embeddable":true,"href":"https:\/\/www.ecinews.fr\/fr\/wp-json\/wp\/v2\/ppma_author?post=443199"}],"curies":[{"name":"wp","href":"https:\/\/api.w.org\/{rel}","templated":true}]}}