{"id":442194,"date":"2024-01-25T18:43:58","date_gmt":"2024-01-25T17:43:58","guid":{"rendered":"https:\/\/www.eenewseurope.com\/?p=442194"},"modified":"2024-01-25T18:46:15","modified_gmt":"2024-01-25T17:46:15","slug":"le-cetim-se-dote-dune-nouvelle-chambre-anechoide-pour-le-marche-de-la-mobilite-electrique","status":"publish","type":"post","link":"https:\/\/www.ecinews.fr\/fr\/le-cetim-se-dote-dune-nouvelle-chambre-anechoide-pour-le-marche-de-la-mobilite-electrique\/","title":{"rendered":"Le Cetim se dote d\u2019une nouvelle chambre an\u00e9cho\u00efde pour le march\u00e9 de la mobilit\u00e9 \u00e9lectrique"},"content":{"rendered":"<h3><span style=\"font-size: 16px;\"><strong>Le Cetim \u00e9toffe ses moyens d\u2019essais CEM en se dotant d\u2019une nouvelle chambre an\u00e9cho\u00efde dot\u00e9e de l\u2019ensemble des ressources n\u00e9cessaire au test CEM des v\u00e9los \u00e0 assistance \u00e9lectrique et autres petits engins mobiles \u00e0 motorisation \u00e9lectrique.<\/strong><\/span><\/h3>\n<p>Pour \u00eatre commercialis\u00e9s sur le march\u00e9 europ\u00e9en, la plupart des \u00e9quipements \u00e9lectriques doivent respecter la directive europ\u00e9enne 2014\/30\/UE relative \u00e0 la compatibilit\u00e9 \u00e9lectromagn\u00e9tique (CEM). Les v\u00e9los \u00e9lectriques et autres engins \u00e0 motorisation \u00e9lectrique n&rsquo;\u00e9chappent pas \u00e0 la r\u00e8gle. Leurs fabricants doivent les soumettre \u00e0 toute une batterie d\u2019essais CEM afin de s\u2019assurer qu\u2019ils fonctionnent convenablement dans leur environnement \u00e9lectromagn\u00e9tique sans qu\u2019eux-m\u00eames ne soient la source de perturbations \u00e9lectromagn\u00e9tiques qui puissent nuire au fonctionnement des appareils op\u00e9rant \u00e0 proximit\u00e9.<\/p>\n<p><strong>Des moyens adapt\u00e9s \u00e0 la mobilit\u00e9 \u00e9lectrique<\/strong><\/p>\n<p>La r\u00e9alisation de tels essais n\u2019est cependant pas \u00e0 la port\u00e9e de tous tant en termes de moyens que d\u2019expertise. Il faut disposer d\u2019une chambre an\u00e9cho\u00efque permettant d\u2019accueillir l\u2019\u00e9quipement sous test ainsi qu\u2019une panoplie d\u2019instruments sp\u00e9cifiques. C\u2019est donc pour r\u00e9pondre aux besoins croissants des industriels en la mati\u00e8re, que le Cetim a consid\u00e9rablement \u00e9toff\u00e9 ses moyens d\u2019essais CEM. Il poss\u00e8de d\u00e9sormais deux chambres an\u00e9cho\u00efques indispensables \u00e0 la conduite de tels essais. La premi\u00e8re est parfaitement adapt\u00e9e \u00e0 la r\u00e9alisation d\u2019essais d\u2019une vari\u00e9t\u00e9 d\u2019appareils et d\u2019\u00e9quipements fixes. La seconde, mise en service mi-octobre, int\u00e8gre quant \u00e0 elle un banc E-Bike permettant de v\u00e9rifier la conformit\u00e9 CEM d\u2019un v\u00e9lo \u00e0 assistance \u00e9lectrique selon la norme EN 15194. Outre les v\u00e9los \u00e9lectriques, elle permet de conduire des essais CEM sur une diversit\u00e9 d\u2019engins \u00e9lectriques mobiles pesant jusqu&rsquo;\u00e0 4 000 kg tels que des transpalettes, des fauteuils roulants, des robots mobiles autonomes, des petites machines agricoles et foresti\u00e8res, etc.<\/p>\n<p>Le Cetim est d\u00e9sormais parfaitement arm\u00e9 pour r\u00e9pondre aux besoins des industriels pour r\u00e9aliser les essais CEM\u00a0de leurs \u00e9quipements conform\u00e9ment aux exigences de la directive CEM et des normes aff\u00e9rentes. Ces essais peuvent \u00eatre effectu\u00e9s sur des bancs d\u00e9di\u00e9s \u00e0 la mobilit\u00e9 conventionnelle et\/ou \u00e9lectrique \u00e0 des niveaux de champ \u00e9lectrique pouvant atteindre jusqu&rsquo;\u00e0 200V\/m. Ils peuvent \u00eatre associ\u00e9s \u00e0 un syst\u00e8me de surveillance des fonctions de l\u2019\u00e9quipement sous test (cam\u00e9ras, monitoring de signaux ou de bus de terrain, etc.). Ces moyens d\u2019essais peuvent \u00e9galement \u00eatre compl\u00e9t\u00e9s selon les besoins par un banc de transitoires r\u00e9seau batterie, un banc de d\u00e9charges \u00e9lectrostatiques, un banc pneumatique v\u00e9rins et moteurs, etc.<\/p>\n<p><a href=\"https:\/\/www.cetim.fr\/\">Cetim<\/a><\/p>\n<p><u><a href=\"https:\/\/news.google.com\/publications\/CAAqBwgKMJbcwQswuPfYAw?hl=fr&amp;gl=BE&amp;ceid=BE:fr\" target=\"news.google.com\" rel=\"noopener\">Suivre ECInews sur Google news<\/a><\/u><\/p>\n","protected":false},"excerpt":{"rendered":"<p>Le Cetim \u00e9toffe ses moyens d\u2019essais CEM en se dotant d\u2019une nouvelle chambre an\u00e9cho\u00efde dot\u00e9e de l\u2019ensemble des ressources n\u00e9cessaire au test CEM des v\u00e9los \u00e0 assistance \u00e9lectrique et autres petits engins mobiles \u00e0 motorisation \u00e9lectrique. Pour \u00eatre commercialis\u00e9s sur le march\u00e9 europ\u00e9en, la plupart des \u00e9quipements \u00e9lectriques doivent respecter la directive europ\u00e9enne 2014\/30\/UE relative [&hellip;]<\/p>\n","protected":false},"author":11,"featured_media":442196,"comment_status":"closed","ping_status":"closed","sticky":true,"template":"","format":"standard","meta":{"_acf_changed":false,"footnotes":""},"categories":[886],"tags":[5704,5706,5705],"domains":[47],"ppma_author":[1143],"class_list":["post-442194","post","type-post","status-publish","format-standard","has-post-thumbnail","hentry","category-news-fr","tag-cetim","tag-chambre-anechoide","tag-essais-cem","domains-electronique-eci"],"acf":[],"yoast_head":"<title>Le Cetim se dote d\u2019une nouvelle chambre an\u00e9cho\u00efde pour le m...<\/title>\n<meta name=\"description\" content=\"Tests CEM des engins \u00e9lectriques mobiles pesant jusqu&#039;\u00e0 4 000 kg : transpalettes, fauteuils roulants, robots mobiles autonomes ..\" \/>\n<meta name=\"robots\" content=\"index, follow, max-snippet:-1, max-image-preview:large, max-video-preview:-1\" \/>\n<link rel=\"canonical\" href=\"https:\/\/www.ecinews.fr\/fr\/wp-json\/wp\/v2\/posts\/442194\/\" \/>\n<meta property=\"og:locale\" content=\"fr_FR\" \/>\n<meta property=\"og:type\" content=\"article\" \/>\n<meta property=\"og:title\" content=\"Le Cetim se dote d\u2019une nouvelle chambre an\u00e9cho\u00efde pour le march\u00e9 de la mobilit\u00e9 \u00e9lectrique\" \/>\n<meta property=\"og:description\" content=\"Tests CEM des engins \u00e9lectriques mobiles pesant jusqu&#039;\u00e0 4 000 kg : transpalettes, fauteuils roulants, robots mobiles autonomes ..\" \/>\n<meta property=\"og:url\" content=\"https:\/\/www.ecinews.fr\/fr\/wp-json\/wp\/v2\/posts\/442194\/\" \/>\n<meta property=\"og:site_name\" content=\"EENewsEurope\" \/>\n<meta property=\"article:published_time\" content=\"2024-01-25T17:43:58+00:00\" \/>\n<meta property=\"article:modified_time\" content=\"2024-01-25T17:46:15+00:00\" \/>\n<meta property=\"og:image\" content=\"https:\/\/www.ecinews.fr\/wp-content\/uploads\/2024\/01\/Cetim.jpg\" \/>\n\t<meta property=\"og:image:width\" content=\"564\" \/>\n\t<meta property=\"og:image:height\" content=\"422\" \/>\n\t<meta property=\"og:image:type\" content=\"image\/jpeg\" \/>\n<meta name=\"author\" content=\"Daniel Cardon\" \/>\n<meta name=\"twitter:card\" content=\"summary_large_image\" \/>\n<meta name=\"twitter:label1\" content=\"Written by\" \/>\n\t<meta name=\"twitter:data1\" content=\"Daniel Cardon\" \/>\n\t<meta name=\"twitter:label2\" content=\"Est. reading time\" \/>\n\t<meta name=\"twitter:data2\" content=\"3 minutes\" \/>\n<script type=\"application\/ld+json\" class=\"yoast-schema-graph\">{\"@context\":\"https:\/\/schema.org\",\"@graph\":[{\"@type\":\"Article\",\"@id\":\"https:\/\/www.ecinews.fr\/fr\/le-cetim-se-dote-dune-nouvelle-chambre-anechoide-pour-le-marche-de-la-mobilite-electrique\/#article\",\"isPartOf\":{\"@id\":\"https:\/\/www.ecinews.fr\/fr\/le-cetim-se-dote-dune-nouvelle-chambre-anechoide-pour-le-marche-de-la-mobilite-electrique\/\"},\"author\":{\"name\":\"Daniel Cardon\",\"@id\":\"https:\/\/www.eenewseurope.com\/en\/#\/schema\/person\/93c44cde463762f40a8236eaa44c1c17\"},\"headline\":\"Le Cetim se dote d\u2019une nouvelle chambre an\u00e9cho\u00efde pour le march\u00e9 de la mobilit\u00e9 \u00e9lectrique\",\"datePublished\":\"2024-01-25T17:43:58+00:00\",\"dateModified\":\"2024-01-25T17:46:15+00:00\",\"mainEntityOfPage\":{\"@id\":\"https:\/\/www.ecinews.fr\/fr\/le-cetim-se-dote-dune-nouvelle-chambre-anechoide-pour-le-marche-de-la-mobilite-electrique\/\"},\"wordCount\":471,\"publisher\":{\"@id\":\"https:\/\/www.eenewseurope.com\/en\/#organization\"},\"keywords\":[\"Cetim\",\"Chambre an\u00e9cho\u00efde\",\"Essais CEM\"],\"articleSection\":[\"Actualit\u00e9 g\u00e9n\u00e9rale\"],\"inLanguage\":\"fr-FR\"},{\"@type\":\"WebPage\",\"@id\":\"https:\/\/www.ecinews.fr\/fr\/le-cetim-se-dote-dune-nouvelle-chambre-anechoide-pour-le-marche-de-la-mobilite-electrique\/\",\"url\":\"https:\/\/www.ecinews.fr\/fr\/le-cetim-se-dote-dune-nouvelle-chambre-anechoide-pour-le-marche-de-la-mobilite-electrique\/\",\"name\":\"Le Cetim se dote d\u2019une nouvelle chambre an\u00e9cho\u00efde pour le march\u00e9 de la mobilit\u00e9 \u00e9lectrique -\",\"isPartOf\":{\"@id\":\"https:\/\/www.eenewseurope.com\/en\/#website\"},\"datePublished\":\"2024-01-25T17:43:58+00:00\",\"dateModified\":\"2024-01-25T17:46:15+00:00\",\"description\":\"Tests CEM des engins \u00e9lectriques mobiles pesant jusqu'\u00e0 4 000 kg : transpalettes, fauteuils roulants, robots mobiles autonomes ..\",\"breadcrumb\":{\"@id\":\"https:\/\/www.ecinews.fr\/fr\/le-cetim-se-dote-dune-nouvelle-chambre-anechoide-pour-le-marche-de-la-mobilite-electrique\/#breadcrumb\"},\"inLanguage\":\"fr-FR\",\"potentialAction\":[{\"@type\":\"ReadAction\",\"target\":[\"https:\/\/www.ecinews.fr\/fr\/le-cetim-se-dote-dune-nouvelle-chambre-anechoide-pour-le-marche-de-la-mobilite-electrique\/\"]}]},{\"@type\":\"BreadcrumbList\",\"@id\":\"https:\/\/www.ecinews.fr\/fr\/le-cetim-se-dote-dune-nouvelle-chambre-anechoide-pour-le-marche-de-la-mobilite-electrique\/#breadcrumb\",\"itemListElement\":[{\"@type\":\"ListItem\",\"position\":1,\"name\":\"Home\",\"item\":\"https:\/\/www.ecinews.fr\/fr\/\"},{\"@type\":\"ListItem\",\"position\":2,\"name\":\"Le Cetim se dote d\u2019une nouvelle chambre an\u00e9cho\u00efde pour le march\u00e9 de la mobilit\u00e9 \u00e9lectrique\"}]},{\"@type\":\"WebSite\",\"@id\":\"https:\/\/www.eenewseurope.com\/en\/#website\",\"url\":\"https:\/\/www.eenewseurope.com\/en\/\",\"name\":\"EENewsEurope\",\"description\":\"Just another WordPress site\",\"publisher\":{\"@id\":\"https:\/\/www.eenewseurope.com\/en\/#organization\"},\"potentialAction\":[{\"@type\":\"SearchAction\",\"target\":{\"@type\":\"EntryPoint\",\"urlTemplate\":\"https:\/\/www.eenewseurope.com\/en\/?s={search_term_string}\"},\"query-input\":\"required name=search_term_string\"}],\"inLanguage\":\"fr-FR\"},{\"@type\":\"Organization\",\"@id\":\"https:\/\/www.eenewseurope.com\/en\/#organization\",\"name\":\"EENewsEurope\",\"url\":\"https:\/\/www.eenewseurope.com\/en\/\",\"logo\":{\"@type\":\"ImageObject\",\"inLanguage\":\"fr-FR\",\"@id\":\"https:\/\/www.eenewseurope.com\/en\/#\/schema\/logo\/image\/\",\"url\":\"https:\/\/www.ecinews.fr\/wp-content\/uploads\/2022\/02\/logo-1.jpg\",\"contentUrl\":\"https:\/\/www.ecinews.fr\/wp-content\/uploads\/2022\/02\/logo-1.jpg\",\"width\":283,\"height\":113,\"caption\":\"EENewsEurope\"},\"image\":{\"@id\":\"https:\/\/www.eenewseurope.com\/en\/#\/schema\/logo\/image\/\"}},{\"@type\":\"Person\",\"@id\":\"https:\/\/www.eenewseurope.com\/en\/#\/schema\/person\/93c44cde463762f40a8236eaa44c1c17\",\"name\":\"Daniel Cardon\",\"image\":{\"@type\":\"ImageObject\",\"inLanguage\":\"fr-FR\",\"@id\":\"https:\/\/www.eenewseurope.com\/en\/#\/schema\/person\/image\/2b243f6bcc1cff7d86aadfb2cd0bd870\",\"url\":\"https:\/\/secure.gravatar.com\/avatar\/de9edc136dfc061ad4778e04635baefa?s=96&d=mm&r=g\",\"contentUrl\":\"https:\/\/secure.gravatar.com\/avatar\/de9edc136dfc061ad4778e04635baefa?s=96&d=mm&r=g\",\"caption\":\"Daniel Cardon\"}}]}<\/script>","yoast_head_json":{"title":"Le Cetim se dote d\u2019une nouvelle chambre an\u00e9cho\u00efde pour le m...","description":"Tests CEM des engins \u00e9lectriques mobiles pesant jusqu'\u00e0 4 000 kg : transpalettes, fauteuils roulants, robots mobiles autonomes ..","robots":{"index":"index","follow":"follow","max-snippet":"max-snippet:-1","max-image-preview":"max-image-preview:large","max-video-preview":"max-video-preview:-1"},"canonical":"https:\/\/www.ecinews.fr\/fr\/wp-json\/wp\/v2\/posts\/442194\/","og_locale":"fr_FR","og_type":"article","og_title":"Le Cetim se dote d\u2019une nouvelle chambre an\u00e9cho\u00efde pour le march\u00e9 de la mobilit\u00e9 \u00e9lectrique","og_description":"Tests CEM des engins \u00e9lectriques mobiles pesant jusqu'\u00e0 4 000 kg : transpalettes, fauteuils roulants, robots mobiles autonomes ..","og_url":"https:\/\/www.ecinews.fr\/fr\/wp-json\/wp\/v2\/posts\/442194\/","og_site_name":"EENewsEurope","article_published_time":"2024-01-25T17:43:58+00:00","article_modified_time":"2024-01-25T17:46:15+00:00","og_image":[{"width":564,"height":422,"url":"https:\/\/www.ecinews.fr\/wp-content\/uploads\/2024\/01\/Cetim.jpg","type":"image\/jpeg"}],"author":"Daniel Cardon","twitter_card":"summary_large_image","twitter_misc":{"Written by":"Daniel Cardon","Est. reading time":"3 minutes"},"schema":{"@context":"https:\/\/schema.org","@graph":[{"@type":"Article","@id":"https:\/\/www.ecinews.fr\/fr\/le-cetim-se-dote-dune-nouvelle-chambre-anechoide-pour-le-marche-de-la-mobilite-electrique\/#article","isPartOf":{"@id":"https:\/\/www.ecinews.fr\/fr\/le-cetim-se-dote-dune-nouvelle-chambre-anechoide-pour-le-marche-de-la-mobilite-electrique\/"},"author":{"name":"Daniel Cardon","@id":"https:\/\/www.eenewseurope.com\/en\/#\/schema\/person\/93c44cde463762f40a8236eaa44c1c17"},"headline":"Le Cetim se dote d\u2019une nouvelle chambre an\u00e9cho\u00efde pour le march\u00e9 de la mobilit\u00e9 \u00e9lectrique","datePublished":"2024-01-25T17:43:58+00:00","dateModified":"2024-01-25T17:46:15+00:00","mainEntityOfPage":{"@id":"https:\/\/www.ecinews.fr\/fr\/le-cetim-se-dote-dune-nouvelle-chambre-anechoide-pour-le-marche-de-la-mobilite-electrique\/"},"wordCount":471,"publisher":{"@id":"https:\/\/www.eenewseurope.com\/en\/#organization"},"keywords":["Cetim","Chambre an\u00e9cho\u00efde","Essais CEM"],"articleSection":["Actualit\u00e9 g\u00e9n\u00e9rale"],"inLanguage":"fr-FR"},{"@type":"WebPage","@id":"https:\/\/www.ecinews.fr\/fr\/le-cetim-se-dote-dune-nouvelle-chambre-anechoide-pour-le-marche-de-la-mobilite-electrique\/","url":"https:\/\/www.ecinews.fr\/fr\/le-cetim-se-dote-dune-nouvelle-chambre-anechoide-pour-le-marche-de-la-mobilite-electrique\/","name":"Le Cetim se dote d\u2019une nouvelle chambre an\u00e9cho\u00efde pour le march\u00e9 de la mobilit\u00e9 \u00e9lectrique -","isPartOf":{"@id":"https:\/\/www.eenewseurope.com\/en\/#website"},"datePublished":"2024-01-25T17:43:58+00:00","dateModified":"2024-01-25T17:46:15+00:00","description":"Tests CEM des engins \u00e9lectriques mobiles pesant jusqu'\u00e0 4 000 kg : transpalettes, fauteuils roulants, robots mobiles autonomes ..","breadcrumb":{"@id":"https:\/\/www.ecinews.fr\/fr\/le-cetim-se-dote-dune-nouvelle-chambre-anechoide-pour-le-marche-de-la-mobilite-electrique\/#breadcrumb"},"inLanguage":"fr-FR","potentialAction":[{"@type":"ReadAction","target":["https:\/\/www.ecinews.fr\/fr\/le-cetim-se-dote-dune-nouvelle-chambre-anechoide-pour-le-marche-de-la-mobilite-electrique\/"]}]},{"@type":"BreadcrumbList","@id":"https:\/\/www.ecinews.fr\/fr\/le-cetim-se-dote-dune-nouvelle-chambre-anechoide-pour-le-marche-de-la-mobilite-electrique\/#breadcrumb","itemListElement":[{"@type":"ListItem","position":1,"name":"Home","item":"https:\/\/www.ecinews.fr\/fr\/"},{"@type":"ListItem","position":2,"name":"Le Cetim se dote d\u2019une nouvelle chambre an\u00e9cho\u00efde pour le march\u00e9 de la mobilit\u00e9 \u00e9lectrique"}]},{"@type":"WebSite","@id":"https:\/\/www.eenewseurope.com\/en\/#website","url":"https:\/\/www.eenewseurope.com\/en\/","name":"EENewsEurope","description":"Just another WordPress site","publisher":{"@id":"https:\/\/www.eenewseurope.com\/en\/#organization"},"potentialAction":[{"@type":"SearchAction","target":{"@type":"EntryPoint","urlTemplate":"https:\/\/www.eenewseurope.com\/en\/?s={search_term_string}"},"query-input":"required name=search_term_string"}],"inLanguage":"fr-FR"},{"@type":"Organization","@id":"https:\/\/www.eenewseurope.com\/en\/#organization","name":"EENewsEurope","url":"https:\/\/www.eenewseurope.com\/en\/","logo":{"@type":"ImageObject","inLanguage":"fr-FR","@id":"https:\/\/www.eenewseurope.com\/en\/#\/schema\/logo\/image\/","url":"https:\/\/www.ecinews.fr\/wp-content\/uploads\/2022\/02\/logo-1.jpg","contentUrl":"https:\/\/www.ecinews.fr\/wp-content\/uploads\/2022\/02\/logo-1.jpg","width":283,"height":113,"caption":"EENewsEurope"},"image":{"@id":"https:\/\/www.eenewseurope.com\/en\/#\/schema\/logo\/image\/"}},{"@type":"Person","@id":"https:\/\/www.eenewseurope.com\/en\/#\/schema\/person\/93c44cde463762f40a8236eaa44c1c17","name":"Daniel Cardon","image":{"@type":"ImageObject","inLanguage":"fr-FR","@id":"https:\/\/www.eenewseurope.com\/en\/#\/schema\/person\/image\/2b243f6bcc1cff7d86aadfb2cd0bd870","url":"https:\/\/secure.gravatar.com\/avatar\/de9edc136dfc061ad4778e04635baefa?s=96&d=mm&r=g","contentUrl":"https:\/\/secure.gravatar.com\/avatar\/de9edc136dfc061ad4778e04635baefa?s=96&d=mm&r=g","caption":"Daniel Cardon"}}]}},"authors":[{"term_id":1143,"user_id":11,"is_guest":0,"slug":"danielcardon","display_name":"Daniel Cardon","avatar_url":"https:\/\/secure.gravatar.com\/avatar\/de9edc136dfc061ad4778e04635baefa?s=96&d=mm&r=g","0":null,"1":"","2":"","3":"","4":"","5":"","6":"","7":"","8":""}],"_links":{"self":[{"href":"https:\/\/www.ecinews.fr\/fr\/wp-json\/wp\/v2\/posts\/442194"}],"collection":[{"href":"https:\/\/www.ecinews.fr\/fr\/wp-json\/wp\/v2\/posts"}],"about":[{"href":"https:\/\/www.ecinews.fr\/fr\/wp-json\/wp\/v2\/types\/post"}],"author":[{"embeddable":true,"href":"https:\/\/www.ecinews.fr\/fr\/wp-json\/wp\/v2\/users\/11"}],"replies":[{"embeddable":true,"href":"https:\/\/www.ecinews.fr\/fr\/wp-json\/wp\/v2\/comments?post=442194"}],"version-history":[{"count":0,"href":"https:\/\/www.ecinews.fr\/fr\/wp-json\/wp\/v2\/posts\/442194\/revisions"}],"wp:featuredmedia":[{"embeddable":true,"href":"https:\/\/www.ecinews.fr\/fr\/wp-json\/wp\/v2\/media\/442196"}],"wp:attachment":[{"href":"https:\/\/www.ecinews.fr\/fr\/wp-json\/wp\/v2\/media?parent=442194"}],"wp:term":[{"taxonomy":"category","embeddable":true,"href":"https:\/\/www.ecinews.fr\/fr\/wp-json\/wp\/v2\/categories?post=442194"},{"taxonomy":"post_tag","embeddable":true,"href":"https:\/\/www.ecinews.fr\/fr\/wp-json\/wp\/v2\/tags?post=442194"},{"taxonomy":"domains","embeddable":true,"href":"https:\/\/www.ecinews.fr\/fr\/wp-json\/wp\/v2\/domains?post=442194"},{"taxonomy":"author","embeddable":true,"href":"https:\/\/www.ecinews.fr\/fr\/wp-json\/wp\/v2\/ppma_author?post=442194"}],"curies":[{"name":"wp","href":"https:\/\/api.w.org\/{rel}","templated":true}]}}