{"id":442035,"date":"2024-01-24T17:16:19","date_gmt":"2024-01-24T16:16:19","guid":{"rendered":"https:\/\/www.eenewseurope.com\/?p=442035"},"modified":"2024-01-25T04:28:05","modified_gmt":"2024-01-25T03:28:05","slug":"altman-de-openai-veut-construire-des-fabs","status":"publish","type":"post","link":"https:\/\/www.ecinews.fr\/fr\/altman-de-openai-veut-construire-des-fabs\/","title":{"rendered":"Sam Altman, PDG de OpenAI, veut construire des fabs"},"content":{"rendered":"<h3>Sam Altman, PDG d&rsquo;OpenAI, pionnier de l&rsquo;intelligence artificielle (IA) soutenu par Microsoft, est en pourparlers pour lever des milliards de dollars afin de construire un r\u00e9seau de fabs de wafers, selon certaines informations.<\/h3>\n<p>Selon les rapports, M. Altman craint que la capacit\u00e9 de fabrication des puces d&rsquo;IA ne soit pas suffisante dans les ann\u00e9es \u00e0 venir. Il a eu des entretiens avec des investisseurs potentiels, dont le groupe 42 Holding Ltd. bas\u00e9 \u00e0 Abu Dhabi, le groupe SoftBank et le fondeur TSMC. Selon des sources anonymes cit\u00e9es par le magazine Fortune, Microsoft serait int\u00e9ress\u00e9 par ce projet.<\/p>\n<p>Le projet n\u00e9cessiterait \u00e9galement la participation d&rsquo;une ou plusieurs entreprises de semiconducteurs de pointe. Pour m\u00e9moire, une seule usine de fabrication de wafers de pointe peut co\u00fbter de l&rsquo;ordre de 10 milliards de dollars am\u00e9ricains et le plan d&rsquo;Altman pr\u00e9voit un r\u00e9seau mondial de fabs de ce type.<\/p>\n<h4>D&rsquo;o\u00f9 viendra l&rsquo;argent ?<\/h4>\n<p>Toutefois, une commission du Congr\u00e8s am\u00e9ricain a recommand\u00e9 au d\u00e9partement du commerce de soumettre la soci\u00e9t\u00e9 d&rsquo;investissement G42, ses filiales et ses soci\u00e9t\u00e9s affili\u00e9es \u00e0 des restrictions commerciales en raison de leurs liens avec la Chine et des entreprises telles que Huawai Technologies. M. Altman a d\u00e9j\u00e0 eu des difficult\u00e9s \u00e0 accepter des fonds du Moyen-Orient pour des entreprises de puces (voir L&rsquo;<a href=\"https:\/\/www.eenewseurope.com\/en\/cfius-review-leads-to-ai-startup-losing-saudi-backing\/\">examen du CFIUS conduit \u00e0 la perte du soutien saoudien \u00e0 une entreprise d&rsquo;IA<\/a>).<\/p>\n<p>M. Altman devrait rencontrer le pr\u00e9sident de SK Group, Chey Tae-won, lors d&rsquo;un voyage en Cor\u00e9e du Sud cette semaine, et il aurait eu des entretiens avec TSMC.<\/p>\n<p>M. Altman travaillait d\u00e9j\u00e0 sur ce plan lorsqu&rsquo;il a \u00e9t\u00e9 licenci\u00e9 par le conseil d&rsquo;administration d&rsquo;OpenAI en novembre 2023, avant d&rsquo;\u00eatre r\u00e9tabli dans ses fonctions. Depuis sa r\u00e9int\u00e9gration, il a redoubl\u00e9 d&rsquo;efforts dans le cadre du plan de fabrication de puces d&rsquo;IA, selon un rapport.<\/p>\n<h4>Liens et articles connexes :<\/h4>\n<p><a href=\"https:\/\/fortune.com\/2024\/01\/20\/openai-ceo-sam-altman-seeking-billions-for-ai-chips-factories-network\/?ref=upstract.com\">Rapport de <em>Fortune<\/em> <\/a><\/p>\n<h4>Articles de presse :<\/h4>\n<p><a href=\"https:\/\/www.eenewseurope.com\/en\/vodafone-and-microsoft-sign-generative-ai-cloud-partnership\/\">Vodafone et Microsoft signent un partenariat sur l&rsquo;IA g\u00e9n\u00e9rative et l&rsquo;informatique d\u00e9mat\u00e9rialis\u00e9e<\/a><\/p>\n<p><a href=\"https:\/\/www.eenewseurope.com\/en\/cfius-review-leads-to-ai-startup-losing-saudi-backing\/\">L&rsquo;examen du CFIUS entra\u00eene la perte du soutien de l&rsquo;Arabie saoudite \u00e0 une jeune entreprise d&rsquo;IA<\/a><\/p>\n<p><a href=\"https:\/\/www.eenewseurope.com\/en\/microsoft-unveils-own-designed-processors\/\">Microsoft d\u00e9voile ses propres processeurs <\/a><\/p>\n<p><a href=\"https:\/\/www.eenewseurope.com\/en\/chatbot-frenzy-driving-hbm-demand-cowos-shortage\/\">La fr\u00e9n\u00e9sie des chatbots stimule la demande de HBM et la p\u00e9nurie de CoWoS<\/a><\/p>\n","protected":false},"excerpt":{"rendered":"<p>Sam Altman, PDG d&rsquo;OpenAI, pionnier de l&rsquo;intelligence artificielle (IA) soutenu par Microsoft, est en pourparlers pour lever des milliards de dollars afin de construire un r\u00e9seau de fabs de wafers, selon certaines informations. Selon les rapports, M. Altman craint que la capacit\u00e9 de fabrication des puces d&rsquo;IA ne soit pas suffisante dans les ann\u00e9es \u00e0 [&hellip;]<\/p>\n","protected":false},"author":34,"featured_media":441775,"comment_status":"closed","ping_status":"closed","sticky":false,"template":"","format":"standard","meta":{"_acf_changed":false,"footnotes":""},"categories":[880,3669],"tags":[4039,1558],"domains":[47],"ppma_author":[3631,1153],"class_list":["post-442035","post","type-post","status-publish","format-standard","has-post-thumbnail","hentry","category-actualites-economiques","category-nouvelles","tag-ia-generative","tag-semiconducteurs","domains-electronique-eci"],"acf":[],"yoast_head":"<title>Altman, de OpenAI, veut construire des fabs ...<\/title>\n<meta name=\"description\" content=\"Sam Altman, PDG d&#039;OpenAI, pionnier de l&#039;IA soutenu par Microsoft, est en pourparlers pour lever des milliards de dollars pour des fabs.\" \/>\n<meta name=\"robots\" content=\"index, follow, max-snippet:-1, max-image-preview:large, max-video-preview:-1\" \/>\n<link rel=\"canonical\" href=\"https:\/\/www.ecinews.fr\/fr\/wp-json\/wp\/v2\/posts\/442035\/\" \/>\n<meta property=\"og:locale\" content=\"fr_FR\" \/>\n<meta property=\"og:type\" content=\"article\" \/>\n<meta property=\"og:title\" content=\"Sam Altman, PDG de OpenAI, veut construire des fabs\" \/>\n<meta property=\"og:description\" content=\"Sam Altman, PDG d&#039;OpenAI, pionnier de l&#039;IA soutenu par Microsoft, est en pourparlers pour lever des milliards de dollars pour des fabs.\" \/>\n<meta property=\"og:url\" content=\"https:\/\/www.ecinews.fr\/fr\/wp-json\/wp\/v2\/posts\/442035\/\" \/>\n<meta property=\"og:site_name\" content=\"EENewsEurope\" \/>\n<meta property=\"article:published_time\" content=\"2024-01-24T16:16:19+00:00\" \/>\n<meta property=\"article:modified_time\" content=\"2024-01-25T03:28:05+00:00\" \/>\n<meta property=\"og:image\" content=\"https:\/\/www.ecinews.fr\/wp-content\/uploads\/2024\/01\/SamAltman630.jpg\" \/>\n\t<meta property=\"og:image:width\" content=\"630\" \/>\n\t<meta property=\"og:image:height\" content=\"429\" \/>\n\t<meta property=\"og:image:type\" content=\"image\/jpeg\" \/>\n<meta name=\"author\" content=\"Peter Clarke, A Delapalisse\" \/>\n<meta name=\"twitter:card\" content=\"summary_large_image\" \/>\n<meta name=\"twitter:label1\" content=\"Written by\" \/>\n\t<meta name=\"twitter:data1\" content=\"A Delapalisse\" \/>\n\t<meta name=\"twitter:label2\" content=\"Est. reading time\" \/>\n\t<meta name=\"twitter:data2\" content=\"2 minutes\" \/>\n<script type=\"application\/ld+json\" class=\"yoast-schema-graph\">{\"@context\":\"https:\/\/schema.org\",\"@graph\":[{\"@type\":\"Article\",\"@id\":\"https:\/\/www.ecinews.fr\/fr\/altman-de-openai-veut-construire-des-fabs\/#article\",\"isPartOf\":{\"@id\":\"https:\/\/www.ecinews.fr\/fr\/altman-de-openai-veut-construire-des-fabs\/\"},\"author\":{\"name\":\"A Delapalisse\",\"@id\":\"https:\/\/www.ecinews.fr\/fr\/#\/schema\/person\/0aa2cfb0bd8949724a68cbac8d8321b4\"},\"headline\":\"Sam Altman, PDG de OpenAI, veut construire des fabs\",\"datePublished\":\"2024-01-24T16:16:19+00:00\",\"dateModified\":\"2024-01-25T03:28:05+00:00\",\"mainEntityOfPage\":{\"@id\":\"https:\/\/www.ecinews.fr\/fr\/altman-de-openai-veut-construire-des-fabs\/\"},\"wordCount\":411,\"publisher\":{\"@id\":\"https:\/\/www.ecinews.fr\/fr\/#organization\"},\"keywords\":[\"IA g\u00e9n\u00e9rative\",\"Semiconducteurs\"],\"articleSection\":[\"Actualit\u00e9s \u00e9conomiques\",\"Nouvelles\"],\"inLanguage\":\"fr-FR\"},{\"@type\":\"WebPage\",\"@id\":\"https:\/\/www.ecinews.fr\/fr\/altman-de-openai-veut-construire-des-fabs\/\",\"url\":\"https:\/\/www.ecinews.fr\/fr\/altman-de-openai-veut-construire-des-fabs\/\",\"name\":\"Altman, de OpenAI, veut construire des fabs\",\"isPartOf\":{\"@id\":\"https:\/\/www.ecinews.fr\/fr\/#website\"},\"datePublished\":\"2024-01-24T16:16:19+00:00\",\"dateModified\":\"2024-01-25T03:28:05+00:00\",\"description\":\"Sam Altman, PDG d'OpenAI, pionnier de l'IA soutenu par Microsoft, est en pourparlers pour lever des milliards de dollars pour des fabs.\",\"breadcrumb\":{\"@id\":\"https:\/\/www.ecinews.fr\/fr\/altman-de-openai-veut-construire-des-fabs\/#breadcrumb\"},\"inLanguage\":\"fr-FR\",\"potentialAction\":[{\"@type\":\"ReadAction\",\"target\":[\"https:\/\/www.ecinews.fr\/fr\/altman-de-openai-veut-construire-des-fabs\/\"]}]},{\"@type\":\"BreadcrumbList\",\"@id\":\"https:\/\/www.ecinews.fr\/fr\/altman-de-openai-veut-construire-des-fabs\/#breadcrumb\",\"itemListElement\":[{\"@type\":\"ListItem\",\"position\":1,\"name\":\"Home\",\"item\":\"https:\/\/www.ecinews.fr\/fr\/\"},{\"@type\":\"ListItem\",\"position\":2,\"name\":\"Sam Altman, PDG de OpenAI, veut construire des fabs\"}]},{\"@type\":\"WebSite\",\"@id\":\"https:\/\/www.ecinews.fr\/fr\/#website\",\"url\":\"https:\/\/www.ecinews.fr\/fr\/\",\"name\":\"EENewsEurope\",\"description\":\"Just another WordPress site\",\"publisher\":{\"@id\":\"https:\/\/www.ecinews.fr\/fr\/#organization\"},\"potentialAction\":[{\"@type\":\"SearchAction\",\"target\":{\"@type\":\"EntryPoint\",\"urlTemplate\":\"https:\/\/www.ecinews.fr\/fr\/?s={search_term_string}\"},\"query-input\":\"required name=search_term_string\"}],\"inLanguage\":\"fr-FR\"},{\"@type\":\"Organization\",\"@id\":\"https:\/\/www.ecinews.fr\/fr\/#organization\",\"name\":\"EENewsEurope\",\"url\":\"https:\/\/www.ecinews.fr\/fr\/\",\"logo\":{\"@type\":\"ImageObject\",\"inLanguage\":\"fr-FR\",\"@id\":\"https:\/\/www.ecinews.fr\/fr\/#\/schema\/logo\/image\/\",\"url\":\"https:\/\/www.ecinews.fr\/wp-content\/uploads\/2022\/02\/logo-1.jpg\",\"contentUrl\":\"https:\/\/www.ecinews.fr\/wp-content\/uploads\/2022\/02\/logo-1.jpg\",\"width\":283,\"height\":113,\"caption\":\"EENewsEurope\"},\"image\":{\"@id\":\"https:\/\/www.ecinews.fr\/fr\/#\/schema\/logo\/image\/\"}},{\"@type\":\"Person\",\"@id\":\"https:\/\/www.ecinews.fr\/fr\/#\/schema\/person\/0aa2cfb0bd8949724a68cbac8d8321b4\",\"name\":\"A Delapalisse\",\"image\":{\"@type\":\"ImageObject\",\"inLanguage\":\"fr-FR\",\"@id\":\"https:\/\/www.ecinews.fr\/fr\/#\/schema\/person\/image\/211ac42237c2e9683c0964086c393cb4\",\"url\":\"https:\/\/secure.gravatar.com\/avatar\/ad45a8c5da24bc9c7c4940dd1c48a695?s=96&d=mm&r=g\",\"contentUrl\":\"https:\/\/secure.gravatar.com\/avatar\/ad45a8c5da24bc9c7c4940dd1c48a695?s=96&d=mm&r=g\",\"caption\":\"A Delapalisse\"},\"sameAs\":[\"http:\/\/ECI\"]}]}<\/script>","yoast_head_json":{"title":"Altman, de OpenAI, veut construire des fabs ...","description":"Sam Altman, PDG d'OpenAI, pionnier de l'IA soutenu par Microsoft, est en pourparlers pour lever des milliards de dollars pour des fabs.","robots":{"index":"index","follow":"follow","max-snippet":"max-snippet:-1","max-image-preview":"max-image-preview:large","max-video-preview":"max-video-preview:-1"},"canonical":"https:\/\/www.ecinews.fr\/fr\/wp-json\/wp\/v2\/posts\/442035\/","og_locale":"fr_FR","og_type":"article","og_title":"Sam Altman, PDG de OpenAI, veut construire des fabs","og_description":"Sam Altman, PDG d'OpenAI, pionnier de l'IA soutenu par Microsoft, est en pourparlers pour lever des milliards de dollars pour des fabs.","og_url":"https:\/\/www.ecinews.fr\/fr\/wp-json\/wp\/v2\/posts\/442035\/","og_site_name":"EENewsEurope","article_published_time":"2024-01-24T16:16:19+00:00","article_modified_time":"2024-01-25T03:28:05+00:00","og_image":[{"width":630,"height":429,"url":"https:\/\/www.ecinews.fr\/wp-content\/uploads\/2024\/01\/SamAltman630.jpg","type":"image\/jpeg"}],"author":"Peter Clarke, A Delapalisse","twitter_card":"summary_large_image","twitter_misc":{"Written by":"A Delapalisse","Est. reading time":"2 minutes"},"schema":{"@context":"https:\/\/schema.org","@graph":[{"@type":"Article","@id":"https:\/\/www.ecinews.fr\/fr\/altman-de-openai-veut-construire-des-fabs\/#article","isPartOf":{"@id":"https:\/\/www.ecinews.fr\/fr\/altman-de-openai-veut-construire-des-fabs\/"},"author":{"name":"A Delapalisse","@id":"https:\/\/www.ecinews.fr\/fr\/#\/schema\/person\/0aa2cfb0bd8949724a68cbac8d8321b4"},"headline":"Sam Altman, PDG de OpenAI, veut construire des fabs","datePublished":"2024-01-24T16:16:19+00:00","dateModified":"2024-01-25T03:28:05+00:00","mainEntityOfPage":{"@id":"https:\/\/www.ecinews.fr\/fr\/altman-de-openai-veut-construire-des-fabs\/"},"wordCount":411,"publisher":{"@id":"https:\/\/www.ecinews.fr\/fr\/#organization"},"keywords":["IA g\u00e9n\u00e9rative","Semiconducteurs"],"articleSection":["Actualit\u00e9s \u00e9conomiques","Nouvelles"],"inLanguage":"fr-FR"},{"@type":"WebPage","@id":"https:\/\/www.ecinews.fr\/fr\/altman-de-openai-veut-construire-des-fabs\/","url":"https:\/\/www.ecinews.fr\/fr\/altman-de-openai-veut-construire-des-fabs\/","name":"Altman, de OpenAI, veut construire des fabs","isPartOf":{"@id":"https:\/\/www.ecinews.fr\/fr\/#website"},"datePublished":"2024-01-24T16:16:19+00:00","dateModified":"2024-01-25T03:28:05+00:00","description":"Sam Altman, PDG d'OpenAI, pionnier de l'IA soutenu par Microsoft, est en pourparlers pour lever des milliards de dollars pour des fabs.","breadcrumb":{"@id":"https:\/\/www.ecinews.fr\/fr\/altman-de-openai-veut-construire-des-fabs\/#breadcrumb"},"inLanguage":"fr-FR","potentialAction":[{"@type":"ReadAction","target":["https:\/\/www.ecinews.fr\/fr\/altman-de-openai-veut-construire-des-fabs\/"]}]},{"@type":"BreadcrumbList","@id":"https:\/\/www.ecinews.fr\/fr\/altman-de-openai-veut-construire-des-fabs\/#breadcrumb","itemListElement":[{"@type":"ListItem","position":1,"name":"Home","item":"https:\/\/www.ecinews.fr\/fr\/"},{"@type":"ListItem","position":2,"name":"Sam Altman, PDG de OpenAI, veut construire des fabs"}]},{"@type":"WebSite","@id":"https:\/\/www.ecinews.fr\/fr\/#website","url":"https:\/\/www.ecinews.fr\/fr\/","name":"EENewsEurope","description":"Just another WordPress site","publisher":{"@id":"https:\/\/www.ecinews.fr\/fr\/#organization"},"potentialAction":[{"@type":"SearchAction","target":{"@type":"EntryPoint","urlTemplate":"https:\/\/www.ecinews.fr\/fr\/?s={search_term_string}"},"query-input":"required name=search_term_string"}],"inLanguage":"fr-FR"},{"@type":"Organization","@id":"https:\/\/www.ecinews.fr\/fr\/#organization","name":"EENewsEurope","url":"https:\/\/www.ecinews.fr\/fr\/","logo":{"@type":"ImageObject","inLanguage":"fr-FR","@id":"https:\/\/www.ecinews.fr\/fr\/#\/schema\/logo\/image\/","url":"https:\/\/www.ecinews.fr\/wp-content\/uploads\/2022\/02\/logo-1.jpg","contentUrl":"https:\/\/www.ecinews.fr\/wp-content\/uploads\/2022\/02\/logo-1.jpg","width":283,"height":113,"caption":"EENewsEurope"},"image":{"@id":"https:\/\/www.ecinews.fr\/fr\/#\/schema\/logo\/image\/"}},{"@type":"Person","@id":"https:\/\/www.ecinews.fr\/fr\/#\/schema\/person\/0aa2cfb0bd8949724a68cbac8d8321b4","name":"A Delapalisse","image":{"@type":"ImageObject","inLanguage":"fr-FR","@id":"https:\/\/www.ecinews.fr\/fr\/#\/schema\/person\/image\/211ac42237c2e9683c0964086c393cb4","url":"https:\/\/secure.gravatar.com\/avatar\/ad45a8c5da24bc9c7c4940dd1c48a695?s=96&d=mm&r=g","contentUrl":"https:\/\/secure.gravatar.com\/avatar\/ad45a8c5da24bc9c7c4940dd1c48a695?s=96&d=mm&r=g","caption":"A Delapalisse"},"sameAs":["http:\/\/ECI"]}]}},"authors":[{"term_id":3631,"user_id":0,"is_guest":1,"slug":"peter-clarke","display_name":"Peter Clarke","avatar_url":"https:\/\/secure.gravatar.com\/avatar\/?s=96&d=mm&r=g","0":null,"1":"","2":"","3":"","4":"","5":"","6":"","7":"","8":""},{"term_id":1153,"user_id":34,"is_guest":0,"slug":"adelapalisse","display_name":"A Delapalisse","avatar_url":"https:\/\/secure.gravatar.com\/avatar\/ad45a8c5da24bc9c7c4940dd1c48a695?s=96&d=mm&r=g","0":null,"1":"","2":"","3":"","4":"","5":"","6":"","7":"","8":""}],"_links":{"self":[{"href":"https:\/\/www.ecinews.fr\/fr\/wp-json\/wp\/v2\/posts\/442035"}],"collection":[{"href":"https:\/\/www.ecinews.fr\/fr\/wp-json\/wp\/v2\/posts"}],"about":[{"href":"https:\/\/www.ecinews.fr\/fr\/wp-json\/wp\/v2\/types\/post"}],"author":[{"embeddable":true,"href":"https:\/\/www.ecinews.fr\/fr\/wp-json\/wp\/v2\/users\/34"}],"replies":[{"embeddable":true,"href":"https:\/\/www.ecinews.fr\/fr\/wp-json\/wp\/v2\/comments?post=442035"}],"version-history":[{"count":0,"href":"https:\/\/www.ecinews.fr\/fr\/wp-json\/wp\/v2\/posts\/442035\/revisions"}],"wp:featuredmedia":[{"embeddable":true,"href":"https:\/\/www.ecinews.fr\/fr\/wp-json\/wp\/v2\/media\/441775"}],"wp:attachment":[{"href":"https:\/\/www.ecinews.fr\/fr\/wp-json\/wp\/v2\/media?parent=442035"}],"wp:term":[{"taxonomy":"category","embeddable":true,"href":"https:\/\/www.ecinews.fr\/fr\/wp-json\/wp\/v2\/categories?post=442035"},{"taxonomy":"post_tag","embeddable":true,"href":"https:\/\/www.ecinews.fr\/fr\/wp-json\/wp\/v2\/tags?post=442035"},{"taxonomy":"domains","embeddable":true,"href":"https:\/\/www.ecinews.fr\/fr\/wp-json\/wp\/v2\/domains?post=442035"},{"taxonomy":"author","embeddable":true,"href":"https:\/\/www.ecinews.fr\/fr\/wp-json\/wp\/v2\/ppma_author?post=442035"}],"curies":[{"name":"wp","href":"https:\/\/api.w.org\/{rel}","templated":true}]}}