{"id":441440,"date":"2024-01-16T19:55:44","date_gmt":"2024-01-16T18:55:44","guid":{"rendered":"https:\/\/www.eenewseurope.com\/?p=441440"},"modified":"2024-01-16T19:56:30","modified_gmt":"2024-01-16T18:56:30","slug":"amkor-et-glofo-inaugurent-un-partenariat-dans-le-packaging-au-portugal","status":"publish","type":"post","link":"https:\/\/www.ecinews.fr\/fr\/amkor-et-glofo-inaugurent-un-partenariat-dans-le-packaging-au-portugal\/","title":{"rendered":"Amkor et Globalfoundries inaugurent un partenariat dans le packaging au Portugal"},"content":{"rendered":"<h3><span style=\"font-size: 16px;\">Le prestataire de service de conditionnement et de test de puces (back end) Amkor Technology et Globalfoundries ont inaugur\u00e9 le 16 janvier les installations portugaises d&rsquo;Amkor \u00e0 Porto.<\/span><\/h3>\n<p>La c\u00e9r\u00e9monie a marqu\u00e9 le lancement officiel du partenariat annonc\u00e9 pr\u00e9c\u00e9demment entre les deux soci\u00e9t\u00e9s et confirme la mise en place d&rsquo;une cha\u00eene d&rsquo;approvisionnement enti\u00e8rement europ\u00e9enne pour la production de plaquettes de semiconducteurs .<\/p>\n<p>Au cours de l&rsquo;ann\u00e9e \u00e9coul\u00e9e, Globalfoundries a transf\u00e9r\u00e9 50 outils de son site de Dresde \u00e0 Amkor Porto et les premiers produits de clients ont \u00e9t\u00e9 qualifi\u00e9s sur les outils GF, ont indiqu\u00e9 les entreprises.<\/p>\n<p>GF transf\u00e8re ses lignes \u00ab\u00a0bump and sort\u00a0\u00bb de 300 mm de son site de Dresde \u00e0 l&rsquo;usine portugaise d&rsquo;Amkor , qui est certifi\u00e9e IATF16949, afin de mettre en place la premi\u00e8re installation de back-end \u00e0 grande \u00e9chelle en Europe. Amkor a \u00e9galement inaugur\u00e9 r\u00e9cemment une nouvelle usine \u00e0 Porto afin de renforcer son engagement \u00e0 soutenir les cha\u00eenes d&rsquo;approvisionnement locales et les clients internationaux.<\/p>\n<h4>Liens et articles connexes :<\/h4>\n<p><a href=\"https:\/\/www.globalfoundries.com\">www.globalfoundries.com<\/a><\/p>\n<p><a href=\"https:\/\/www.amkor.com\">www.amkor.com<\/a><\/p>\n<p>&nbsp;<\/p>\n","protected":false},"excerpt":{"rendered":"<p>Le prestataire de service de conditionnement et de test de puces (back end) Amkor Technology et Globalfoundries ont inaugur\u00e9 le 16 janvier les installations portugaises d&rsquo;Amkor \u00e0 Porto. La c\u00e9r\u00e9monie a marqu\u00e9 le lancement officiel du partenariat annonc\u00e9 pr\u00e9c\u00e9demment entre les deux soci\u00e9t\u00e9s et confirme la mise en place d&rsquo;une cha\u00eene d&rsquo;approvisionnement enti\u00e8rement europ\u00e9enne pour [&hellip;]<\/p>\n","protected":false},"author":2,"featured_media":400088,"comment_status":"closed","ping_status":"closed","sticky":false,"template":"","format":"standard","meta":{"_acf_changed":false,"footnotes":""},"categories":[880],"tags":[5641,3738],"domains":[47],"ppma_author":[3631],"class_list":["post-441440","post","type-post","status-publish","format-standard","has-post-thumbnail","hentry","category-actualites-economiques","tag-back-end","tag-plaquette","domains-electronique-eci"],"acf":[],"yoast_head":"<title>Amkor et GloFo inaugurent un partenariat dans le domaine de l&#039;e...<\/title>\n<meta name=\"description\" content=\"&#039;inauguration le 16 janvier d&#039;une usine de back end Amkor \u00e0 Porto pour le conditionnement des plaquettes 300 mm de semiconducteurs\" \/>\n<meta name=\"robots\" content=\"index, follow, max-snippet:-1, max-image-preview:large, max-video-preview:-1\" \/>\n<link rel=\"canonical\" href=\"https:\/\/www.ecinews.fr\/fr\/wp-json\/wp\/v2\/posts\/441440\/\" \/>\n<meta property=\"og:locale\" content=\"fr_FR\" \/>\n<meta property=\"og:type\" content=\"article\" \/>\n<meta property=\"og:title\" content=\"Amkor et Globalfoundries inaugurent un partenariat dans le packaging au Portugal\" \/>\n<meta property=\"og:description\" content=\"&#039;inauguration le 16 janvier d&#039;une usine de back end Amkor \u00e0 Porto pour le conditionnement des plaquettes 300 mm de semiconducteurs\" \/>\n<meta property=\"og:url\" content=\"https:\/\/www.ecinews.fr\/fr\/wp-json\/wp\/v2\/posts\/441440\/\" \/>\n<meta property=\"og:site_name\" content=\"EENewsEurope\" \/>\n<meta property=\"article:published_time\" content=\"2024-01-16T18:55:44+00:00\" \/>\n<meta property=\"article:modified_time\" content=\"2024-01-16T18:56:30+00:00\" \/>\n<meta property=\"og:image\" content=\"https:\/\/www.ecinews.fr\/wp-content\/uploads\/2022\/10\/Amkor_Porto-1.jpg\" \/>\n\t<meta property=\"og:image:width\" content=\"400\" \/>\n\t<meta property=\"og:image:height\" content=\"236\" \/>\n\t<meta property=\"og:image:type\" content=\"image\/jpeg\" \/>\n<meta name=\"author\" content=\"Peter Clarke\" \/>\n<meta name=\"twitter:card\" content=\"summary_large_image\" \/>\n<meta name=\"twitter:label1\" content=\"Written by\" \/>\n\t<meta name=\"twitter:data1\" content=\"NicolasR\" \/>\n\t<meta name=\"twitter:label2\" content=\"Est. reading time\" \/>\n\t<meta name=\"twitter:data2\" content=\"1 minute\" \/>\n<script type=\"application\/ld+json\" class=\"yoast-schema-graph\">{\"@context\":\"https:\/\/schema.org\",\"@graph\":[{\"@type\":\"Article\",\"@id\":\"https:\/\/www.ecinews.fr\/fr\/amkor-et-glofo-inaugurent-un-partenariat-dans-le-packaging-au-portugal\/#article\",\"isPartOf\":{\"@id\":\"https:\/\/www.ecinews.fr\/fr\/amkor-et-glofo-inaugurent-un-partenariat-dans-le-packaging-au-portugal\/\"},\"author\":{\"name\":\"NicolasR\",\"@id\":\"https:\/\/www.ecinews.fr\/fr\/#\/schema\/person\/78961bf5e4a331d3b8b2d58fdfef976c\"},\"headline\":\"Amkor et Globalfoundries inaugurent un partenariat dans le packaging au Portugal\",\"datePublished\":\"2024-01-16T18:55:44+00:00\",\"dateModified\":\"2024-01-16T18:56:30+00:00\",\"mainEntityOfPage\":{\"@id\":\"https:\/\/www.ecinews.fr\/fr\/amkor-et-glofo-inaugurent-un-partenariat-dans-le-packaging-au-portugal\/\"},\"wordCount\":197,\"publisher\":{\"@id\":\"https:\/\/www.ecinews.fr\/fr\/#organization\"},\"keywords\":[\"back-end\",\"plaquette\"],\"articleSection\":[\"Actualit\u00e9s \u00e9conomiques\"],\"inLanguage\":\"fr-FR\"},{\"@type\":\"WebPage\",\"@id\":\"https:\/\/www.ecinews.fr\/fr\/amkor-et-glofo-inaugurent-un-partenariat-dans-le-packaging-au-portugal\/\",\"url\":\"https:\/\/www.ecinews.fr\/fr\/amkor-et-glofo-inaugurent-un-partenariat-dans-le-packaging-au-portugal\/\",\"name\":\"Amkor et GloFo inaugurent un partenariat dans le domaine de l'emballage au Portugal\",\"isPartOf\":{\"@id\":\"https:\/\/www.ecinews.fr\/fr\/#website\"},\"datePublished\":\"2024-01-16T18:55:44+00:00\",\"dateModified\":\"2024-01-16T18:56:30+00:00\",\"description\":\"'inauguration le 16 janvier d'une usine de back end Amkor \u00e0 Porto pour le conditionnement des plaquettes 300 mm de semiconducteurs\",\"breadcrumb\":{\"@id\":\"https:\/\/www.ecinews.fr\/fr\/amkor-et-glofo-inaugurent-un-partenariat-dans-le-packaging-au-portugal\/#breadcrumb\"},\"inLanguage\":\"fr-FR\",\"potentialAction\":[{\"@type\":\"ReadAction\",\"target\":[\"https:\/\/www.ecinews.fr\/fr\/amkor-et-glofo-inaugurent-un-partenariat-dans-le-packaging-au-portugal\/\"]}]},{\"@type\":\"BreadcrumbList\",\"@id\":\"https:\/\/www.ecinews.fr\/fr\/amkor-et-glofo-inaugurent-un-partenariat-dans-le-packaging-au-portugal\/#breadcrumb\",\"itemListElement\":[{\"@type\":\"ListItem\",\"position\":1,\"name\":\"Home\",\"item\":\"https:\/\/www.ecinews.fr\/fr\/\"},{\"@type\":\"ListItem\",\"position\":2,\"name\":\"Amkor et Globalfoundries inaugurent un partenariat dans le packaging au Portugal\"}]},{\"@type\":\"WebSite\",\"@id\":\"https:\/\/www.ecinews.fr\/fr\/#website\",\"url\":\"https:\/\/www.ecinews.fr\/fr\/\",\"name\":\"EENewsEurope\",\"description\":\"Just another WordPress site\",\"publisher\":{\"@id\":\"https:\/\/www.ecinews.fr\/fr\/#organization\"},\"potentialAction\":[{\"@type\":\"SearchAction\",\"target\":{\"@type\":\"EntryPoint\",\"urlTemplate\":\"https:\/\/www.ecinews.fr\/fr\/?s={search_term_string}\"},\"query-input\":\"required name=search_term_string\"}],\"inLanguage\":\"fr-FR\"},{\"@type\":\"Organization\",\"@id\":\"https:\/\/www.ecinews.fr\/fr\/#organization\",\"name\":\"EENewsEurope\",\"url\":\"https:\/\/www.ecinews.fr\/fr\/\",\"logo\":{\"@type\":\"ImageObject\",\"inLanguage\":\"fr-FR\",\"@id\":\"https:\/\/www.ecinews.fr\/fr\/#\/schema\/logo\/image\/\",\"url\":\"https:\/\/www.ecinews.fr\/wp-content\/uploads\/2022\/02\/logo-1.jpg\",\"contentUrl\":\"https:\/\/www.ecinews.fr\/wp-content\/uploads\/2022\/02\/logo-1.jpg\",\"width\":283,\"height\":113,\"caption\":\"EENewsEurope\"},\"image\":{\"@id\":\"https:\/\/www.ecinews.fr\/fr\/#\/schema\/logo\/image\/\"}},{\"@type\":\"Person\",\"@id\":\"https:\/\/www.ecinews.fr\/fr\/#\/schema\/person\/78961bf5e4a331d3b8b2d58fdfef976c\",\"name\":\"NicolasR\",\"image\":{\"@type\":\"ImageObject\",\"inLanguage\":\"fr-FR\",\"@id\":\"https:\/\/www.ecinews.fr\/fr\/#\/schema\/person\/image\/1113513d73c6c997fc7ac1ecedfff8d9\",\"url\":\"https:\/\/secure.gravatar.com\/avatar\/8c46107760468ab8a00c814c26c19ab4?s=96&d=mm&r=g\",\"contentUrl\":\"https:\/\/secure.gravatar.com\/avatar\/8c46107760468ab8a00c814c26c19ab4?s=96&d=mm&r=g\",\"caption\":\"NicolasR\"}}]}<\/script>","yoast_head_json":{"title":"Amkor et GloFo inaugurent un partenariat dans le domaine de l'e...","description":"'inauguration le 16 janvier d'une usine de back end Amkor \u00e0 Porto pour le conditionnement des plaquettes 300 mm de semiconducteurs","robots":{"index":"index","follow":"follow","max-snippet":"max-snippet:-1","max-image-preview":"max-image-preview:large","max-video-preview":"max-video-preview:-1"},"canonical":"https:\/\/www.ecinews.fr\/fr\/wp-json\/wp\/v2\/posts\/441440\/","og_locale":"fr_FR","og_type":"article","og_title":"Amkor et Globalfoundries inaugurent un partenariat dans le packaging au Portugal","og_description":"'inauguration le 16 janvier d'une usine de back end Amkor \u00e0 Porto pour le conditionnement des plaquettes 300 mm de semiconducteurs","og_url":"https:\/\/www.ecinews.fr\/fr\/wp-json\/wp\/v2\/posts\/441440\/","og_site_name":"EENewsEurope","article_published_time":"2024-01-16T18:55:44+00:00","article_modified_time":"2024-01-16T18:56:30+00:00","og_image":[{"width":400,"height":236,"url":"https:\/\/www.ecinews.fr\/wp-content\/uploads\/2022\/10\/Amkor_Porto-1.jpg","type":"image\/jpeg"}],"author":"Peter Clarke","twitter_card":"summary_large_image","twitter_misc":{"Written by":"NicolasR","Est. reading time":"1 minute"},"schema":{"@context":"https:\/\/schema.org","@graph":[{"@type":"Article","@id":"https:\/\/www.ecinews.fr\/fr\/amkor-et-glofo-inaugurent-un-partenariat-dans-le-packaging-au-portugal\/#article","isPartOf":{"@id":"https:\/\/www.ecinews.fr\/fr\/amkor-et-glofo-inaugurent-un-partenariat-dans-le-packaging-au-portugal\/"},"author":{"name":"NicolasR","@id":"https:\/\/www.ecinews.fr\/fr\/#\/schema\/person\/78961bf5e4a331d3b8b2d58fdfef976c"},"headline":"Amkor et Globalfoundries inaugurent un partenariat dans le packaging au Portugal","datePublished":"2024-01-16T18:55:44+00:00","dateModified":"2024-01-16T18:56:30+00:00","mainEntityOfPage":{"@id":"https:\/\/www.ecinews.fr\/fr\/amkor-et-glofo-inaugurent-un-partenariat-dans-le-packaging-au-portugal\/"},"wordCount":197,"publisher":{"@id":"https:\/\/www.ecinews.fr\/fr\/#organization"},"keywords":["back-end","plaquette"],"articleSection":["Actualit\u00e9s \u00e9conomiques"],"inLanguage":"fr-FR"},{"@type":"WebPage","@id":"https:\/\/www.ecinews.fr\/fr\/amkor-et-glofo-inaugurent-un-partenariat-dans-le-packaging-au-portugal\/","url":"https:\/\/www.ecinews.fr\/fr\/amkor-et-glofo-inaugurent-un-partenariat-dans-le-packaging-au-portugal\/","name":"Amkor et GloFo inaugurent un partenariat dans le domaine de l'emballage au Portugal","isPartOf":{"@id":"https:\/\/www.ecinews.fr\/fr\/#website"},"datePublished":"2024-01-16T18:55:44+00:00","dateModified":"2024-01-16T18:56:30+00:00","description":"'inauguration le 16 janvier d'une usine de back end Amkor \u00e0 Porto pour le conditionnement des plaquettes 300 mm de semiconducteurs","breadcrumb":{"@id":"https:\/\/www.ecinews.fr\/fr\/amkor-et-glofo-inaugurent-un-partenariat-dans-le-packaging-au-portugal\/#breadcrumb"},"inLanguage":"fr-FR","potentialAction":[{"@type":"ReadAction","target":["https:\/\/www.ecinews.fr\/fr\/amkor-et-glofo-inaugurent-un-partenariat-dans-le-packaging-au-portugal\/"]}]},{"@type":"BreadcrumbList","@id":"https:\/\/www.ecinews.fr\/fr\/amkor-et-glofo-inaugurent-un-partenariat-dans-le-packaging-au-portugal\/#breadcrumb","itemListElement":[{"@type":"ListItem","position":1,"name":"Home","item":"https:\/\/www.ecinews.fr\/fr\/"},{"@type":"ListItem","position":2,"name":"Amkor et Globalfoundries inaugurent un partenariat dans le packaging au Portugal"}]},{"@type":"WebSite","@id":"https:\/\/www.ecinews.fr\/fr\/#website","url":"https:\/\/www.ecinews.fr\/fr\/","name":"EENewsEurope","description":"Just another WordPress site","publisher":{"@id":"https:\/\/www.ecinews.fr\/fr\/#organization"},"potentialAction":[{"@type":"SearchAction","target":{"@type":"EntryPoint","urlTemplate":"https:\/\/www.ecinews.fr\/fr\/?s={search_term_string}"},"query-input":"required name=search_term_string"}],"inLanguage":"fr-FR"},{"@type":"Organization","@id":"https:\/\/www.ecinews.fr\/fr\/#organization","name":"EENewsEurope","url":"https:\/\/www.ecinews.fr\/fr\/","logo":{"@type":"ImageObject","inLanguage":"fr-FR","@id":"https:\/\/www.ecinews.fr\/fr\/#\/schema\/logo\/image\/","url":"https:\/\/www.ecinews.fr\/wp-content\/uploads\/2022\/02\/logo-1.jpg","contentUrl":"https:\/\/www.ecinews.fr\/wp-content\/uploads\/2022\/02\/logo-1.jpg","width":283,"height":113,"caption":"EENewsEurope"},"image":{"@id":"https:\/\/www.ecinews.fr\/fr\/#\/schema\/logo\/image\/"}},{"@type":"Person","@id":"https:\/\/www.ecinews.fr\/fr\/#\/schema\/person\/78961bf5e4a331d3b8b2d58fdfef976c","name":"NicolasR","image":{"@type":"ImageObject","inLanguage":"fr-FR","@id":"https:\/\/www.ecinews.fr\/fr\/#\/schema\/person\/image\/1113513d73c6c997fc7ac1ecedfff8d9","url":"https:\/\/secure.gravatar.com\/avatar\/8c46107760468ab8a00c814c26c19ab4?s=96&d=mm&r=g","contentUrl":"https:\/\/secure.gravatar.com\/avatar\/8c46107760468ab8a00c814c26c19ab4?s=96&d=mm&r=g","caption":"NicolasR"}}]}},"authors":[{"term_id":3631,"user_id":0,"is_guest":1,"slug":"peter-clarke","display_name":"Peter Clarke","avatar_url":"https:\/\/secure.gravatar.com\/avatar\/?s=96&d=mm&r=g","0":null,"1":"","2":"","3":"","4":"","5":"","6":"","7":"","8":""}],"_links":{"self":[{"href":"https:\/\/www.ecinews.fr\/fr\/wp-json\/wp\/v2\/posts\/441440"}],"collection":[{"href":"https:\/\/www.ecinews.fr\/fr\/wp-json\/wp\/v2\/posts"}],"about":[{"href":"https:\/\/www.ecinews.fr\/fr\/wp-json\/wp\/v2\/types\/post"}],"author":[{"embeddable":true,"href":"https:\/\/www.ecinews.fr\/fr\/wp-json\/wp\/v2\/users\/2"}],"replies":[{"embeddable":true,"href":"https:\/\/www.ecinews.fr\/fr\/wp-json\/wp\/v2\/comments?post=441440"}],"version-history":[{"count":0,"href":"https:\/\/www.ecinews.fr\/fr\/wp-json\/wp\/v2\/posts\/441440\/revisions"}],"wp:featuredmedia":[{"embeddable":true,"href":"https:\/\/www.ecinews.fr\/fr\/wp-json\/wp\/v2\/media\/400088"}],"wp:attachment":[{"href":"https:\/\/www.ecinews.fr\/fr\/wp-json\/wp\/v2\/media?parent=441440"}],"wp:term":[{"taxonomy":"category","embeddable":true,"href":"https:\/\/www.ecinews.fr\/fr\/wp-json\/wp\/v2\/categories?post=441440"},{"taxonomy":"post_tag","embeddable":true,"href":"https:\/\/www.ecinews.fr\/fr\/wp-json\/wp\/v2\/tags?post=441440"},{"taxonomy":"domains","embeddable":true,"href":"https:\/\/www.ecinews.fr\/fr\/wp-json\/wp\/v2\/domains?post=441440"},{"taxonomy":"author","embeddable":true,"href":"https:\/\/www.ecinews.fr\/fr\/wp-json\/wp\/v2\/ppma_author?post=441440"}],"curies":[{"name":"wp","href":"https:\/\/api.w.org\/{rel}","templated":true}]}}