{"id":441097,"date":"2024-01-12T06:28:33","date_gmt":"2024-01-12T05:28:33","guid":{"rendered":"https:\/\/www.ecinews.fr\/?p=441097"},"modified":"2024-01-12T06:28:33","modified_gmt":"2024-01-12T05:28:33","slug":"vegard-wollan-nouveau-pdg-de-nordic-semiconductor","status":"publish","type":"post","link":"https:\/\/www.ecinews.fr\/fr\/vegard-wollan-nouveau-pdg-de-nordic-semiconductor\/","title":{"rendered":"Vegard Wollan nouveau PDG de Nordic Semiconductor"},"content":{"rendered":"<p>Suite \u00e0 sa r\u00e9cente nomination par le conseil d\u2019administration de Nordic Semiconductor ASA, Vegard Wollan, le <a href=\"https:\/\/www.nordicsemi.com\/Nordic-news\/2023\/12\/Vegard-Wollan-announced-as-new-CEO\">nouveau PDG de Nordic Semiconductor<\/a>, a entam\u00e9 son mandat en participant au salon CES 2024. Vegard Wollan a pris ses fonctions chez Nordic le 1<sup>er<\/sup> janvier 2024,succ\u00e9dant \u00e0 Svenn-Tore Larsen, dont le mandat a pris fin le 31 d\u00e9cembre 2023.<\/p>\n<p>\u00ab\u00a0J\u2019ai choisi de repr\u00e9senter Nordic lors du salon CES d\u00e8s mon arriv\u00e9e, car il s\u2019agit d\u2019un \u00e9v\u00e9nement capital pour notre industrie et donc une excellente opportunit\u00e9 pour me pr\u00e9senter aux clients cl\u00e9s et autres acteurs majeurs de notre secteur\u00a0\u00bb, pr\u00e9cise Vegard Wollan. \u00ab\u00a0J\u2019aurais ainsi le plaisir de faire la connaissance de l\u2019\u00e9quipe de Nordic et de pr\u00e9senter nos derni\u00e8res innovations pour les solutions de connectivit\u00e9 sans fil basse consommation.\u00a0\u00bb<\/p>\n<p>En tant que leader mondial de la connectivit\u00e9 IoT sans fil \u00e0 large port\u00e9e, Nordic pr\u00e9sentait sur le CES des produits contribuant \u00e0 toutes les technologies de base de l\u2019IoT, avec notamment l\u2019IoT cellulaire (NB-IoT et LTE-M), DECT NR+, le WiFi basse puissance, le protocole Matter et BLE (Bluetooth basse consommation). Ce salon sera aussi l\u2019occasion de pr\u00e9senter en exclusivit\u00e9 la nouvelle s\u00e9rie nRF54H, le SoC sans fil de quatri\u00e8me g\u00e9n\u00e9ration de Nordic qui offre une puissance de calcul exceptionnelle, des ressources g\u00e9n\u00e9reuses de m\u00e9moire et une excellente efficacit\u00e9. L\u2019entreprise lancera \u00e9galement des mises \u00e0 jour significatives sur le plan mat\u00e9riel et logiciel et concernant des outils de d\u00e9veloppement pour sa nouvelle s\u00e9rie nRF91, dans une optique de d\u00e9veloppement continu de ses solutions de bout en bout pour l\u2019IoT cellulaire et DECT NR+.<\/p>\n<p><a title=\"www.nordicsemi.com\" href=\"http:\/\/www.nordicsemi.com\">www.nordicsemi.com<\/a><\/p>\n<p><u><a href=\"https:\/\/news.google.com\/publications\/CAAqBwgKMJbcwQswuPfYAw?hl=fr&amp;gl=BE&amp;ceid=BE:fr\">Suivre ECInews sur Google news<\/a><\/u><\/p>\n<p>&nbsp;<\/p>\n","protected":false},"excerpt":{"rendered":"<p>Suite \u00e0 sa r\u00e9cente nomination par le conseil d\u2019administration de Nordic Semiconductor ASA, Vegard Wollan, le nouveau PDG de Nordic Semiconductor, a entam\u00e9 son mandat en participant au salon CES 2024. Vegard Wollan a pris ses fonctions chez Nordic le 1er janvier 2024,succ\u00e9dant \u00e0 Svenn-Tore Larsen, dont le mandat a pris fin le 31 d\u00e9cembre [&hellip;]<\/p>\n","protected":false},"author":36,"featured_media":441098,"comment_status":"closed","ping_status":"closed","sticky":false,"template":"","format":"standard","meta":{"_acf_changed":false,"footnotes":""},"categories":[886],"tags":[],"domains":[47],"ppma_author":[1154],"class_list":["post-441097","post","type-post","status-publish","format-standard","has-post-thumbnail","hentry","category-news-fr","domains-electronique-eci"],"acf":[],"yoast_head":"<title>Vegard Wollan nouveau PDG de Nordic Semiconductor ...<\/title>\n<meta name=\"description\" content=\"Vegard Wollan, le nouveau PDG de Nordic Semiconductor, a entam\u00e9 son mandat en participant au salon CES 2024.\" \/>\n<meta name=\"robots\" content=\"index, follow, max-snippet:-1, max-image-preview:large, max-video-preview:-1\" \/>\n<link rel=\"canonical\" href=\"https:\/\/www.ecinews.fr\/fr\/wp-json\/wp\/v2\/posts\/441097\/\" \/>\n<meta property=\"og:locale\" content=\"fr_FR\" \/>\n<meta property=\"og:type\" content=\"article\" \/>\n<meta property=\"og:title\" content=\"Vegard Wollan nouveau PDG de Nordic Semiconductor\" \/>\n<meta property=\"og:description\" content=\"Vegard Wollan, le nouveau PDG de Nordic Semiconductor, a entam\u00e9 son mandat en participant au salon CES 2024.\" \/>\n<meta property=\"og:url\" content=\"https:\/\/www.ecinews.fr\/fr\/wp-json\/wp\/v2\/posts\/441097\/\" \/>\n<meta property=\"og:site_name\" content=\"EENewsEurope\" \/>\n<meta property=\"article:published_time\" content=\"2024-01-12T05:28:33+00:00\" \/>\n<meta property=\"og:image\" content=\"https:\/\/test.ecinews.fr\/wp-content\/uploads\/2024\/01\/ECI3264_Vegard-Wollan-new-CEO-of-Nordic-Semiconductor-scaled.jpg\" \/>\n\t<meta property=\"og:image:width\" content=\"1028\" \/>\n\t<meta property=\"og:image:height\" content=\"1080\" \/>\n\t<meta property=\"og:image:type\" content=\"image\/jpeg\" \/>\n<meta name=\"author\" content=\"Alain Dieul\" \/>\n<meta name=\"twitter:card\" content=\"summary_large_image\" \/>\n<meta name=\"twitter:label1\" content=\"Written by\" \/>\n\t<meta name=\"twitter:data1\" content=\"Alain Dieul\" \/>\n\t<meta name=\"twitter:label2\" content=\"Est. reading time\" \/>\n\t<meta name=\"twitter:data2\" content=\"2 minutes\" \/>\n<script type=\"application\/ld+json\" class=\"yoast-schema-graph\">{\"@context\":\"https:\/\/schema.org\",\"@graph\":[{\"@type\":\"Article\",\"@id\":\"https:\/\/test.ecinews.fr\/fr\/vegard-wollan-nouveau-pdg-de-nordic-semiconductor\/#article\",\"isPartOf\":{\"@id\":\"https:\/\/test.ecinews.fr\/fr\/vegard-wollan-nouveau-pdg-de-nordic-semiconductor\/\"},\"author\":{\"name\":\"Alain Dieul\",\"@id\":\"https:\/\/www.eenewseurope.com\/en\/#\/schema\/person\/e4387676ad67ce722325c7832f3c3762\"},\"headline\":\"Vegard Wollan nouveau PDG de Nordic Semiconductor\",\"datePublished\":\"2024-01-12T05:28:33+00:00\",\"dateModified\":\"2024-01-12T05:28:33+00:00\",\"mainEntityOfPage\":{\"@id\":\"https:\/\/test.ecinews.fr\/fr\/vegard-wollan-nouveau-pdg-de-nordic-semiconductor\/\"},\"wordCount\":304,\"publisher\":{\"@id\":\"https:\/\/www.eenewseurope.com\/en\/#organization\"},\"articleSection\":[\"Actualit\u00e9 g\u00e9n\u00e9rale\"],\"inLanguage\":\"fr-FR\"},{\"@type\":\"WebPage\",\"@id\":\"https:\/\/test.ecinews.fr\/fr\/vegard-wollan-nouveau-pdg-de-nordic-semiconductor\/\",\"url\":\"https:\/\/test.ecinews.fr\/fr\/vegard-wollan-nouveau-pdg-de-nordic-semiconductor\/\",\"name\":\"Vegard Wollan nouveau PDG de Nordic Semiconductor -\",\"isPartOf\":{\"@id\":\"https:\/\/www.eenewseurope.com\/en\/#website\"},\"datePublished\":\"2024-01-12T05:28:33+00:00\",\"dateModified\":\"2024-01-12T05:28:33+00:00\",\"description\":\"Vegard Wollan, le nouveau PDG de Nordic Semiconductor, a entam\u00e9 son mandat en participant au salon CES 2024.\",\"breadcrumb\":{\"@id\":\"https:\/\/test.ecinews.fr\/fr\/vegard-wollan-nouveau-pdg-de-nordic-semiconductor\/#breadcrumb\"},\"inLanguage\":\"fr-FR\",\"potentialAction\":[{\"@type\":\"ReadAction\",\"target\":[\"https:\/\/test.ecinews.fr\/fr\/vegard-wollan-nouveau-pdg-de-nordic-semiconductor\/\"]}]},{\"@type\":\"BreadcrumbList\",\"@id\":\"https:\/\/test.ecinews.fr\/fr\/vegard-wollan-nouveau-pdg-de-nordic-semiconductor\/#breadcrumb\",\"itemListElement\":[{\"@type\":\"ListItem\",\"position\":1,\"name\":\"Home\",\"item\":\"https:\/\/www.ecinews.fr\/fr\/\"},{\"@type\":\"ListItem\",\"position\":2,\"name\":\"Vegard Wollan nouveau PDG de Nordic Semiconductor\"}]},{\"@type\":\"WebSite\",\"@id\":\"https:\/\/www.eenewseurope.com\/en\/#website\",\"url\":\"https:\/\/www.eenewseurope.com\/en\/\",\"name\":\"EENewsEurope\",\"description\":\"Just another WordPress site\",\"publisher\":{\"@id\":\"https:\/\/www.eenewseurope.com\/en\/#organization\"},\"potentialAction\":[{\"@type\":\"SearchAction\",\"target\":{\"@type\":\"EntryPoint\",\"urlTemplate\":\"https:\/\/www.eenewseurope.com\/en\/?s={search_term_string}\"},\"query-input\":\"required name=search_term_string\"}],\"inLanguage\":\"fr-FR\"},{\"@type\":\"Organization\",\"@id\":\"https:\/\/www.eenewseurope.com\/en\/#organization\",\"name\":\"EENewsEurope\",\"url\":\"https:\/\/www.eenewseurope.com\/en\/\",\"logo\":{\"@type\":\"ImageObject\",\"inLanguage\":\"fr-FR\",\"@id\":\"https:\/\/www.eenewseurope.com\/en\/#\/schema\/logo\/image\/\",\"url\":\"https:\/\/www.ecinews.fr\/wp-content\/uploads\/2022\/02\/logo-1.jpg\",\"contentUrl\":\"https:\/\/www.ecinews.fr\/wp-content\/uploads\/2022\/02\/logo-1.jpg\",\"width\":283,\"height\":113,\"caption\":\"EENewsEurope\"},\"image\":{\"@id\":\"https:\/\/www.eenewseurope.com\/en\/#\/schema\/logo\/image\/\"}},{\"@type\":\"Person\",\"@id\":\"https:\/\/www.eenewseurope.com\/en\/#\/schema\/person\/e4387676ad67ce722325c7832f3c3762\",\"name\":\"Alain Dieul\",\"image\":{\"@type\":\"ImageObject\",\"inLanguage\":\"fr-FR\",\"@id\":\"https:\/\/www.eenewseurope.com\/en\/#\/schema\/person\/image\/736120675699dbbf0f0f282b9a9cfb75\",\"url\":\"https:\/\/secure.gravatar.com\/avatar\/bc93b056d07515be5b8eecd4acf49c5c?s=96&d=mm&r=g\",\"contentUrl\":\"https:\/\/secure.gravatar.com\/avatar\/bc93b056d07515be5b8eecd4acf49c5c?s=96&d=mm&r=g\",\"caption\":\"Alain Dieul\"},\"sameAs\":[\"http:\/\/ECINews\"]}]}<\/script>","yoast_head_json":{"title":"Vegard Wollan nouveau PDG de Nordic Semiconductor ...","description":"Vegard Wollan, le nouveau PDG de Nordic Semiconductor, a entam\u00e9 son mandat en participant au salon CES 2024.","robots":{"index":"index","follow":"follow","max-snippet":"max-snippet:-1","max-image-preview":"max-image-preview:large","max-video-preview":"max-video-preview:-1"},"canonical":"https:\/\/www.ecinews.fr\/fr\/wp-json\/wp\/v2\/posts\/441097\/","og_locale":"fr_FR","og_type":"article","og_title":"Vegard Wollan nouveau PDG de Nordic Semiconductor","og_description":"Vegard Wollan, le nouveau PDG de Nordic Semiconductor, a entam\u00e9 son mandat en participant au salon CES 2024.","og_url":"https:\/\/www.ecinews.fr\/fr\/wp-json\/wp\/v2\/posts\/441097\/","og_site_name":"EENewsEurope","article_published_time":"2024-01-12T05:28:33+00:00","og_image":[{"width":1028,"height":1080,"url":"https:\/\/test.ecinews.fr\/wp-content\/uploads\/2024\/01\/ECI3264_Vegard-Wollan-new-CEO-of-Nordic-Semiconductor-scaled.jpg","type":"image\/jpeg"}],"author":"Alain Dieul","twitter_card":"summary_large_image","twitter_misc":{"Written by":"Alain Dieul","Est. reading time":"2 minutes"},"schema":{"@context":"https:\/\/schema.org","@graph":[{"@type":"Article","@id":"https:\/\/test.ecinews.fr\/fr\/vegard-wollan-nouveau-pdg-de-nordic-semiconductor\/#article","isPartOf":{"@id":"https:\/\/test.ecinews.fr\/fr\/vegard-wollan-nouveau-pdg-de-nordic-semiconductor\/"},"author":{"name":"Alain Dieul","@id":"https:\/\/www.eenewseurope.com\/en\/#\/schema\/person\/e4387676ad67ce722325c7832f3c3762"},"headline":"Vegard Wollan nouveau PDG de Nordic Semiconductor","datePublished":"2024-01-12T05:28:33+00:00","dateModified":"2024-01-12T05:28:33+00:00","mainEntityOfPage":{"@id":"https:\/\/test.ecinews.fr\/fr\/vegard-wollan-nouveau-pdg-de-nordic-semiconductor\/"},"wordCount":304,"publisher":{"@id":"https:\/\/www.eenewseurope.com\/en\/#organization"},"articleSection":["Actualit\u00e9 g\u00e9n\u00e9rale"],"inLanguage":"fr-FR"},{"@type":"WebPage","@id":"https:\/\/test.ecinews.fr\/fr\/vegard-wollan-nouveau-pdg-de-nordic-semiconductor\/","url":"https:\/\/test.ecinews.fr\/fr\/vegard-wollan-nouveau-pdg-de-nordic-semiconductor\/","name":"Vegard Wollan nouveau PDG de Nordic Semiconductor -","isPartOf":{"@id":"https:\/\/www.eenewseurope.com\/en\/#website"},"datePublished":"2024-01-12T05:28:33+00:00","dateModified":"2024-01-12T05:28:33+00:00","description":"Vegard Wollan, le nouveau PDG de Nordic Semiconductor, a entam\u00e9 son mandat en participant au salon CES 2024.","breadcrumb":{"@id":"https:\/\/test.ecinews.fr\/fr\/vegard-wollan-nouveau-pdg-de-nordic-semiconductor\/#breadcrumb"},"inLanguage":"fr-FR","potentialAction":[{"@type":"ReadAction","target":["https:\/\/test.ecinews.fr\/fr\/vegard-wollan-nouveau-pdg-de-nordic-semiconductor\/"]}]},{"@type":"BreadcrumbList","@id":"https:\/\/test.ecinews.fr\/fr\/vegard-wollan-nouveau-pdg-de-nordic-semiconductor\/#breadcrumb","itemListElement":[{"@type":"ListItem","position":1,"name":"Home","item":"https:\/\/www.ecinews.fr\/fr\/"},{"@type":"ListItem","position":2,"name":"Vegard Wollan nouveau PDG de Nordic Semiconductor"}]},{"@type":"WebSite","@id":"https:\/\/www.eenewseurope.com\/en\/#website","url":"https:\/\/www.eenewseurope.com\/en\/","name":"EENewsEurope","description":"Just another WordPress site","publisher":{"@id":"https:\/\/www.eenewseurope.com\/en\/#organization"},"potentialAction":[{"@type":"SearchAction","target":{"@type":"EntryPoint","urlTemplate":"https:\/\/www.eenewseurope.com\/en\/?s={search_term_string}"},"query-input":"required name=search_term_string"}],"inLanguage":"fr-FR"},{"@type":"Organization","@id":"https:\/\/www.eenewseurope.com\/en\/#organization","name":"EENewsEurope","url":"https:\/\/www.eenewseurope.com\/en\/","logo":{"@type":"ImageObject","inLanguage":"fr-FR","@id":"https:\/\/www.eenewseurope.com\/en\/#\/schema\/logo\/image\/","url":"https:\/\/www.ecinews.fr\/wp-content\/uploads\/2022\/02\/logo-1.jpg","contentUrl":"https:\/\/www.ecinews.fr\/wp-content\/uploads\/2022\/02\/logo-1.jpg","width":283,"height":113,"caption":"EENewsEurope"},"image":{"@id":"https:\/\/www.eenewseurope.com\/en\/#\/schema\/logo\/image\/"}},{"@type":"Person","@id":"https:\/\/www.eenewseurope.com\/en\/#\/schema\/person\/e4387676ad67ce722325c7832f3c3762","name":"Alain Dieul","image":{"@type":"ImageObject","inLanguage":"fr-FR","@id":"https:\/\/www.eenewseurope.com\/en\/#\/schema\/person\/image\/736120675699dbbf0f0f282b9a9cfb75","url":"https:\/\/secure.gravatar.com\/avatar\/bc93b056d07515be5b8eecd4acf49c5c?s=96&d=mm&r=g","contentUrl":"https:\/\/secure.gravatar.com\/avatar\/bc93b056d07515be5b8eecd4acf49c5c?s=96&d=mm&r=g","caption":"Alain Dieul"},"sameAs":["http:\/\/ECINews"]}]}},"authors":[{"term_id":1154,"user_id":36,"is_guest":0,"slug":"alain-dieul","display_name":"Alain Dieul","avatar_url":"https:\/\/secure.gravatar.com\/avatar\/bc93b056d07515be5b8eecd4acf49c5c?s=96&d=mm&r=g","0":null,"1":"","2":"","3":"","4":"","5":"","6":"","7":"","8":""}],"_links":{"self":[{"href":"https:\/\/www.ecinews.fr\/fr\/wp-json\/wp\/v2\/posts\/441097"}],"collection":[{"href":"https:\/\/www.ecinews.fr\/fr\/wp-json\/wp\/v2\/posts"}],"about":[{"href":"https:\/\/www.ecinews.fr\/fr\/wp-json\/wp\/v2\/types\/post"}],"author":[{"embeddable":true,"href":"https:\/\/www.ecinews.fr\/fr\/wp-json\/wp\/v2\/users\/36"}],"replies":[{"embeddable":true,"href":"https:\/\/www.ecinews.fr\/fr\/wp-json\/wp\/v2\/comments?post=441097"}],"version-history":[{"count":0,"href":"https:\/\/www.ecinews.fr\/fr\/wp-json\/wp\/v2\/posts\/441097\/revisions"}],"wp:featuredmedia":[{"embeddable":true,"href":"https:\/\/www.ecinews.fr\/fr\/wp-json\/wp\/v2\/media\/441098"}],"wp:attachment":[{"href":"https:\/\/www.ecinews.fr\/fr\/wp-json\/wp\/v2\/media?parent=441097"}],"wp:term":[{"taxonomy":"category","embeddable":true,"href":"https:\/\/www.ecinews.fr\/fr\/wp-json\/wp\/v2\/categories?post=441097"},{"taxonomy":"post_tag","embeddable":true,"href":"https:\/\/www.ecinews.fr\/fr\/wp-json\/wp\/v2\/tags?post=441097"},{"taxonomy":"domains","embeddable":true,"href":"https:\/\/www.ecinews.fr\/fr\/wp-json\/wp\/v2\/domains?post=441097"},{"taxonomy":"author","embeddable":true,"href":"https:\/\/www.ecinews.fr\/fr\/wp-json\/wp\/v2\/ppma_author?post=441097"}],"curies":[{"name":"wp","href":"https:\/\/api.w.org\/{rel}","templated":true}]}}